{"id":97983503,"date":"2017-09-11T10:17:29","date_gmt":"2017-09-11T13:17:29","guid":{"rendered":"http:\/\/acrimat.org.br\/portal\/?p=97983503"},"modified":"2017-09-11T10:17:29","modified_gmt":"2017-09-11T13:17:29","slug":"brasil-envia-missao-ao-ira-para-ampliar-comercio-bilateral","status":"publish","type":"post","link":"https:\/\/acrimat.org.br\/portal\/brasil-envia-missao-ao-ira-para-ampliar-comercio-bilateral\/","title":{"rendered":"Brasil envia miss\u00e3o ao Ir\u00e3 para ampliar com\u00e9rcio bilateral"},"content":{"rendered":"<p><a href=\"http:\/\/acrimat.org.br\/portal\/wp-content\/uploads\/2017\/01\/exporta\u00e7\u00f5es4.jpg\"><img fetchpriority=\"high\" decoding=\"async\" class=\"size-medium wp-image-97979659 alignleft\" src=\"http:\/\/acrimat.org.br\/portal\/wp-content\/uploads\/2017\/01\/exporta\u00e7\u00f5es4-300x188.jpg\" alt=\"\" width=\"300\" height=\"188\" srcset=\"https:\/\/acrimat.org.br\/portal\/wp-content\/uploads\/2017\/01\/exporta\u00e7\u00f5es4-300x188.jpg 300w, https:\/\/acrimat.org.br\/portal\/wp-content\/uploads\/2017\/01\/exporta\u00e7\u00f5es4-250x156.jpg 250w, https:\/\/acrimat.org.br\/portal\/wp-content\/uploads\/2017\/01\/exporta\u00e7\u00f5es4-550x344.jpg 550w, https:\/\/acrimat.org.br\/portal\/wp-content\/uploads\/2017\/01\/exporta\u00e7\u00f5es4-288x180.jpg 288w, https:\/\/acrimat.org.br\/portal\/wp-content\/uploads\/2017\/01\/exporta\u00e7\u00f5es4-480x300.jpg 480w, https:\/\/acrimat.org.br\/portal\/wp-content\/uploads\/2017\/01\/exporta\u00e7\u00f5es4.jpg 640w\" sizes=\"(max-width: 300px) 100vw, 300px\" \/><\/a>Para ampliar as rela\u00e7\u00f5es comerciais entre Brasil e Ir\u00e3 e atrair investimentos para o agroneg\u00f3cio, o governo brasileiro enviar\u00e1 uma miss\u00e3o ao pa\u00eds a partir da pr\u00f3xima segunda-feira (11). As informa\u00e7\u00f5es s\u00e3o do Minist\u00e9rio da Agricultura, Pecu\u00e1ria e Abastecimento. O secret\u00e1rio executivo da pasta, Eumar Novacki, chefiar\u00e1 a miss\u00e3o brasileira.<\/p>\n<p>A agenda em Teer\u00e3, a capital iraniana, inclui reuni\u00f5es bilaterais com autoridades governamentais. Est\u00e3o previstos encontros com o vice-ministro da Ind\u00fastria, Minas e Com\u00e9rcio e presidente da Organiza\u00e7\u00e3o de Promo\u00e7\u00e3o do Com\u00e9rcio do Ir\u00e3, Mojtaba Khosrowtaj, vice-ministro de Agricultura e membro da Jihad Esteghlal Company, Arzhang Javadi.<\/p>\n<p>Novacki ainda far\u00e1 uma rodada de neg\u00f3cios com a participa\u00e7\u00e3o de representantes brasileiros do setor de carne, soja, milho, biodiesel e etanol, a\u00e7\u00facar e pescados. Eles apresentar\u00e3o a potenciais compradores e investidores seus portf\u00f3lios de produtos e projetos para a capta\u00e7\u00e3o de investimentos.<\/p>\n<p>Segundo o minist\u00e9rio da Agricultura, a C\u00e2mara de Com\u00e9rcio Brasil-Ir\u00e3 organizou visitas t\u00e9cnicas nos setores de carne, gr\u00e3os e castanhas; a Associa\u00e7\u00e3o Brasileira das Ind\u00fastrias Exportadores de Carne (Abiec), que participa da comitiva, promover\u00e1 um churrasco a convidados iranianos.<\/p>\n<p><strong>Balan\u00e7a comercial<\/strong><\/p>\n<p>Quarto no ranking das exporta\u00e7\u00f5es no com\u00e9rcio agropecu\u00e1rio brasileiro, o Ir\u00e3 importou US$ 2,2 bilh\u00f5es no ano passado. De janeiro a julho deste ano, as compras, principalmente, de milho, soja em gr\u00e3os, carne bovina in natura e a\u00e7\u00facar alcan\u00e7aram US$ 1,5 bilh\u00e3o.<\/p>\n","protected":false},"excerpt":{"rendered":"<p>As informa\u00e7\u00f5es s\u00e3o do Minist\u00e9rio da Agricultura, Pecu\u00e1ria e Abastecimento. O secret\u00e1rio executivo da pasta, Eumar Novacki, chefiar\u00e1 a miss\u00e3o brasileira<\/p>\n","protected":false},"author":11,"featured_media":97979659,"comment_status":"closed","ping_status":"closed","sticky":false,"template":"","format":"standard","meta":{"footnotes":""},"categories":[6,1],"tags":[],"class_list":["post-97983503","post","type-post","status-publish","format-standard","has-post-thumbnail","hentry","category-destaque","category-noticia"],"yoast_head":"<!-- This site is optimized with the Yoast SEO plugin v24.8.1 - https:\/\/yoast.com\/wordpress\/plugins\/seo\/ -->\n<title>Brasil envia miss\u00e3o ao Ir\u00e3 para ampliar com\u00e9rcio bilateral - Acrimat<\/title>\n<meta name=\"robots\" content=\"index, follow, max-snippet:-1, max-image-preview:large, max-video-preview:-1\" \/>\n<link rel=\"canonical\" href=\"https:\/\/acrimat.org.br\/portal\/brasil-envia-missao-ao-ira-para-ampliar-comercio-bilateral\/\" \/>\n<meta property=\"og:locale\" content=\"pt_BR\" \/>\n<meta property=\"og:type\" content=\"article\" \/>\n<meta property=\"og:title\" content=\"Brasil envia miss\u00e3o ao Ir\u00e3 para ampliar com\u00e9rcio bilateral - Acrimat\" \/>\n<meta property=\"og:description\" content=\"As informa\u00e7\u00f5es s\u00e3o do Minist\u00e9rio da Agricultura, Pecu\u00e1ria e Abastecimento. O secret\u00e1rio executivo da pasta, Eumar Novacki, chefiar\u00e1 a miss\u00e3o brasileira\" \/>\n<meta property=\"og:url\" content=\"https:\/\/acrimat.org.br\/portal\/brasil-envia-missao-ao-ira-para-ampliar-comercio-bilateral\/\" \/>\n<meta property=\"og:site_name\" content=\"Acrimat\" \/>\n<meta property=\"article:published_time\" content=\"2017-09-11T13:17:29+00:00\" \/>\n<meta property=\"og:image\" content=\"https:\/\/acrimat.org.br\/portal\/wp-content\/uploads\/2017\/01\/exporta\u00e7\u00f5es4.jpg\" \/>\n\t<meta property=\"og:image:width\" content=\"640\" \/>\n\t<meta property=\"og:image:height\" content=\"400\" \/>\n\t<meta property=\"og:image:type\" content=\"image\/jpeg\" \/>\n<meta name=\"author\" content=\"P\u00e9ricles C\u00e2ndido\" \/>\n<meta name=\"twitter:card\" content=\"summary_large_image\" \/>\n<meta name=\"twitter:label1\" content=\"Escrito por\" \/>\n\t<meta name=\"twitter:data1\" content=\"P\u00e9ricles C\u00e2ndido\" \/>\n\t<meta name=\"twitter:label2\" content=\"Est. tempo de leitura\" \/>\n\t<meta name=\"twitter:data2\" content=\"1 minuto\" \/>\n<script type=\"application\/ld+json\" class=\"yoast-schema-graph\">{\"@context\":\"https:\/\/schema.org\",\"@graph\":[{\"@type\":\"Article\",\"@id\":\"https:\/\/acrimat.org.br\/portal\/brasil-envia-missao-ao-ira-para-ampliar-comercio-bilateral\/#article\",\"isPartOf\":{\"@id\":\"https:\/\/acrimat.org.br\/portal\/brasil-envia-missao-ao-ira-para-ampliar-comercio-bilateral\/\"},\"author\":{\"name\":\"P\u00e9ricles C\u00e2ndido\",\"@id\":\"https:\/\/acrimat.org.br\/portal\/#\/schema\/person\/18df8bcf6890e924fe5d8b5afd2bec0f\"},\"headline\":\"Brasil envia miss\u00e3o ao Ir\u00e3 para ampliar com\u00e9rcio bilateral\",\"datePublished\":\"2017-09-11T13:17:29+00:00\",\"mainEntityOfPage\":{\"@id\":\"https:\/\/acrimat.org.br\/portal\/brasil-envia-missao-ao-ira-para-ampliar-comercio-bilateral\/\"},\"wordCount\":271,\"publisher\":{\"@id\":\"https:\/\/acrimat.org.br\/portal\/#organization\"},\"image\":{\"@id\":\"https:\/\/acrimat.org.br\/portal\/brasil-envia-missao-ao-ira-para-ampliar-comercio-bilateral\/#primaryimage\"},\"thumbnailUrl\":\"https:\/\/acrimat.org.br\/portal\/wp-content\/uploads\/2017\/01\/exporta\u00e7\u00f5es4.jpg\",\"articleSection\":[\"Destaques\",\"Not\u00edcias\"],\"inLanguage\":\"pt-BR\"},{\"@type\":\"WebPage\",\"@id\":\"https:\/\/acrimat.org.br\/portal\/brasil-envia-missao-ao-ira-para-ampliar-comercio-bilateral\/\",\"url\":\"https:\/\/acrimat.org.br\/portal\/brasil-envia-missao-ao-ira-para-ampliar-comercio-bilateral\/\",\"name\":\"Brasil envia miss\u00e3o ao Ir\u00e3 para ampliar com\u00e9rcio bilateral - Acrimat\",\"isPartOf\":{\"@id\":\"https:\/\/acrimat.org.br\/portal\/#website\"},\"primaryImageOfPage\":{\"@id\":\"https:\/\/acrimat.org.br\/portal\/brasil-envia-missao-ao-ira-para-ampliar-comercio-bilateral\/#primaryimage\"},\"image\":{\"@id\":\"https:\/\/acrimat.org.br\/portal\/brasil-envia-missao-ao-ira-para-ampliar-comercio-bilateral\/#primaryimage\"},\"thumbnailUrl\":\"https:\/\/acrimat.org.br\/portal\/wp-content\/uploads\/2017\/01\/exporta\u00e7\u00f5es4.jpg\",\"datePublished\":\"2017-09-11T13:17:29+00:00\",\"breadcrumb\":{\"@id\":\"https:\/\/acrimat.org.br\/portal\/brasil-envia-missao-ao-ira-para-ampliar-comercio-bilateral\/#breadcrumb\"},\"inLanguage\":\"pt-BR\",\"potentialAction\":[{\"@type\":\"ReadAction\",\"target\":[\"https:\/\/acrimat.org.br\/portal\/brasil-envia-missao-ao-ira-para-ampliar-comercio-bilateral\/\"]}]},{\"@type\":\"ImageObject\",\"inLanguage\":\"pt-BR\",\"@id\":\"https:\/\/acrimat.org.br\/portal\/brasil-envia-missao-ao-ira-para-ampliar-comercio-bilateral\/#primaryimage\",\"url\":\"https:\/\/acrimat.org.br\/portal\/wp-content\/uploads\/2017\/01\/exporta\u00e7\u00f5es4.jpg\",\"contentUrl\":\"https:\/\/acrimat.org.br\/portal\/wp-content\/uploads\/2017\/01\/exporta\u00e7\u00f5es4.jpg\",\"width\":640,\"height\":400},{\"@type\":\"BreadcrumbList\",\"@id\":\"https:\/\/acrimat.org.br\/portal\/brasil-envia-missao-ao-ira-para-ampliar-comercio-bilateral\/#breadcrumb\",\"itemListElement\":[{\"@type\":\"ListItem\",\"position\":1,\"name\":\"In\u00edcio\",\"item\":\"https:\/\/acrimat.org.br\/portal\/\"},{\"@type\":\"ListItem\",\"position\":2,\"name\":\"Brasil envia miss\u00e3o ao Ir\u00e3 para ampliar com\u00e9rcio bilateral\"}]},{\"@type\":\"WebSite\",\"@id\":\"https:\/\/acrimat.org.br\/portal\/#website\",\"url\":\"https:\/\/acrimat.org.br\/portal\/\",\"name\":\"Acrimat\",\"description\":\"Associa\u00e7\u00e3o dos Criadores de Mato Grosso\",\"publisher\":{\"@id\":\"https:\/\/acrimat.org.br\/portal\/#organization\"},\"potentialAction\":[{\"@type\":\"SearchAction\",\"target\":{\"@type\":\"EntryPoint\",\"urlTemplate\":\"https:\/\/acrimat.org.br\/portal\/?s={search_term_string}\"},\"query-input\":{\"@type\":\"PropertyValueSpecification\",\"valueRequired\":true,\"valueName\":\"search_term_string\"}}],\"inLanguage\":\"pt-BR\"},{\"@type\":\"Organization\",\"@id\":\"https:\/\/acrimat.org.br\/portal\/#organization\",\"name\":\"Associa\u00e7\u00e3o dos Criadores de Mato Grosso\",\"url\":\"https:\/\/acrimat.org.br\/portal\/\",\"logo\":{\"@type\":\"ImageObject\",\"inLanguage\":\"pt-BR\",\"@id\":\"https:\/\/acrimat.org.br\/portal\/#\/schema\/logo\/image\/\",\"url\":\"https:\/\/acrimat.org.br\/portal\/wp-content\/uploads\/2018\/03\/logo-peq-original.png\",\"contentUrl\":\"https:\/\/acrimat.org.br\/portal\/wp-content\/uploads\/2018\/03\/logo-peq-original.png\",\"width\":174,\"height\":171,\"caption\":\"Associa\u00e7\u00e3o dos Criadores de Mato Grosso\"},\"image\":{\"@id\":\"https:\/\/acrimat.org.br\/portal\/#\/schema\/logo\/image\/\"}},{\"@type\":\"Person\",\"@id\":\"https:\/\/acrimat.org.br\/portal\/#\/schema\/person\/18df8bcf6890e924fe5d8b5afd2bec0f\",\"name\":\"P\u00e9ricles C\u00e2ndido\",\"image\":{\"@type\":\"ImageObject\",\"inLanguage\":\"pt-BR\",\"@id\":\"https:\/\/acrimat.org.br\/portal\/#\/schema\/person\/image\/\",\"url\":\"https:\/\/secure.gravatar.com\/avatar\/33e2a2b971dc363ed2df53d0d3bfbd18?s=96&d=mm&r=g\",\"contentUrl\":\"https:\/\/secure.gravatar.com\/avatar\/33e2a2b971dc363ed2df53d0d3bfbd18?s=96&d=mm&r=g\",\"caption\":\"P\u00e9ricles C\u00e2ndido\"},\"sameAs\":[\"ascom@acrimat.org.br\"],\"url\":\"https:\/\/acrimat.org.br\/portal\/author\/designergrafico\/\"}]}<\/script>\n<!-- \/ Yoast SEO plugin. -->","yoast_head_json":{"title":"Brasil envia miss\u00e3o ao Ir\u00e3 para ampliar com\u00e9rcio bilateral - Acrimat","robots":{"index":"index","follow":"follow","max-snippet":"max-snippet:-1","max-image-preview":"max-image-preview:large","max-video-preview":"max-video-preview:-1"},"canonical":"https:\/\/acrimat.org.br\/portal\/brasil-envia-missao-ao-ira-para-ampliar-comercio-bilateral\/","og_locale":"pt_BR","og_type":"article","og_title":"Brasil envia miss\u00e3o ao Ir\u00e3 para ampliar com\u00e9rcio bilateral - Acrimat","og_description":"As informa\u00e7\u00f5es s\u00e3o do Minist\u00e9rio da Agricultura, Pecu\u00e1ria e Abastecimento. O secret\u00e1rio executivo da pasta, Eumar Novacki, chefiar\u00e1 a miss\u00e3o brasileira","og_url":"https:\/\/acrimat.org.br\/portal\/brasil-envia-missao-ao-ira-para-ampliar-comercio-bilateral\/","og_site_name":"Acrimat","article_published_time":"2017-09-11T13:17:29+00:00","og_image":[{"width":640,"height":400,"url":"https:\/\/acrimat.org.br\/portal\/wp-content\/uploads\/2017\/01\/exporta\u00e7\u00f5es4.jpg","type":"image\/jpeg"}],"author":"P\u00e9ricles C\u00e2ndido","twitter_card":"summary_large_image","twitter_misc":{"Escrito por":"P\u00e9ricles C\u00e2ndido","Est. tempo de leitura":"1 minuto"},"schema":{"@context":"https:\/\/schema.org","@graph":[{"@type":"Article","@id":"https:\/\/acrimat.org.br\/portal\/brasil-envia-missao-ao-ira-para-ampliar-comercio-bilateral\/#article","isPartOf":{"@id":"https:\/\/acrimat.org.br\/portal\/brasil-envia-missao-ao-ira-para-ampliar-comercio-bilateral\/"},"author":{"name":"P\u00e9ricles C\u00e2ndido","@id":"https:\/\/acrimat.org.br\/portal\/#\/schema\/person\/18df8bcf6890e924fe5d8b5afd2bec0f"},"headline":"Brasil envia miss\u00e3o ao Ir\u00e3 para ampliar com\u00e9rcio bilateral","datePublished":"2017-09-11T13:17:29+00:00","mainEntityOfPage":{"@id":"https:\/\/acrimat.org.br\/portal\/brasil-envia-missao-ao-ira-para-ampliar-comercio-bilateral\/"},"wordCount":271,"publisher":{"@id":"https:\/\/acrimat.org.br\/portal\/#organization"},"image":{"@id":"https:\/\/acrimat.org.br\/portal\/brasil-envia-missao-ao-ira-para-ampliar-comercio-bilateral\/#primaryimage"},"thumbnailUrl":"https:\/\/acrimat.org.br\/portal\/wp-content\/uploads\/2017\/01\/exporta\u00e7\u00f5es4.jpg","articleSection":["Destaques","Not\u00edcias"],"inLanguage":"pt-BR"},{"@type":"WebPage","@id":"https:\/\/acrimat.org.br\/portal\/brasil-envia-missao-ao-ira-para-ampliar-comercio-bilateral\/","url":"https:\/\/acrimat.org.br\/portal\/brasil-envia-missao-ao-ira-para-ampliar-comercio-bilateral\/","name":"Brasil envia miss\u00e3o ao Ir\u00e3 para ampliar com\u00e9rcio bilateral - Acrimat","isPartOf":{"@id":"https:\/\/acrimat.org.br\/portal\/#website"},"primaryImageOfPage":{"@id":"https:\/\/acrimat.org.br\/portal\/brasil-envia-missao-ao-ira-para-ampliar-comercio-bilateral\/#primaryimage"},"image":{"@id":"https:\/\/acrimat.org.br\/portal\/brasil-envia-missao-ao-ira-para-ampliar-comercio-bilateral\/#primaryimage"},"thumbnailUrl":"https:\/\/acrimat.org.br\/portal\/wp-content\/uploads\/2017\/01\/exporta\u00e7\u00f5es4.jpg","datePublished":"2017-09-11T13:17:29+00:00","breadcrumb":{"@id":"https:\/\/acrimat.org.br\/portal\/brasil-envia-missao-ao-ira-para-ampliar-comercio-bilateral\/#breadcrumb"},"inLanguage":"pt-BR","potentialAction":[{"@type":"ReadAction","target":["https:\/\/acrimat.org.br\/portal\/brasil-envia-missao-ao-ira-para-ampliar-comercio-bilateral\/"]}]},{"@type":"ImageObject","inLanguage":"pt-BR","@id":"https:\/\/acrimat.org.br\/portal\/brasil-envia-missao-ao-ira-para-ampliar-comercio-bilateral\/#primaryimage","url":"https:\/\/acrimat.org.br\/portal\/wp-content\/uploads\/2017\/01\/exporta\u00e7\u00f5es4.jpg","contentUrl":"https:\/\/acrimat.org.br\/portal\/wp-content\/uploads\/2017\/01\/exporta\u00e7\u00f5es4.jpg","width":640,"height":400},{"@type":"BreadcrumbList","@id":"https:\/\/acrimat.org.br\/portal\/brasil-envia-missao-ao-ira-para-ampliar-comercio-bilateral\/#breadcrumb","itemListElement":[{"@type":"ListItem","position":1,"name":"In\u00edcio","item":"https:\/\/acrimat.org.br\/portal\/"},{"@type":"ListItem","position":2,"name":"Brasil envia miss\u00e3o ao Ir\u00e3 para ampliar com\u00e9rcio bilateral"}]},{"@type":"WebSite","@id":"https:\/\/acrimat.org.br\/portal\/#website","url":"https:\/\/acrimat.org.br\/portal\/","name":"Acrimat","description":"Associa\u00e7\u00e3o dos Criadores de Mato Grosso","publisher":{"@id":"https:\/\/acrimat.org.br\/portal\/#organization"},"potentialAction":[{"@type":"SearchAction","target":{"@type":"EntryPoint","urlTemplate":"https:\/\/acrimat.org.br\/portal\/?s={search_term_string}"},"query-input":{"@type":"PropertyValueSpecification","valueRequired":true,"valueName":"search_term_string"}}],"inLanguage":"pt-BR"},{"@type":"Organization","@id":"https:\/\/acrimat.org.br\/portal\/#organization","name":"Associa\u00e7\u00e3o dos Criadores de Mato Grosso","url":"https:\/\/acrimat.org.br\/portal\/","logo":{"@type":"ImageObject","inLanguage":"pt-BR","@id":"https:\/\/acrimat.org.br\/portal\/#\/schema\/logo\/image\/","url":"https:\/\/acrimat.org.br\/portal\/wp-content\/uploads\/2018\/03\/logo-peq-original.png","contentUrl":"https:\/\/acrimat.org.br\/portal\/wp-content\/uploads\/2018\/03\/logo-peq-original.png","width":174,"height":171,"caption":"Associa\u00e7\u00e3o dos Criadores de Mato Grosso"},"image":{"@id":"https:\/\/acrimat.org.br\/portal\/#\/schema\/logo\/image\/"}},{"@type":"Person","@id":"https:\/\/acrimat.org.br\/portal\/#\/schema\/person\/18df8bcf6890e924fe5d8b5afd2bec0f","name":"P\u00e9ricles C\u00e2ndido","image":{"@type":"ImageObject","inLanguage":"pt-BR","@id":"https:\/\/acrimat.org.br\/portal\/#\/schema\/person\/image\/","url":"https:\/\/secure.gravatar.com\/avatar\/33e2a2b971dc363ed2df53d0d3bfbd18?s=96&d=mm&r=g","contentUrl":"https:\/\/secure.gravatar.com\/avatar\/33e2a2b971dc363ed2df53d0d3bfbd18?s=96&d=mm&r=g","caption":"P\u00e9ricles C\u00e2ndido"},"sameAs":["ascom@acrimat.org.br"],"url":"https:\/\/acrimat.org.br\/portal\/author\/designergrafico\/"}]}},"_links":{"self":[{"href":"https:\/\/acrimat.org.br\/portal\/wp-json\/wp\/v2\/posts\/97983503","targetHints":{"allow":["GET"]}}],"collection":[{"href":"https:\/\/acrimat.org.br\/portal\/wp-json\/wp\/v2\/posts"}],"about":[{"href":"https:\/\/acrimat.org.br\/portal\/wp-json\/wp\/v2\/types\/post"}],"author":[{"embeddable":true,"href":"https:\/\/acrimat.org.br\/portal\/wp-json\/wp\/v2\/users\/11"}],"replies":[{"embeddable":true,"href":"https:\/\/acrimat.org.br\/portal\/wp-json\/wp\/v2\/comments?post=97983503"}],"version-history":[{"count":2,"href":"https:\/\/acrimat.org.br\/portal\/wp-json\/wp\/v2\/posts\/97983503\/revisions"}],"predecessor-version":[{"id":97983505,"href":"https:\/\/acrimat.org.br\/portal\/wp-json\/wp\/v2\/posts\/97983503\/revisions\/97983505"}],"wp:featuredmedia":[{"embeddable":true,"href":"https:\/\/acrimat.org.br\/portal\/wp-json\/wp\/v2\/media\/97979659"}],"wp:attachment":[{"href":"https:\/\/acrimat.org.br\/portal\/wp-json\/wp\/v2\/media?parent=97983503"}],"wp:term":[{"taxonomy":"category","embeddable":true,"href":"https:\/\/acrimat.org.br\/portal\/wp-json\/wp\/v2\/categories?post=97983503"},{"taxonomy":"post_tag","embeddable":true,"href":"https:\/\/acrimat.org.br\/portal\/wp-json\/wp\/v2\/tags?post=97983503"}],"curies":[{"name":"wp","href":"https:\/\/api.w.org\/{rel}","templated":true}]}}