{"id":97983506,"date":"2017-09-11T10:19:28","date_gmt":"2017-09-11T13:19:28","guid":{"rendered":"http:\/\/acrimat.org.br\/portal\/?p=97983506"},"modified":"2017-09-11T10:19:28","modified_gmt":"2017-09-11T13:19:28","slug":"indea-mt-realiza-operacao-inedita-na-regiao-de-fronteira-com-a-bolivia","status":"publish","type":"post","link":"https:\/\/acrimat.org.br\/portal\/indea-mt-realiza-operacao-inedita-na-regiao-de-fronteira-com-a-bolivia\/","title":{"rendered":"Indea-MT realiza opera\u00e7\u00e3o in\u00e9dita na regi\u00e3o de fronteira com a Bol\u00edvia"},"content":{"rendered":"<div id=\"attachment_97983507\" style=\"width: 310px\" class=\"wp-caption alignright\"><a href=\"http:\/\/acrimat.org.br\/portal\/wp-content\/uploads\/2017\/09\/521f4889ca89de426cdca3cee74ab0f2.jpg\"><img fetchpriority=\"high\" decoding=\"async\" aria-describedby=\"caption-attachment-97983507\" class=\"size-medium wp-image-97983507\" src=\"http:\/\/acrimat.org.br\/portal\/wp-content\/uploads\/2017\/09\/521f4889ca89de426cdca3cee74ab0f2-300x200.jpg\" alt=\"\" width=\"300\" height=\"200\" srcset=\"https:\/\/acrimat.org.br\/portal\/wp-content\/uploads\/2017\/09\/521f4889ca89de426cdca3cee74ab0f2-300x200.jpg 300w, https:\/\/acrimat.org.br\/portal\/wp-content\/uploads\/2017\/09\/521f4889ca89de426cdca3cee74ab0f2-250x167.jpg 250w, https:\/\/acrimat.org.br\/portal\/wp-content\/uploads\/2017\/09\/521f4889ca89de426cdca3cee74ab0f2-270x180.jpg 270w, https:\/\/acrimat.org.br\/portal\/wp-content\/uploads\/2017\/09\/521f4889ca89de426cdca3cee74ab0f2-450x300.jpg 450w, https:\/\/acrimat.org.br\/portal\/wp-content\/uploads\/2017\/09\/521f4889ca89de426cdca3cee74ab0f2-272x182.jpg 272w, https:\/\/acrimat.org.br\/portal\/wp-content\/uploads\/2017\/09\/521f4889ca89de426cdca3cee74ab0f2.jpg 475w\" sizes=\"(max-width: 300px) 100vw, 300px\" \/><\/a><p id=\"caption-attachment-97983507\" class=\"wp-caption-text\">Divulga\u00e7\u00e3o<\/p><\/div>\n<p>O Instituto de Defesa Agropecu\u00e1ria de Mato Grosso (Indea-MT) inicia na ter\u00e7a-feira (12.09), uma opera\u00e7\u00e3o in\u00e9dita de vigil\u00e2ncia veterin\u00e1ria e fiscaliza\u00e7\u00e3o na faixa de 15 Km denominada \u201c\u00c1rea de Vigil\u00e2ncia da Fronteira com a Rep\u00fablica da Bol\u00edvia\u201d. O objetivo \u00e9 reduzir o risco de introdu\u00e7\u00e3o e\/ou instala\u00e7\u00e3o de doen\u00e7as ex\u00f3ticas e pragas quarenten\u00e1rias j\u00e1 erradicadas no territ\u00f3rio mato-grossense. Pouco antes do in\u00edcio das atividades, \u00e0s 09h, a equipe do Indea entregar\u00e1 seis caminhonetes adquiridas por meio do conv\u00eanio com Minist\u00e9rio da Agricultura,\u00a0<span class=\"marcado bold\" data-title=\"\">Pecu\u00e1ria<\/span>\u00a0e Abastecimento (Mapa)\u00a0no Sindicato Rural de C\u00e1ceres.<\/p>\n<p>A nova estrat\u00e9gia de fiscaliza\u00e7\u00e3o m\u00f3vel de tr\u00e2nsito e no acompanhamento de bovinos que embarcam e desembarcam ser\u00e1 implementada em estabelecimentos rurais, \u00e1reas de posse e reservas ind\u00edgenas dos munic\u00edpios de C\u00e1ceres, Pontes e Lacerda, Porto Esperidi\u00e3o e Vila Bela da Sant\u00edssima Trindade, bem como, aqueles que, devido a v\u00ednculo epidemiol\u00f3gico, representam risco sanit\u00e1rio aos rebanhos mato-grossenses.<\/p>\n<p>Toda a a\u00e7\u00e3o foi desenvolvida em conson\u00e2ncia com Mapa, alicer\u00e7ado pela Guia T\u00e9cnica de Trabalho para a \u00faltima etapa do Programa Hemisf\u00e9rico de Erradica\u00e7\u00e3o da Febre Aftosa.<\/p>\n<p>\u201cEstamos substituindo a fiscaliza\u00e7\u00e3o que hoje fazemos, parados nas barreiras apenas fiscalizando os ve\u00edculos passam durante todo o ano, por essa a\u00e7\u00e3o proativa de ida at\u00e9 as fazendas. A nossa motiva\u00e7\u00e3o \u00e9 que temos de ser mais efetivos no controle de tr\u00e2nsito e minimizar os riscos, al\u00e9m de aumentar os nossos dados de vigil\u00e2ncia na regi\u00e3o para podermos avan\u00e7ar para o est\u00e1gio de retirada da vacina\u00e7\u00e3o\u201d, explica a diretora t\u00e9cnica do Indea-MT, m\u00e9dica veterin\u00e1ria Daniella Bueno.<\/p>\n<p>Ainda de acordo com veterin\u00e1ria, o plano de retirada da vacina\u00e7\u00e3o contra Febre Aftosa gera a necessidade de planejar e implantar uma fase de transi\u00e7\u00e3o para a continuidade destas atividades e, tamb\u00e9m, no contexto de integra\u00e7\u00e3o dos programas sanit\u00e1rios, o que exige uma mudan\u00e7a de paradigmas nos servi\u00e7os de defesa sanit\u00e1ria animal. \u201cFoi neste sentido que criamos esta nova estrat\u00e9gia de fiscaliza\u00e7\u00e3o, de modo que nos permita alcan\u00e7ar, com ainda mais seguran\u00e7a e rapidez, o objetivo do programa nacional de erradica\u00e7\u00e3o da doen\u00e7a\u201d, ressalta.<\/p>\n<p>Toda a execu\u00e7\u00e3o da opera\u00e7\u00e3o ser\u00e1 realizada por seis equipes compostas por dois servidores do Indea, sendo um deles, m\u00e9dico veterin\u00e1rio, que utilizar\u00e3o as instala\u00e7\u00f5es das Barreiras Sanit\u00e1rias j\u00e1 constru\u00eddas na regi\u00e3o da fronteira como pontos de apoio de onde partir\u00e3o diariamente para acompanhar os embarques e desembarques de bovinos das propriedades alvo da vigil\u00e2ncia. Al\u00e9m desta atividade, tamb\u00e9m ser\u00e3o realizadas diariamente fiscaliza\u00e7\u00f5es volantes de tr\u00e2nsito, que ser\u00e3o executadas por quatro equipes compostas por dois servidores e mais dois policiais militares.<\/p>\n<p><strong>Di\u00e1logo<\/strong><\/p>\n<p>Para chegar ao resultado que ser\u00e1 implementado a partir do dia 12, a equipe do Indea-MT realizou no in\u00edcio do m\u00eas algumas reuni\u00f5es com representantes do setor produtivo e produtores rurais nos munic\u00edpios de Vila Bela da Sant\u00edssima Trindade, Pontes e Lacerda e C\u00e1ceres.<\/p>\n<p>O objetivo foi debater o assunto e desenvolver um bom relacionamento com os produtores rurais da regi\u00e3o no sentido de buscar o apoio comunit\u00e1rio para desenvolvimento das atividades de defesa sanit\u00e1ria em prol do fortalecimento e expans\u00e3o do setor agropecu\u00e1rio de Mato Grosso.<\/p>\n","protected":false},"excerpt":{"rendered":"<p>O objetivo \u00e9 reduzir o risco de introdu\u00e7\u00e3o e\/ou instala\u00e7\u00e3o de doen\u00e7as ex\u00f3ticas e pragas quarenten\u00e1rias j\u00e1 erradicadas no territ\u00f3rio mato-grossense<\/p>\n","protected":false},"author":11,"featured_media":97983507,"comment_status":"closed","ping_status":"closed","sticky":false,"template":"","format":"standard","meta":{"footnotes":""},"categories":[6,1],"tags":[],"class_list":["post-97983506","post","type-post","status-publish","format-standard","has-post-thumbnail","hentry","category-destaque","category-noticia"],"yoast_head":"<!-- This site is optimized with the Yoast SEO plugin v24.8.1 - https:\/\/yoast.com\/wordpress\/plugins\/seo\/ -->\n<title>Indea-MT realiza opera\u00e7\u00e3o in\u00e9dita na regi\u00e3o de fronteira com a Bol\u00edvia - Acrimat<\/title>\n<meta name=\"robots\" content=\"index, follow, max-snippet:-1, max-image-preview:large, max-video-preview:-1\" \/>\n<link rel=\"canonical\" href=\"https:\/\/acrimat.org.br\/portal\/indea-mt-realiza-operacao-inedita-na-regiao-de-fronteira-com-a-bolivia\/\" \/>\n<meta property=\"og:locale\" content=\"pt_BR\" \/>\n<meta property=\"og:type\" content=\"article\" \/>\n<meta property=\"og:title\" content=\"Indea-MT realiza opera\u00e7\u00e3o in\u00e9dita na regi\u00e3o de fronteira com a Bol\u00edvia - Acrimat\" \/>\n<meta property=\"og:description\" content=\"O objetivo \u00e9 reduzir o risco de introdu\u00e7\u00e3o e\/ou instala\u00e7\u00e3o de doen\u00e7as ex\u00f3ticas e pragas quarenten\u00e1rias j\u00e1 erradicadas no territ\u00f3rio mato-grossense\" \/>\n<meta property=\"og:url\" content=\"https:\/\/acrimat.org.br\/portal\/indea-mt-realiza-operacao-inedita-na-regiao-de-fronteira-com-a-bolivia\/\" \/>\n<meta property=\"og:site_name\" content=\"Acrimat\" \/>\n<meta property=\"article:published_time\" content=\"2017-09-11T13:19:28+00:00\" \/>\n<meta property=\"og:image\" content=\"https:\/\/acrimat.org.br\/portal\/wp-content\/uploads\/2017\/09\/521f4889ca89de426cdca3cee74ab0f2.jpg\" \/>\n\t<meta property=\"og:image:width\" content=\"475\" \/>\n\t<meta property=\"og:image:height\" content=\"317\" \/>\n\t<meta property=\"og:image:type\" content=\"image\/jpeg\" \/>\n<meta name=\"author\" content=\"P\u00e9ricles C\u00e2ndido\" \/>\n<meta name=\"twitter:card\" content=\"summary_large_image\" \/>\n<meta name=\"twitter:label1\" content=\"Escrito por\" \/>\n\t<meta name=\"twitter:data1\" content=\"P\u00e9ricles C\u00e2ndido\" \/>\n\t<meta name=\"twitter:label2\" content=\"Est. tempo de leitura\" \/>\n\t<meta name=\"twitter:data2\" content=\"3 minutos\" \/>\n<script type=\"application\/ld+json\" class=\"yoast-schema-graph\">{\"@context\":\"https:\/\/schema.org\",\"@graph\":[{\"@type\":\"Article\",\"@id\":\"https:\/\/acrimat.org.br\/portal\/indea-mt-realiza-operacao-inedita-na-regiao-de-fronteira-com-a-bolivia\/#article\",\"isPartOf\":{\"@id\":\"https:\/\/acrimat.org.br\/portal\/indea-mt-realiza-operacao-inedita-na-regiao-de-fronteira-com-a-bolivia\/\"},\"author\":{\"name\":\"P\u00e9ricles C\u00e2ndido\",\"@id\":\"https:\/\/acrimat.org.br\/portal\/#\/schema\/person\/18df8bcf6890e924fe5d8b5afd2bec0f\"},\"headline\":\"Indea-MT realiza opera\u00e7\u00e3o in\u00e9dita na regi\u00e3o de fronteira com a Bol\u00edvia\",\"datePublished\":\"2017-09-11T13:19:28+00:00\",\"mainEntityOfPage\":{\"@id\":\"https:\/\/acrimat.org.br\/portal\/indea-mt-realiza-operacao-inedita-na-regiao-de-fronteira-com-a-bolivia\/\"},\"wordCount\":621,\"publisher\":{\"@id\":\"https:\/\/acrimat.org.br\/portal\/#organization\"},\"image\":{\"@id\":\"https:\/\/acrimat.org.br\/portal\/indea-mt-realiza-operacao-inedita-na-regiao-de-fronteira-com-a-bolivia\/#primaryimage\"},\"thumbnailUrl\":\"https:\/\/acrimat.org.br\/portal\/wp-content\/uploads\/2017\/09\/521f4889ca89de426cdca3cee74ab0f2.jpg\",\"articleSection\":[\"Destaques\",\"Not\u00edcias\"],\"inLanguage\":\"pt-BR\"},{\"@type\":\"WebPage\",\"@id\":\"https:\/\/acrimat.org.br\/portal\/indea-mt-realiza-operacao-inedita-na-regiao-de-fronteira-com-a-bolivia\/\",\"url\":\"https:\/\/acrimat.org.br\/portal\/indea-mt-realiza-operacao-inedita-na-regiao-de-fronteira-com-a-bolivia\/\",\"name\":\"Indea-MT realiza opera\u00e7\u00e3o in\u00e9dita na regi\u00e3o de fronteira com a Bol\u00edvia - Acrimat\",\"isPartOf\":{\"@id\":\"https:\/\/acrimat.org.br\/portal\/#website\"},\"primaryImageOfPage\":{\"@id\":\"https:\/\/acrimat.org.br\/portal\/indea-mt-realiza-operacao-inedita-na-regiao-de-fronteira-com-a-bolivia\/#primaryimage\"},\"image\":{\"@id\":\"https:\/\/acrimat.org.br\/portal\/indea-mt-realiza-operacao-inedita-na-regiao-de-fronteira-com-a-bolivia\/#primaryimage\"},\"thumbnailUrl\":\"https:\/\/acrimat.org.br\/portal\/wp-content\/uploads\/2017\/09\/521f4889ca89de426cdca3cee74ab0f2.jpg\",\"datePublished\":\"2017-09-11T13:19:28+00:00\",\"breadcrumb\":{\"@id\":\"https:\/\/acrimat.org.br\/portal\/indea-mt-realiza-operacao-inedita-na-regiao-de-fronteira-com-a-bolivia\/#breadcrumb\"},\"inLanguage\":\"pt-BR\",\"potentialAction\":[{\"@type\":\"ReadAction\",\"target\":[\"https:\/\/acrimat.org.br\/portal\/indea-mt-realiza-operacao-inedita-na-regiao-de-fronteira-com-a-bolivia\/\"]}]},{\"@type\":\"ImageObject\",\"inLanguage\":\"pt-BR\",\"@id\":\"https:\/\/acrimat.org.br\/portal\/indea-mt-realiza-operacao-inedita-na-regiao-de-fronteira-com-a-bolivia\/#primaryimage\",\"url\":\"https:\/\/acrimat.org.br\/portal\/wp-content\/uploads\/2017\/09\/521f4889ca89de426cdca3cee74ab0f2.jpg\",\"contentUrl\":\"https:\/\/acrimat.org.br\/portal\/wp-content\/uploads\/2017\/09\/521f4889ca89de426cdca3cee74ab0f2.jpg\",\"width\":475,\"height\":317,\"caption\":\"Divulga\u00e7\u00e3o\"},{\"@type\":\"BreadcrumbList\",\"@id\":\"https:\/\/acrimat.org.br\/portal\/indea-mt-realiza-operacao-inedita-na-regiao-de-fronteira-com-a-bolivia\/#breadcrumb\",\"itemListElement\":[{\"@type\":\"ListItem\",\"position\":1,\"name\":\"In\u00edcio\",\"item\":\"https:\/\/acrimat.org.br\/portal\/\"},{\"@type\":\"ListItem\",\"position\":2,\"name\":\"Indea-MT realiza opera\u00e7\u00e3o in\u00e9dita na regi\u00e3o de fronteira com a Bol\u00edvia\"}]},{\"@type\":\"WebSite\",\"@id\":\"https:\/\/acrimat.org.br\/portal\/#website\",\"url\":\"https:\/\/acrimat.org.br\/portal\/\",\"name\":\"Acrimat\",\"description\":\"Associa\u00e7\u00e3o dos Criadores de Mato Grosso\",\"publisher\":{\"@id\":\"https:\/\/acrimat.org.br\/portal\/#organization\"},\"potentialAction\":[{\"@type\":\"SearchAction\",\"target\":{\"@type\":\"EntryPoint\",\"urlTemplate\":\"https:\/\/acrimat.org.br\/portal\/?s={search_term_string}\"},\"query-input\":{\"@type\":\"PropertyValueSpecification\",\"valueRequired\":true,\"valueName\":\"search_term_string\"}}],\"inLanguage\":\"pt-BR\"},{\"@type\":\"Organization\",\"@id\":\"https:\/\/acrimat.org.br\/portal\/#organization\",\"name\":\"Associa\u00e7\u00e3o dos Criadores de Mato Grosso\",\"url\":\"https:\/\/acrimat.org.br\/portal\/\",\"logo\":{\"@type\":\"ImageObject\",\"inLanguage\":\"pt-BR\",\"@id\":\"https:\/\/acrimat.org.br\/portal\/#\/schema\/logo\/image\/\",\"url\":\"https:\/\/acrimat.org.br\/portal\/wp-content\/uploads\/2018\/03\/logo-peq-original.png\",\"contentUrl\":\"https:\/\/acrimat.org.br\/portal\/wp-content\/uploads\/2018\/03\/logo-peq-original.png\",\"width\":174,\"height\":171,\"caption\":\"Associa\u00e7\u00e3o dos Criadores de Mato Grosso\"},\"image\":{\"@id\":\"https:\/\/acrimat.org.br\/portal\/#\/schema\/logo\/image\/\"}},{\"@type\":\"Person\",\"@id\":\"https:\/\/acrimat.org.br\/portal\/#\/schema\/person\/18df8bcf6890e924fe5d8b5afd2bec0f\",\"name\":\"P\u00e9ricles C\u00e2ndido\",\"image\":{\"@type\":\"ImageObject\",\"inLanguage\":\"pt-BR\",\"@id\":\"https:\/\/acrimat.org.br\/portal\/#\/schema\/person\/image\/\",\"url\":\"https:\/\/secure.gravatar.com\/avatar\/33e2a2b971dc363ed2df53d0d3bfbd18?s=96&d=mm&r=g\",\"contentUrl\":\"https:\/\/secure.gravatar.com\/avatar\/33e2a2b971dc363ed2df53d0d3bfbd18?s=96&d=mm&r=g\",\"caption\":\"P\u00e9ricles C\u00e2ndido\"},\"sameAs\":[\"ascom@acrimat.org.br\"],\"url\":\"https:\/\/acrimat.org.br\/portal\/author\/designergrafico\/\"}]}<\/script>\n<!-- \/ Yoast SEO plugin. -->","yoast_head_json":{"title":"Indea-MT realiza opera\u00e7\u00e3o in\u00e9dita na regi\u00e3o de fronteira com a Bol\u00edvia - Acrimat","robots":{"index":"index","follow":"follow","max-snippet":"max-snippet:-1","max-image-preview":"max-image-preview:large","max-video-preview":"max-video-preview:-1"},"canonical":"https:\/\/acrimat.org.br\/portal\/indea-mt-realiza-operacao-inedita-na-regiao-de-fronteira-com-a-bolivia\/","og_locale":"pt_BR","og_type":"article","og_title":"Indea-MT realiza opera\u00e7\u00e3o in\u00e9dita na regi\u00e3o de fronteira com a Bol\u00edvia - Acrimat","og_description":"O objetivo \u00e9 reduzir o risco de introdu\u00e7\u00e3o e\/ou instala\u00e7\u00e3o de doen\u00e7as ex\u00f3ticas e pragas quarenten\u00e1rias j\u00e1 erradicadas no territ\u00f3rio mato-grossense","og_url":"https:\/\/acrimat.org.br\/portal\/indea-mt-realiza-operacao-inedita-na-regiao-de-fronteira-com-a-bolivia\/","og_site_name":"Acrimat","article_published_time":"2017-09-11T13:19:28+00:00","og_image":[{"width":475,"height":317,"url":"https:\/\/acrimat.org.br\/portal\/wp-content\/uploads\/2017\/09\/521f4889ca89de426cdca3cee74ab0f2.jpg","type":"image\/jpeg"}],"author":"P\u00e9ricles C\u00e2ndido","twitter_card":"summary_large_image","twitter_misc":{"Escrito por":"P\u00e9ricles C\u00e2ndido","Est. tempo de leitura":"3 minutos"},"schema":{"@context":"https:\/\/schema.org","@graph":[{"@type":"Article","@id":"https:\/\/acrimat.org.br\/portal\/indea-mt-realiza-operacao-inedita-na-regiao-de-fronteira-com-a-bolivia\/#article","isPartOf":{"@id":"https:\/\/acrimat.org.br\/portal\/indea-mt-realiza-operacao-inedita-na-regiao-de-fronteira-com-a-bolivia\/"},"author":{"name":"P\u00e9ricles C\u00e2ndido","@id":"https:\/\/acrimat.org.br\/portal\/#\/schema\/person\/18df8bcf6890e924fe5d8b5afd2bec0f"},"headline":"Indea-MT realiza opera\u00e7\u00e3o in\u00e9dita na regi\u00e3o de fronteira com a Bol\u00edvia","datePublished":"2017-09-11T13:19:28+00:00","mainEntityOfPage":{"@id":"https:\/\/acrimat.org.br\/portal\/indea-mt-realiza-operacao-inedita-na-regiao-de-fronteira-com-a-bolivia\/"},"wordCount":621,"publisher":{"@id":"https:\/\/acrimat.org.br\/portal\/#organization"},"image":{"@id":"https:\/\/acrimat.org.br\/portal\/indea-mt-realiza-operacao-inedita-na-regiao-de-fronteira-com-a-bolivia\/#primaryimage"},"thumbnailUrl":"https:\/\/acrimat.org.br\/portal\/wp-content\/uploads\/2017\/09\/521f4889ca89de426cdca3cee74ab0f2.jpg","articleSection":["Destaques","Not\u00edcias"],"inLanguage":"pt-BR"},{"@type":"WebPage","@id":"https:\/\/acrimat.org.br\/portal\/indea-mt-realiza-operacao-inedita-na-regiao-de-fronteira-com-a-bolivia\/","url":"https:\/\/acrimat.org.br\/portal\/indea-mt-realiza-operacao-inedita-na-regiao-de-fronteira-com-a-bolivia\/","name":"Indea-MT realiza opera\u00e7\u00e3o in\u00e9dita na regi\u00e3o de fronteira com a Bol\u00edvia - Acrimat","isPartOf":{"@id":"https:\/\/acrimat.org.br\/portal\/#website"},"primaryImageOfPage":{"@id":"https:\/\/acrimat.org.br\/portal\/indea-mt-realiza-operacao-inedita-na-regiao-de-fronteira-com-a-bolivia\/#primaryimage"},"image":{"@id":"https:\/\/acrimat.org.br\/portal\/indea-mt-realiza-operacao-inedita-na-regiao-de-fronteira-com-a-bolivia\/#primaryimage"},"thumbnailUrl":"https:\/\/acrimat.org.br\/portal\/wp-content\/uploads\/2017\/09\/521f4889ca89de426cdca3cee74ab0f2.jpg","datePublished":"2017-09-11T13:19:28+00:00","breadcrumb":{"@id":"https:\/\/acrimat.org.br\/portal\/indea-mt-realiza-operacao-inedita-na-regiao-de-fronteira-com-a-bolivia\/#breadcrumb"},"inLanguage":"pt-BR","potentialAction":[{"@type":"ReadAction","target":["https:\/\/acrimat.org.br\/portal\/indea-mt-realiza-operacao-inedita-na-regiao-de-fronteira-com-a-bolivia\/"]}]},{"@type":"ImageObject","inLanguage":"pt-BR","@id":"https:\/\/acrimat.org.br\/portal\/indea-mt-realiza-operacao-inedita-na-regiao-de-fronteira-com-a-bolivia\/#primaryimage","url":"https:\/\/acrimat.org.br\/portal\/wp-content\/uploads\/2017\/09\/521f4889ca89de426cdca3cee74ab0f2.jpg","contentUrl":"https:\/\/acrimat.org.br\/portal\/wp-content\/uploads\/2017\/09\/521f4889ca89de426cdca3cee74ab0f2.jpg","width":475,"height":317,"caption":"Divulga\u00e7\u00e3o"},{"@type":"BreadcrumbList","@id":"https:\/\/acrimat.org.br\/portal\/indea-mt-realiza-operacao-inedita-na-regiao-de-fronteira-com-a-bolivia\/#breadcrumb","itemListElement":[{"@type":"ListItem","position":1,"name":"In\u00edcio","item":"https:\/\/acrimat.org.br\/portal\/"},{"@type":"ListItem","position":2,"name":"Indea-MT realiza opera\u00e7\u00e3o in\u00e9dita na regi\u00e3o de fronteira com a Bol\u00edvia"}]},{"@type":"WebSite","@id":"https:\/\/acrimat.org.br\/portal\/#website","url":"https:\/\/acrimat.org.br\/portal\/","name":"Acrimat","description":"Associa\u00e7\u00e3o dos Criadores de Mato Grosso","publisher":{"@id":"https:\/\/acrimat.org.br\/portal\/#organization"},"potentialAction":[{"@type":"SearchAction","target":{"@type":"EntryPoint","urlTemplate":"https:\/\/acrimat.org.br\/portal\/?s={search_term_string}"},"query-input":{"@type":"PropertyValueSpecification","valueRequired":true,"valueName":"search_term_string"}}],"inLanguage":"pt-BR"},{"@type":"Organization","@id":"https:\/\/acrimat.org.br\/portal\/#organization","name":"Associa\u00e7\u00e3o dos Criadores de Mato Grosso","url":"https:\/\/acrimat.org.br\/portal\/","logo":{"@type":"ImageObject","inLanguage":"pt-BR","@id":"https:\/\/acrimat.org.br\/portal\/#\/schema\/logo\/image\/","url":"https:\/\/acrimat.org.br\/portal\/wp-content\/uploads\/2018\/03\/logo-peq-original.png","contentUrl":"https:\/\/acrimat.org.br\/portal\/wp-content\/uploads\/2018\/03\/logo-peq-original.png","width":174,"height":171,"caption":"Associa\u00e7\u00e3o dos Criadores de Mato Grosso"},"image":{"@id":"https:\/\/acrimat.org.br\/portal\/#\/schema\/logo\/image\/"}},{"@type":"Person","@id":"https:\/\/acrimat.org.br\/portal\/#\/schema\/person\/18df8bcf6890e924fe5d8b5afd2bec0f","name":"P\u00e9ricles C\u00e2ndido","image":{"@type":"ImageObject","inLanguage":"pt-BR","@id":"https:\/\/acrimat.org.br\/portal\/#\/schema\/person\/image\/","url":"https:\/\/secure.gravatar.com\/avatar\/33e2a2b971dc363ed2df53d0d3bfbd18?s=96&d=mm&r=g","contentUrl":"https:\/\/secure.gravatar.com\/avatar\/33e2a2b971dc363ed2df53d0d3bfbd18?s=96&d=mm&r=g","caption":"P\u00e9ricles C\u00e2ndido"},"sameAs":["ascom@acrimat.org.br"],"url":"https:\/\/acrimat.org.br\/portal\/author\/designergrafico\/"}]}},"_links":{"self":[{"href":"https:\/\/acrimat.org.br\/portal\/wp-json\/wp\/v2\/posts\/97983506","targetHints":{"allow":["GET"]}}],"collection":[{"href":"https:\/\/acrimat.org.br\/portal\/wp-json\/wp\/v2\/posts"}],"about":[{"href":"https:\/\/acrimat.org.br\/portal\/wp-json\/wp\/v2\/types\/post"}],"author":[{"embeddable":true,"href":"https:\/\/acrimat.org.br\/portal\/wp-json\/wp\/v2\/users\/11"}],"replies":[{"embeddable":true,"href":"https:\/\/acrimat.org.br\/portal\/wp-json\/wp\/v2\/comments?post=97983506"}],"version-history":[{"count":1,"href":"https:\/\/acrimat.org.br\/portal\/wp-json\/wp\/v2\/posts\/97983506\/revisions"}],"predecessor-version":[{"id":97983508,"href":"https:\/\/acrimat.org.br\/portal\/wp-json\/wp\/v2\/posts\/97983506\/revisions\/97983508"}],"wp:featuredmedia":[{"embeddable":true,"href":"https:\/\/acrimat.org.br\/portal\/wp-json\/wp\/v2\/media\/97983507"}],"wp:attachment":[{"href":"https:\/\/acrimat.org.br\/portal\/wp-json\/wp\/v2\/media?parent=97983506"}],"wp:term":[{"taxonomy":"category","embeddable":true,"href":"https:\/\/acrimat.org.br\/portal\/wp-json\/wp\/v2\/categories?post=97983506"},{"taxonomy":"post_tag","embeddable":true,"href":"https:\/\/acrimat.org.br\/portal\/wp-json\/wp\/v2\/tags?post=97983506"}],"curies":[{"name":"wp","href":"https:\/\/api.w.org\/{rel}","templated":true}]}}