{"id":97983517,"date":"2017-09-12T10:04:22","date_gmt":"2017-09-12T13:04:22","guid":{"rendered":"http:\/\/acrimat.org.br\/portal\/?p=97983517"},"modified":"2017-09-12T10:11:06","modified_gmt":"2017-09-12T13:11:06","slug":"boicotado-por-potencias-ira-coloca-brasil-na-mira-do-comercio-internacional","status":"publish","type":"post","link":"https:\/\/acrimat.org.br\/portal\/boicotado-por-potencias-ira-coloca-brasil-na-mira-do-comercio-internacional\/","title":{"rendered":"Boicotado por pot\u00eancias, Ir\u00e3 coloca Brasil na mira do com\u00e9rcio internacional"},"content":{"rendered":"<p><a href=\"http:\/\/acrimat.org.br\/portal\/wp-content\/uploads\/2017\/01\/exporta\u00e7\u00e3o-carne-bovina-salgada.jpg\"><img fetchpriority=\"high\" decoding=\"async\" class=\"size-medium wp-image-97979404 alignright\" src=\"http:\/\/acrimat.org.br\/portal\/wp-content\/uploads\/2017\/01\/exporta\u00e7\u00e3o-carne-bovina-salgada-300x206.jpg\" alt=\"\" width=\"300\" height=\"206\" srcset=\"https:\/\/acrimat.org.br\/portal\/wp-content\/uploads\/2017\/01\/exporta\u00e7\u00e3o-carne-bovina-salgada-300x206.jpg 300w, https:\/\/acrimat.org.br\/portal\/wp-content\/uploads\/2017\/01\/exporta\u00e7\u00e3o-carne-bovina-salgada-250x172.jpg 250w, https:\/\/acrimat.org.br\/portal\/wp-content\/uploads\/2017\/01\/exporta\u00e7\u00e3o-carne-bovina-salgada-550x378.jpg 550w, https:\/\/acrimat.org.br\/portal\/wp-content\/uploads\/2017\/01\/exporta\u00e7\u00e3o-carne-bovina-salgada-262x180.jpg 262w, https:\/\/acrimat.org.br\/portal\/wp-content\/uploads\/2017\/01\/exporta\u00e7\u00e3o-carne-bovina-salgada-436x300.jpg 436w, https:\/\/acrimat.org.br\/portal\/wp-content\/uploads\/2017\/01\/exporta\u00e7\u00e3o-carne-bovina-salgada-727x500.jpg 727w, https:\/\/acrimat.org.br\/portal\/wp-content\/uploads\/2017\/01\/exporta\u00e7\u00e3o-carne-bovina-salgada.jpg 730w\" sizes=\"(max-width: 300px) 100vw, 300px\" \/><\/a>Enquanto os Estados Unidos t\u00eam imposto uma s\u00e9rie de san\u00e7\u00f5es ao Ir\u00e3, preocupados com o potencial nuclear do programa de m\u00edsseis do pa\u00eds do Oriente M\u00e9dio, o Brasil caminha em dire\u00e7\u00e3o oposta, buscando ampliar os la\u00e7os comerciais com os iranianos, especialmente no agroneg\u00f3cio.<\/p>\n<p>Uma miss\u00e3o brasileira \u2013 composta por membros do governo e associa\u00e7\u00f5es vinculadas ao campo \u2013 chegou nesta segunda-feira (11) a Teer\u00e3, capital iraniana, de acordo com informa\u00e7\u00f5es do Minist\u00e9rio da Agricultura (Mapa). A agenda, que segue at\u00e9 quarta-feira (13), inclui reuni\u00f5es bilaterais com o vice-ministro da Ind\u00fastria, Minas e Com\u00e9rcio e presidente da Organiza\u00e7\u00e3o de Promo\u00e7\u00e3o do Com\u00e9rcio do Ir\u00e3, Mojtaba Khosrowtaj; o vice-ministro de Agricultura e membro da Jihad Esteghlal Company, Arzhang Javadi.<\/p>\n<p>O secret\u00e1rio executivo Mapa, Eumar Novacki, que chefia a miss\u00e3o, ainda far\u00e1 uma rodada de neg\u00f3cios com a participa\u00e7\u00e3o de representantes brasileiros do setor de carne, soja, milho, biodiesel e etanol, a\u00e7\u00facar e pescados. Eles apresentar\u00e3o a potenciais compradores e investidores seus portf\u00f3lios de produtos e projetos para a capta\u00e7\u00e3o de investimentos.<\/p>\n<p>Segundo o minist\u00e9rio da Agricultura, a C\u00e2mara de Com\u00e9rcio Brasil-Ir\u00e3 organizou visitas t\u00e9cnicas nos setores de carne, gr\u00e3os e castanhas; a Associa\u00e7\u00e3o Brasileira das Ind\u00fastrias Exportadores de Carne (Abiec), que participa da comitiva, promover\u00e1 um churrasco a convidados iranianos.<\/p>\n<p><strong>TOP 5 Importa\u00e7\u00f5es iranianas<\/strong><\/p>\n<p>Entre os cinco produtos vindos do Brasil e importados pelo Ir\u00e3 em 2016, de acordo com o valor em d\u00f3lares, cinco s\u00e3o do agroneg\u00f3cio. O pa\u00eds do Oriente M\u00e9dio \u00e9 o quarto maior cliente do com\u00e9rcio agropecu\u00e1rio brasileiro, com compras totais em torno de US$ 2,2 bilh\u00f5es no ano passado. De janeiro a agosto deste ano, as importa\u00e7\u00f5es somaram US$ 1,8 bilh\u00e3o.<\/p>\n<p><strong>Confira a lista detalhada de 2016:<\/strong><\/p>\n<p><strong>1\u00ba Milho: <\/strong>US$ 796 milh\u00f5es \/ 4,8 milh\u00f5es de toneladas<\/p>\n<p><strong>2\u00ba Soja: <\/strong>US$ 467,9 milh\u00f5es \/ 1,2 milh\u00e3o de toneladas<\/p>\n<p><strong>3\u00ba Carne bovina: <\/strong>US$ 374,3 milh\u00f5es \/ 96,2 mil toneladas<\/p>\n<p><strong>4\u00ba Farelo de soja: <\/strong>US$ 235,3 milh\u00f5es \/ 708,9 mil toneladas<\/p>\n<p><strong>5\u00ba A\u00e7\u00facar: <\/strong>US$ 205,3 milh\u00f5es \/ 549 mil toneladas<\/p>\n","protected":false},"excerpt":{"rendered":"<p>Pa\u00eds do Oriente M\u00e9dio j\u00e1 \u00e9 um dos principais compradores de produtos agropecu\u00e1rios brasileiros; em meio a rela\u00e7\u00f5es internacionais controversas, com\u00e9rcio entre os dois tende a ser ampliado<\/p>\n","protected":false},"author":11,"featured_media":97979404,"comment_status":"closed","ping_status":"closed","sticky":false,"template":"","format":"standard","meta":{"footnotes":""},"categories":[6,1],"tags":[],"class_list":["post-97983517","post","type-post","status-publish","format-standard","has-post-thumbnail","hentry","category-destaque","category-noticia"],"yoast_head":"<!-- This site is optimized with the Yoast SEO plugin v24.8.1 - https:\/\/yoast.com\/wordpress\/plugins\/seo\/ -->\n<title>Boicotado por pot\u00eancias, Ir\u00e3 coloca Brasil na mira do com\u00e9rcio internacional - Acrimat<\/title>\n<meta name=\"robots\" content=\"index, follow, max-snippet:-1, max-image-preview:large, max-video-preview:-1\" \/>\n<link rel=\"canonical\" href=\"https:\/\/acrimat.org.br\/portal\/boicotado-por-potencias-ira-coloca-brasil-na-mira-do-comercio-internacional\/\" \/>\n<meta property=\"og:locale\" content=\"pt_BR\" \/>\n<meta property=\"og:type\" content=\"article\" \/>\n<meta property=\"og:title\" content=\"Boicotado por pot\u00eancias, Ir\u00e3 coloca Brasil na mira do com\u00e9rcio internacional - Acrimat\" \/>\n<meta property=\"og:description\" content=\"Pa\u00eds do Oriente M\u00e9dio j\u00e1 \u00e9 um dos principais compradores de produtos agropecu\u00e1rios brasileiros; em meio a rela\u00e7\u00f5es internacionais controversas, com\u00e9rcio entre os dois tende a ser ampliado\" \/>\n<meta property=\"og:url\" content=\"https:\/\/acrimat.org.br\/portal\/boicotado-por-potencias-ira-coloca-brasil-na-mira-do-comercio-internacional\/\" \/>\n<meta property=\"og:site_name\" content=\"Acrimat\" \/>\n<meta property=\"article:published_time\" content=\"2017-09-12T13:04:22+00:00\" \/>\n<meta property=\"article:modified_time\" content=\"2017-09-12T13:11:06+00:00\" \/>\n<meta property=\"og:image\" content=\"https:\/\/acrimat.org.br\/portal\/wp-content\/uploads\/2017\/01\/exporta\u00e7\u00e3o-carne-bovina-salgada.jpg\" \/>\n\t<meta property=\"og:image:width\" content=\"730\" \/>\n\t<meta property=\"og:image:height\" content=\"502\" \/>\n\t<meta property=\"og:image:type\" content=\"image\/jpeg\" \/>\n<meta name=\"author\" content=\"P\u00e9ricles C\u00e2ndido\" \/>\n<meta name=\"twitter:card\" content=\"summary_large_image\" \/>\n<meta name=\"twitter:label1\" content=\"Escrito por\" \/>\n\t<meta name=\"twitter:data1\" content=\"P\u00e9ricles C\u00e2ndido\" \/>\n\t<meta name=\"twitter:label2\" content=\"Est. tempo de leitura\" \/>\n\t<meta name=\"twitter:data2\" content=\"2 minutos\" \/>\n<script type=\"application\/ld+json\" class=\"yoast-schema-graph\">{\"@context\":\"https:\/\/schema.org\",\"@graph\":[{\"@type\":\"Article\",\"@id\":\"https:\/\/acrimat.org.br\/portal\/boicotado-por-potencias-ira-coloca-brasil-na-mira-do-comercio-internacional\/#article\",\"isPartOf\":{\"@id\":\"https:\/\/acrimat.org.br\/portal\/boicotado-por-potencias-ira-coloca-brasil-na-mira-do-comercio-internacional\/\"},\"author\":{\"name\":\"P\u00e9ricles C\u00e2ndido\",\"@id\":\"https:\/\/acrimat.org.br\/portal\/#\/schema\/person\/18df8bcf6890e924fe5d8b5afd2bec0f\"},\"headline\":\"Boicotado por pot\u00eancias, Ir\u00e3 coloca Brasil na mira do com\u00e9rcio internacional\",\"datePublished\":\"2017-09-12T13:04:22+00:00\",\"dateModified\":\"2017-09-12T13:11:06+00:00\",\"mainEntityOfPage\":{\"@id\":\"https:\/\/acrimat.org.br\/portal\/boicotado-por-potencias-ira-coloca-brasil-na-mira-do-comercio-internacional\/\"},\"wordCount\":366,\"publisher\":{\"@id\":\"https:\/\/acrimat.org.br\/portal\/#organization\"},\"image\":{\"@id\":\"https:\/\/acrimat.org.br\/portal\/boicotado-por-potencias-ira-coloca-brasil-na-mira-do-comercio-internacional\/#primaryimage\"},\"thumbnailUrl\":\"https:\/\/acrimat.org.br\/portal\/wp-content\/uploads\/2017\/01\/exporta\u00e7\u00e3o-carne-bovina-salgada.jpg\",\"articleSection\":[\"Destaques\",\"Not\u00edcias\"],\"inLanguage\":\"pt-BR\"},{\"@type\":\"WebPage\",\"@id\":\"https:\/\/acrimat.org.br\/portal\/boicotado-por-potencias-ira-coloca-brasil-na-mira-do-comercio-internacional\/\",\"url\":\"https:\/\/acrimat.org.br\/portal\/boicotado-por-potencias-ira-coloca-brasil-na-mira-do-comercio-internacional\/\",\"name\":\"Boicotado por pot\u00eancias, Ir\u00e3 coloca Brasil na mira do com\u00e9rcio internacional - Acrimat\",\"isPartOf\":{\"@id\":\"https:\/\/acrimat.org.br\/portal\/#website\"},\"primaryImageOfPage\":{\"@id\":\"https:\/\/acrimat.org.br\/portal\/boicotado-por-potencias-ira-coloca-brasil-na-mira-do-comercio-internacional\/#primaryimage\"},\"image\":{\"@id\":\"https:\/\/acrimat.org.br\/portal\/boicotado-por-potencias-ira-coloca-brasil-na-mira-do-comercio-internacional\/#primaryimage\"},\"thumbnailUrl\":\"https:\/\/acrimat.org.br\/portal\/wp-content\/uploads\/2017\/01\/exporta\u00e7\u00e3o-carne-bovina-salgada.jpg\",\"datePublished\":\"2017-09-12T13:04:22+00:00\",\"dateModified\":\"2017-09-12T13:11:06+00:00\",\"breadcrumb\":{\"@id\":\"https:\/\/acrimat.org.br\/portal\/boicotado-por-potencias-ira-coloca-brasil-na-mira-do-comercio-internacional\/#breadcrumb\"},\"inLanguage\":\"pt-BR\",\"potentialAction\":[{\"@type\":\"ReadAction\",\"target\":[\"https:\/\/acrimat.org.br\/portal\/boicotado-por-potencias-ira-coloca-brasil-na-mira-do-comercio-internacional\/\"]}]},{\"@type\":\"ImageObject\",\"inLanguage\":\"pt-BR\",\"@id\":\"https:\/\/acrimat.org.br\/portal\/boicotado-por-potencias-ira-coloca-brasil-na-mira-do-comercio-internacional\/#primaryimage\",\"url\":\"https:\/\/acrimat.org.br\/portal\/wp-content\/uploads\/2017\/01\/exporta\u00e7\u00e3o-carne-bovina-salgada.jpg\",\"contentUrl\":\"https:\/\/acrimat.org.br\/portal\/wp-content\/uploads\/2017\/01\/exporta\u00e7\u00e3o-carne-bovina-salgada.jpg\",\"width\":730,\"height\":502,\"caption\":\"Divulga\u00e7\u00e3o\"},{\"@type\":\"BreadcrumbList\",\"@id\":\"https:\/\/acrimat.org.br\/portal\/boicotado-por-potencias-ira-coloca-brasil-na-mira-do-comercio-internacional\/#breadcrumb\",\"itemListElement\":[{\"@type\":\"ListItem\",\"position\":1,\"name\":\"In\u00edcio\",\"item\":\"https:\/\/acrimat.org.br\/portal\/\"},{\"@type\":\"ListItem\",\"position\":2,\"name\":\"Boicotado por pot\u00eancias, Ir\u00e3 coloca Brasil na mira do com\u00e9rcio internacional\"}]},{\"@type\":\"WebSite\",\"@id\":\"https:\/\/acrimat.org.br\/portal\/#website\",\"url\":\"https:\/\/acrimat.org.br\/portal\/\",\"name\":\"Acrimat\",\"description\":\"Associa\u00e7\u00e3o dos Criadores de Mato Grosso\",\"publisher\":{\"@id\":\"https:\/\/acrimat.org.br\/portal\/#organization\"},\"potentialAction\":[{\"@type\":\"SearchAction\",\"target\":{\"@type\":\"EntryPoint\",\"urlTemplate\":\"https:\/\/acrimat.org.br\/portal\/?s={search_term_string}\"},\"query-input\":{\"@type\":\"PropertyValueSpecification\",\"valueRequired\":true,\"valueName\":\"search_term_string\"}}],\"inLanguage\":\"pt-BR\"},{\"@type\":\"Organization\",\"@id\":\"https:\/\/acrimat.org.br\/portal\/#organization\",\"name\":\"Associa\u00e7\u00e3o dos Criadores de Mato Grosso\",\"url\":\"https:\/\/acrimat.org.br\/portal\/\",\"logo\":{\"@type\":\"ImageObject\",\"inLanguage\":\"pt-BR\",\"@id\":\"https:\/\/acrimat.org.br\/portal\/#\/schema\/logo\/image\/\",\"url\":\"https:\/\/acrimat.org.br\/portal\/wp-content\/uploads\/2018\/03\/logo-peq-original.png\",\"contentUrl\":\"https:\/\/acrimat.org.br\/portal\/wp-content\/uploads\/2018\/03\/logo-peq-original.png\",\"width\":174,\"height\":171,\"caption\":\"Associa\u00e7\u00e3o dos Criadores de Mato Grosso\"},\"image\":{\"@id\":\"https:\/\/acrimat.org.br\/portal\/#\/schema\/logo\/image\/\"}},{\"@type\":\"Person\",\"@id\":\"https:\/\/acrimat.org.br\/portal\/#\/schema\/person\/18df8bcf6890e924fe5d8b5afd2bec0f\",\"name\":\"P\u00e9ricles C\u00e2ndido\",\"image\":{\"@type\":\"ImageObject\",\"inLanguage\":\"pt-BR\",\"@id\":\"https:\/\/acrimat.org.br\/portal\/#\/schema\/person\/image\/\",\"url\":\"https:\/\/secure.gravatar.com\/avatar\/33e2a2b971dc363ed2df53d0d3bfbd18?s=96&d=mm&r=g\",\"contentUrl\":\"https:\/\/secure.gravatar.com\/avatar\/33e2a2b971dc363ed2df53d0d3bfbd18?s=96&d=mm&r=g\",\"caption\":\"P\u00e9ricles C\u00e2ndido\"},\"sameAs\":[\"ascom@acrimat.org.br\"],\"url\":\"https:\/\/acrimat.org.br\/portal\/author\/designergrafico\/\"}]}<\/script>\n<!-- \/ Yoast SEO plugin. -->","yoast_head_json":{"title":"Boicotado por pot\u00eancias, Ir\u00e3 coloca Brasil na mira do com\u00e9rcio internacional - Acrimat","robots":{"index":"index","follow":"follow","max-snippet":"max-snippet:-1","max-image-preview":"max-image-preview:large","max-video-preview":"max-video-preview:-1"},"canonical":"https:\/\/acrimat.org.br\/portal\/boicotado-por-potencias-ira-coloca-brasil-na-mira-do-comercio-internacional\/","og_locale":"pt_BR","og_type":"article","og_title":"Boicotado por pot\u00eancias, Ir\u00e3 coloca Brasil na mira do com\u00e9rcio internacional - Acrimat","og_description":"Pa\u00eds do Oriente M\u00e9dio j\u00e1 \u00e9 um dos principais compradores de produtos agropecu\u00e1rios brasileiros; em meio a rela\u00e7\u00f5es internacionais controversas, com\u00e9rcio entre os dois tende a ser ampliado","og_url":"https:\/\/acrimat.org.br\/portal\/boicotado-por-potencias-ira-coloca-brasil-na-mira-do-comercio-internacional\/","og_site_name":"Acrimat","article_published_time":"2017-09-12T13:04:22+00:00","article_modified_time":"2017-09-12T13:11:06+00:00","og_image":[{"width":730,"height":502,"url":"https:\/\/acrimat.org.br\/portal\/wp-content\/uploads\/2017\/01\/exporta\u00e7\u00e3o-carne-bovina-salgada.jpg","type":"image\/jpeg"}],"author":"P\u00e9ricles C\u00e2ndido","twitter_card":"summary_large_image","twitter_misc":{"Escrito por":"P\u00e9ricles C\u00e2ndido","Est. tempo de leitura":"2 minutos"},"schema":{"@context":"https:\/\/schema.org","@graph":[{"@type":"Article","@id":"https:\/\/acrimat.org.br\/portal\/boicotado-por-potencias-ira-coloca-brasil-na-mira-do-comercio-internacional\/#article","isPartOf":{"@id":"https:\/\/acrimat.org.br\/portal\/boicotado-por-potencias-ira-coloca-brasil-na-mira-do-comercio-internacional\/"},"author":{"name":"P\u00e9ricles C\u00e2ndido","@id":"https:\/\/acrimat.org.br\/portal\/#\/schema\/person\/18df8bcf6890e924fe5d8b5afd2bec0f"},"headline":"Boicotado por pot\u00eancias, Ir\u00e3 coloca Brasil na mira do com\u00e9rcio internacional","datePublished":"2017-09-12T13:04:22+00:00","dateModified":"2017-09-12T13:11:06+00:00","mainEntityOfPage":{"@id":"https:\/\/acrimat.org.br\/portal\/boicotado-por-potencias-ira-coloca-brasil-na-mira-do-comercio-internacional\/"},"wordCount":366,"publisher":{"@id":"https:\/\/acrimat.org.br\/portal\/#organization"},"image":{"@id":"https:\/\/acrimat.org.br\/portal\/boicotado-por-potencias-ira-coloca-brasil-na-mira-do-comercio-internacional\/#primaryimage"},"thumbnailUrl":"https:\/\/acrimat.org.br\/portal\/wp-content\/uploads\/2017\/01\/exporta\u00e7\u00e3o-carne-bovina-salgada.jpg","articleSection":["Destaques","Not\u00edcias"],"inLanguage":"pt-BR"},{"@type":"WebPage","@id":"https:\/\/acrimat.org.br\/portal\/boicotado-por-potencias-ira-coloca-brasil-na-mira-do-comercio-internacional\/","url":"https:\/\/acrimat.org.br\/portal\/boicotado-por-potencias-ira-coloca-brasil-na-mira-do-comercio-internacional\/","name":"Boicotado por pot\u00eancias, Ir\u00e3 coloca Brasil na mira do com\u00e9rcio internacional - Acrimat","isPartOf":{"@id":"https:\/\/acrimat.org.br\/portal\/#website"},"primaryImageOfPage":{"@id":"https:\/\/acrimat.org.br\/portal\/boicotado-por-potencias-ira-coloca-brasil-na-mira-do-comercio-internacional\/#primaryimage"},"image":{"@id":"https:\/\/acrimat.org.br\/portal\/boicotado-por-potencias-ira-coloca-brasil-na-mira-do-comercio-internacional\/#primaryimage"},"thumbnailUrl":"https:\/\/acrimat.org.br\/portal\/wp-content\/uploads\/2017\/01\/exporta\u00e7\u00e3o-carne-bovina-salgada.jpg","datePublished":"2017-09-12T13:04:22+00:00","dateModified":"2017-09-12T13:11:06+00:00","breadcrumb":{"@id":"https:\/\/acrimat.org.br\/portal\/boicotado-por-potencias-ira-coloca-brasil-na-mira-do-comercio-internacional\/#breadcrumb"},"inLanguage":"pt-BR","potentialAction":[{"@type":"ReadAction","target":["https:\/\/acrimat.org.br\/portal\/boicotado-por-potencias-ira-coloca-brasil-na-mira-do-comercio-internacional\/"]}]},{"@type":"ImageObject","inLanguage":"pt-BR","@id":"https:\/\/acrimat.org.br\/portal\/boicotado-por-potencias-ira-coloca-brasil-na-mira-do-comercio-internacional\/#primaryimage","url":"https:\/\/acrimat.org.br\/portal\/wp-content\/uploads\/2017\/01\/exporta\u00e7\u00e3o-carne-bovina-salgada.jpg","contentUrl":"https:\/\/acrimat.org.br\/portal\/wp-content\/uploads\/2017\/01\/exporta\u00e7\u00e3o-carne-bovina-salgada.jpg","width":730,"height":502,"caption":"Divulga\u00e7\u00e3o"},{"@type":"BreadcrumbList","@id":"https:\/\/acrimat.org.br\/portal\/boicotado-por-potencias-ira-coloca-brasil-na-mira-do-comercio-internacional\/#breadcrumb","itemListElement":[{"@type":"ListItem","position":1,"name":"In\u00edcio","item":"https:\/\/acrimat.org.br\/portal\/"},{"@type":"ListItem","position":2,"name":"Boicotado por pot\u00eancias, Ir\u00e3 coloca Brasil na mira do com\u00e9rcio internacional"}]},{"@type":"WebSite","@id":"https:\/\/acrimat.org.br\/portal\/#website","url":"https:\/\/acrimat.org.br\/portal\/","name":"Acrimat","description":"Associa\u00e7\u00e3o dos Criadores de Mato Grosso","publisher":{"@id":"https:\/\/acrimat.org.br\/portal\/#organization"},"potentialAction":[{"@type":"SearchAction","target":{"@type":"EntryPoint","urlTemplate":"https:\/\/acrimat.org.br\/portal\/?s={search_term_string}"},"query-input":{"@type":"PropertyValueSpecification","valueRequired":true,"valueName":"search_term_string"}}],"inLanguage":"pt-BR"},{"@type":"Organization","@id":"https:\/\/acrimat.org.br\/portal\/#organization","name":"Associa\u00e7\u00e3o dos Criadores de Mato Grosso","url":"https:\/\/acrimat.org.br\/portal\/","logo":{"@type":"ImageObject","inLanguage":"pt-BR","@id":"https:\/\/acrimat.org.br\/portal\/#\/schema\/logo\/image\/","url":"https:\/\/acrimat.org.br\/portal\/wp-content\/uploads\/2018\/03\/logo-peq-original.png","contentUrl":"https:\/\/acrimat.org.br\/portal\/wp-content\/uploads\/2018\/03\/logo-peq-original.png","width":174,"height":171,"caption":"Associa\u00e7\u00e3o dos Criadores de Mato Grosso"},"image":{"@id":"https:\/\/acrimat.org.br\/portal\/#\/schema\/logo\/image\/"}},{"@type":"Person","@id":"https:\/\/acrimat.org.br\/portal\/#\/schema\/person\/18df8bcf6890e924fe5d8b5afd2bec0f","name":"P\u00e9ricles C\u00e2ndido","image":{"@type":"ImageObject","inLanguage":"pt-BR","@id":"https:\/\/acrimat.org.br\/portal\/#\/schema\/person\/image\/","url":"https:\/\/secure.gravatar.com\/avatar\/33e2a2b971dc363ed2df53d0d3bfbd18?s=96&d=mm&r=g","contentUrl":"https:\/\/secure.gravatar.com\/avatar\/33e2a2b971dc363ed2df53d0d3bfbd18?s=96&d=mm&r=g","caption":"P\u00e9ricles C\u00e2ndido"},"sameAs":["ascom@acrimat.org.br"],"url":"https:\/\/acrimat.org.br\/portal\/author\/designergrafico\/"}]}},"_links":{"self":[{"href":"https:\/\/acrimat.org.br\/portal\/wp-json\/wp\/v2\/posts\/97983517","targetHints":{"allow":["GET"]}}],"collection":[{"href":"https:\/\/acrimat.org.br\/portal\/wp-json\/wp\/v2\/posts"}],"about":[{"href":"https:\/\/acrimat.org.br\/portal\/wp-json\/wp\/v2\/types\/post"}],"author":[{"embeddable":true,"href":"https:\/\/acrimat.org.br\/portal\/wp-json\/wp\/v2\/users\/11"}],"replies":[{"embeddable":true,"href":"https:\/\/acrimat.org.br\/portal\/wp-json\/wp\/v2\/comments?post=97983517"}],"version-history":[{"count":3,"href":"https:\/\/acrimat.org.br\/portal\/wp-json\/wp\/v2\/posts\/97983517\/revisions"}],"predecessor-version":[{"id":97983521,"href":"https:\/\/acrimat.org.br\/portal\/wp-json\/wp\/v2\/posts\/97983517\/revisions\/97983521"}],"wp:featuredmedia":[{"embeddable":true,"href":"https:\/\/acrimat.org.br\/portal\/wp-json\/wp\/v2\/media\/97979404"}],"wp:attachment":[{"href":"https:\/\/acrimat.org.br\/portal\/wp-json\/wp\/v2\/media?parent=97983517"}],"wp:term":[{"taxonomy":"category","embeddable":true,"href":"https:\/\/acrimat.org.br\/portal\/wp-json\/wp\/v2\/categories?post=97983517"},{"taxonomy":"post_tag","embeddable":true,"href":"https:\/\/acrimat.org.br\/portal\/wp-json\/wp\/v2\/tags?post=97983517"}],"curies":[{"name":"wp","href":"https:\/\/api.w.org\/{rel}","templated":true}]}}