{"id":97983522,"date":"2017-09-12T10:03:26","date_gmt":"2017-09-12T13:03:26","guid":{"rendered":"http:\/\/acrimat.org.br\/portal\/?p=97983522"},"modified":"2017-09-12T10:09:19","modified_gmt":"2017-09-12T13:09:19","slug":"missoes-dos-eua-e-da-ue-estarao-no-brasil-nesta-semana-para-vistorias","status":"publish","type":"post","link":"https:\/\/acrimat.org.br\/portal\/missoes-dos-eua-e-da-ue-estarao-no-brasil-nesta-semana-para-vistorias\/","title":{"rendered":"Miss\u00f5es dos EUA e da UE estar\u00e3o no Brasil nesta semana para vistorias"},"content":{"rendered":"<p>Cinco veterin\u00e1rios dos Estados Unidos estar\u00e3o no Pa\u00eds, a partir desta segunda-feira, 11, para inspecionarem frigor\u00edficos de carne bovina. Os veterin\u00e1rios da Comiss\u00e3o Europeia de Sa\u00fade e Seguran\u00e7a Alimentar (DG Sant\u00e9) far\u00e3o auditorias em ind\u00fastrias de pescado entre os dias 12 e 20 de setembro.<\/p>\n<p>Segundo o Minist\u00e9rio da Agricultura, a miss\u00e3o norte-americana, comandada pela subsecret\u00e1ria adjunta de Seguran\u00e7a Alimentar do Servi\u00e7o de Seguran\u00e7a e Inspe\u00e7\u00e3o de Alimentos (FSIS), Carmen Rottenberg, vai contar com representantes do Servi\u00e7o de Inspe\u00e7\u00e3o Sanit\u00e1ria Animal e Vegetal (Aphis, na sigla em ingl\u00eas).<\/p>\n<p>O grupo vai fiscalizar abatedouros em S\u00e3o Paulo. \u201cA vinda dos americanos foi solicitada em car\u00e1ter extraordin\u00e1rio pelo Brasil, para demonstrar que foram corrigidas inconformidades apontadas por t\u00e9cnicos, em junho, e tentar reverter a suspens\u00e3o das exporta\u00e7\u00f5es para aquele mercado\u201d, disse o Minist\u00e9rio em nota.<\/p>\n<p>Em rela\u00e7\u00e3o aos europeus, que far\u00e3o vistoria de rotina, a \u00faltima vez que uma miss\u00e3o veio ao Brasil foi em 2012. Em Santa Catarina, dever\u00e3o ser inspecionados tr\u00eas frigor\u00edficos, al\u00e9m de navios de produ\u00e7\u00e3o prim\u00e1ria e locais de desembarque.<\/p>\n<p>Em Rio Grande (RS) ser\u00e3o inspecionados tr\u00eas frigor\u00edficos, navio-f\u00e1brica, barcos congeladores em salmoura e o servi\u00e7o veterin\u00e1rio oficial.<\/p>\n<p>Em S\u00e3o Paulo, ser\u00e3o vistoriadas duas plantas industriais e local de desembarque de pescado. No Rio de Janeiro, s\u00e3o dois frigor\u00edficos, informa o Minist\u00e9rio.<\/p>\n","protected":false},"excerpt":{"rendered":"<p>Veterin\u00e1rios dos Estados Unidos e da Uni\u00e3o Europeia v\u00e3o vistoriar ind\u00fastrias de carnes e de pescados do Brasil nesta semana<\/p>\n","protected":false},"author":11,"featured_media":0,"comment_status":"closed","ping_status":"closed","sticky":false,"template":"","format":"standard","meta":{"footnotes":""},"categories":[6,1],"tags":[],"class_list":["post-97983522","post","type-post","status-publish","format-standard","hentry","category-destaque","category-noticia"],"yoast_head":"<!-- This site is optimized with the Yoast SEO plugin v24.8.1 - https:\/\/yoast.com\/wordpress\/plugins\/seo\/ -->\n<title>Miss\u00f5es dos EUA e da UE estar\u00e3o no Brasil nesta semana para vistorias - Acrimat<\/title>\n<meta name=\"robots\" content=\"index, follow, max-snippet:-1, max-image-preview:large, max-video-preview:-1\" \/>\n<link rel=\"canonical\" href=\"https:\/\/acrimat.org.br\/portal\/missoes-dos-eua-e-da-ue-estarao-no-brasil-nesta-semana-para-vistorias\/\" \/>\n<meta property=\"og:locale\" content=\"pt_BR\" \/>\n<meta property=\"og:type\" content=\"article\" \/>\n<meta property=\"og:title\" content=\"Miss\u00f5es dos EUA e da UE estar\u00e3o no Brasil nesta semana para vistorias - Acrimat\" \/>\n<meta property=\"og:description\" content=\"Veterin\u00e1rios dos Estados Unidos e da Uni\u00e3o Europeia v\u00e3o vistoriar ind\u00fastrias de carnes e de pescados do Brasil nesta semana\" \/>\n<meta property=\"og:url\" content=\"https:\/\/acrimat.org.br\/portal\/missoes-dos-eua-e-da-ue-estarao-no-brasil-nesta-semana-para-vistorias\/\" \/>\n<meta property=\"og:site_name\" content=\"Acrimat\" \/>\n<meta property=\"article:published_time\" content=\"2017-09-12T13:03:26+00:00\" \/>\n<meta property=\"article:modified_time\" content=\"2017-09-12T13:09:19+00:00\" \/>\n<meta name=\"author\" content=\"P\u00e9ricles C\u00e2ndido\" \/>\n<meta name=\"twitter:card\" content=\"summary_large_image\" \/>\n<meta name=\"twitter:label1\" content=\"Escrito por\" \/>\n\t<meta name=\"twitter:data1\" content=\"P\u00e9ricles C\u00e2ndido\" \/>\n\t<meta name=\"twitter:label2\" content=\"Est. tempo de leitura\" \/>\n\t<meta name=\"twitter:data2\" content=\"1 minuto\" \/>\n<script type=\"application\/ld+json\" class=\"yoast-schema-graph\">{\"@context\":\"https:\/\/schema.org\",\"@graph\":[{\"@type\":\"Article\",\"@id\":\"https:\/\/acrimat.org.br\/portal\/missoes-dos-eua-e-da-ue-estarao-no-brasil-nesta-semana-para-vistorias\/#article\",\"isPartOf\":{\"@id\":\"https:\/\/acrimat.org.br\/portal\/missoes-dos-eua-e-da-ue-estarao-no-brasil-nesta-semana-para-vistorias\/\"},\"author\":{\"name\":\"P\u00e9ricles C\u00e2ndido\",\"@id\":\"https:\/\/acrimat.org.br\/portal\/#\/schema\/person\/18df8bcf6890e924fe5d8b5afd2bec0f\"},\"headline\":\"Miss\u00f5es dos EUA e da UE estar\u00e3o no Brasil nesta semana para vistorias\",\"datePublished\":\"2017-09-12T13:03:26+00:00\",\"dateModified\":\"2017-09-12T13:09:19+00:00\",\"mainEntityOfPage\":{\"@id\":\"https:\/\/acrimat.org.br\/portal\/missoes-dos-eua-e-da-ue-estarao-no-brasil-nesta-semana-para-vistorias\/\"},\"wordCount\":273,\"publisher\":{\"@id\":\"https:\/\/acrimat.org.br\/portal\/#organization\"},\"articleSection\":[\"Destaques\",\"Not\u00edcias\"],\"inLanguage\":\"pt-BR\"},{\"@type\":\"WebPage\",\"@id\":\"https:\/\/acrimat.org.br\/portal\/missoes-dos-eua-e-da-ue-estarao-no-brasil-nesta-semana-para-vistorias\/\",\"url\":\"https:\/\/acrimat.org.br\/portal\/missoes-dos-eua-e-da-ue-estarao-no-brasil-nesta-semana-para-vistorias\/\",\"name\":\"Miss\u00f5es dos EUA e da UE estar\u00e3o no Brasil nesta semana para vistorias - Acrimat\",\"isPartOf\":{\"@id\":\"https:\/\/acrimat.org.br\/portal\/#website\"},\"datePublished\":\"2017-09-12T13:03:26+00:00\",\"dateModified\":\"2017-09-12T13:09:19+00:00\",\"breadcrumb\":{\"@id\":\"https:\/\/acrimat.org.br\/portal\/missoes-dos-eua-e-da-ue-estarao-no-brasil-nesta-semana-para-vistorias\/#breadcrumb\"},\"inLanguage\":\"pt-BR\",\"potentialAction\":[{\"@type\":\"ReadAction\",\"target\":[\"https:\/\/acrimat.org.br\/portal\/missoes-dos-eua-e-da-ue-estarao-no-brasil-nesta-semana-para-vistorias\/\"]}]},{\"@type\":\"BreadcrumbList\",\"@id\":\"https:\/\/acrimat.org.br\/portal\/missoes-dos-eua-e-da-ue-estarao-no-brasil-nesta-semana-para-vistorias\/#breadcrumb\",\"itemListElement\":[{\"@type\":\"ListItem\",\"position\":1,\"name\":\"In\u00edcio\",\"item\":\"https:\/\/acrimat.org.br\/portal\/\"},{\"@type\":\"ListItem\",\"position\":2,\"name\":\"Miss\u00f5es dos EUA e da UE estar\u00e3o no Brasil nesta semana para vistorias\"}]},{\"@type\":\"WebSite\",\"@id\":\"https:\/\/acrimat.org.br\/portal\/#website\",\"url\":\"https:\/\/acrimat.org.br\/portal\/\",\"name\":\"Acrimat\",\"description\":\"Associa\u00e7\u00e3o dos Criadores de Mato Grosso\",\"publisher\":{\"@id\":\"https:\/\/acrimat.org.br\/portal\/#organization\"},\"potentialAction\":[{\"@type\":\"SearchAction\",\"target\":{\"@type\":\"EntryPoint\",\"urlTemplate\":\"https:\/\/acrimat.org.br\/portal\/?s={search_term_string}\"},\"query-input\":{\"@type\":\"PropertyValueSpecification\",\"valueRequired\":true,\"valueName\":\"search_term_string\"}}],\"inLanguage\":\"pt-BR\"},{\"@type\":\"Organization\",\"@id\":\"https:\/\/acrimat.org.br\/portal\/#organization\",\"name\":\"Associa\u00e7\u00e3o dos Criadores de Mato Grosso\",\"url\":\"https:\/\/acrimat.org.br\/portal\/\",\"logo\":{\"@type\":\"ImageObject\",\"inLanguage\":\"pt-BR\",\"@id\":\"https:\/\/acrimat.org.br\/portal\/#\/schema\/logo\/image\/\",\"url\":\"https:\/\/acrimat.org.br\/portal\/wp-content\/uploads\/2018\/03\/logo-peq-original.png\",\"contentUrl\":\"https:\/\/acrimat.org.br\/portal\/wp-content\/uploads\/2018\/03\/logo-peq-original.png\",\"width\":174,\"height\":171,\"caption\":\"Associa\u00e7\u00e3o dos Criadores de Mato Grosso\"},\"image\":{\"@id\":\"https:\/\/acrimat.org.br\/portal\/#\/schema\/logo\/image\/\"}},{\"@type\":\"Person\",\"@id\":\"https:\/\/acrimat.org.br\/portal\/#\/schema\/person\/18df8bcf6890e924fe5d8b5afd2bec0f\",\"name\":\"P\u00e9ricles C\u00e2ndido\",\"image\":{\"@type\":\"ImageObject\",\"inLanguage\":\"pt-BR\",\"@id\":\"https:\/\/acrimat.org.br\/portal\/#\/schema\/person\/image\/\",\"url\":\"https:\/\/secure.gravatar.com\/avatar\/33e2a2b971dc363ed2df53d0d3bfbd18?s=96&d=mm&r=g\",\"contentUrl\":\"https:\/\/secure.gravatar.com\/avatar\/33e2a2b971dc363ed2df53d0d3bfbd18?s=96&d=mm&r=g\",\"caption\":\"P\u00e9ricles C\u00e2ndido\"},\"sameAs\":[\"ascom@acrimat.org.br\"],\"url\":\"https:\/\/acrimat.org.br\/portal\/author\/designergrafico\/\"}]}<\/script>\n<!-- \/ Yoast SEO plugin. -->","yoast_head_json":{"title":"Miss\u00f5es dos EUA e da UE estar\u00e3o no Brasil nesta semana para vistorias - Acrimat","robots":{"index":"index","follow":"follow","max-snippet":"max-snippet:-1","max-image-preview":"max-image-preview:large","max-video-preview":"max-video-preview:-1"},"canonical":"https:\/\/acrimat.org.br\/portal\/missoes-dos-eua-e-da-ue-estarao-no-brasil-nesta-semana-para-vistorias\/","og_locale":"pt_BR","og_type":"article","og_title":"Miss\u00f5es dos EUA e da UE estar\u00e3o no Brasil nesta semana para vistorias - Acrimat","og_description":"Veterin\u00e1rios dos Estados Unidos e da Uni\u00e3o Europeia v\u00e3o vistoriar ind\u00fastrias de carnes e de pescados do Brasil nesta semana","og_url":"https:\/\/acrimat.org.br\/portal\/missoes-dos-eua-e-da-ue-estarao-no-brasil-nesta-semana-para-vistorias\/","og_site_name":"Acrimat","article_published_time":"2017-09-12T13:03:26+00:00","article_modified_time":"2017-09-12T13:09:19+00:00","author":"P\u00e9ricles C\u00e2ndido","twitter_card":"summary_large_image","twitter_misc":{"Escrito por":"P\u00e9ricles C\u00e2ndido","Est. tempo de leitura":"1 minuto"},"schema":{"@context":"https:\/\/schema.org","@graph":[{"@type":"Article","@id":"https:\/\/acrimat.org.br\/portal\/missoes-dos-eua-e-da-ue-estarao-no-brasil-nesta-semana-para-vistorias\/#article","isPartOf":{"@id":"https:\/\/acrimat.org.br\/portal\/missoes-dos-eua-e-da-ue-estarao-no-brasil-nesta-semana-para-vistorias\/"},"author":{"name":"P\u00e9ricles C\u00e2ndido","@id":"https:\/\/acrimat.org.br\/portal\/#\/schema\/person\/18df8bcf6890e924fe5d8b5afd2bec0f"},"headline":"Miss\u00f5es dos EUA e da UE estar\u00e3o no Brasil nesta semana para vistorias","datePublished":"2017-09-12T13:03:26+00:00","dateModified":"2017-09-12T13:09:19+00:00","mainEntityOfPage":{"@id":"https:\/\/acrimat.org.br\/portal\/missoes-dos-eua-e-da-ue-estarao-no-brasil-nesta-semana-para-vistorias\/"},"wordCount":273,"publisher":{"@id":"https:\/\/acrimat.org.br\/portal\/#organization"},"articleSection":["Destaques","Not\u00edcias"],"inLanguage":"pt-BR"},{"@type":"WebPage","@id":"https:\/\/acrimat.org.br\/portal\/missoes-dos-eua-e-da-ue-estarao-no-brasil-nesta-semana-para-vistorias\/","url":"https:\/\/acrimat.org.br\/portal\/missoes-dos-eua-e-da-ue-estarao-no-brasil-nesta-semana-para-vistorias\/","name":"Miss\u00f5es dos EUA e da UE estar\u00e3o no Brasil nesta semana para vistorias - Acrimat","isPartOf":{"@id":"https:\/\/acrimat.org.br\/portal\/#website"},"datePublished":"2017-09-12T13:03:26+00:00","dateModified":"2017-09-12T13:09:19+00:00","breadcrumb":{"@id":"https:\/\/acrimat.org.br\/portal\/missoes-dos-eua-e-da-ue-estarao-no-brasil-nesta-semana-para-vistorias\/#breadcrumb"},"inLanguage":"pt-BR","potentialAction":[{"@type":"ReadAction","target":["https:\/\/acrimat.org.br\/portal\/missoes-dos-eua-e-da-ue-estarao-no-brasil-nesta-semana-para-vistorias\/"]}]},{"@type":"BreadcrumbList","@id":"https:\/\/acrimat.org.br\/portal\/missoes-dos-eua-e-da-ue-estarao-no-brasil-nesta-semana-para-vistorias\/#breadcrumb","itemListElement":[{"@type":"ListItem","position":1,"name":"In\u00edcio","item":"https:\/\/acrimat.org.br\/portal\/"},{"@type":"ListItem","position":2,"name":"Miss\u00f5es dos EUA e da UE estar\u00e3o no Brasil nesta semana para vistorias"}]},{"@type":"WebSite","@id":"https:\/\/acrimat.org.br\/portal\/#website","url":"https:\/\/acrimat.org.br\/portal\/","name":"Acrimat","description":"Associa\u00e7\u00e3o dos Criadores de Mato Grosso","publisher":{"@id":"https:\/\/acrimat.org.br\/portal\/#organization"},"potentialAction":[{"@type":"SearchAction","target":{"@type":"EntryPoint","urlTemplate":"https:\/\/acrimat.org.br\/portal\/?s={search_term_string}"},"query-input":{"@type":"PropertyValueSpecification","valueRequired":true,"valueName":"search_term_string"}}],"inLanguage":"pt-BR"},{"@type":"Organization","@id":"https:\/\/acrimat.org.br\/portal\/#organization","name":"Associa\u00e7\u00e3o dos Criadores de Mato Grosso","url":"https:\/\/acrimat.org.br\/portal\/","logo":{"@type":"ImageObject","inLanguage":"pt-BR","@id":"https:\/\/acrimat.org.br\/portal\/#\/schema\/logo\/image\/","url":"https:\/\/acrimat.org.br\/portal\/wp-content\/uploads\/2018\/03\/logo-peq-original.png","contentUrl":"https:\/\/acrimat.org.br\/portal\/wp-content\/uploads\/2018\/03\/logo-peq-original.png","width":174,"height":171,"caption":"Associa\u00e7\u00e3o dos Criadores de Mato Grosso"},"image":{"@id":"https:\/\/acrimat.org.br\/portal\/#\/schema\/logo\/image\/"}},{"@type":"Person","@id":"https:\/\/acrimat.org.br\/portal\/#\/schema\/person\/18df8bcf6890e924fe5d8b5afd2bec0f","name":"P\u00e9ricles C\u00e2ndido","image":{"@type":"ImageObject","inLanguage":"pt-BR","@id":"https:\/\/acrimat.org.br\/portal\/#\/schema\/person\/image\/","url":"https:\/\/secure.gravatar.com\/avatar\/33e2a2b971dc363ed2df53d0d3bfbd18?s=96&d=mm&r=g","contentUrl":"https:\/\/secure.gravatar.com\/avatar\/33e2a2b971dc363ed2df53d0d3bfbd18?s=96&d=mm&r=g","caption":"P\u00e9ricles C\u00e2ndido"},"sameAs":["ascom@acrimat.org.br"],"url":"https:\/\/acrimat.org.br\/portal\/author\/designergrafico\/"}]}},"_links":{"self":[{"href":"https:\/\/acrimat.org.br\/portal\/wp-json\/wp\/v2\/posts\/97983522","targetHints":{"allow":["GET"]}}],"collection":[{"href":"https:\/\/acrimat.org.br\/portal\/wp-json\/wp\/v2\/posts"}],"about":[{"href":"https:\/\/acrimat.org.br\/portal\/wp-json\/wp\/v2\/types\/post"}],"author":[{"embeddable":true,"href":"https:\/\/acrimat.org.br\/portal\/wp-json\/wp\/v2\/users\/11"}],"replies":[{"embeddable":true,"href":"https:\/\/acrimat.org.br\/portal\/wp-json\/wp\/v2\/comments?post=97983522"}],"version-history":[{"count":2,"href":"https:\/\/acrimat.org.br\/portal\/wp-json\/wp\/v2\/posts\/97983522\/revisions"}],"predecessor-version":[{"id":97983530,"href":"https:\/\/acrimat.org.br\/portal\/wp-json\/wp\/v2\/posts\/97983522\/revisions\/97983530"}],"wp:attachment":[{"href":"https:\/\/acrimat.org.br\/portal\/wp-json\/wp\/v2\/media?parent=97983522"}],"wp:term":[{"taxonomy":"category","embeddable":true,"href":"https:\/\/acrimat.org.br\/portal\/wp-json\/wp\/v2\/categories?post=97983522"},{"taxonomy":"post_tag","embeddable":true,"href":"https:\/\/acrimat.org.br\/portal\/wp-json\/wp\/v2\/tags?post=97983522"}],"curies":[{"name":"wp","href":"https:\/\/api.w.org\/{rel}","templated":true}]}}