{"id":97983540,"date":"2017-09-13T09:49:34","date_gmt":"2017-09-13T12:49:34","guid":{"rendered":"http:\/\/acrimat.org.br\/portal\/?p=97983540"},"modified":"2017-09-13T09:49:56","modified_gmt":"2017-09-13T12:49:56","slug":"primeira-audiencia-sobre-a-mp-do-funrural-esclarece-duvidas-avalia-tereza-cristina","status":"publish","type":"post","link":"https:\/\/acrimat.org.br\/portal\/primeira-audiencia-sobre-a-mp-do-funrural-esclarece-duvidas-avalia-tereza-cristina\/","title":{"rendered":"Primeira audi\u00eancia sobre a MP do Funrural esclarece d\u00favidas, avalia Tereza Cristina"},"content":{"rendered":"<p><a href=\"http:\/\/acrimat.org.br\/portal\/wp-content\/uploads\/2017\/06\/gados01.jpg\"><img fetchpriority=\"high\" decoding=\"async\" class=\"size-medium wp-image-97982236 alignright\" src=\"http:\/\/acrimat.org.br\/portal\/wp-content\/uploads\/2017\/06\/gados01-300x200.jpg\" alt=\"\" width=\"300\" height=\"200\" srcset=\"https:\/\/acrimat.org.br\/portal\/wp-content\/uploads\/2017\/06\/gados01-300x200.jpg 300w, https:\/\/acrimat.org.br\/portal\/wp-content\/uploads\/2017\/06\/gados01-250x167.jpg 250w, https:\/\/acrimat.org.br\/portal\/wp-content\/uploads\/2017\/06\/gados01-550x367.jpg 550w, https:\/\/acrimat.org.br\/portal\/wp-content\/uploads\/2017\/06\/gados01-270x180.jpg 270w, https:\/\/acrimat.org.br\/portal\/wp-content\/uploads\/2017\/06\/gados01-450x300.jpg 450w, https:\/\/acrimat.org.br\/portal\/wp-content\/uploads\/2017\/06\/gados01-272x182.jpg 272w, https:\/\/acrimat.org.br\/portal\/wp-content\/uploads\/2017\/06\/gados01.jpg 600w\" sizes=\"(max-width: 300px) 100vw, 300px\" \/><\/a>A deputada Tereza Cristina (PSB-MS), vice-presidente da Frente Parlamentar da Agropecu\u00e1ria (FPA), afirma estar claro que o produtor que aderir ao programa de recupera\u00e7\u00e3o do Funrural n\u00e3o ser\u00e1 prejudicado se posteriormente for aprovada legisla\u00e7\u00e3o mais ben\u00e9fica. \u201cApesar de o prazo para a ades\u00e3o ao programa ser muito apertado, 29 de setembro, ficou claro que quem fizer a ades\u00e3o neste prazo n\u00e3o ser\u00e1 prejudicado por decis\u00f5es futuras\u201d, frisou Tereza Cristina. Tereza Cristina chegou a essa conclus\u00e3o ao final da primeira audi\u00eancia p\u00fablica realizada pela comiss\u00e3o especial que analisa a Medida Provis\u00f3ria 793\/2017, que trata do Funrural.<\/p>\n<p>Foram ouvidos na audi\u00eancia o subsecret\u00e1rio de Arrecada\u00e7\u00e3o, Cadastros e Atendimento da Receita Federal, Jo\u00e3o Paulo Martins da Silva; do assessor da presid\u00eancia da Associa\u00e7\u00e3o Brasileira dos Exportadores de Carne (Abiec), Tadeu Paulo Bellicanta; do procurador-geral adjunto Procuradoria-Geral da Fazenda Nacional (PGFN), Cl\u00e1udio Xavier Seefelder Filho; do coordenador de Rela\u00e7\u00f5es Institucionais da Associa\u00e7\u00e3o Brasileira dos Frigor\u00edficos (Abrafrigo), Paulo Mustefaga; do presidente da Associa\u00e7\u00e3o Nacional de Defesa dos Agricultores, Pecuaristas e Produtores da Terra (Andaterra), S\u00e9rgio Pitt; e da consultora legislativa da C\u00e2mara, Cristiane de Oliveira Coelho Galv\u00e3o.<\/p>\n<p>Tamb\u00e9m presente \u00e0 audi\u00eancia, o deputado S\u00e9rgio Souza (PMDB-PR) sugeriu que a d\u00edvida apurada n\u00e3o seja corrigida pela taxa Selic, mas sim pela infla\u00e7\u00e3o. Para ele, n\u00e3o \u00e9 justo que o governo tenha lucro em cima das d\u00edvidas dos agricultores e pecuaristas. J\u00e1 o deputado Valdir Colatto (PMDB-SC) entende que, por falta de dados por parte da Receita Federal, o valor da d\u00edvida dever\u00e1 ser declarat\u00f3rio.<\/p>\n<p>Al\u00e9m de Tereza Cristina, Valdir Colatto e S\u00e9rgio Souza, tamb\u00e9m participaram da audi\u00eancia os deputados Marcos Montes (PSD-MG) e Jer\u00f4nimo Goergen (PP-RS) e os senadores Flexa Ribeiro (PSDB-PA), Ana Am\u00e9lia Lemos (PP-RS), Cidinho Santos (PR-MT), D\u00e1rio Berger (PMDB-SC), todos integrantes da Frente Parlamentar da Agropecu\u00e1ria (FPA), e a senadora Simone Tebet (PMDB-MS). A pr\u00f3xima audi\u00eancia p\u00fablica da comiss\u00e3o da MP do Funrural ser\u00e1 realizada nesta quarta-feira.<\/p>\n","protected":false},"excerpt":{"rendered":"<p>Deputada Tereza Cristina (PSB-MS), vice-presidente da Frente Parlamentar da Agropecu\u00e1ria (FPA), afirma estar claro que o produtor que aderir ao programa de recupera\u00e7\u00e3o do Funrural n\u00e3o ser\u00e1 prejudicado se posteriormente for aprovada legisla\u00e7\u00e3o mais ben\u00e9fica<\/p>\n","protected":false},"author":11,"featured_media":97982236,"comment_status":"closed","ping_status":"closed","sticky":false,"template":"","format":"standard","meta":{"footnotes":""},"categories":[6,1],"tags":[],"class_list":["post-97983540","post","type-post","status-publish","format-standard","has-post-thumbnail","hentry","category-destaque","category-noticia"],"yoast_head":"<!-- This site is optimized with the Yoast SEO plugin v24.8.1 - https:\/\/yoast.com\/wordpress\/plugins\/seo\/ -->\n<title>Primeira audi\u00eancia sobre a MP do Funrural esclarece d\u00favidas, avalia Tereza Cristina - Acrimat<\/title>\n<meta name=\"robots\" content=\"index, follow, max-snippet:-1, max-image-preview:large, max-video-preview:-1\" \/>\n<link rel=\"canonical\" href=\"https:\/\/acrimat.org.br\/portal\/primeira-audiencia-sobre-a-mp-do-funrural-esclarece-duvidas-avalia-tereza-cristina\/\" \/>\n<meta property=\"og:locale\" content=\"pt_BR\" \/>\n<meta property=\"og:type\" content=\"article\" \/>\n<meta property=\"og:title\" content=\"Primeira audi\u00eancia sobre a MP do Funrural esclarece d\u00favidas, avalia Tereza Cristina - Acrimat\" \/>\n<meta property=\"og:description\" content=\"Deputada Tereza Cristina (PSB-MS), vice-presidente da Frente Parlamentar da Agropecu\u00e1ria (FPA), afirma estar claro que o produtor que aderir ao programa de recupera\u00e7\u00e3o do Funrural n\u00e3o ser\u00e1 prejudicado se posteriormente for aprovada legisla\u00e7\u00e3o mais ben\u00e9fica\" \/>\n<meta property=\"og:url\" content=\"https:\/\/acrimat.org.br\/portal\/primeira-audiencia-sobre-a-mp-do-funrural-esclarece-duvidas-avalia-tereza-cristina\/\" \/>\n<meta property=\"og:site_name\" content=\"Acrimat\" \/>\n<meta property=\"article:published_time\" content=\"2017-09-13T12:49:34+00:00\" \/>\n<meta property=\"article:modified_time\" content=\"2017-09-13T12:49:56+00:00\" \/>\n<meta property=\"og:image\" content=\"https:\/\/acrimat.org.br\/portal\/wp-content\/uploads\/2017\/06\/gados01.jpg\" \/>\n\t<meta property=\"og:image:width\" content=\"600\" \/>\n\t<meta property=\"og:image:height\" content=\"400\" \/>\n\t<meta property=\"og:image:type\" content=\"image\/jpeg\" \/>\n<meta name=\"author\" content=\"P\u00e9ricles C\u00e2ndido\" \/>\n<meta name=\"twitter:card\" content=\"summary_large_image\" \/>\n<meta name=\"twitter:label1\" content=\"Escrito por\" \/>\n\t<meta name=\"twitter:data1\" content=\"P\u00e9ricles C\u00e2ndido\" \/>\n\t<meta name=\"twitter:label2\" content=\"Est. tempo de leitura\" \/>\n\t<meta name=\"twitter:data2\" content=\"2 minutos\" \/>\n<script type=\"application\/ld+json\" class=\"yoast-schema-graph\">{\"@context\":\"https:\/\/schema.org\",\"@graph\":[{\"@type\":\"Article\",\"@id\":\"https:\/\/acrimat.org.br\/portal\/primeira-audiencia-sobre-a-mp-do-funrural-esclarece-duvidas-avalia-tereza-cristina\/#article\",\"isPartOf\":{\"@id\":\"https:\/\/acrimat.org.br\/portal\/primeira-audiencia-sobre-a-mp-do-funrural-esclarece-duvidas-avalia-tereza-cristina\/\"},\"author\":{\"name\":\"P\u00e9ricles C\u00e2ndido\",\"@id\":\"https:\/\/acrimat.org.br\/portal\/#\/schema\/person\/18df8bcf6890e924fe5d8b5afd2bec0f\"},\"headline\":\"Primeira audi\u00eancia sobre a MP do Funrural esclarece d\u00favidas, avalia Tereza Cristina\",\"datePublished\":\"2017-09-13T12:49:34+00:00\",\"dateModified\":\"2017-09-13T12:49:56+00:00\",\"mainEntityOfPage\":{\"@id\":\"https:\/\/acrimat.org.br\/portal\/primeira-audiencia-sobre-a-mp-do-funrural-esclarece-duvidas-avalia-tereza-cristina\/\"},\"wordCount\":374,\"publisher\":{\"@id\":\"https:\/\/acrimat.org.br\/portal\/#organization\"},\"image\":{\"@id\":\"https:\/\/acrimat.org.br\/portal\/primeira-audiencia-sobre-a-mp-do-funrural-esclarece-duvidas-avalia-tereza-cristina\/#primaryimage\"},\"thumbnailUrl\":\"https:\/\/acrimat.org.br\/portal\/wp-content\/uploads\/2017\/06\/gados01.jpg\",\"articleSection\":[\"Destaques\",\"Not\u00edcias\"],\"inLanguage\":\"pt-BR\"},{\"@type\":\"WebPage\",\"@id\":\"https:\/\/acrimat.org.br\/portal\/primeira-audiencia-sobre-a-mp-do-funrural-esclarece-duvidas-avalia-tereza-cristina\/\",\"url\":\"https:\/\/acrimat.org.br\/portal\/primeira-audiencia-sobre-a-mp-do-funrural-esclarece-duvidas-avalia-tereza-cristina\/\",\"name\":\"Primeira audi\u00eancia sobre a MP do Funrural esclarece d\u00favidas, avalia Tereza Cristina - Acrimat\",\"isPartOf\":{\"@id\":\"https:\/\/acrimat.org.br\/portal\/#website\"},\"primaryImageOfPage\":{\"@id\":\"https:\/\/acrimat.org.br\/portal\/primeira-audiencia-sobre-a-mp-do-funrural-esclarece-duvidas-avalia-tereza-cristina\/#primaryimage\"},\"image\":{\"@id\":\"https:\/\/acrimat.org.br\/portal\/primeira-audiencia-sobre-a-mp-do-funrural-esclarece-duvidas-avalia-tereza-cristina\/#primaryimage\"},\"thumbnailUrl\":\"https:\/\/acrimat.org.br\/portal\/wp-content\/uploads\/2017\/06\/gados01.jpg\",\"datePublished\":\"2017-09-13T12:49:34+00:00\",\"dateModified\":\"2017-09-13T12:49:56+00:00\",\"breadcrumb\":{\"@id\":\"https:\/\/acrimat.org.br\/portal\/primeira-audiencia-sobre-a-mp-do-funrural-esclarece-duvidas-avalia-tereza-cristina\/#breadcrumb\"},\"inLanguage\":\"pt-BR\",\"potentialAction\":[{\"@type\":\"ReadAction\",\"target\":[\"https:\/\/acrimat.org.br\/portal\/primeira-audiencia-sobre-a-mp-do-funrural-esclarece-duvidas-avalia-tereza-cristina\/\"]}]},{\"@type\":\"ImageObject\",\"inLanguage\":\"pt-BR\",\"@id\":\"https:\/\/acrimat.org.br\/portal\/primeira-audiencia-sobre-a-mp-do-funrural-esclarece-duvidas-avalia-tereza-cristina\/#primaryimage\",\"url\":\"https:\/\/acrimat.org.br\/portal\/wp-content\/uploads\/2017\/06\/gados01.jpg\",\"contentUrl\":\"https:\/\/acrimat.org.br\/portal\/wp-content\/uploads\/2017\/06\/gados01.jpg\",\"width\":600,\"height\":400},{\"@type\":\"BreadcrumbList\",\"@id\":\"https:\/\/acrimat.org.br\/portal\/primeira-audiencia-sobre-a-mp-do-funrural-esclarece-duvidas-avalia-tereza-cristina\/#breadcrumb\",\"itemListElement\":[{\"@type\":\"ListItem\",\"position\":1,\"name\":\"In\u00edcio\",\"item\":\"https:\/\/acrimat.org.br\/portal\/\"},{\"@type\":\"ListItem\",\"position\":2,\"name\":\"Primeira audi\u00eancia sobre a MP do Funrural esclarece d\u00favidas, avalia Tereza Cristina\"}]},{\"@type\":\"WebSite\",\"@id\":\"https:\/\/acrimat.org.br\/portal\/#website\",\"url\":\"https:\/\/acrimat.org.br\/portal\/\",\"name\":\"Acrimat\",\"description\":\"Associa\u00e7\u00e3o dos Criadores de Mato Grosso\",\"publisher\":{\"@id\":\"https:\/\/acrimat.org.br\/portal\/#organization\"},\"potentialAction\":[{\"@type\":\"SearchAction\",\"target\":{\"@type\":\"EntryPoint\",\"urlTemplate\":\"https:\/\/acrimat.org.br\/portal\/?s={search_term_string}\"},\"query-input\":{\"@type\":\"PropertyValueSpecification\",\"valueRequired\":true,\"valueName\":\"search_term_string\"}}],\"inLanguage\":\"pt-BR\"},{\"@type\":\"Organization\",\"@id\":\"https:\/\/acrimat.org.br\/portal\/#organization\",\"name\":\"Associa\u00e7\u00e3o dos Criadores de Mato Grosso\",\"url\":\"https:\/\/acrimat.org.br\/portal\/\",\"logo\":{\"@type\":\"ImageObject\",\"inLanguage\":\"pt-BR\",\"@id\":\"https:\/\/acrimat.org.br\/portal\/#\/schema\/logo\/image\/\",\"url\":\"https:\/\/acrimat.org.br\/portal\/wp-content\/uploads\/2018\/03\/logo-peq-original.png\",\"contentUrl\":\"https:\/\/acrimat.org.br\/portal\/wp-content\/uploads\/2018\/03\/logo-peq-original.png\",\"width\":174,\"height\":171,\"caption\":\"Associa\u00e7\u00e3o dos Criadores de Mato Grosso\"},\"image\":{\"@id\":\"https:\/\/acrimat.org.br\/portal\/#\/schema\/logo\/image\/\"}},{\"@type\":\"Person\",\"@id\":\"https:\/\/acrimat.org.br\/portal\/#\/schema\/person\/18df8bcf6890e924fe5d8b5afd2bec0f\",\"name\":\"P\u00e9ricles C\u00e2ndido\",\"image\":{\"@type\":\"ImageObject\",\"inLanguage\":\"pt-BR\",\"@id\":\"https:\/\/acrimat.org.br\/portal\/#\/schema\/person\/image\/\",\"url\":\"https:\/\/secure.gravatar.com\/avatar\/33e2a2b971dc363ed2df53d0d3bfbd18?s=96&d=mm&r=g\",\"contentUrl\":\"https:\/\/secure.gravatar.com\/avatar\/33e2a2b971dc363ed2df53d0d3bfbd18?s=96&d=mm&r=g\",\"caption\":\"P\u00e9ricles C\u00e2ndido\"},\"sameAs\":[\"ascom@acrimat.org.br\"],\"url\":\"https:\/\/acrimat.org.br\/portal\/author\/designergrafico\/\"}]}<\/script>\n<!-- \/ Yoast SEO plugin. -->","yoast_head_json":{"title":"Primeira audi\u00eancia sobre a MP do Funrural esclarece d\u00favidas, avalia Tereza Cristina - Acrimat","robots":{"index":"index","follow":"follow","max-snippet":"max-snippet:-1","max-image-preview":"max-image-preview:large","max-video-preview":"max-video-preview:-1"},"canonical":"https:\/\/acrimat.org.br\/portal\/primeira-audiencia-sobre-a-mp-do-funrural-esclarece-duvidas-avalia-tereza-cristina\/","og_locale":"pt_BR","og_type":"article","og_title":"Primeira audi\u00eancia sobre a MP do Funrural esclarece d\u00favidas, avalia Tereza Cristina - Acrimat","og_description":"Deputada Tereza Cristina (PSB-MS), vice-presidente da Frente Parlamentar da Agropecu\u00e1ria (FPA), afirma estar claro que o produtor que aderir ao programa de recupera\u00e7\u00e3o do Funrural n\u00e3o ser\u00e1 prejudicado se posteriormente for aprovada legisla\u00e7\u00e3o mais ben\u00e9fica","og_url":"https:\/\/acrimat.org.br\/portal\/primeira-audiencia-sobre-a-mp-do-funrural-esclarece-duvidas-avalia-tereza-cristina\/","og_site_name":"Acrimat","article_published_time":"2017-09-13T12:49:34+00:00","article_modified_time":"2017-09-13T12:49:56+00:00","og_image":[{"width":600,"height":400,"url":"https:\/\/acrimat.org.br\/portal\/wp-content\/uploads\/2017\/06\/gados01.jpg","type":"image\/jpeg"}],"author":"P\u00e9ricles C\u00e2ndido","twitter_card":"summary_large_image","twitter_misc":{"Escrito por":"P\u00e9ricles C\u00e2ndido","Est. tempo de leitura":"2 minutos"},"schema":{"@context":"https:\/\/schema.org","@graph":[{"@type":"Article","@id":"https:\/\/acrimat.org.br\/portal\/primeira-audiencia-sobre-a-mp-do-funrural-esclarece-duvidas-avalia-tereza-cristina\/#article","isPartOf":{"@id":"https:\/\/acrimat.org.br\/portal\/primeira-audiencia-sobre-a-mp-do-funrural-esclarece-duvidas-avalia-tereza-cristina\/"},"author":{"name":"P\u00e9ricles C\u00e2ndido","@id":"https:\/\/acrimat.org.br\/portal\/#\/schema\/person\/18df8bcf6890e924fe5d8b5afd2bec0f"},"headline":"Primeira audi\u00eancia sobre a MP do Funrural esclarece d\u00favidas, avalia Tereza Cristina","datePublished":"2017-09-13T12:49:34+00:00","dateModified":"2017-09-13T12:49:56+00:00","mainEntityOfPage":{"@id":"https:\/\/acrimat.org.br\/portal\/primeira-audiencia-sobre-a-mp-do-funrural-esclarece-duvidas-avalia-tereza-cristina\/"},"wordCount":374,"publisher":{"@id":"https:\/\/acrimat.org.br\/portal\/#organization"},"image":{"@id":"https:\/\/acrimat.org.br\/portal\/primeira-audiencia-sobre-a-mp-do-funrural-esclarece-duvidas-avalia-tereza-cristina\/#primaryimage"},"thumbnailUrl":"https:\/\/acrimat.org.br\/portal\/wp-content\/uploads\/2017\/06\/gados01.jpg","articleSection":["Destaques","Not\u00edcias"],"inLanguage":"pt-BR"},{"@type":"WebPage","@id":"https:\/\/acrimat.org.br\/portal\/primeira-audiencia-sobre-a-mp-do-funrural-esclarece-duvidas-avalia-tereza-cristina\/","url":"https:\/\/acrimat.org.br\/portal\/primeira-audiencia-sobre-a-mp-do-funrural-esclarece-duvidas-avalia-tereza-cristina\/","name":"Primeira audi\u00eancia sobre a MP do Funrural esclarece d\u00favidas, avalia Tereza Cristina - Acrimat","isPartOf":{"@id":"https:\/\/acrimat.org.br\/portal\/#website"},"primaryImageOfPage":{"@id":"https:\/\/acrimat.org.br\/portal\/primeira-audiencia-sobre-a-mp-do-funrural-esclarece-duvidas-avalia-tereza-cristina\/#primaryimage"},"image":{"@id":"https:\/\/acrimat.org.br\/portal\/primeira-audiencia-sobre-a-mp-do-funrural-esclarece-duvidas-avalia-tereza-cristina\/#primaryimage"},"thumbnailUrl":"https:\/\/acrimat.org.br\/portal\/wp-content\/uploads\/2017\/06\/gados01.jpg","datePublished":"2017-09-13T12:49:34+00:00","dateModified":"2017-09-13T12:49:56+00:00","breadcrumb":{"@id":"https:\/\/acrimat.org.br\/portal\/primeira-audiencia-sobre-a-mp-do-funrural-esclarece-duvidas-avalia-tereza-cristina\/#breadcrumb"},"inLanguage":"pt-BR","potentialAction":[{"@type":"ReadAction","target":["https:\/\/acrimat.org.br\/portal\/primeira-audiencia-sobre-a-mp-do-funrural-esclarece-duvidas-avalia-tereza-cristina\/"]}]},{"@type":"ImageObject","inLanguage":"pt-BR","@id":"https:\/\/acrimat.org.br\/portal\/primeira-audiencia-sobre-a-mp-do-funrural-esclarece-duvidas-avalia-tereza-cristina\/#primaryimage","url":"https:\/\/acrimat.org.br\/portal\/wp-content\/uploads\/2017\/06\/gados01.jpg","contentUrl":"https:\/\/acrimat.org.br\/portal\/wp-content\/uploads\/2017\/06\/gados01.jpg","width":600,"height":400},{"@type":"BreadcrumbList","@id":"https:\/\/acrimat.org.br\/portal\/primeira-audiencia-sobre-a-mp-do-funrural-esclarece-duvidas-avalia-tereza-cristina\/#breadcrumb","itemListElement":[{"@type":"ListItem","position":1,"name":"In\u00edcio","item":"https:\/\/acrimat.org.br\/portal\/"},{"@type":"ListItem","position":2,"name":"Primeira audi\u00eancia sobre a MP do Funrural esclarece d\u00favidas, avalia Tereza Cristina"}]},{"@type":"WebSite","@id":"https:\/\/acrimat.org.br\/portal\/#website","url":"https:\/\/acrimat.org.br\/portal\/","name":"Acrimat","description":"Associa\u00e7\u00e3o dos Criadores de Mato Grosso","publisher":{"@id":"https:\/\/acrimat.org.br\/portal\/#organization"},"potentialAction":[{"@type":"SearchAction","target":{"@type":"EntryPoint","urlTemplate":"https:\/\/acrimat.org.br\/portal\/?s={search_term_string}"},"query-input":{"@type":"PropertyValueSpecification","valueRequired":true,"valueName":"search_term_string"}}],"inLanguage":"pt-BR"},{"@type":"Organization","@id":"https:\/\/acrimat.org.br\/portal\/#organization","name":"Associa\u00e7\u00e3o dos Criadores de Mato Grosso","url":"https:\/\/acrimat.org.br\/portal\/","logo":{"@type":"ImageObject","inLanguage":"pt-BR","@id":"https:\/\/acrimat.org.br\/portal\/#\/schema\/logo\/image\/","url":"https:\/\/acrimat.org.br\/portal\/wp-content\/uploads\/2018\/03\/logo-peq-original.png","contentUrl":"https:\/\/acrimat.org.br\/portal\/wp-content\/uploads\/2018\/03\/logo-peq-original.png","width":174,"height":171,"caption":"Associa\u00e7\u00e3o dos Criadores de Mato Grosso"},"image":{"@id":"https:\/\/acrimat.org.br\/portal\/#\/schema\/logo\/image\/"}},{"@type":"Person","@id":"https:\/\/acrimat.org.br\/portal\/#\/schema\/person\/18df8bcf6890e924fe5d8b5afd2bec0f","name":"P\u00e9ricles C\u00e2ndido","image":{"@type":"ImageObject","inLanguage":"pt-BR","@id":"https:\/\/acrimat.org.br\/portal\/#\/schema\/person\/image\/","url":"https:\/\/secure.gravatar.com\/avatar\/33e2a2b971dc363ed2df53d0d3bfbd18?s=96&d=mm&r=g","contentUrl":"https:\/\/secure.gravatar.com\/avatar\/33e2a2b971dc363ed2df53d0d3bfbd18?s=96&d=mm&r=g","caption":"P\u00e9ricles C\u00e2ndido"},"sameAs":["ascom@acrimat.org.br"],"url":"https:\/\/acrimat.org.br\/portal\/author\/designergrafico\/"}]}},"_links":{"self":[{"href":"https:\/\/acrimat.org.br\/portal\/wp-json\/wp\/v2\/posts\/97983540","targetHints":{"allow":["GET"]}}],"collection":[{"href":"https:\/\/acrimat.org.br\/portal\/wp-json\/wp\/v2\/posts"}],"about":[{"href":"https:\/\/acrimat.org.br\/portal\/wp-json\/wp\/v2\/types\/post"}],"author":[{"embeddable":true,"href":"https:\/\/acrimat.org.br\/portal\/wp-json\/wp\/v2\/users\/11"}],"replies":[{"embeddable":true,"href":"https:\/\/acrimat.org.br\/portal\/wp-json\/wp\/v2\/comments?post=97983540"}],"version-history":[{"count":2,"href":"https:\/\/acrimat.org.br\/portal\/wp-json\/wp\/v2\/posts\/97983540\/revisions"}],"predecessor-version":[{"id":97983542,"href":"https:\/\/acrimat.org.br\/portal\/wp-json\/wp\/v2\/posts\/97983540\/revisions\/97983542"}],"wp:featuredmedia":[{"embeddable":true,"href":"https:\/\/acrimat.org.br\/portal\/wp-json\/wp\/v2\/media\/97982236"}],"wp:attachment":[{"href":"https:\/\/acrimat.org.br\/portal\/wp-json\/wp\/v2\/media?parent=97983540"}],"wp:term":[{"taxonomy":"category","embeddable":true,"href":"https:\/\/acrimat.org.br\/portal\/wp-json\/wp\/v2\/categories?post=97983540"},{"taxonomy":"post_tag","embeddable":true,"href":"https:\/\/acrimat.org.br\/portal\/wp-json\/wp\/v2\/tags?post=97983540"}],"curies":[{"name":"wp","href":"https:\/\/api.w.org\/{rel}","templated":true}]}}