{"id":97983549,"date":"2017-09-14T10:03:48","date_gmt":"2017-09-14T13:03:48","guid":{"rendered":"http:\/\/acrimat.org.br\/portal\/?p=97983549"},"modified":"2017-09-14T10:03:48","modified_gmt":"2017-09-14T13:03:48","slug":"criadores-evitam-comentario-e-as-vendas-seguem-normais","status":"publish","type":"post","link":"https:\/\/acrimat.org.br\/portal\/criadores-evitam-comentario-e-as-vendas-seguem-normais\/","title":{"rendered":"Criadores evitam coment\u00e1rio e as vendas seguem normais"},"content":{"rendered":"<p><a href=\"http:\/\/acrimat.org.br\/portal\/wp-content\/uploads\/2016\/06\/gado.jpg\"><img fetchpriority=\"high\" decoding=\"async\" class=\"size-medium wp-image-97975668 alignleft\" src=\"http:\/\/acrimat.org.br\/portal\/wp-content\/uploads\/2016\/06\/gado-300x201.jpg\" alt=\"\" width=\"300\" height=\"201\" srcset=\"https:\/\/acrimat.org.br\/portal\/wp-content\/uploads\/2016\/06\/gado-300x201.jpg 300w, https:\/\/acrimat.org.br\/portal\/wp-content\/uploads\/2016\/06\/gado-768x514.jpg 768w, https:\/\/acrimat.org.br\/portal\/wp-content\/uploads\/2016\/06\/gado-1024x686.jpg 1024w, https:\/\/acrimat.org.br\/portal\/wp-content\/uploads\/2016\/06\/gado-250x167.jpg 250w, https:\/\/acrimat.org.br\/portal\/wp-content\/uploads\/2016\/06\/gado-550x368.jpg 550w, https:\/\/acrimat.org.br\/portal\/wp-content\/uploads\/2016\/06\/gado-800x536.jpg 800w, https:\/\/acrimat.org.br\/portal\/wp-content\/uploads\/2016\/06\/gado-269x180.jpg 269w, https:\/\/acrimat.org.br\/portal\/wp-content\/uploads\/2016\/06\/gado-448x300.jpg 448w, https:\/\/acrimat.org.br\/portal\/wp-content\/uploads\/2016\/06\/gado-747x500.jpg 747w, https:\/\/acrimat.org.br\/portal\/wp-content\/uploads\/2016\/06\/gado-272x182.jpg 272w, https:\/\/acrimat.org.br\/portal\/wp-content\/uploads\/2016\/06\/gado.jpg 1280w\" sizes=\"(max-width: 300px) 100vw, 300px\" \/><\/a>As pris\u00f5es dos irm\u00e3os Batista, propriet\u00e1rios da holding J&amp;F e do grupo frigor\u00edfico JBS, silenciaram agentes do mercado de carne bovina em Mato Grosso. No Estado que det\u00e9m o maior rebanho bovino de corte do Brasil (cerca de 29 milh\u00f5es de cabe\u00e7as) e onde o grupo empresarial possui o maior n\u00famero de frigor\u00edficos do pa\u00eds, os neg\u00f3cios na pecu\u00e1ria de corte se mantiveram est\u00e1veis nesta quarta-feira (13). O pre\u00e7o da arroba do boi estava cotado a R$ 132,59 (\u00e0 vista) nesta quarta-feira (13), est\u00e1vel em rela\u00e7\u00e3o ao aos R$ 132,96 de sexta-feira (8).<\/p>\n<p>Ao todo, a companhia mant\u00e9m 18 frigor\u00edficos no territ\u00f3rio mato-grossense, dos quais 7 est\u00e3o fechados. O n\u00famero de plantas da JBS em Mato Grosso equivale a 40,9% do total de unidades aptas \u00e0 exporta\u00e7\u00e3o, que somam 44, segundo levantado do Sindicato das Ind\u00fastrias Frigor\u00edficas (Sindifrigo\/MT). Na capital mato-grossense, a \u00c2mbar Energia, uma das empresas da J&amp;F, administra a Usina Governador M\u00e1rio Covas (Termel\u00e9trica de Cuiab\u00e1), desde novembro de 2015.<\/p>\n<p>Na manh\u00e3 desta quarta-feira (13), a Pol\u00edcia Federal prendeu o empres\u00e1rio Wesley Batista, irm\u00e3o de Joesley Batista, detido desde domingo (10) por decis\u00e3o do ministro do Supremo Tribunal Federal (STF), Edson Fachin. Os 2 s\u00e3o donos da multinacional de carnes JBS. O epis\u00f3dio refletiu na cota\u00e7\u00e3o das a\u00e7\u00f5es da companhia, que desvalorizaram.<\/p>\n<p>As a\u00e7\u00f5es contra os irm\u00e3os Batista fazem parte da 2\u00aa fase da Opera\u00e7\u00e3o Tend\u00e3o de Aquiles. Os mandados foram expedidos pela 6\u00aa Vara Criminal Federal de S\u00e3o Paulo, a pedido da Pol\u00edcia Federal, que investiga o uso indevido de informa\u00e7\u00f5es privilegiadas em transa\u00e7\u00f5es no mercado financeiro entre 24 de abril e 17 de maio deste ano. No per\u00edodo foram divulgadas informa\u00e7\u00f5es relacionadas a acordo de colabora\u00e7\u00e3o premiada firmado pela J&amp;F com a Procuradoria-Geral da Rep\u00fablica (PGR).<\/p>\n<p>A investiga\u00e7\u00e3o apura ordens de venda de a\u00e7\u00f5es de emiss\u00e3o da JBS S\/A na Bolsa de Valores pela empresa controladora, a FB Participa\u00e7\u00f5es S\/A, e a compra dessas a\u00e7\u00f5es em mercado, por parte da JBS. Com as irregularidades, o mercado era manipulado, fazendo com que os acionistas absorvessem parte do preju\u00edzo gerado pela baixa das a\u00e7\u00f5es. Outra situa\u00e7\u00e3o foi a intensa compra de contratos de derivativos de d\u00f3lares pela JBS S\/A, em desacordo com a movimenta\u00e7\u00e3o usual da empresa, que se favoreceu com a alta da moeda norte-americana ap\u00f3s o dia 17.<\/p>\n<p>Os suspeitos poder\u00e3o responder por crime de uso de informa\u00e7\u00e3o relevante, ainda n\u00e3o divulgada ao mercado, para propiciar vantagem indevida com valores mobili\u00e1rios. As penas variam de um a cinco anos de pris\u00e3o e multa de at\u00e9 tr\u00eas vezes o valor da vantagem il\u00edcita obtida.<\/p>\n<p>Voltando ao mercado da pecu\u00e1ria, meses atr\u00e1s, ap\u00f3s ser deflagrada pela Pol\u00edcia Federal a Opera\u00e7\u00e3o Carne Fraca, a dire\u00e7\u00e3o do grupo JBS suspendeu temporariamente a aquisi\u00e7\u00e3o de bovinos e abates em algumas unidades do Estado. Os pagamentos aos pecuaristas que vendiam o gado ao grupo frigor\u00edfico tamb\u00e9m deixaram de ser \u00e0 vista e passaram a ser realizados no prazo de 30 dias. Esta situa\u00e7\u00e3o ainda se mant\u00e9m. A Opera\u00e7\u00e3o Carne Fraca foi desencadeada ap\u00f3s den\u00fancias de corrup\u00e7\u00e3o e fraudes na emiss\u00e3o de licen\u00e7as sanit\u00e1rias para frigor\u00edficos, inclusive da JBS. Al\u00e9m disso, desde que Joesley e Wesley Batista firmaram acordo de colabora\u00e7\u00e3o premiada com a PGR, a companhia passou a executar um programa de desinvestimentos. Neste processo se desfez de suas opera\u00e7\u00f5es de carne bovina na Argentina, Paraguai e Uruguai. \u201cMas essas grandes empresas mant\u00eam uma gest\u00e3o muito organizada, em diversos canais e n\u00edveis de controle. Ent\u00e3o, as opera\u00e7\u00f5es continuam funcionando. Acredito que manter\u00e3o os contratos estabelecidos e permanecer\u00e3o atuando normalmente\u201d, avalia o economista especializado em Com\u00e9rcio Exterior, V\u00edtor Galesso. Para ele, os fatos envolvendo os irm\u00e3os empres\u00e1rios poder\u00e3o refletir nas decis\u00f5es estrat\u00e9gicas futuras da companhia. \u201cPodem mudar e at\u00e9 melhorar\u201d, pondera. O problema surgir\u00e1 se persistir uma situa\u00e7\u00e3o de inseguran\u00e7a e de v\u00e1cuo nas decis\u00f5es. Para ele, o mercado de carnes acaba afetado por causa da hegemonia da companhia no setor.<\/p>\n<p>Galesso avalia, ainda, que os pre\u00e7os pegos ao pecuarista pela arroba do gado se manter\u00e3o. \u201cEntendo que a alta na cota\u00e7\u00e3o da arroba \u00e9 mais reflexo da seca, em conjunto com um certo grau de recupera\u00e7\u00e3o do consumo\u201d. De acordo com o Instituto Mato-grossense de Economia Agropecu\u00e1ria (Imea), na \u00faltima semana os produtores resistiram mais em entregar bovinos e com isso os pre\u00e7os da arroba do gado permaneceu valorizada. A alta semanal para o boi gordo foi de 4,26%, cotado a R$ 131,20 a arroba.<\/p>\n<p>Por meio de sua assessoria de imprensa, a Associa\u00e7\u00e3o dos Criadores de Mato Grosso (Acrimat) informou que n\u00e3o se manifestar\u00e1 sobre \u201cdesdobramentos pol\u00edticos de grupos empresariais que atuam na cadeia produtiva da pecu\u00e1ria de corte\u201d. A dire\u00e7\u00e3o do Sindifrigo\/MT tamb\u00e9m se absteve de comentar a pris\u00e3o dos diretores da JBS e os efeitos no mercado da carne.<\/p>\n<p>O Banco Nacional de Desenvolvimento Econ\u00f4mico e Social (BNDES) emitiu nota \u00e0 imprensa na qual defende a abertura de processo seletivo para escolha de um novo presidente para a JBS. Neste sentido, o Conselho de Administra\u00e7\u00e3o da JBS \u00e9 a inst\u00e2ncia adequada, afirma em trecho do comunicado.<\/p>\n<p>O BNDES \u00e9 detentor de 21,3% do capital da JBS por meio de sua subsidi\u00e1ria de participa\u00e7\u00f5es, a BNDESPar. \u201cIndependentemente do ocorrido nesta quarta-feira (13), o BNDES mant\u00e9m sua posi\u00e7\u00e3o em rela\u00e7\u00e3o \u00e0 realiza\u00e7\u00e3o da Assembleia Geral Extraordin\u00e1ria (AGE) para delibera\u00e7\u00e3o acerca das medidas a serem tomadas pela companhia na defesa dos seus direitos e interesses com rela\u00e7\u00e3o \u00e0s responsabilidades por preju\u00edzos causados por administradores, ex-administradores e controladores envolvidos em atos il\u00edcitos por eles j\u00e1 confessados\u201d, prossegue no documento enviado \u00e0 imprensa. Informa ainda que recorreu da decis\u00e3o judicial que suspendeu a realiza\u00e7\u00e3o da assembleia por 15 dias no \u00faltimo dia 1\u00ba de setembro. \u201cO Banco entende que a assembleia deve acontecer o quanto antes e sem o conflito de interesses que seria caracterizado pelo voto dos controladores\u201d.<\/p>\n<p>Ap\u00f3s a pris\u00e3o do diretor-presidente da JBS, Wesley Batista, a companhia emitiu comunicado ao mercado em geral e acionistas. Limitou-se a informar que n\u00e3o teve acesso \u00e0 \u00edntegra da decis\u00e3o que culminou no mandado de pris\u00e3o expedido pela 6\u00aa Vara Federal Criminal de S\u00e3o Paulo e que manter\u00e1 seus acionistas e o mercado devidamente informados acerca do tema.<\/p>\n<p>Em nota, pela manh\u00e3, o advogado dos irm\u00e3os Batista, Pierpaolo Cruz Bottini, qualificou a pris\u00e3o dos irm\u00e3os Batista no inqu\u00e9rito de insider information como \u201cinjusta, absurda e lament\u00e1vel\u201d. Mais tarde, uma nova nota foi divulgada, informando que ao ser apresentado ao juiz nesta quarta-feira (13\/09), ap\u00f3s ser preso, o empres\u00e1rio Wesley Batista foi indagado se saberia qual a raz\u00e3o de sua pris\u00e3o, \u201cao que respondeu que come\u00e7a a acreditar que o \u00fanico erro que cometeu foi fazer a colabora\u00e7\u00e3o premiada\u201d. Segundo a defesa do empres\u00e1rio, a pris\u00e3o \u00e9 baseada em elementos que comprovam a inoc\u00eancia dos acusados e em documentos entregues \u00e0 Justi\u00e7a pelos pr\u00f3prios colaboradores, sem qualquer fato novo. \u201cA investiga\u00e7\u00e3o corre h\u00e1 meses, com plena participa\u00e7\u00e3o dos investigados. N\u00e3o h\u00e1 um elemento que sustente essa pris\u00e3o, que al\u00e9m de ilegal e arbitr\u00e1ria, coloca em descr\u00e9dito o instituto da colabora\u00e7\u00e3o\u201d, sustenta o advogado Pierpaolo Cruz Bottini.<\/p>\n","protected":false},"excerpt":{"rendered":"<p>N\u00famero de plantas da JBS em Mato Grosso equivale a 40,9% do total de unidades aptas \u00e0 exporta\u00e7\u00e3o no Estado, que somam 44<\/p>\n","protected":false},"author":11,"featured_media":97975668,"comment_status":"closed","ping_status":"closed","sticky":false,"template":"","format":"standard","meta":{"footnotes":""},"categories":[6,1],"tags":[],"class_list":["post-97983549","post","type-post","status-publish","format-standard","has-post-thumbnail","hentry","category-destaque","category-noticia"],"yoast_head":"<!-- This site is optimized with the Yoast SEO plugin v24.8.1 - https:\/\/yoast.com\/wordpress\/plugins\/seo\/ -->\n<title>Criadores evitam coment\u00e1rio e as vendas seguem normais - Acrimat<\/title>\n<meta name=\"robots\" content=\"index, follow, max-snippet:-1, max-image-preview:large, max-video-preview:-1\" \/>\n<link rel=\"canonical\" href=\"https:\/\/acrimat.org.br\/portal\/criadores-evitam-comentario-e-as-vendas-seguem-normais\/\" \/>\n<meta property=\"og:locale\" content=\"pt_BR\" \/>\n<meta property=\"og:type\" content=\"article\" \/>\n<meta property=\"og:title\" content=\"Criadores evitam coment\u00e1rio e as vendas seguem normais - Acrimat\" \/>\n<meta property=\"og:description\" content=\"N\u00famero de plantas da JBS em Mato Grosso equivale a 40,9% do total de unidades aptas \u00e0 exporta\u00e7\u00e3o no Estado, que somam 44\" \/>\n<meta property=\"og:url\" content=\"https:\/\/acrimat.org.br\/portal\/criadores-evitam-comentario-e-as-vendas-seguem-normais\/\" \/>\n<meta property=\"og:site_name\" content=\"Acrimat\" \/>\n<meta property=\"article:published_time\" content=\"2017-09-14T13:03:48+00:00\" \/>\n<meta property=\"og:image\" content=\"https:\/\/acrimat.org.br\/portal\/wp-content\/uploads\/2016\/06\/gado.jpg\" \/>\n\t<meta property=\"og:image:width\" content=\"1280\" \/>\n\t<meta property=\"og:image:height\" content=\"857\" \/>\n\t<meta property=\"og:image:type\" content=\"image\/jpeg\" \/>\n<meta name=\"author\" content=\"P\u00e9ricles C\u00e2ndido\" \/>\n<meta name=\"twitter:card\" content=\"summary_large_image\" \/>\n<meta name=\"twitter:label1\" content=\"Escrito por\" \/>\n\t<meta name=\"twitter:data1\" content=\"P\u00e9ricles C\u00e2ndido\" \/>\n\t<meta name=\"twitter:label2\" content=\"Est. tempo de leitura\" \/>\n\t<meta name=\"twitter:data2\" content=\"7 minutos\" \/>\n<script type=\"application\/ld+json\" class=\"yoast-schema-graph\">{\"@context\":\"https:\/\/schema.org\",\"@graph\":[{\"@type\":\"Article\",\"@id\":\"https:\/\/acrimat.org.br\/portal\/criadores-evitam-comentario-e-as-vendas-seguem-normais\/#article\",\"isPartOf\":{\"@id\":\"https:\/\/acrimat.org.br\/portal\/criadores-evitam-comentario-e-as-vendas-seguem-normais\/\"},\"author\":{\"name\":\"P\u00e9ricles C\u00e2ndido\",\"@id\":\"https:\/\/acrimat.org.br\/portal\/#\/schema\/person\/18df8bcf6890e924fe5d8b5afd2bec0f\"},\"headline\":\"Criadores evitam coment\u00e1rio e as vendas seguem normais\",\"datePublished\":\"2017-09-14T13:03:48+00:00\",\"mainEntityOfPage\":{\"@id\":\"https:\/\/acrimat.org.br\/portal\/criadores-evitam-comentario-e-as-vendas-seguem-normais\/\"},\"wordCount\":1313,\"publisher\":{\"@id\":\"https:\/\/acrimat.org.br\/portal\/#organization\"},\"image\":{\"@id\":\"https:\/\/acrimat.org.br\/portal\/criadores-evitam-comentario-e-as-vendas-seguem-normais\/#primaryimage\"},\"thumbnailUrl\":\"https:\/\/acrimat.org.br\/portal\/wp-content\/uploads\/2016\/06\/gado.jpg\",\"articleSection\":[\"Destaques\",\"Not\u00edcias\"],\"inLanguage\":\"pt-BR\"},{\"@type\":\"WebPage\",\"@id\":\"https:\/\/acrimat.org.br\/portal\/criadores-evitam-comentario-e-as-vendas-seguem-normais\/\",\"url\":\"https:\/\/acrimat.org.br\/portal\/criadores-evitam-comentario-e-as-vendas-seguem-normais\/\",\"name\":\"Criadores evitam coment\u00e1rio e as vendas seguem normais - Acrimat\",\"isPartOf\":{\"@id\":\"https:\/\/acrimat.org.br\/portal\/#website\"},\"primaryImageOfPage\":{\"@id\":\"https:\/\/acrimat.org.br\/portal\/criadores-evitam-comentario-e-as-vendas-seguem-normais\/#primaryimage\"},\"image\":{\"@id\":\"https:\/\/acrimat.org.br\/portal\/criadores-evitam-comentario-e-as-vendas-seguem-normais\/#primaryimage\"},\"thumbnailUrl\":\"https:\/\/acrimat.org.br\/portal\/wp-content\/uploads\/2016\/06\/gado.jpg\",\"datePublished\":\"2017-09-14T13:03:48+00:00\",\"breadcrumb\":{\"@id\":\"https:\/\/acrimat.org.br\/portal\/criadores-evitam-comentario-e-as-vendas-seguem-normais\/#breadcrumb\"},\"inLanguage\":\"pt-BR\",\"potentialAction\":[{\"@type\":\"ReadAction\",\"target\":[\"https:\/\/acrimat.org.br\/portal\/criadores-evitam-comentario-e-as-vendas-seguem-normais\/\"]}]},{\"@type\":\"ImageObject\",\"inLanguage\":\"pt-BR\",\"@id\":\"https:\/\/acrimat.org.br\/portal\/criadores-evitam-comentario-e-as-vendas-seguem-normais\/#primaryimage\",\"url\":\"https:\/\/acrimat.org.br\/portal\/wp-content\/uploads\/2016\/06\/gado.jpg\",\"contentUrl\":\"https:\/\/acrimat.org.br\/portal\/wp-content\/uploads\/2016\/06\/gado.jpg\",\"width\":1280,\"height\":857},{\"@type\":\"BreadcrumbList\",\"@id\":\"https:\/\/acrimat.org.br\/portal\/criadores-evitam-comentario-e-as-vendas-seguem-normais\/#breadcrumb\",\"itemListElement\":[{\"@type\":\"ListItem\",\"position\":1,\"name\":\"In\u00edcio\",\"item\":\"https:\/\/acrimat.org.br\/portal\/\"},{\"@type\":\"ListItem\",\"position\":2,\"name\":\"Criadores evitam coment\u00e1rio e as vendas seguem normais\"}]},{\"@type\":\"WebSite\",\"@id\":\"https:\/\/acrimat.org.br\/portal\/#website\",\"url\":\"https:\/\/acrimat.org.br\/portal\/\",\"name\":\"Acrimat\",\"description\":\"Associa\u00e7\u00e3o dos Criadores de Mato Grosso\",\"publisher\":{\"@id\":\"https:\/\/acrimat.org.br\/portal\/#organization\"},\"potentialAction\":[{\"@type\":\"SearchAction\",\"target\":{\"@type\":\"EntryPoint\",\"urlTemplate\":\"https:\/\/acrimat.org.br\/portal\/?s={search_term_string}\"},\"query-input\":{\"@type\":\"PropertyValueSpecification\",\"valueRequired\":true,\"valueName\":\"search_term_string\"}}],\"inLanguage\":\"pt-BR\"},{\"@type\":\"Organization\",\"@id\":\"https:\/\/acrimat.org.br\/portal\/#organization\",\"name\":\"Associa\u00e7\u00e3o dos Criadores de Mato Grosso\",\"url\":\"https:\/\/acrimat.org.br\/portal\/\",\"logo\":{\"@type\":\"ImageObject\",\"inLanguage\":\"pt-BR\",\"@id\":\"https:\/\/acrimat.org.br\/portal\/#\/schema\/logo\/image\/\",\"url\":\"https:\/\/acrimat.org.br\/portal\/wp-content\/uploads\/2018\/03\/logo-peq-original.png\",\"contentUrl\":\"https:\/\/acrimat.org.br\/portal\/wp-content\/uploads\/2018\/03\/logo-peq-original.png\",\"width\":174,\"height\":171,\"caption\":\"Associa\u00e7\u00e3o dos Criadores de Mato Grosso\"},\"image\":{\"@id\":\"https:\/\/acrimat.org.br\/portal\/#\/schema\/logo\/image\/\"}},{\"@type\":\"Person\",\"@id\":\"https:\/\/acrimat.org.br\/portal\/#\/schema\/person\/18df8bcf6890e924fe5d8b5afd2bec0f\",\"name\":\"P\u00e9ricles C\u00e2ndido\",\"image\":{\"@type\":\"ImageObject\",\"inLanguage\":\"pt-BR\",\"@id\":\"https:\/\/acrimat.org.br\/portal\/#\/schema\/person\/image\/\",\"url\":\"https:\/\/secure.gravatar.com\/avatar\/33e2a2b971dc363ed2df53d0d3bfbd18?s=96&d=mm&r=g\",\"contentUrl\":\"https:\/\/secure.gravatar.com\/avatar\/33e2a2b971dc363ed2df53d0d3bfbd18?s=96&d=mm&r=g\",\"caption\":\"P\u00e9ricles C\u00e2ndido\"},\"sameAs\":[\"ascom@acrimat.org.br\"],\"url\":\"https:\/\/acrimat.org.br\/portal\/author\/designergrafico\/\"}]}<\/script>\n<!-- \/ Yoast SEO plugin. -->","yoast_head_json":{"title":"Criadores evitam coment\u00e1rio e as vendas seguem normais - Acrimat","robots":{"index":"index","follow":"follow","max-snippet":"max-snippet:-1","max-image-preview":"max-image-preview:large","max-video-preview":"max-video-preview:-1"},"canonical":"https:\/\/acrimat.org.br\/portal\/criadores-evitam-comentario-e-as-vendas-seguem-normais\/","og_locale":"pt_BR","og_type":"article","og_title":"Criadores evitam coment\u00e1rio e as vendas seguem normais - Acrimat","og_description":"N\u00famero de plantas da JBS em Mato Grosso equivale a 40,9% do total de unidades aptas \u00e0 exporta\u00e7\u00e3o no Estado, que somam 44","og_url":"https:\/\/acrimat.org.br\/portal\/criadores-evitam-comentario-e-as-vendas-seguem-normais\/","og_site_name":"Acrimat","article_published_time":"2017-09-14T13:03:48+00:00","og_image":[{"width":1280,"height":857,"url":"https:\/\/acrimat.org.br\/portal\/wp-content\/uploads\/2016\/06\/gado.jpg","type":"image\/jpeg"}],"author":"P\u00e9ricles C\u00e2ndido","twitter_card":"summary_large_image","twitter_misc":{"Escrito por":"P\u00e9ricles C\u00e2ndido","Est. tempo de leitura":"7 minutos"},"schema":{"@context":"https:\/\/schema.org","@graph":[{"@type":"Article","@id":"https:\/\/acrimat.org.br\/portal\/criadores-evitam-comentario-e-as-vendas-seguem-normais\/#article","isPartOf":{"@id":"https:\/\/acrimat.org.br\/portal\/criadores-evitam-comentario-e-as-vendas-seguem-normais\/"},"author":{"name":"P\u00e9ricles C\u00e2ndido","@id":"https:\/\/acrimat.org.br\/portal\/#\/schema\/person\/18df8bcf6890e924fe5d8b5afd2bec0f"},"headline":"Criadores evitam coment\u00e1rio e as vendas seguem normais","datePublished":"2017-09-14T13:03:48+00:00","mainEntityOfPage":{"@id":"https:\/\/acrimat.org.br\/portal\/criadores-evitam-comentario-e-as-vendas-seguem-normais\/"},"wordCount":1313,"publisher":{"@id":"https:\/\/acrimat.org.br\/portal\/#organization"},"image":{"@id":"https:\/\/acrimat.org.br\/portal\/criadores-evitam-comentario-e-as-vendas-seguem-normais\/#primaryimage"},"thumbnailUrl":"https:\/\/acrimat.org.br\/portal\/wp-content\/uploads\/2016\/06\/gado.jpg","articleSection":["Destaques","Not\u00edcias"],"inLanguage":"pt-BR"},{"@type":"WebPage","@id":"https:\/\/acrimat.org.br\/portal\/criadores-evitam-comentario-e-as-vendas-seguem-normais\/","url":"https:\/\/acrimat.org.br\/portal\/criadores-evitam-comentario-e-as-vendas-seguem-normais\/","name":"Criadores evitam coment\u00e1rio e as vendas seguem normais - Acrimat","isPartOf":{"@id":"https:\/\/acrimat.org.br\/portal\/#website"},"primaryImageOfPage":{"@id":"https:\/\/acrimat.org.br\/portal\/criadores-evitam-comentario-e-as-vendas-seguem-normais\/#primaryimage"},"image":{"@id":"https:\/\/acrimat.org.br\/portal\/criadores-evitam-comentario-e-as-vendas-seguem-normais\/#primaryimage"},"thumbnailUrl":"https:\/\/acrimat.org.br\/portal\/wp-content\/uploads\/2016\/06\/gado.jpg","datePublished":"2017-09-14T13:03:48+00:00","breadcrumb":{"@id":"https:\/\/acrimat.org.br\/portal\/criadores-evitam-comentario-e-as-vendas-seguem-normais\/#breadcrumb"},"inLanguage":"pt-BR","potentialAction":[{"@type":"ReadAction","target":["https:\/\/acrimat.org.br\/portal\/criadores-evitam-comentario-e-as-vendas-seguem-normais\/"]}]},{"@type":"ImageObject","inLanguage":"pt-BR","@id":"https:\/\/acrimat.org.br\/portal\/criadores-evitam-comentario-e-as-vendas-seguem-normais\/#primaryimage","url":"https:\/\/acrimat.org.br\/portal\/wp-content\/uploads\/2016\/06\/gado.jpg","contentUrl":"https:\/\/acrimat.org.br\/portal\/wp-content\/uploads\/2016\/06\/gado.jpg","width":1280,"height":857},{"@type":"BreadcrumbList","@id":"https:\/\/acrimat.org.br\/portal\/criadores-evitam-comentario-e-as-vendas-seguem-normais\/#breadcrumb","itemListElement":[{"@type":"ListItem","position":1,"name":"In\u00edcio","item":"https:\/\/acrimat.org.br\/portal\/"},{"@type":"ListItem","position":2,"name":"Criadores evitam coment\u00e1rio e as vendas seguem normais"}]},{"@type":"WebSite","@id":"https:\/\/acrimat.org.br\/portal\/#website","url":"https:\/\/acrimat.org.br\/portal\/","name":"Acrimat","description":"Associa\u00e7\u00e3o dos Criadores de Mato Grosso","publisher":{"@id":"https:\/\/acrimat.org.br\/portal\/#organization"},"potentialAction":[{"@type":"SearchAction","target":{"@type":"EntryPoint","urlTemplate":"https:\/\/acrimat.org.br\/portal\/?s={search_term_string}"},"query-input":{"@type":"PropertyValueSpecification","valueRequired":true,"valueName":"search_term_string"}}],"inLanguage":"pt-BR"},{"@type":"Organization","@id":"https:\/\/acrimat.org.br\/portal\/#organization","name":"Associa\u00e7\u00e3o dos Criadores de Mato Grosso","url":"https:\/\/acrimat.org.br\/portal\/","logo":{"@type":"ImageObject","inLanguage":"pt-BR","@id":"https:\/\/acrimat.org.br\/portal\/#\/schema\/logo\/image\/","url":"https:\/\/acrimat.org.br\/portal\/wp-content\/uploads\/2018\/03\/logo-peq-original.png","contentUrl":"https:\/\/acrimat.org.br\/portal\/wp-content\/uploads\/2018\/03\/logo-peq-original.png","width":174,"height":171,"caption":"Associa\u00e7\u00e3o dos Criadores de Mato Grosso"},"image":{"@id":"https:\/\/acrimat.org.br\/portal\/#\/schema\/logo\/image\/"}},{"@type":"Person","@id":"https:\/\/acrimat.org.br\/portal\/#\/schema\/person\/18df8bcf6890e924fe5d8b5afd2bec0f","name":"P\u00e9ricles C\u00e2ndido","image":{"@type":"ImageObject","inLanguage":"pt-BR","@id":"https:\/\/acrimat.org.br\/portal\/#\/schema\/person\/image\/","url":"https:\/\/secure.gravatar.com\/avatar\/33e2a2b971dc363ed2df53d0d3bfbd18?s=96&d=mm&r=g","contentUrl":"https:\/\/secure.gravatar.com\/avatar\/33e2a2b971dc363ed2df53d0d3bfbd18?s=96&d=mm&r=g","caption":"P\u00e9ricles C\u00e2ndido"},"sameAs":["ascom@acrimat.org.br"],"url":"https:\/\/acrimat.org.br\/portal\/author\/designergrafico\/"}]}},"_links":{"self":[{"href":"https:\/\/acrimat.org.br\/portal\/wp-json\/wp\/v2\/posts\/97983549","targetHints":{"allow":["GET"]}}],"collection":[{"href":"https:\/\/acrimat.org.br\/portal\/wp-json\/wp\/v2\/posts"}],"about":[{"href":"https:\/\/acrimat.org.br\/portal\/wp-json\/wp\/v2\/types\/post"}],"author":[{"embeddable":true,"href":"https:\/\/acrimat.org.br\/portal\/wp-json\/wp\/v2\/users\/11"}],"replies":[{"embeddable":true,"href":"https:\/\/acrimat.org.br\/portal\/wp-json\/wp\/v2\/comments?post=97983549"}],"version-history":[{"count":2,"href":"https:\/\/acrimat.org.br\/portal\/wp-json\/wp\/v2\/posts\/97983549\/revisions"}],"predecessor-version":[{"id":97983551,"href":"https:\/\/acrimat.org.br\/portal\/wp-json\/wp\/v2\/posts\/97983549\/revisions\/97983551"}],"wp:featuredmedia":[{"embeddable":true,"href":"https:\/\/acrimat.org.br\/portal\/wp-json\/wp\/v2\/media\/97975668"}],"wp:attachment":[{"href":"https:\/\/acrimat.org.br\/portal\/wp-json\/wp\/v2\/media?parent=97983549"}],"wp:term":[{"taxonomy":"category","embeddable":true,"href":"https:\/\/acrimat.org.br\/portal\/wp-json\/wp\/v2\/categories?post=97983549"},{"taxonomy":"post_tag","embeddable":true,"href":"https:\/\/acrimat.org.br\/portal\/wp-json\/wp\/v2\/tags?post=97983549"}],"curies":[{"name":"wp","href":"https:\/\/api.w.org\/{rel}","templated":true}]}}