{"id":97983552,"date":"2017-09-14T10:09:27","date_gmt":"2017-09-14T13:09:27","guid":{"rendered":"http:\/\/acrimat.org.br\/portal\/?p=97983552"},"modified":"2017-09-14T10:09:27","modified_gmt":"2017-09-14T13:09:27","slug":"santa-catarina-intensifica-os-trabalhos-para-erradicar-a-brucelose-e-a-tuberculose-bovina","status":"publish","type":"post","link":"https:\/\/acrimat.org.br\/portal\/santa-catarina-intensifica-os-trabalhos-para-erradicar-a-brucelose-e-a-tuberculose-bovina\/","title":{"rendered":"Santa Catarina intensifica os trabalhos para erradicar a brucelose e a tuberculose bovina"},"content":{"rendered":"<p><a href=\"http:\/\/acrimat.org.br\/portal\/wp-content\/uploads\/2016\/12\/5946199.jpg\"><img fetchpriority=\"high\" decoding=\"async\" class=\"size-medium wp-image-97979259 alignright\" src=\"http:\/\/acrimat.org.br\/portal\/wp-content\/uploads\/2016\/12\/5946199-300x206.jpg\" alt=\"\" width=\"300\" height=\"206\" srcset=\"https:\/\/acrimat.org.br\/portal\/wp-content\/uploads\/2016\/12\/5946199-300x206.jpg 300w, https:\/\/acrimat.org.br\/portal\/wp-content\/uploads\/2016\/12\/5946199-250x172.jpg 250w, https:\/\/acrimat.org.br\/portal\/wp-content\/uploads\/2016\/12\/5946199-550x378.jpg 550w, https:\/\/acrimat.org.br\/portal\/wp-content\/uploads\/2016\/12\/5946199-262x180.jpg 262w, https:\/\/acrimat.org.br\/portal\/wp-content\/uploads\/2016\/12\/5946199-436x300.jpg 436w, https:\/\/acrimat.org.br\/portal\/wp-content\/uploads\/2016\/12\/5946199-727x500.jpg 727w, https:\/\/acrimat.org.br\/portal\/wp-content\/uploads\/2016\/12\/5946199.jpg 730w\" sizes=\"(max-width: 300px) 100vw, 300px\" \/><\/a>Santa Catarina \u00e9 o estado brasileiro com a menor incid\u00eancia de brucelose e tuberculose bovina. Com menos de 1% dos rebanhos infectados e 250 propriedades certificadas como livres de brucelose e tuberculose, o estado passa a contar com um Programa Estadual de Erradica\u00e7\u00e3o da Brucelose e Tuberculose (PEEBT). Nesta ter\u00e7a-feira (12), o secret\u00e1rio de Estado da Agricultura e da Pesca, Moacir Sopelsa, reuniu representantes da iniciativa privada, produtores, e do Minist\u00e9rio da Agricultura para discutir as novas diretrizes no combate a essas zoonoses em Santa Catarina.<\/p>\n<p>O Programa faz parte de uma iniciativa nacional para controlar e erradicar a brucelose e tuberculose, estabelecida pela Instru\u00e7\u00e3o Normativa n\u00b0 10 de 03 de mar\u00e7o de 2017. Como em Santa Catarina a preval\u00eancia das doen\u00e7as \u00e9 muito baixa, as a\u00e7\u00f5es ser\u00e3o voltadas para erradicar as doen\u00e7as, principalmente, atrav\u00e9s da vigil\u00e2ncia ativa em abatedouros e latic\u00ednios e da educa\u00e7\u00e3o sanit\u00e1ria. Para dar suporte aos t\u00e9cnicos da Companhia Integrada de Desenvolvimento Agr\u00edcola de Santa Catarina (Cidasc), foi criada uma comiss\u00e3o formada por representantes do Governo do Estado, Universidade do Estado de Santa Catarina (Udesc), Conselho Regional de Medicina Veterin\u00e1ria (CRMV), iniciativa privada e produtores, que ir\u00e3o ajudar a adaptar o Programa para a realidade catarinense.<\/p>\n<p>O representante da Divis\u00e3o de Sanidade dos Ruminantes do Mapa, Marcio Piani, explica que para o controle eficaz das doen\u00e7as no pa\u00eds, os estados ser\u00e3o classificados de acordo com o grau de risco para brucelose e tuberculose e a partir desta classifica\u00e7\u00e3o ser\u00e3o definidos os procedimentos para defesa sanit\u00e1ria animal. \u201cExiste um trip\u00e9 para erradicar as doen\u00e7as no pa\u00eds. N\u00e3o adianta s\u00f3 o servi\u00e7o oficial fazer a sua parte, os produtores rurais e as agroind\u00fastrias precisam ser parceiras nesse processo\u201d, ressalta.<\/p>\n<p>Piani destaca ainda que Santa Catarina \u00e9 o estado brasileiro mais adiantado no combate \u00e0 brucelose e tuberculose e que est\u00e1 muito perto da erradica\u00e7\u00e3o das doen\u00e7as. Hoje, o estado possui um rebanho de aproximadamente 4,4 milh\u00f5es de bovinos, distribu\u00eddos em 220 mil propriedades, e a incid\u00eancia de brucelose e de tuberculose n\u00e3o chega a 1% desses animais. Todos os anos s\u00e3o realizados em m\u00e9dia 150 mil exames para analisar a presen\u00e7a das zoonoses no rebanho catarinense. O estado conta ainda com 250 propriedades classificadas como livres de brucelose e de tuberculose.<\/p>\n<p>Para manter a sanidade dos rebanhos catarinenses, os animais acometidos de brucelose ou tuberculose s\u00e3o abatidos sanitariamente e os propriet\u00e1rios indenizados pela Secretaria da Agricultura, atrav\u00e9s do Fundo Estadual de Sanidade Animal (Fundesa).\u00a0 O secret\u00e1rio da Agricultura, Moacir Sopelsa, explica que o Fundesa faz parte da pol\u00edtica de defesa sanit\u00e1ria do Governo do Estado e, com a indeniza\u00e7\u00e3o, os produtores podem adquirir animais sadios para continuarem a produ\u00e7\u00e3o de carne e leite. \u201cLembrando que a erradica\u00e7\u00e3o da brucelose e da tuberculose n\u00e3o \u00e9 importante apenas para a sa\u00fade dos rebanhos, mas tamb\u00e9m para a sa\u00fade da fam\u00edlia e dos funcion\u00e1rios rurais\u201d.<\/p>\n<p><strong>Vacina\u00e7\u00e3o<\/strong><\/p>\n<p>O uso da vacina\u00e7\u00e3o em massa, com a vacina B19, \u00e9 recomendado apenas para estados que possuem altos \u00edndices da doen\u00e7a, portanto \u00e9 proibida em Santa Catarina para evitar custos desnecess\u00e1rios aos produtores e interfer\u00eancia nos testes de diagn\u00f3stico. O rebanho catarinense pode ser vacinado com amostra RB51, seguindo as normas do Regulamento T\u00e9cnico do Programa de Erradica\u00e7\u00e3o da Brucelose Bovina e Bubalina no Estado de Santa Catarina.<\/p>\n<p><strong>Febre aftosa<\/strong><\/p>\n<p>Outra preocupa\u00e7\u00e3o do agroneg\u00f3cio catarinense \u00e9 sobre a inten\u00e7\u00e3o do Minist\u00e9rio da Agricultura de ampliar as zonas livres de febre aftosa sem vacina\u00e7\u00e3o.\u00a0 Status que foi conquistado por Santa Catarina em 2007, com reconhecimento pela Organiza\u00e7\u00e3o Mundial de Sa\u00fade Animal (OIE).<\/p>\n<p>O secret\u00e1rio da Agricultura Moacir Sopelsa afirma que o controle da doen\u00e7a e os trabalhos para erradica\u00e7\u00e3o da febre aftosa devem ser cercados de todo cuidado para n\u00e3o colocarem em risco o status catarinense. \u201cN\u00f3s apoiamos todas as iniciativas de erradicar a febre aftosa e nossa experi\u00eancia pode ser \u00fatil nesse processo. Em Santa Catarina foram mais de 40 anos de combate \u00e0 doen\u00e7a at\u00e9 conquistarmos a certifica\u00e7\u00e3o internacional, foi um longo caminho trilhado com o apoio dos produtores rurais, da iniciativa privada e do Governo do Estado\u201d.<\/p>\n<p>A certifica\u00e7\u00e3o internacional contribui para que Santa Catarina se tornasse o maior produtor de su\u00ednos do pa\u00eds e o segundo maior produtor de aves, exportando para os mercados mais competitivos do mundo.<\/p>\n<div class=\"content sem-video sem-materia\">\n<div class=\"fonte\">Fonte: Sec. de Agricultura de SC<\/div>\n<\/div>\n","protected":false},"excerpt":{"rendered":"<p>O Programa faz parte de uma iniciativa nacional para controlar e erradicar a brucelose e tuberculose, estabelecida pela Instru\u00e7\u00e3o Normativa n\u00b0 10 de 03 de mar\u00e7o de 2017<\/p>\n","protected":false},"author":11,"featured_media":97979259,"comment_status":"closed","ping_status":"closed","sticky":false,"template":"","format":"standard","meta":{"footnotes":""},"categories":[6,1],"tags":[],"class_list":["post-97983552","post","type-post","status-publish","format-standard","has-post-thumbnail","hentry","category-destaque","category-noticia"],"yoast_head":"<!-- This site is optimized with the Yoast SEO plugin v24.8.1 - https:\/\/yoast.com\/wordpress\/plugins\/seo\/ -->\n<title>Santa Catarina intensifica os trabalhos para erradicar a brucelose e a tuberculose bovina - Acrimat<\/title>\n<meta name=\"robots\" content=\"index, follow, max-snippet:-1, max-image-preview:large, max-video-preview:-1\" \/>\n<link rel=\"canonical\" href=\"https:\/\/acrimat.org.br\/portal\/santa-catarina-intensifica-os-trabalhos-para-erradicar-a-brucelose-e-a-tuberculose-bovina\/\" \/>\n<meta property=\"og:locale\" content=\"pt_BR\" \/>\n<meta property=\"og:type\" content=\"article\" \/>\n<meta property=\"og:title\" content=\"Santa Catarina intensifica os trabalhos para erradicar a brucelose e a tuberculose bovina - Acrimat\" \/>\n<meta property=\"og:description\" content=\"O Programa faz parte de uma iniciativa nacional para controlar e erradicar a brucelose e tuberculose, estabelecida pela Instru\u00e7\u00e3o Normativa n\u00b0 10 de 03 de mar\u00e7o de 2017\" \/>\n<meta property=\"og:url\" content=\"https:\/\/acrimat.org.br\/portal\/santa-catarina-intensifica-os-trabalhos-para-erradicar-a-brucelose-e-a-tuberculose-bovina\/\" \/>\n<meta property=\"og:site_name\" content=\"Acrimat\" \/>\n<meta property=\"article:published_time\" content=\"2017-09-14T13:09:27+00:00\" \/>\n<meta property=\"og:image\" content=\"https:\/\/acrimat.org.br\/portal\/wp-content\/uploads\/2016\/12\/5946199.jpg\" \/>\n\t<meta property=\"og:image:width\" content=\"730\" \/>\n\t<meta property=\"og:image:height\" content=\"502\" \/>\n\t<meta property=\"og:image:type\" content=\"image\/jpeg\" \/>\n<meta name=\"author\" content=\"P\u00e9ricles C\u00e2ndido\" \/>\n<meta name=\"twitter:card\" content=\"summary_large_image\" \/>\n<meta name=\"twitter:label1\" content=\"Escrito por\" \/>\n\t<meta name=\"twitter:data1\" content=\"P\u00e9ricles C\u00e2ndido\" \/>\n\t<meta name=\"twitter:label2\" content=\"Est. tempo de leitura\" \/>\n\t<meta name=\"twitter:data2\" content=\"4 minutos\" \/>\n<script type=\"application\/ld+json\" class=\"yoast-schema-graph\">{\"@context\":\"https:\/\/schema.org\",\"@graph\":[{\"@type\":\"Article\",\"@id\":\"https:\/\/acrimat.org.br\/portal\/santa-catarina-intensifica-os-trabalhos-para-erradicar-a-brucelose-e-a-tuberculose-bovina\/#article\",\"isPartOf\":{\"@id\":\"https:\/\/acrimat.org.br\/portal\/santa-catarina-intensifica-os-trabalhos-para-erradicar-a-brucelose-e-a-tuberculose-bovina\/\"},\"author\":{\"name\":\"P\u00e9ricles C\u00e2ndido\",\"@id\":\"https:\/\/acrimat.org.br\/portal\/#\/schema\/person\/18df8bcf6890e924fe5d8b5afd2bec0f\"},\"headline\":\"Santa Catarina intensifica os trabalhos para erradicar a brucelose e a tuberculose bovina\",\"datePublished\":\"2017-09-14T13:09:27+00:00\",\"mainEntityOfPage\":{\"@id\":\"https:\/\/acrimat.org.br\/portal\/santa-catarina-intensifica-os-trabalhos-para-erradicar-a-brucelose-e-a-tuberculose-bovina\/\"},\"wordCount\":787,\"publisher\":{\"@id\":\"https:\/\/acrimat.org.br\/portal\/#organization\"},\"image\":{\"@id\":\"https:\/\/acrimat.org.br\/portal\/santa-catarina-intensifica-os-trabalhos-para-erradicar-a-brucelose-e-a-tuberculose-bovina\/#primaryimage\"},\"thumbnailUrl\":\"https:\/\/acrimat.org.br\/portal\/wp-content\/uploads\/2016\/12\/5946199.jpg\",\"articleSection\":[\"Destaques\",\"Not\u00edcias\"],\"inLanguage\":\"pt-BR\"},{\"@type\":\"WebPage\",\"@id\":\"https:\/\/acrimat.org.br\/portal\/santa-catarina-intensifica-os-trabalhos-para-erradicar-a-brucelose-e-a-tuberculose-bovina\/\",\"url\":\"https:\/\/acrimat.org.br\/portal\/santa-catarina-intensifica-os-trabalhos-para-erradicar-a-brucelose-e-a-tuberculose-bovina\/\",\"name\":\"Santa Catarina intensifica os trabalhos para erradicar a brucelose e a tuberculose bovina - Acrimat\",\"isPartOf\":{\"@id\":\"https:\/\/acrimat.org.br\/portal\/#website\"},\"primaryImageOfPage\":{\"@id\":\"https:\/\/acrimat.org.br\/portal\/santa-catarina-intensifica-os-trabalhos-para-erradicar-a-brucelose-e-a-tuberculose-bovina\/#primaryimage\"},\"image\":{\"@id\":\"https:\/\/acrimat.org.br\/portal\/santa-catarina-intensifica-os-trabalhos-para-erradicar-a-brucelose-e-a-tuberculose-bovina\/#primaryimage\"},\"thumbnailUrl\":\"https:\/\/acrimat.org.br\/portal\/wp-content\/uploads\/2016\/12\/5946199.jpg\",\"datePublished\":\"2017-09-14T13:09:27+00:00\",\"breadcrumb\":{\"@id\":\"https:\/\/acrimat.org.br\/portal\/santa-catarina-intensifica-os-trabalhos-para-erradicar-a-brucelose-e-a-tuberculose-bovina\/#breadcrumb\"},\"inLanguage\":\"pt-BR\",\"potentialAction\":[{\"@type\":\"ReadAction\",\"target\":[\"https:\/\/acrimat.org.br\/portal\/santa-catarina-intensifica-os-trabalhos-para-erradicar-a-brucelose-e-a-tuberculose-bovina\/\"]}]},{\"@type\":\"ImageObject\",\"inLanguage\":\"pt-BR\",\"@id\":\"https:\/\/acrimat.org.br\/portal\/santa-catarina-intensifica-os-trabalhos-para-erradicar-a-brucelose-e-a-tuberculose-bovina\/#primaryimage\",\"url\":\"https:\/\/acrimat.org.br\/portal\/wp-content\/uploads\/2016\/12\/5946199.jpg\",\"contentUrl\":\"https:\/\/acrimat.org.br\/portal\/wp-content\/uploads\/2016\/12\/5946199.jpg\",\"width\":730,\"height\":502},{\"@type\":\"BreadcrumbList\",\"@id\":\"https:\/\/acrimat.org.br\/portal\/santa-catarina-intensifica-os-trabalhos-para-erradicar-a-brucelose-e-a-tuberculose-bovina\/#breadcrumb\",\"itemListElement\":[{\"@type\":\"ListItem\",\"position\":1,\"name\":\"In\u00edcio\",\"item\":\"https:\/\/acrimat.org.br\/portal\/\"},{\"@type\":\"ListItem\",\"position\":2,\"name\":\"Santa Catarina intensifica os trabalhos para erradicar a brucelose e a tuberculose bovina\"}]},{\"@type\":\"WebSite\",\"@id\":\"https:\/\/acrimat.org.br\/portal\/#website\",\"url\":\"https:\/\/acrimat.org.br\/portal\/\",\"name\":\"Acrimat\",\"description\":\"Associa\u00e7\u00e3o dos Criadores de Mato Grosso\",\"publisher\":{\"@id\":\"https:\/\/acrimat.org.br\/portal\/#organization\"},\"potentialAction\":[{\"@type\":\"SearchAction\",\"target\":{\"@type\":\"EntryPoint\",\"urlTemplate\":\"https:\/\/acrimat.org.br\/portal\/?s={search_term_string}\"},\"query-input\":{\"@type\":\"PropertyValueSpecification\",\"valueRequired\":true,\"valueName\":\"search_term_string\"}}],\"inLanguage\":\"pt-BR\"},{\"@type\":\"Organization\",\"@id\":\"https:\/\/acrimat.org.br\/portal\/#organization\",\"name\":\"Associa\u00e7\u00e3o dos Criadores de Mato Grosso\",\"url\":\"https:\/\/acrimat.org.br\/portal\/\",\"logo\":{\"@type\":\"ImageObject\",\"inLanguage\":\"pt-BR\",\"@id\":\"https:\/\/acrimat.org.br\/portal\/#\/schema\/logo\/image\/\",\"url\":\"https:\/\/acrimat.org.br\/portal\/wp-content\/uploads\/2018\/03\/logo-peq-original.png\",\"contentUrl\":\"https:\/\/acrimat.org.br\/portal\/wp-content\/uploads\/2018\/03\/logo-peq-original.png\",\"width\":174,\"height\":171,\"caption\":\"Associa\u00e7\u00e3o dos Criadores de Mato Grosso\"},\"image\":{\"@id\":\"https:\/\/acrimat.org.br\/portal\/#\/schema\/logo\/image\/\"}},{\"@type\":\"Person\",\"@id\":\"https:\/\/acrimat.org.br\/portal\/#\/schema\/person\/18df8bcf6890e924fe5d8b5afd2bec0f\",\"name\":\"P\u00e9ricles C\u00e2ndido\",\"image\":{\"@type\":\"ImageObject\",\"inLanguage\":\"pt-BR\",\"@id\":\"https:\/\/acrimat.org.br\/portal\/#\/schema\/person\/image\/\",\"url\":\"https:\/\/secure.gravatar.com\/avatar\/33e2a2b971dc363ed2df53d0d3bfbd18?s=96&d=mm&r=g\",\"contentUrl\":\"https:\/\/secure.gravatar.com\/avatar\/33e2a2b971dc363ed2df53d0d3bfbd18?s=96&d=mm&r=g\",\"caption\":\"P\u00e9ricles C\u00e2ndido\"},\"sameAs\":[\"ascom@acrimat.org.br\"],\"url\":\"https:\/\/acrimat.org.br\/portal\/author\/designergrafico\/\"}]}<\/script>\n<!-- \/ Yoast SEO plugin. -->","yoast_head_json":{"title":"Santa Catarina intensifica os trabalhos para erradicar a brucelose e a tuberculose bovina - Acrimat","robots":{"index":"index","follow":"follow","max-snippet":"max-snippet:-1","max-image-preview":"max-image-preview:large","max-video-preview":"max-video-preview:-1"},"canonical":"https:\/\/acrimat.org.br\/portal\/santa-catarina-intensifica-os-trabalhos-para-erradicar-a-brucelose-e-a-tuberculose-bovina\/","og_locale":"pt_BR","og_type":"article","og_title":"Santa Catarina intensifica os trabalhos para erradicar a brucelose e a tuberculose bovina - Acrimat","og_description":"O Programa faz parte de uma iniciativa nacional para controlar e erradicar a brucelose e tuberculose, estabelecida pela Instru\u00e7\u00e3o Normativa n\u00b0 10 de 03 de mar\u00e7o de 2017","og_url":"https:\/\/acrimat.org.br\/portal\/santa-catarina-intensifica-os-trabalhos-para-erradicar-a-brucelose-e-a-tuberculose-bovina\/","og_site_name":"Acrimat","article_published_time":"2017-09-14T13:09:27+00:00","og_image":[{"width":730,"height":502,"url":"https:\/\/acrimat.org.br\/portal\/wp-content\/uploads\/2016\/12\/5946199.jpg","type":"image\/jpeg"}],"author":"P\u00e9ricles C\u00e2ndido","twitter_card":"summary_large_image","twitter_misc":{"Escrito por":"P\u00e9ricles C\u00e2ndido","Est. tempo de leitura":"4 minutos"},"schema":{"@context":"https:\/\/schema.org","@graph":[{"@type":"Article","@id":"https:\/\/acrimat.org.br\/portal\/santa-catarina-intensifica-os-trabalhos-para-erradicar-a-brucelose-e-a-tuberculose-bovina\/#article","isPartOf":{"@id":"https:\/\/acrimat.org.br\/portal\/santa-catarina-intensifica-os-trabalhos-para-erradicar-a-brucelose-e-a-tuberculose-bovina\/"},"author":{"name":"P\u00e9ricles C\u00e2ndido","@id":"https:\/\/acrimat.org.br\/portal\/#\/schema\/person\/18df8bcf6890e924fe5d8b5afd2bec0f"},"headline":"Santa Catarina intensifica os trabalhos para erradicar a brucelose e a tuberculose bovina","datePublished":"2017-09-14T13:09:27+00:00","mainEntityOfPage":{"@id":"https:\/\/acrimat.org.br\/portal\/santa-catarina-intensifica-os-trabalhos-para-erradicar-a-brucelose-e-a-tuberculose-bovina\/"},"wordCount":787,"publisher":{"@id":"https:\/\/acrimat.org.br\/portal\/#organization"},"image":{"@id":"https:\/\/acrimat.org.br\/portal\/santa-catarina-intensifica-os-trabalhos-para-erradicar-a-brucelose-e-a-tuberculose-bovina\/#primaryimage"},"thumbnailUrl":"https:\/\/acrimat.org.br\/portal\/wp-content\/uploads\/2016\/12\/5946199.jpg","articleSection":["Destaques","Not\u00edcias"],"inLanguage":"pt-BR"},{"@type":"WebPage","@id":"https:\/\/acrimat.org.br\/portal\/santa-catarina-intensifica-os-trabalhos-para-erradicar-a-brucelose-e-a-tuberculose-bovina\/","url":"https:\/\/acrimat.org.br\/portal\/santa-catarina-intensifica-os-trabalhos-para-erradicar-a-brucelose-e-a-tuberculose-bovina\/","name":"Santa Catarina intensifica os trabalhos para erradicar a brucelose e a tuberculose bovina - Acrimat","isPartOf":{"@id":"https:\/\/acrimat.org.br\/portal\/#website"},"primaryImageOfPage":{"@id":"https:\/\/acrimat.org.br\/portal\/santa-catarina-intensifica-os-trabalhos-para-erradicar-a-brucelose-e-a-tuberculose-bovina\/#primaryimage"},"image":{"@id":"https:\/\/acrimat.org.br\/portal\/santa-catarina-intensifica-os-trabalhos-para-erradicar-a-brucelose-e-a-tuberculose-bovina\/#primaryimage"},"thumbnailUrl":"https:\/\/acrimat.org.br\/portal\/wp-content\/uploads\/2016\/12\/5946199.jpg","datePublished":"2017-09-14T13:09:27+00:00","breadcrumb":{"@id":"https:\/\/acrimat.org.br\/portal\/santa-catarina-intensifica-os-trabalhos-para-erradicar-a-brucelose-e-a-tuberculose-bovina\/#breadcrumb"},"inLanguage":"pt-BR","potentialAction":[{"@type":"ReadAction","target":["https:\/\/acrimat.org.br\/portal\/santa-catarina-intensifica-os-trabalhos-para-erradicar-a-brucelose-e-a-tuberculose-bovina\/"]}]},{"@type":"ImageObject","inLanguage":"pt-BR","@id":"https:\/\/acrimat.org.br\/portal\/santa-catarina-intensifica-os-trabalhos-para-erradicar-a-brucelose-e-a-tuberculose-bovina\/#primaryimage","url":"https:\/\/acrimat.org.br\/portal\/wp-content\/uploads\/2016\/12\/5946199.jpg","contentUrl":"https:\/\/acrimat.org.br\/portal\/wp-content\/uploads\/2016\/12\/5946199.jpg","width":730,"height":502},{"@type":"BreadcrumbList","@id":"https:\/\/acrimat.org.br\/portal\/santa-catarina-intensifica-os-trabalhos-para-erradicar-a-brucelose-e-a-tuberculose-bovina\/#breadcrumb","itemListElement":[{"@type":"ListItem","position":1,"name":"In\u00edcio","item":"https:\/\/acrimat.org.br\/portal\/"},{"@type":"ListItem","position":2,"name":"Santa Catarina intensifica os trabalhos para erradicar a brucelose e a tuberculose bovina"}]},{"@type":"WebSite","@id":"https:\/\/acrimat.org.br\/portal\/#website","url":"https:\/\/acrimat.org.br\/portal\/","name":"Acrimat","description":"Associa\u00e7\u00e3o dos Criadores de Mato Grosso","publisher":{"@id":"https:\/\/acrimat.org.br\/portal\/#organization"},"potentialAction":[{"@type":"SearchAction","target":{"@type":"EntryPoint","urlTemplate":"https:\/\/acrimat.org.br\/portal\/?s={search_term_string}"},"query-input":{"@type":"PropertyValueSpecification","valueRequired":true,"valueName":"search_term_string"}}],"inLanguage":"pt-BR"},{"@type":"Organization","@id":"https:\/\/acrimat.org.br\/portal\/#organization","name":"Associa\u00e7\u00e3o dos Criadores de Mato Grosso","url":"https:\/\/acrimat.org.br\/portal\/","logo":{"@type":"ImageObject","inLanguage":"pt-BR","@id":"https:\/\/acrimat.org.br\/portal\/#\/schema\/logo\/image\/","url":"https:\/\/acrimat.org.br\/portal\/wp-content\/uploads\/2018\/03\/logo-peq-original.png","contentUrl":"https:\/\/acrimat.org.br\/portal\/wp-content\/uploads\/2018\/03\/logo-peq-original.png","width":174,"height":171,"caption":"Associa\u00e7\u00e3o dos Criadores de Mato Grosso"},"image":{"@id":"https:\/\/acrimat.org.br\/portal\/#\/schema\/logo\/image\/"}},{"@type":"Person","@id":"https:\/\/acrimat.org.br\/portal\/#\/schema\/person\/18df8bcf6890e924fe5d8b5afd2bec0f","name":"P\u00e9ricles C\u00e2ndido","image":{"@type":"ImageObject","inLanguage":"pt-BR","@id":"https:\/\/acrimat.org.br\/portal\/#\/schema\/person\/image\/","url":"https:\/\/secure.gravatar.com\/avatar\/33e2a2b971dc363ed2df53d0d3bfbd18?s=96&d=mm&r=g","contentUrl":"https:\/\/secure.gravatar.com\/avatar\/33e2a2b971dc363ed2df53d0d3bfbd18?s=96&d=mm&r=g","caption":"P\u00e9ricles C\u00e2ndido"},"sameAs":["ascom@acrimat.org.br"],"url":"https:\/\/acrimat.org.br\/portal\/author\/designergrafico\/"}]}},"_links":{"self":[{"href":"https:\/\/acrimat.org.br\/portal\/wp-json\/wp\/v2\/posts\/97983552","targetHints":{"allow":["GET"]}}],"collection":[{"href":"https:\/\/acrimat.org.br\/portal\/wp-json\/wp\/v2\/posts"}],"about":[{"href":"https:\/\/acrimat.org.br\/portal\/wp-json\/wp\/v2\/types\/post"}],"author":[{"embeddable":true,"href":"https:\/\/acrimat.org.br\/portal\/wp-json\/wp\/v2\/users\/11"}],"replies":[{"embeddable":true,"href":"https:\/\/acrimat.org.br\/portal\/wp-json\/wp\/v2\/comments?post=97983552"}],"version-history":[{"count":1,"href":"https:\/\/acrimat.org.br\/portal\/wp-json\/wp\/v2\/posts\/97983552\/revisions"}],"predecessor-version":[{"id":97983553,"href":"https:\/\/acrimat.org.br\/portal\/wp-json\/wp\/v2\/posts\/97983552\/revisions\/97983553"}],"wp:featuredmedia":[{"embeddable":true,"href":"https:\/\/acrimat.org.br\/portal\/wp-json\/wp\/v2\/media\/97979259"}],"wp:attachment":[{"href":"https:\/\/acrimat.org.br\/portal\/wp-json\/wp\/v2\/media?parent=97983552"}],"wp:term":[{"taxonomy":"category","embeddable":true,"href":"https:\/\/acrimat.org.br\/portal\/wp-json\/wp\/v2\/categories?post=97983552"},{"taxonomy":"post_tag","embeddable":true,"href":"https:\/\/acrimat.org.br\/portal\/wp-json\/wp\/v2\/tags?post=97983552"}],"curies":[{"name":"wp","href":"https:\/\/api.w.org\/{rel}","templated":true}]}}