{"id":97983556,"date":"2017-09-14T10:14:37","date_gmt":"2017-09-14T13:14:37","guid":{"rendered":"http:\/\/acrimat.org.br\/portal\/?p=97983556"},"modified":"2017-09-15T09:33:45","modified_gmt":"2017-09-15T12:33:45","slug":"desenvolvimento-sustentavel-da-pecuaria-esta-ligado-a-adocao-de-tecnologias","status":"publish","type":"post","link":"https:\/\/acrimat.org.br\/portal\/desenvolvimento-sustentavel-da-pecuaria-esta-ligado-a-adocao-de-tecnologias\/","title":{"rendered":"Desenvolvimento sustent\u00e1vel da pecu\u00e1ria est\u00e1 ligado \u00e0 ado\u00e7\u00e3o de tecnologias"},"content":{"rendered":"<div id=\"attachment_97982877\" style=\"width: 410px\" class=\"wp-caption alignright\"><a href=\"http:\/\/acrimat.org.br\/portal\/wp-content\/uploads\/2017\/07\/ly2mf27070.jpg\"><img fetchpriority=\"high\" decoding=\"async\" aria-describedby=\"caption-attachment-97982877\" class=\"wp-image-97982877 size-wccarousel\" src=\"http:\/\/acrimat.org.br\/portal\/wp-content\/uploads\/2017\/07\/ly2mf27070-400x285.jpg\" alt=\"\" width=\"400\" height=\"285\" srcset=\"https:\/\/acrimat.org.br\/portal\/wp-content\/uploads\/2017\/07\/ly2mf27070-400x285.jpg 400w, https:\/\/acrimat.org.br\/portal\/wp-content\/uploads\/2017\/07\/ly2mf27070-210x150.jpg 210w\" sizes=\"(max-width: 400px) 100vw, 400px\" \/><\/a><p id=\"caption-attachment-97982877\" class=\"wp-caption-text\">Divulga\u00e7\u00e3o<\/p><\/div>\n<p><a href=\"http:\/\/acrimat.org.br\/portal\/wp-content\/uploads\/2017\/07\/ly2mf27070.jpg\"><\/a>Hoje em dia o r\u00f3tulo de \u201csustent\u00e1vel\u201d \u00e9 buscado por praticamente todas as institui\u00e7\u00f5es, sejam elas p\u00fablicas ou privadas, pois, al\u00e9m de dar longevidade aos recursos, garante uma melhora significativa da sua imagem perante seus clientes, fornecedores e, principalmente, frente a sociedade<\/p>\n<p>N\u00e3o \u00e9 incomum encontrar dentro das companhias departamentos que s\u00e3o inteiramente focados no tema, sendo respons\u00e1veis pela gest\u00e3o da sustentabilidade, trazendo conceitos, estabelecendo indicadores e metas. Isso \u00e9 positivo por que direciona processos, comportamentos e atitudes que guiam a sociedade.<\/p>\n<p>Na agropecu\u00e1ria isto n\u00e3o \u00e9 diferente. Produtores, fornecedores de insumos e ind\u00fastria em geral t\u00eam passado por um processo bastante intensivo de conscientiza\u00e7\u00e3o sobre a import\u00e2ncia de produzir de forma sustent\u00e1vel, preocupados em garantir o uso eficiente de recursos naturais, de t\u00e9cnicas que n\u00e3o agridam o meio ambiente e que sejam sustent\u00e1veis nos tr\u00eas \u00e2mbitos do termo: ambientalmente correto, economicamente vi\u00e1vel e socialmente justo.<\/p>\n<p>Na opini\u00e3o de Cesar Augusto Figueiredo e Roberto Risolia, da Stoller Brasil, o setor tem muito a evoluir neste aspecto. \u201cBuscar uma produ\u00e7\u00e3o sustent\u00e1vel \u00e9 aumentar a efici\u00eancia, usando de forma cada vez mais racional os recursos naturais como solo e \u00e1gua e, de forma inteligente, os insumos, como fertilizantes e defensivos. De forma geral, tudo passa pela ado\u00e7\u00e3o crescente de conhecimento e tecnologia no sistema de produ\u00e7\u00e3o\u201d, dizem.<\/p>\n<p>Na pecu\u00e1ria, o desafio \u00e9 grande. Em fun\u00e7\u00e3o da hist\u00f3ria e do perfil produtivo em que a pecu\u00e1ria brasileira se estabeleceu no passado (grandes \u00e1reas para explora\u00e7\u00e3o das pastagens e animais sem uma boa gen\u00e9tica, por exemplo) fez com que a produ\u00e7\u00e3o continuasse mesmo sem nenhum ou com baix\u00edssimo emprego de tecnologia.<\/p>\n<p>Por\u00e9m, nos \u00faltimos anos, isso tem mudado. A press\u00e3o da agricultura pelo aumento da \u00e1rea de produ\u00e7\u00e3o, a impossibilidade de abertura de novas \u00e1reas e a demanda crescente por produtos de origem animal t\u00eam pressionado a pecu\u00e1ria a buscar uma maior efici\u00eancia. E o uso de tecnologia \u00e9 a chave para isso.<\/p>\n<p>Do ponto de vista do produtor, isso pode ser encarado como a oportunidade de otimizar o custo de produ\u00e7\u00e3o. Investir em conhecimento \u00e9 primordial para o bom uso de t\u00e9cnicas que permitam melhorar a produ\u00e7\u00e3o, como a efici\u00eancia de uso das pastagens e o bom uso de insumos (como aduba\u00e7\u00e3o de pastagens, divis\u00e3o de pastos e lota\u00e7\u00e3o rotativa, irriga\u00e7\u00e3o de pastagem, suplementa\u00e7\u00e3o, insemina\u00e7\u00e3o artificial em tempo fixo, etc.). Isso permite reduzir o custo da arroba produzida, produzir carne e leite de melhor qualidade e ainda valorizar a propriedade.<\/p>\n<p>O Grupo de Trabalho da Pecu\u00e1ria Sustent\u00e1vel (GTPS), nos \u00faltimos dez anos, tem feito o papel de reunir todos os elos do sistema de produ\u00e7\u00e3o da pecu\u00e1ria, desde produtores, fornecedores de insumos e servi\u00e7os, institui\u00e7\u00f5es financeiras, passando pela ind\u00fastria de frigor\u00edficos e chegando at\u00e9 o varejo e restaurantes. Isso cria um c\u00edrculo virtuoso para ado\u00e7\u00e3o tecnol\u00f3gica de uma forma geral. Assim, o grupo segue intermediando discuss\u00f5es e a\u00e7\u00f5es para conscientizar sobre o uso racional dos recursos ambientais, de tecnologias e o conhecimento na busca por pr\u00e1ticas que contribuam com o fornecimento de produtos e alimentos de qualidade para a demanda crescente de todo o mundo.<\/p>\n<p><strong>Fonte: GTPS, adaptado pela equipe feed&amp;food.<\/strong><\/p>\n","protected":false},"excerpt":{"rendered":"<p>Realidade do segmento vem mudando ao longo dos \u00faltimos anos<\/p>\n","protected":false},"author":11,"featured_media":97982877,"comment_status":"closed","ping_status":"closed","sticky":false,"template":"","format":"standard","meta":{"footnotes":""},"categories":[6,1],"tags":[],"class_list":["post-97983556","post","type-post","status-publish","format-standard","has-post-thumbnail","hentry","category-destaque","category-noticia"],"yoast_head":"<!-- This site is optimized with the Yoast SEO plugin v24.8.1 - https:\/\/yoast.com\/wordpress\/plugins\/seo\/ -->\n<title>Desenvolvimento sustent\u00e1vel da pecu\u00e1ria est\u00e1 ligado \u00e0 ado\u00e7\u00e3o de tecnologias - Acrimat<\/title>\n<meta name=\"robots\" content=\"index, follow, max-snippet:-1, max-image-preview:large, max-video-preview:-1\" \/>\n<link rel=\"canonical\" href=\"https:\/\/acrimat.org.br\/portal\/desenvolvimento-sustentavel-da-pecuaria-esta-ligado-a-adocao-de-tecnologias\/\" \/>\n<meta property=\"og:locale\" content=\"pt_BR\" \/>\n<meta property=\"og:type\" content=\"article\" \/>\n<meta property=\"og:title\" content=\"Desenvolvimento sustent\u00e1vel da pecu\u00e1ria est\u00e1 ligado \u00e0 ado\u00e7\u00e3o de tecnologias - Acrimat\" \/>\n<meta property=\"og:description\" content=\"Realidade do segmento vem mudando ao longo dos \u00faltimos anos\" \/>\n<meta property=\"og:url\" content=\"https:\/\/acrimat.org.br\/portal\/desenvolvimento-sustentavel-da-pecuaria-esta-ligado-a-adocao-de-tecnologias\/\" \/>\n<meta property=\"og:site_name\" content=\"Acrimat\" \/>\n<meta property=\"article:published_time\" content=\"2017-09-14T13:14:37+00:00\" \/>\n<meta property=\"article:modified_time\" content=\"2017-09-15T12:33:45+00:00\" \/>\n<meta property=\"og:image\" content=\"https:\/\/acrimat.org.br\/portal\/wp-content\/uploads\/2017\/07\/ly2mf27070.jpg\" \/>\n\t<meta property=\"og:image:width\" content=\"900\" \/>\n\t<meta property=\"og:image:height\" content=\"544\" \/>\n\t<meta property=\"og:image:type\" content=\"image\/jpeg\" \/>\n<meta name=\"author\" content=\"P\u00e9ricles C\u00e2ndido\" \/>\n<meta name=\"twitter:card\" content=\"summary_large_image\" \/>\n<meta name=\"twitter:label1\" content=\"Escrito por\" \/>\n\t<meta name=\"twitter:data1\" content=\"P\u00e9ricles C\u00e2ndido\" \/>\n\t<meta name=\"twitter:label2\" content=\"Est. tempo de leitura\" \/>\n\t<meta name=\"twitter:data2\" content=\"3 minutos\" \/>\n<script type=\"application\/ld+json\" class=\"yoast-schema-graph\">{\"@context\":\"https:\/\/schema.org\",\"@graph\":[{\"@type\":\"Article\",\"@id\":\"https:\/\/acrimat.org.br\/portal\/desenvolvimento-sustentavel-da-pecuaria-esta-ligado-a-adocao-de-tecnologias\/#article\",\"isPartOf\":{\"@id\":\"https:\/\/acrimat.org.br\/portal\/desenvolvimento-sustentavel-da-pecuaria-esta-ligado-a-adocao-de-tecnologias\/\"},\"author\":{\"name\":\"P\u00e9ricles C\u00e2ndido\",\"@id\":\"https:\/\/acrimat.org.br\/portal\/#\/schema\/person\/18df8bcf6890e924fe5d8b5afd2bec0f\"},\"headline\":\"Desenvolvimento sustent\u00e1vel da pecu\u00e1ria est\u00e1 ligado \u00e0 ado\u00e7\u00e3o de tecnologias\",\"datePublished\":\"2017-09-14T13:14:37+00:00\",\"dateModified\":\"2017-09-15T12:33:45+00:00\",\"mainEntityOfPage\":{\"@id\":\"https:\/\/acrimat.org.br\/portal\/desenvolvimento-sustentavel-da-pecuaria-esta-ligado-a-adocao-de-tecnologias\/\"},\"wordCount\":598,\"publisher\":{\"@id\":\"https:\/\/acrimat.org.br\/portal\/#organization\"},\"image\":{\"@id\":\"https:\/\/acrimat.org.br\/portal\/desenvolvimento-sustentavel-da-pecuaria-esta-ligado-a-adocao-de-tecnologias\/#primaryimage\"},\"thumbnailUrl\":\"https:\/\/acrimat.org.br\/portal\/wp-content\/uploads\/2017\/07\/ly2mf27070.jpg\",\"articleSection\":[\"Destaques\",\"Not\u00edcias\"],\"inLanguage\":\"pt-BR\"},{\"@type\":\"WebPage\",\"@id\":\"https:\/\/acrimat.org.br\/portal\/desenvolvimento-sustentavel-da-pecuaria-esta-ligado-a-adocao-de-tecnologias\/\",\"url\":\"https:\/\/acrimat.org.br\/portal\/desenvolvimento-sustentavel-da-pecuaria-esta-ligado-a-adocao-de-tecnologias\/\",\"name\":\"Desenvolvimento sustent\u00e1vel da pecu\u00e1ria est\u00e1 ligado \u00e0 ado\u00e7\u00e3o de tecnologias - Acrimat\",\"isPartOf\":{\"@id\":\"https:\/\/acrimat.org.br\/portal\/#website\"},\"primaryImageOfPage\":{\"@id\":\"https:\/\/acrimat.org.br\/portal\/desenvolvimento-sustentavel-da-pecuaria-esta-ligado-a-adocao-de-tecnologias\/#primaryimage\"},\"image\":{\"@id\":\"https:\/\/acrimat.org.br\/portal\/desenvolvimento-sustentavel-da-pecuaria-esta-ligado-a-adocao-de-tecnologias\/#primaryimage\"},\"thumbnailUrl\":\"https:\/\/acrimat.org.br\/portal\/wp-content\/uploads\/2017\/07\/ly2mf27070.jpg\",\"datePublished\":\"2017-09-14T13:14:37+00:00\",\"dateModified\":\"2017-09-15T12:33:45+00:00\",\"breadcrumb\":{\"@id\":\"https:\/\/acrimat.org.br\/portal\/desenvolvimento-sustentavel-da-pecuaria-esta-ligado-a-adocao-de-tecnologias\/#breadcrumb\"},\"inLanguage\":\"pt-BR\",\"potentialAction\":[{\"@type\":\"ReadAction\",\"target\":[\"https:\/\/acrimat.org.br\/portal\/desenvolvimento-sustentavel-da-pecuaria-esta-ligado-a-adocao-de-tecnologias\/\"]}]},{\"@type\":\"ImageObject\",\"inLanguage\":\"pt-BR\",\"@id\":\"https:\/\/acrimat.org.br\/portal\/desenvolvimento-sustentavel-da-pecuaria-esta-ligado-a-adocao-de-tecnologias\/#primaryimage\",\"url\":\"https:\/\/acrimat.org.br\/portal\/wp-content\/uploads\/2017\/07\/ly2mf27070.jpg\",\"contentUrl\":\"https:\/\/acrimat.org.br\/portal\/wp-content\/uploads\/2017\/07\/ly2mf27070.jpg\",\"width\":900,\"height\":544,\"caption\":\"Cria\u00e7\u00e3o de gado em fazendo localizada no Estado de Mato Grosso Foto: Divulga\u00e7\u00e3o\"},{\"@type\":\"BreadcrumbList\",\"@id\":\"https:\/\/acrimat.org.br\/portal\/desenvolvimento-sustentavel-da-pecuaria-esta-ligado-a-adocao-de-tecnologias\/#breadcrumb\",\"itemListElement\":[{\"@type\":\"ListItem\",\"position\":1,\"name\":\"In\u00edcio\",\"item\":\"https:\/\/acrimat.org.br\/portal\/\"},{\"@type\":\"ListItem\",\"position\":2,\"name\":\"Desenvolvimento sustent\u00e1vel da pecu\u00e1ria est\u00e1 ligado \u00e0 ado\u00e7\u00e3o de tecnologias\"}]},{\"@type\":\"WebSite\",\"@id\":\"https:\/\/acrimat.org.br\/portal\/#website\",\"url\":\"https:\/\/acrimat.org.br\/portal\/\",\"name\":\"Acrimat\",\"description\":\"Associa\u00e7\u00e3o dos Criadores de Mato Grosso\",\"publisher\":{\"@id\":\"https:\/\/acrimat.org.br\/portal\/#organization\"},\"potentialAction\":[{\"@type\":\"SearchAction\",\"target\":{\"@type\":\"EntryPoint\",\"urlTemplate\":\"https:\/\/acrimat.org.br\/portal\/?s={search_term_string}\"},\"query-input\":{\"@type\":\"PropertyValueSpecification\",\"valueRequired\":true,\"valueName\":\"search_term_string\"}}],\"inLanguage\":\"pt-BR\"},{\"@type\":\"Organization\",\"@id\":\"https:\/\/acrimat.org.br\/portal\/#organization\",\"name\":\"Associa\u00e7\u00e3o dos Criadores de Mato Grosso\",\"url\":\"https:\/\/acrimat.org.br\/portal\/\",\"logo\":{\"@type\":\"ImageObject\",\"inLanguage\":\"pt-BR\",\"@id\":\"https:\/\/acrimat.org.br\/portal\/#\/schema\/logo\/image\/\",\"url\":\"https:\/\/acrimat.org.br\/portal\/wp-content\/uploads\/2018\/03\/logo-peq-original.png\",\"contentUrl\":\"https:\/\/acrimat.org.br\/portal\/wp-content\/uploads\/2018\/03\/logo-peq-original.png\",\"width\":174,\"height\":171,\"caption\":\"Associa\u00e7\u00e3o dos Criadores de Mato Grosso\"},\"image\":{\"@id\":\"https:\/\/acrimat.org.br\/portal\/#\/schema\/logo\/image\/\"}},{\"@type\":\"Person\",\"@id\":\"https:\/\/acrimat.org.br\/portal\/#\/schema\/person\/18df8bcf6890e924fe5d8b5afd2bec0f\",\"name\":\"P\u00e9ricles C\u00e2ndido\",\"image\":{\"@type\":\"ImageObject\",\"inLanguage\":\"pt-BR\",\"@id\":\"https:\/\/acrimat.org.br\/portal\/#\/schema\/person\/image\/\",\"url\":\"https:\/\/secure.gravatar.com\/avatar\/33e2a2b971dc363ed2df53d0d3bfbd18?s=96&d=mm&r=g\",\"contentUrl\":\"https:\/\/secure.gravatar.com\/avatar\/33e2a2b971dc363ed2df53d0d3bfbd18?s=96&d=mm&r=g\",\"caption\":\"P\u00e9ricles C\u00e2ndido\"},\"sameAs\":[\"ascom@acrimat.org.br\"],\"url\":\"https:\/\/acrimat.org.br\/portal\/author\/designergrafico\/\"}]}<\/script>\n<!-- \/ Yoast SEO plugin. -->","yoast_head_json":{"title":"Desenvolvimento sustent\u00e1vel da pecu\u00e1ria est\u00e1 ligado \u00e0 ado\u00e7\u00e3o de tecnologias - Acrimat","robots":{"index":"index","follow":"follow","max-snippet":"max-snippet:-1","max-image-preview":"max-image-preview:large","max-video-preview":"max-video-preview:-1"},"canonical":"https:\/\/acrimat.org.br\/portal\/desenvolvimento-sustentavel-da-pecuaria-esta-ligado-a-adocao-de-tecnologias\/","og_locale":"pt_BR","og_type":"article","og_title":"Desenvolvimento sustent\u00e1vel da pecu\u00e1ria est\u00e1 ligado \u00e0 ado\u00e7\u00e3o de tecnologias - Acrimat","og_description":"Realidade do segmento vem mudando ao longo dos \u00faltimos anos","og_url":"https:\/\/acrimat.org.br\/portal\/desenvolvimento-sustentavel-da-pecuaria-esta-ligado-a-adocao-de-tecnologias\/","og_site_name":"Acrimat","article_published_time":"2017-09-14T13:14:37+00:00","article_modified_time":"2017-09-15T12:33:45+00:00","og_image":[{"width":900,"height":544,"url":"https:\/\/acrimat.org.br\/portal\/wp-content\/uploads\/2017\/07\/ly2mf27070.jpg","type":"image\/jpeg"}],"author":"P\u00e9ricles C\u00e2ndido","twitter_card":"summary_large_image","twitter_misc":{"Escrito por":"P\u00e9ricles C\u00e2ndido","Est. tempo de leitura":"3 minutos"},"schema":{"@context":"https:\/\/schema.org","@graph":[{"@type":"Article","@id":"https:\/\/acrimat.org.br\/portal\/desenvolvimento-sustentavel-da-pecuaria-esta-ligado-a-adocao-de-tecnologias\/#article","isPartOf":{"@id":"https:\/\/acrimat.org.br\/portal\/desenvolvimento-sustentavel-da-pecuaria-esta-ligado-a-adocao-de-tecnologias\/"},"author":{"name":"P\u00e9ricles C\u00e2ndido","@id":"https:\/\/acrimat.org.br\/portal\/#\/schema\/person\/18df8bcf6890e924fe5d8b5afd2bec0f"},"headline":"Desenvolvimento sustent\u00e1vel da pecu\u00e1ria est\u00e1 ligado \u00e0 ado\u00e7\u00e3o de tecnologias","datePublished":"2017-09-14T13:14:37+00:00","dateModified":"2017-09-15T12:33:45+00:00","mainEntityOfPage":{"@id":"https:\/\/acrimat.org.br\/portal\/desenvolvimento-sustentavel-da-pecuaria-esta-ligado-a-adocao-de-tecnologias\/"},"wordCount":598,"publisher":{"@id":"https:\/\/acrimat.org.br\/portal\/#organization"},"image":{"@id":"https:\/\/acrimat.org.br\/portal\/desenvolvimento-sustentavel-da-pecuaria-esta-ligado-a-adocao-de-tecnologias\/#primaryimage"},"thumbnailUrl":"https:\/\/acrimat.org.br\/portal\/wp-content\/uploads\/2017\/07\/ly2mf27070.jpg","articleSection":["Destaques","Not\u00edcias"],"inLanguage":"pt-BR"},{"@type":"WebPage","@id":"https:\/\/acrimat.org.br\/portal\/desenvolvimento-sustentavel-da-pecuaria-esta-ligado-a-adocao-de-tecnologias\/","url":"https:\/\/acrimat.org.br\/portal\/desenvolvimento-sustentavel-da-pecuaria-esta-ligado-a-adocao-de-tecnologias\/","name":"Desenvolvimento sustent\u00e1vel da pecu\u00e1ria est\u00e1 ligado \u00e0 ado\u00e7\u00e3o de tecnologias - Acrimat","isPartOf":{"@id":"https:\/\/acrimat.org.br\/portal\/#website"},"primaryImageOfPage":{"@id":"https:\/\/acrimat.org.br\/portal\/desenvolvimento-sustentavel-da-pecuaria-esta-ligado-a-adocao-de-tecnologias\/#primaryimage"},"image":{"@id":"https:\/\/acrimat.org.br\/portal\/desenvolvimento-sustentavel-da-pecuaria-esta-ligado-a-adocao-de-tecnologias\/#primaryimage"},"thumbnailUrl":"https:\/\/acrimat.org.br\/portal\/wp-content\/uploads\/2017\/07\/ly2mf27070.jpg","datePublished":"2017-09-14T13:14:37+00:00","dateModified":"2017-09-15T12:33:45+00:00","breadcrumb":{"@id":"https:\/\/acrimat.org.br\/portal\/desenvolvimento-sustentavel-da-pecuaria-esta-ligado-a-adocao-de-tecnologias\/#breadcrumb"},"inLanguage":"pt-BR","potentialAction":[{"@type":"ReadAction","target":["https:\/\/acrimat.org.br\/portal\/desenvolvimento-sustentavel-da-pecuaria-esta-ligado-a-adocao-de-tecnologias\/"]}]},{"@type":"ImageObject","inLanguage":"pt-BR","@id":"https:\/\/acrimat.org.br\/portal\/desenvolvimento-sustentavel-da-pecuaria-esta-ligado-a-adocao-de-tecnologias\/#primaryimage","url":"https:\/\/acrimat.org.br\/portal\/wp-content\/uploads\/2017\/07\/ly2mf27070.jpg","contentUrl":"https:\/\/acrimat.org.br\/portal\/wp-content\/uploads\/2017\/07\/ly2mf27070.jpg","width":900,"height":544,"caption":"Cria\u00e7\u00e3o de gado em fazendo localizada no Estado de Mato Grosso Foto: Divulga\u00e7\u00e3o"},{"@type":"BreadcrumbList","@id":"https:\/\/acrimat.org.br\/portal\/desenvolvimento-sustentavel-da-pecuaria-esta-ligado-a-adocao-de-tecnologias\/#breadcrumb","itemListElement":[{"@type":"ListItem","position":1,"name":"In\u00edcio","item":"https:\/\/acrimat.org.br\/portal\/"},{"@type":"ListItem","position":2,"name":"Desenvolvimento sustent\u00e1vel da pecu\u00e1ria est\u00e1 ligado \u00e0 ado\u00e7\u00e3o de tecnologias"}]},{"@type":"WebSite","@id":"https:\/\/acrimat.org.br\/portal\/#website","url":"https:\/\/acrimat.org.br\/portal\/","name":"Acrimat","description":"Associa\u00e7\u00e3o dos Criadores de Mato Grosso","publisher":{"@id":"https:\/\/acrimat.org.br\/portal\/#organization"},"potentialAction":[{"@type":"SearchAction","target":{"@type":"EntryPoint","urlTemplate":"https:\/\/acrimat.org.br\/portal\/?s={search_term_string}"},"query-input":{"@type":"PropertyValueSpecification","valueRequired":true,"valueName":"search_term_string"}}],"inLanguage":"pt-BR"},{"@type":"Organization","@id":"https:\/\/acrimat.org.br\/portal\/#organization","name":"Associa\u00e7\u00e3o dos Criadores de Mato Grosso","url":"https:\/\/acrimat.org.br\/portal\/","logo":{"@type":"ImageObject","inLanguage":"pt-BR","@id":"https:\/\/acrimat.org.br\/portal\/#\/schema\/logo\/image\/","url":"https:\/\/acrimat.org.br\/portal\/wp-content\/uploads\/2018\/03\/logo-peq-original.png","contentUrl":"https:\/\/acrimat.org.br\/portal\/wp-content\/uploads\/2018\/03\/logo-peq-original.png","width":174,"height":171,"caption":"Associa\u00e7\u00e3o dos Criadores de Mato Grosso"},"image":{"@id":"https:\/\/acrimat.org.br\/portal\/#\/schema\/logo\/image\/"}},{"@type":"Person","@id":"https:\/\/acrimat.org.br\/portal\/#\/schema\/person\/18df8bcf6890e924fe5d8b5afd2bec0f","name":"P\u00e9ricles C\u00e2ndido","image":{"@type":"ImageObject","inLanguage":"pt-BR","@id":"https:\/\/acrimat.org.br\/portal\/#\/schema\/person\/image\/","url":"https:\/\/secure.gravatar.com\/avatar\/33e2a2b971dc363ed2df53d0d3bfbd18?s=96&d=mm&r=g","contentUrl":"https:\/\/secure.gravatar.com\/avatar\/33e2a2b971dc363ed2df53d0d3bfbd18?s=96&d=mm&r=g","caption":"P\u00e9ricles C\u00e2ndido"},"sameAs":["ascom@acrimat.org.br"],"url":"https:\/\/acrimat.org.br\/portal\/author\/designergrafico\/"}]}},"_links":{"self":[{"href":"https:\/\/acrimat.org.br\/portal\/wp-json\/wp\/v2\/posts\/97983556","targetHints":{"allow":["GET"]}}],"collection":[{"href":"https:\/\/acrimat.org.br\/portal\/wp-json\/wp\/v2\/posts"}],"about":[{"href":"https:\/\/acrimat.org.br\/portal\/wp-json\/wp\/v2\/types\/post"}],"author":[{"embeddable":true,"href":"https:\/\/acrimat.org.br\/portal\/wp-json\/wp\/v2\/users\/11"}],"replies":[{"embeddable":true,"href":"https:\/\/acrimat.org.br\/portal\/wp-json\/wp\/v2\/comments?post=97983556"}],"version-history":[{"count":7,"href":"https:\/\/acrimat.org.br\/portal\/wp-json\/wp\/v2\/posts\/97983556\/revisions"}],"predecessor-version":[{"id":97983570,"href":"https:\/\/acrimat.org.br\/portal\/wp-json\/wp\/v2\/posts\/97983556\/revisions\/97983570"}],"wp:featuredmedia":[{"embeddable":true,"href":"https:\/\/acrimat.org.br\/portal\/wp-json\/wp\/v2\/media\/97982877"}],"wp:attachment":[{"href":"https:\/\/acrimat.org.br\/portal\/wp-json\/wp\/v2\/media?parent=97983556"}],"wp:term":[{"taxonomy":"category","embeddable":true,"href":"https:\/\/acrimat.org.br\/portal\/wp-json\/wp\/v2\/categories?post=97983556"},{"taxonomy":"post_tag","embeddable":true,"href":"https:\/\/acrimat.org.br\/portal\/wp-json\/wp\/v2\/tags?post=97983556"}],"curies":[{"name":"wp","href":"https:\/\/api.w.org\/{rel}","templated":true}]}}