{"id":97983573,"date":"2017-09-15T10:21:45","date_gmt":"2017-09-15T13:21:45","guid":{"rendered":"http:\/\/acrimat.org.br\/portal\/?p=97983573"},"modified":"2017-09-15T10:21:45","modified_gmt":"2017-09-15T13:21:45","slug":"cade-recomenda-condenacao-de-jose-batista-junior-por-formacao-de-cartel-e-reabertura-de-inquerito-policial-em-mt","status":"publish","type":"post","link":"https:\/\/acrimat.org.br\/portal\/cade-recomenda-condenacao-de-jose-batista-junior-por-formacao-de-cartel-e-reabertura-de-inquerito-policial-em-mt\/","title":{"rendered":"Cade recomenda condena\u00e7\u00e3o de Jos\u00e9 Batista J\u00fanior por forma\u00e7\u00e3o de cartel e reabertura de inqu\u00e9rito policial em MT"},"content":{"rendered":"<div id=\"attachment_97983574\" style=\"width: 310px\" class=\"wp-caption alignright\"><a href=\"http:\/\/acrimat.org.br\/portal\/wp-content\/uploads\/2017\/09\/junior_friboi_26_0_566_370.jpg\"><img fetchpriority=\"high\" decoding=\"async\" aria-describedby=\"caption-attachment-97983574\" class=\"size-medium wp-image-97983574\" src=\"http:\/\/acrimat.org.br\/portal\/wp-content\/uploads\/2017\/09\/junior_friboi_26_0_566_370-300x196.jpg\" alt=\"\" width=\"300\" height=\"196\" srcset=\"https:\/\/acrimat.org.br\/portal\/wp-content\/uploads\/2017\/09\/junior_friboi_26_0_566_370-300x196.jpg 300w, https:\/\/acrimat.org.br\/portal\/wp-content\/uploads\/2017\/09\/junior_friboi_26_0_566_370-250x163.jpg 250w, https:\/\/acrimat.org.br\/portal\/wp-content\/uploads\/2017\/09\/junior_friboi_26_0_566_370-550x359.jpg 550w, https:\/\/acrimat.org.br\/portal\/wp-content\/uploads\/2017\/09\/junior_friboi_26_0_566_370-275x180.jpg 275w, https:\/\/acrimat.org.br\/portal\/wp-content\/uploads\/2017\/09\/junior_friboi_26_0_566_370-459x300.jpg 459w, https:\/\/acrimat.org.br\/portal\/wp-content\/uploads\/2017\/09\/junior_friboi_26_0_566_370.jpg 560w\" sizes=\"(max-width: 300px) 100vw, 300px\" \/><\/a><p id=\"caption-attachment-97983574\" class=\"wp-caption-text\">Divulga\u00e7\u00e3o<\/p><\/div>\n<p>A Superintend\u00eancia-geral do Conselho Administrativo de Defesa Econ\u00f4mica (Cade) recomendou ao tribunal do \u00f3rg\u00e3o antitruste a condena\u00e7\u00e3o de Jos\u00e9 Batista J\u00fanior e do frigor\u00edfico Independ\u00eancia em processo administrativo sobre forma\u00e7\u00e3o de cartel no mercado nacional de compra de gado para abate, de acordo com despacho no Di\u00e1rio Oficial da Uni\u00e3o desta sexta-feira.<\/p>\n<p>Batista J\u00fanior \u00e9 membro da fam\u00edlia controladora da gigante de alimentos JBS, atualmente envolvida em um grande esc\u00e2ndalo de corrup\u00e7\u00e3o e investigada em diversas opera\u00e7\u00f5es da Pol\u00edcia Federal.<\/p>\n<p>Conforme nota t\u00e9cnica no site da autarquia, ele &#8220;coordenou um cartel de compra de carne de gado bovino para abate, com fixa\u00e7\u00e3o de pre\u00e7os e divis\u00e3o de mercados, nos Estados de Mato Grosso, Mato Grosso do Sul, Minas Gerais e S\u00e3o Paulo, com a participa\u00e7\u00e3o do frigor\u00edfico Independ\u00eancia&#8221;.<\/p>\n<p>O Cade ainda encaminhar\u00e1 \u00e0 Procuradoria da Rep\u00fablica em MT e \u00e0 Superintend\u00eancia Regional da Pol\u00edcia Federal c\u00f3pias dos documentos para que &#8220;examinem a possibilidade de reabertura de inqu\u00e9rito policial&#8221;.<\/p>\n<p>A JBS n\u00e3o estava imediatamente dispon\u00edvel para coment\u00e1rio.<\/p>\n","protected":false},"excerpt":{"rendered":"<p>Conforme nota t\u00e9cnica no site da autarquia, ele &#8220;coordenou um cartel de compra de carne de gado bovino para abate, com fixa\u00e7\u00e3o de pre\u00e7os e divis\u00e3o de mercados<\/p>\n","protected":false},"author":11,"featured_media":97983574,"comment_status":"closed","ping_status":"closed","sticky":false,"template":"","format":"standard","meta":{"footnotes":""},"categories":[6,1],"tags":[],"class_list":["post-97983573","post","type-post","status-publish","format-standard","has-post-thumbnail","hentry","category-destaque","category-noticia"],"yoast_head":"<!-- This site is optimized with the Yoast SEO plugin v24.8.1 - https:\/\/yoast.com\/wordpress\/plugins\/seo\/ -->\n<title>Cade recomenda condena\u00e7\u00e3o de Jos\u00e9 Batista J\u00fanior por forma\u00e7\u00e3o de cartel e reabertura de inqu\u00e9rito policial em MT - Acrimat<\/title>\n<meta name=\"robots\" content=\"index, follow, max-snippet:-1, max-image-preview:large, max-video-preview:-1\" \/>\n<link rel=\"canonical\" href=\"https:\/\/acrimat.org.br\/portal\/cade-recomenda-condenacao-de-jose-batista-junior-por-formacao-de-cartel-e-reabertura-de-inquerito-policial-em-mt\/\" \/>\n<meta property=\"og:locale\" content=\"pt_BR\" \/>\n<meta property=\"og:type\" content=\"article\" \/>\n<meta property=\"og:title\" content=\"Cade recomenda condena\u00e7\u00e3o de Jos\u00e9 Batista J\u00fanior por forma\u00e7\u00e3o de cartel e reabertura de inqu\u00e9rito policial em MT - Acrimat\" \/>\n<meta property=\"og:description\" content=\"Conforme nota t\u00e9cnica no site da autarquia, ele &quot;coordenou um cartel de compra de carne de gado bovino para abate, com fixa\u00e7\u00e3o de pre\u00e7os e divis\u00e3o de mercados\" \/>\n<meta property=\"og:url\" content=\"https:\/\/acrimat.org.br\/portal\/cade-recomenda-condenacao-de-jose-batista-junior-por-formacao-de-cartel-e-reabertura-de-inquerito-policial-em-mt\/\" \/>\n<meta property=\"og:site_name\" content=\"Acrimat\" \/>\n<meta property=\"article:published_time\" content=\"2017-09-15T13:21:45+00:00\" \/>\n<meta property=\"og:image\" content=\"https:\/\/acrimat.org.br\/portal\/wp-content\/uploads\/2017\/09\/junior_friboi_26_0_566_370.jpg\" \/>\n\t<meta property=\"og:image:width\" content=\"560\" \/>\n\t<meta property=\"og:image:height\" content=\"366\" \/>\n\t<meta property=\"og:image:type\" content=\"image\/jpeg\" \/>\n<meta name=\"author\" content=\"P\u00e9ricles C\u00e2ndido\" \/>\n<meta name=\"twitter:card\" content=\"summary_large_image\" \/>\n<meta name=\"twitter:label1\" content=\"Escrito por\" \/>\n\t<meta name=\"twitter:data1\" content=\"P\u00e9ricles C\u00e2ndido\" \/>\n\t<meta name=\"twitter:label2\" content=\"Est. tempo de leitura\" \/>\n\t<meta name=\"twitter:data2\" content=\"1 minuto\" \/>\n<script type=\"application\/ld+json\" class=\"yoast-schema-graph\">{\"@context\":\"https:\/\/schema.org\",\"@graph\":[{\"@type\":\"Article\",\"@id\":\"https:\/\/acrimat.org.br\/portal\/cade-recomenda-condenacao-de-jose-batista-junior-por-formacao-de-cartel-e-reabertura-de-inquerito-policial-em-mt\/#article\",\"isPartOf\":{\"@id\":\"https:\/\/acrimat.org.br\/portal\/cade-recomenda-condenacao-de-jose-batista-junior-por-formacao-de-cartel-e-reabertura-de-inquerito-policial-em-mt\/\"},\"author\":{\"name\":\"P\u00e9ricles C\u00e2ndido\",\"@id\":\"https:\/\/acrimat.org.br\/portal\/#\/schema\/person\/18df8bcf6890e924fe5d8b5afd2bec0f\"},\"headline\":\"Cade recomenda condena\u00e7\u00e3o de Jos\u00e9 Batista J\u00fanior por forma\u00e7\u00e3o de cartel e reabertura de inqu\u00e9rito policial em MT\",\"datePublished\":\"2017-09-15T13:21:45+00:00\",\"mainEntityOfPage\":{\"@id\":\"https:\/\/acrimat.org.br\/portal\/cade-recomenda-condenacao-de-jose-batista-junior-por-formacao-de-cartel-e-reabertura-de-inquerito-policial-em-mt\/\"},\"wordCount\":226,\"publisher\":{\"@id\":\"https:\/\/acrimat.org.br\/portal\/#organization\"},\"image\":{\"@id\":\"https:\/\/acrimat.org.br\/portal\/cade-recomenda-condenacao-de-jose-batista-junior-por-formacao-de-cartel-e-reabertura-de-inquerito-policial-em-mt\/#primaryimage\"},\"thumbnailUrl\":\"https:\/\/acrimat.org.br\/portal\/wp-content\/uploads\/2017\/09\/junior_friboi_26_0_566_370.jpg\",\"articleSection\":[\"Destaques\",\"Not\u00edcias\"],\"inLanguage\":\"pt-BR\"},{\"@type\":\"WebPage\",\"@id\":\"https:\/\/acrimat.org.br\/portal\/cade-recomenda-condenacao-de-jose-batista-junior-por-formacao-de-cartel-e-reabertura-de-inquerito-policial-em-mt\/\",\"url\":\"https:\/\/acrimat.org.br\/portal\/cade-recomenda-condenacao-de-jose-batista-junior-por-formacao-de-cartel-e-reabertura-de-inquerito-policial-em-mt\/\",\"name\":\"Cade recomenda condena\u00e7\u00e3o de Jos\u00e9 Batista J\u00fanior por forma\u00e7\u00e3o de cartel e reabertura de inqu\u00e9rito policial em MT - Acrimat\",\"isPartOf\":{\"@id\":\"https:\/\/acrimat.org.br\/portal\/#website\"},\"primaryImageOfPage\":{\"@id\":\"https:\/\/acrimat.org.br\/portal\/cade-recomenda-condenacao-de-jose-batista-junior-por-formacao-de-cartel-e-reabertura-de-inquerito-policial-em-mt\/#primaryimage\"},\"image\":{\"@id\":\"https:\/\/acrimat.org.br\/portal\/cade-recomenda-condenacao-de-jose-batista-junior-por-formacao-de-cartel-e-reabertura-de-inquerito-policial-em-mt\/#primaryimage\"},\"thumbnailUrl\":\"https:\/\/acrimat.org.br\/portal\/wp-content\/uploads\/2017\/09\/junior_friboi_26_0_566_370.jpg\",\"datePublished\":\"2017-09-15T13:21:45+00:00\",\"breadcrumb\":{\"@id\":\"https:\/\/acrimat.org.br\/portal\/cade-recomenda-condenacao-de-jose-batista-junior-por-formacao-de-cartel-e-reabertura-de-inquerito-policial-em-mt\/#breadcrumb\"},\"inLanguage\":\"pt-BR\",\"potentialAction\":[{\"@type\":\"ReadAction\",\"target\":[\"https:\/\/acrimat.org.br\/portal\/cade-recomenda-condenacao-de-jose-batista-junior-por-formacao-de-cartel-e-reabertura-de-inquerito-policial-em-mt\/\"]}]},{\"@type\":\"ImageObject\",\"inLanguage\":\"pt-BR\",\"@id\":\"https:\/\/acrimat.org.br\/portal\/cade-recomenda-condenacao-de-jose-batista-junior-por-formacao-de-cartel-e-reabertura-de-inquerito-policial-em-mt\/#primaryimage\",\"url\":\"https:\/\/acrimat.org.br\/portal\/wp-content\/uploads\/2017\/09\/junior_friboi_26_0_566_370.jpg\",\"contentUrl\":\"https:\/\/acrimat.org.br\/portal\/wp-content\/uploads\/2017\/09\/junior_friboi_26_0_566_370.jpg\",\"width\":560,\"height\":366,\"caption\":\"Divulga\u00e7\u00e3o\"},{\"@type\":\"BreadcrumbList\",\"@id\":\"https:\/\/acrimat.org.br\/portal\/cade-recomenda-condenacao-de-jose-batista-junior-por-formacao-de-cartel-e-reabertura-de-inquerito-policial-em-mt\/#breadcrumb\",\"itemListElement\":[{\"@type\":\"ListItem\",\"position\":1,\"name\":\"In\u00edcio\",\"item\":\"https:\/\/acrimat.org.br\/portal\/\"},{\"@type\":\"ListItem\",\"position\":2,\"name\":\"Cade recomenda condena\u00e7\u00e3o de Jos\u00e9 Batista J\u00fanior por forma\u00e7\u00e3o de cartel e reabertura de inqu\u00e9rito policial em MT\"}]},{\"@type\":\"WebSite\",\"@id\":\"https:\/\/acrimat.org.br\/portal\/#website\",\"url\":\"https:\/\/acrimat.org.br\/portal\/\",\"name\":\"Acrimat\",\"description\":\"Associa\u00e7\u00e3o dos Criadores de Mato Grosso\",\"publisher\":{\"@id\":\"https:\/\/acrimat.org.br\/portal\/#organization\"},\"potentialAction\":[{\"@type\":\"SearchAction\",\"target\":{\"@type\":\"EntryPoint\",\"urlTemplate\":\"https:\/\/acrimat.org.br\/portal\/?s={search_term_string}\"},\"query-input\":{\"@type\":\"PropertyValueSpecification\",\"valueRequired\":true,\"valueName\":\"search_term_string\"}}],\"inLanguage\":\"pt-BR\"},{\"@type\":\"Organization\",\"@id\":\"https:\/\/acrimat.org.br\/portal\/#organization\",\"name\":\"Associa\u00e7\u00e3o dos Criadores de Mato Grosso\",\"url\":\"https:\/\/acrimat.org.br\/portal\/\",\"logo\":{\"@type\":\"ImageObject\",\"inLanguage\":\"pt-BR\",\"@id\":\"https:\/\/acrimat.org.br\/portal\/#\/schema\/logo\/image\/\",\"url\":\"https:\/\/acrimat.org.br\/portal\/wp-content\/uploads\/2018\/03\/logo-peq-original.png\",\"contentUrl\":\"https:\/\/acrimat.org.br\/portal\/wp-content\/uploads\/2018\/03\/logo-peq-original.png\",\"width\":174,\"height\":171,\"caption\":\"Associa\u00e7\u00e3o dos Criadores de Mato Grosso\"},\"image\":{\"@id\":\"https:\/\/acrimat.org.br\/portal\/#\/schema\/logo\/image\/\"}},{\"@type\":\"Person\",\"@id\":\"https:\/\/acrimat.org.br\/portal\/#\/schema\/person\/18df8bcf6890e924fe5d8b5afd2bec0f\",\"name\":\"P\u00e9ricles C\u00e2ndido\",\"image\":{\"@type\":\"ImageObject\",\"inLanguage\":\"pt-BR\",\"@id\":\"https:\/\/acrimat.org.br\/portal\/#\/schema\/person\/image\/\",\"url\":\"https:\/\/secure.gravatar.com\/avatar\/33e2a2b971dc363ed2df53d0d3bfbd18?s=96&d=mm&r=g\",\"contentUrl\":\"https:\/\/secure.gravatar.com\/avatar\/33e2a2b971dc363ed2df53d0d3bfbd18?s=96&d=mm&r=g\",\"caption\":\"P\u00e9ricles C\u00e2ndido\"},\"sameAs\":[\"ascom@acrimat.org.br\"],\"url\":\"https:\/\/acrimat.org.br\/portal\/author\/designergrafico\/\"}]}<\/script>\n<!-- \/ Yoast SEO plugin. -->","yoast_head_json":{"title":"Cade recomenda condena\u00e7\u00e3o de Jos\u00e9 Batista J\u00fanior por forma\u00e7\u00e3o de cartel e reabertura de inqu\u00e9rito policial em MT - Acrimat","robots":{"index":"index","follow":"follow","max-snippet":"max-snippet:-1","max-image-preview":"max-image-preview:large","max-video-preview":"max-video-preview:-1"},"canonical":"https:\/\/acrimat.org.br\/portal\/cade-recomenda-condenacao-de-jose-batista-junior-por-formacao-de-cartel-e-reabertura-de-inquerito-policial-em-mt\/","og_locale":"pt_BR","og_type":"article","og_title":"Cade recomenda condena\u00e7\u00e3o de Jos\u00e9 Batista J\u00fanior por forma\u00e7\u00e3o de cartel e reabertura de inqu\u00e9rito policial em MT - Acrimat","og_description":"Conforme nota t\u00e9cnica no site da autarquia, ele \"coordenou um cartel de compra de carne de gado bovino para abate, com fixa\u00e7\u00e3o de pre\u00e7os e divis\u00e3o de mercados","og_url":"https:\/\/acrimat.org.br\/portal\/cade-recomenda-condenacao-de-jose-batista-junior-por-formacao-de-cartel-e-reabertura-de-inquerito-policial-em-mt\/","og_site_name":"Acrimat","article_published_time":"2017-09-15T13:21:45+00:00","og_image":[{"width":560,"height":366,"url":"https:\/\/acrimat.org.br\/portal\/wp-content\/uploads\/2017\/09\/junior_friboi_26_0_566_370.jpg","type":"image\/jpeg"}],"author":"P\u00e9ricles C\u00e2ndido","twitter_card":"summary_large_image","twitter_misc":{"Escrito por":"P\u00e9ricles C\u00e2ndido","Est. tempo de leitura":"1 minuto"},"schema":{"@context":"https:\/\/schema.org","@graph":[{"@type":"Article","@id":"https:\/\/acrimat.org.br\/portal\/cade-recomenda-condenacao-de-jose-batista-junior-por-formacao-de-cartel-e-reabertura-de-inquerito-policial-em-mt\/#article","isPartOf":{"@id":"https:\/\/acrimat.org.br\/portal\/cade-recomenda-condenacao-de-jose-batista-junior-por-formacao-de-cartel-e-reabertura-de-inquerito-policial-em-mt\/"},"author":{"name":"P\u00e9ricles C\u00e2ndido","@id":"https:\/\/acrimat.org.br\/portal\/#\/schema\/person\/18df8bcf6890e924fe5d8b5afd2bec0f"},"headline":"Cade recomenda condena\u00e7\u00e3o de Jos\u00e9 Batista J\u00fanior por forma\u00e7\u00e3o de cartel e reabertura de inqu\u00e9rito policial em MT","datePublished":"2017-09-15T13:21:45+00:00","mainEntityOfPage":{"@id":"https:\/\/acrimat.org.br\/portal\/cade-recomenda-condenacao-de-jose-batista-junior-por-formacao-de-cartel-e-reabertura-de-inquerito-policial-em-mt\/"},"wordCount":226,"publisher":{"@id":"https:\/\/acrimat.org.br\/portal\/#organization"},"image":{"@id":"https:\/\/acrimat.org.br\/portal\/cade-recomenda-condenacao-de-jose-batista-junior-por-formacao-de-cartel-e-reabertura-de-inquerito-policial-em-mt\/#primaryimage"},"thumbnailUrl":"https:\/\/acrimat.org.br\/portal\/wp-content\/uploads\/2017\/09\/junior_friboi_26_0_566_370.jpg","articleSection":["Destaques","Not\u00edcias"],"inLanguage":"pt-BR"},{"@type":"WebPage","@id":"https:\/\/acrimat.org.br\/portal\/cade-recomenda-condenacao-de-jose-batista-junior-por-formacao-de-cartel-e-reabertura-de-inquerito-policial-em-mt\/","url":"https:\/\/acrimat.org.br\/portal\/cade-recomenda-condenacao-de-jose-batista-junior-por-formacao-de-cartel-e-reabertura-de-inquerito-policial-em-mt\/","name":"Cade recomenda condena\u00e7\u00e3o de Jos\u00e9 Batista J\u00fanior por forma\u00e7\u00e3o de cartel e reabertura de inqu\u00e9rito policial em MT - Acrimat","isPartOf":{"@id":"https:\/\/acrimat.org.br\/portal\/#website"},"primaryImageOfPage":{"@id":"https:\/\/acrimat.org.br\/portal\/cade-recomenda-condenacao-de-jose-batista-junior-por-formacao-de-cartel-e-reabertura-de-inquerito-policial-em-mt\/#primaryimage"},"image":{"@id":"https:\/\/acrimat.org.br\/portal\/cade-recomenda-condenacao-de-jose-batista-junior-por-formacao-de-cartel-e-reabertura-de-inquerito-policial-em-mt\/#primaryimage"},"thumbnailUrl":"https:\/\/acrimat.org.br\/portal\/wp-content\/uploads\/2017\/09\/junior_friboi_26_0_566_370.jpg","datePublished":"2017-09-15T13:21:45+00:00","breadcrumb":{"@id":"https:\/\/acrimat.org.br\/portal\/cade-recomenda-condenacao-de-jose-batista-junior-por-formacao-de-cartel-e-reabertura-de-inquerito-policial-em-mt\/#breadcrumb"},"inLanguage":"pt-BR","potentialAction":[{"@type":"ReadAction","target":["https:\/\/acrimat.org.br\/portal\/cade-recomenda-condenacao-de-jose-batista-junior-por-formacao-de-cartel-e-reabertura-de-inquerito-policial-em-mt\/"]}]},{"@type":"ImageObject","inLanguage":"pt-BR","@id":"https:\/\/acrimat.org.br\/portal\/cade-recomenda-condenacao-de-jose-batista-junior-por-formacao-de-cartel-e-reabertura-de-inquerito-policial-em-mt\/#primaryimage","url":"https:\/\/acrimat.org.br\/portal\/wp-content\/uploads\/2017\/09\/junior_friboi_26_0_566_370.jpg","contentUrl":"https:\/\/acrimat.org.br\/portal\/wp-content\/uploads\/2017\/09\/junior_friboi_26_0_566_370.jpg","width":560,"height":366,"caption":"Divulga\u00e7\u00e3o"},{"@type":"BreadcrumbList","@id":"https:\/\/acrimat.org.br\/portal\/cade-recomenda-condenacao-de-jose-batista-junior-por-formacao-de-cartel-e-reabertura-de-inquerito-policial-em-mt\/#breadcrumb","itemListElement":[{"@type":"ListItem","position":1,"name":"In\u00edcio","item":"https:\/\/acrimat.org.br\/portal\/"},{"@type":"ListItem","position":2,"name":"Cade recomenda condena\u00e7\u00e3o de Jos\u00e9 Batista J\u00fanior por forma\u00e7\u00e3o de cartel e reabertura de inqu\u00e9rito policial em MT"}]},{"@type":"WebSite","@id":"https:\/\/acrimat.org.br\/portal\/#website","url":"https:\/\/acrimat.org.br\/portal\/","name":"Acrimat","description":"Associa\u00e7\u00e3o dos Criadores de Mato Grosso","publisher":{"@id":"https:\/\/acrimat.org.br\/portal\/#organization"},"potentialAction":[{"@type":"SearchAction","target":{"@type":"EntryPoint","urlTemplate":"https:\/\/acrimat.org.br\/portal\/?s={search_term_string}"},"query-input":{"@type":"PropertyValueSpecification","valueRequired":true,"valueName":"search_term_string"}}],"inLanguage":"pt-BR"},{"@type":"Organization","@id":"https:\/\/acrimat.org.br\/portal\/#organization","name":"Associa\u00e7\u00e3o dos Criadores de Mato Grosso","url":"https:\/\/acrimat.org.br\/portal\/","logo":{"@type":"ImageObject","inLanguage":"pt-BR","@id":"https:\/\/acrimat.org.br\/portal\/#\/schema\/logo\/image\/","url":"https:\/\/acrimat.org.br\/portal\/wp-content\/uploads\/2018\/03\/logo-peq-original.png","contentUrl":"https:\/\/acrimat.org.br\/portal\/wp-content\/uploads\/2018\/03\/logo-peq-original.png","width":174,"height":171,"caption":"Associa\u00e7\u00e3o dos Criadores de Mato Grosso"},"image":{"@id":"https:\/\/acrimat.org.br\/portal\/#\/schema\/logo\/image\/"}},{"@type":"Person","@id":"https:\/\/acrimat.org.br\/portal\/#\/schema\/person\/18df8bcf6890e924fe5d8b5afd2bec0f","name":"P\u00e9ricles C\u00e2ndido","image":{"@type":"ImageObject","inLanguage":"pt-BR","@id":"https:\/\/acrimat.org.br\/portal\/#\/schema\/person\/image\/","url":"https:\/\/secure.gravatar.com\/avatar\/33e2a2b971dc363ed2df53d0d3bfbd18?s=96&d=mm&r=g","contentUrl":"https:\/\/secure.gravatar.com\/avatar\/33e2a2b971dc363ed2df53d0d3bfbd18?s=96&d=mm&r=g","caption":"P\u00e9ricles C\u00e2ndido"},"sameAs":["ascom@acrimat.org.br"],"url":"https:\/\/acrimat.org.br\/portal\/author\/designergrafico\/"}]}},"_links":{"self":[{"href":"https:\/\/acrimat.org.br\/portal\/wp-json\/wp\/v2\/posts\/97983573","targetHints":{"allow":["GET"]}}],"collection":[{"href":"https:\/\/acrimat.org.br\/portal\/wp-json\/wp\/v2\/posts"}],"about":[{"href":"https:\/\/acrimat.org.br\/portal\/wp-json\/wp\/v2\/types\/post"}],"author":[{"embeddable":true,"href":"https:\/\/acrimat.org.br\/portal\/wp-json\/wp\/v2\/users\/11"}],"replies":[{"embeddable":true,"href":"https:\/\/acrimat.org.br\/portal\/wp-json\/wp\/v2\/comments?post=97983573"}],"version-history":[{"count":3,"href":"https:\/\/acrimat.org.br\/portal\/wp-json\/wp\/v2\/posts\/97983573\/revisions"}],"predecessor-version":[{"id":97983577,"href":"https:\/\/acrimat.org.br\/portal\/wp-json\/wp\/v2\/posts\/97983573\/revisions\/97983577"}],"wp:featuredmedia":[{"embeddable":true,"href":"https:\/\/acrimat.org.br\/portal\/wp-json\/wp\/v2\/media\/97983574"}],"wp:attachment":[{"href":"https:\/\/acrimat.org.br\/portal\/wp-json\/wp\/v2\/media?parent=97983573"}],"wp:term":[{"taxonomy":"category","embeddable":true,"href":"https:\/\/acrimat.org.br\/portal\/wp-json\/wp\/v2\/categories?post=97983573"},{"taxonomy":"post_tag","embeddable":true,"href":"https:\/\/acrimat.org.br\/portal\/wp-json\/wp\/v2\/tags?post=97983573"}],"curies":[{"name":"wp","href":"https:\/\/api.w.org\/{rel}","templated":true}]}}