{"id":97983582,"date":"2017-09-15T10:32:42","date_gmt":"2017-09-15T13:32:42","guid":{"rendered":"http:\/\/acrimat.org.br\/portal\/?p=97983582"},"modified":"2017-09-15T10:33:27","modified_gmt":"2017-09-15T13:33:27","slug":"indea-mt-inicia-operacao-na-fronteira-com-a-bolivia","status":"publish","type":"post","link":"https:\/\/acrimat.org.br\/portal\/indea-mt-inicia-operacao-na-fronteira-com-a-bolivia\/","title":{"rendered":"Indea-MT inicia opera\u00e7\u00e3o na fronteira com a Bol\u00edvia"},"content":{"rendered":"<p><a href=\"http:\/\/acrimat.org.br\/portal\/wp-content\/uploads\/2017\/09\/a\u00e7\u00e3o-indea-fronteita.jpg\"><img fetchpriority=\"high\" decoding=\"async\" class=\"alignright wp-image-97983585 size-wccarousel\" src=\"http:\/\/acrimat.org.br\/portal\/wp-content\/uploads\/2017\/09\/a\u00e7\u00e3o-indea-fronteita-400x285.jpg\" alt=\"\" width=\"400\" height=\"285\" srcset=\"https:\/\/acrimat.org.br\/portal\/wp-content\/uploads\/2017\/09\/a\u00e7\u00e3o-indea-fronteita-400x285.jpg 400w, https:\/\/acrimat.org.br\/portal\/wp-content\/uploads\/2017\/09\/a\u00e7\u00e3o-indea-fronteita-210x150.jpg 210w\" sizes=\"(max-width: 400px) 100vw, 400px\" \/><\/a>O Instituto de Defesa Agropecu\u00e1ria de Mato Grosso (Indea\/MT), ligado \u00e0 Secretaria de Desenvolvimento Econ\u00f4mico (Sedec), deu in\u00edcio ao programa de vigil\u00e2ncia veterin\u00e1ria e fiscaliza\u00e7\u00e3o do tr\u00e2nsito na \u00e1rea da fronteira com a Bol\u00edvia nesta ter\u00e7a (12.09), em C\u00e1ceres (cerca de 230 km de Cuiab\u00e1). A solenidade contou com a presen\u00e7a de diversas entidades como: a Famato, a Acrimat, a Fabov, a Agasan (Bol\u00edvia), o Sindicato Rural de C\u00e1ceres, entre outros.<\/p>\n<p>Ainda durante a ocasi\u00e3o, o Indea\/MT realizou a entrega de seis caminhonetes por meio do conv\u00eanio firmado com o Minist\u00e9rio de Agricultura, Pecu\u00e1ria e Abastecimento (MAPA), seis kits de atendimentos \u00e0s doen\u00e7as de notifica\u00e7\u00e3o obrigat\u00f3ria, al\u00e9m de 12 computadores novos adquiridos atrav\u00e9s do conv\u00eanio com o Fundo Emergencial de Sa\u00fade Animal de Mato Grosso (Fesa\/MT).<\/p>\n<p>Inovador, o plano de a\u00e7\u00e3o, idealizado pela equipe t\u00e9cnica do Indea, consiste no acompanhamento de embarque e desembarque de bovinos em estabelecimentos rurais, \u00e1reas de posse e reservas ind\u00edgenas localizadas na faixa de 15 km da fronteira de Mato Grosso com a Bol\u00edvia. C\u00e1ceres, Pontes e Lacerda, Porto Esperidi\u00e3o e Vila Bela da Sant\u00edssima Trindade comp\u00f5em o grupo de munic\u00edpios contemplados com o programa. O objetivo da opera\u00e7\u00e3o \u00e9 reduzir o risco de introdu\u00e7\u00e3o e\/ou instala\u00e7\u00e3o de doen\u00e7as ex\u00f3ticas e pragas quarenten\u00e1rias j\u00e1 erradicadas no territ\u00f3rio mato-grossense.<\/p>\n<p>Para aumentar a efic\u00e1cia da fiscaliza\u00e7\u00e3o do tr\u00e2nsito de animais, quatro equipes de barreiras volantes atuar\u00e3o permanentemente na \u00e1rea fronteiri\u00e7a. As barreiras sanit\u00e1rias do Corixinha, do Avi\u00e3o Ca\u00eddo, Las Petas, Fortuna, Ponto do Aterro e Marphil funcionar\u00e3o como base de apoio para as equipes de vigil\u00e2ncia sanit\u00e1ria e de barreira volante, substituindo a fiscaliza\u00e7\u00e3o permanente. A barreira do Corixa continuar\u00e1 com o antigo esquema de barreira fixa.<\/p>\n<p>\u201cEssa a\u00e7\u00e3o \u00e9 uma evolu\u00e7\u00e3o dos trabalhos das atividades que eram realizados h\u00e1 10 anos na fronteira. Agora, ao inv\u00e9s das barreiras sanit\u00e1rias fixas durante todo o ano, passamos a ter barreiras volantes que conseguem ter mais mobilidade e, com isso, maior alcance e efic\u00e1cia no servi\u00e7o\u201d, explicou o presidente do Indea\/MT, Guilherme Nolasco que destacou ainda que cada barreira disp\u00f5e de um telefone m\u00f3vel com internet para facilitar a comunica\u00e7\u00e3o das equipes envolvidas com os produtores rurais, otimizando os agendamentos para o embarque e desembarque dos animais.<\/p>\n<p>O gestor tamb\u00e9m ressaltou que durante a a\u00e7\u00e3o n\u00e3o haver\u00e1 obrigatoriedade de atingir os 100% das ocorr\u00eancias, mas que o \u00f3rg\u00e3o estadual est\u00e1 monitorando via sistema todo o territ\u00f3rio de fronteira.<\/p>\n","protected":false},"excerpt":{"rendered":"<p>Solenidade contou com a presen\u00e7a de diversas entidades como: a Famato, a Acrimat, a Fabov, a Agasan (Bol\u00edvia), o Sindicato Rural de C\u00e1ceres, entre outros<\/p>\n","protected":false},"author":11,"featured_media":97983583,"comment_status":"closed","ping_status":"closed","sticky":false,"template":"","format":"standard","meta":{"footnotes":""},"categories":[6,1],"tags":[],"class_list":["post-97983582","post","type-post","status-publish","format-standard","has-post-thumbnail","hentry","category-destaque","category-noticia"],"yoast_head":"<!-- This site is optimized with the Yoast SEO plugin v24.8.1 - https:\/\/yoast.com\/wordpress\/plugins\/seo\/ -->\n<title>Indea-MT inicia opera\u00e7\u00e3o na fronteira com a Bol\u00edvia - Acrimat<\/title>\n<meta name=\"robots\" content=\"index, follow, max-snippet:-1, max-image-preview:large, max-video-preview:-1\" \/>\n<link rel=\"canonical\" href=\"https:\/\/acrimat.org.br\/portal\/indea-mt-inicia-operacao-na-fronteira-com-a-bolivia\/\" \/>\n<meta property=\"og:locale\" content=\"pt_BR\" \/>\n<meta property=\"og:type\" content=\"article\" \/>\n<meta property=\"og:title\" content=\"Indea-MT inicia opera\u00e7\u00e3o na fronteira com a Bol\u00edvia - Acrimat\" \/>\n<meta property=\"og:description\" content=\"Solenidade contou com a presen\u00e7a de diversas entidades como: a Famato, a Acrimat, a Fabov, a Agasan (Bol\u00edvia), o Sindicato Rural de C\u00e1ceres, entre outros\" \/>\n<meta property=\"og:url\" content=\"https:\/\/acrimat.org.br\/portal\/indea-mt-inicia-operacao-na-fronteira-com-a-bolivia\/\" \/>\n<meta property=\"og:site_name\" content=\"Acrimat\" \/>\n<meta property=\"article:published_time\" content=\"2017-09-15T13:32:42+00:00\" \/>\n<meta property=\"article:modified_time\" content=\"2017-09-15T13:33:27+00:00\" \/>\n<meta property=\"og:image\" content=\"https:\/\/acrimat.org.br\/portal\/wp-content\/uploads\/2017\/09\/indea-fronteira.jpg\" \/>\n\t<meta property=\"og:image:width\" content=\"960\" \/>\n\t<meta property=\"og:image:height\" content=\"977\" \/>\n\t<meta property=\"og:image:type\" content=\"image\/jpeg\" \/>\n<meta name=\"author\" content=\"P\u00e9ricles C\u00e2ndido\" \/>\n<meta name=\"twitter:card\" content=\"summary_large_image\" \/>\n<meta name=\"twitter:label1\" content=\"Escrito por\" \/>\n\t<meta name=\"twitter:data1\" content=\"P\u00e9ricles C\u00e2ndido\" \/>\n\t<meta name=\"twitter:label2\" content=\"Est. tempo de leitura\" \/>\n\t<meta name=\"twitter:data2\" content=\"2 minutos\" \/>\n<script type=\"application\/ld+json\" class=\"yoast-schema-graph\">{\"@context\":\"https:\/\/schema.org\",\"@graph\":[{\"@type\":\"Article\",\"@id\":\"https:\/\/acrimat.org.br\/portal\/indea-mt-inicia-operacao-na-fronteira-com-a-bolivia\/#article\",\"isPartOf\":{\"@id\":\"https:\/\/acrimat.org.br\/portal\/indea-mt-inicia-operacao-na-fronteira-com-a-bolivia\/\"},\"author\":{\"name\":\"P\u00e9ricles C\u00e2ndido\",\"@id\":\"https:\/\/acrimat.org.br\/portal\/#\/schema\/person\/18df8bcf6890e924fe5d8b5afd2bec0f\"},\"headline\":\"Indea-MT inicia opera\u00e7\u00e3o na fronteira com a Bol\u00edvia\",\"datePublished\":\"2017-09-15T13:32:42+00:00\",\"dateModified\":\"2017-09-15T13:33:27+00:00\",\"mainEntityOfPage\":{\"@id\":\"https:\/\/acrimat.org.br\/portal\/indea-mt-inicia-operacao-na-fronteira-com-a-bolivia\/\"},\"wordCount\":472,\"publisher\":{\"@id\":\"https:\/\/acrimat.org.br\/portal\/#organization\"},\"image\":{\"@id\":\"https:\/\/acrimat.org.br\/portal\/indea-mt-inicia-operacao-na-fronteira-com-a-bolivia\/#primaryimage\"},\"thumbnailUrl\":\"https:\/\/acrimat.org.br\/portal\/wp-content\/uploads\/2017\/09\/indea-fronteira.jpg\",\"articleSection\":[\"Destaques\",\"Not\u00edcias\"],\"inLanguage\":\"pt-BR\"},{\"@type\":\"WebPage\",\"@id\":\"https:\/\/acrimat.org.br\/portal\/indea-mt-inicia-operacao-na-fronteira-com-a-bolivia\/\",\"url\":\"https:\/\/acrimat.org.br\/portal\/indea-mt-inicia-operacao-na-fronteira-com-a-bolivia\/\",\"name\":\"Indea-MT inicia opera\u00e7\u00e3o na fronteira com a Bol\u00edvia - Acrimat\",\"isPartOf\":{\"@id\":\"https:\/\/acrimat.org.br\/portal\/#website\"},\"primaryImageOfPage\":{\"@id\":\"https:\/\/acrimat.org.br\/portal\/indea-mt-inicia-operacao-na-fronteira-com-a-bolivia\/#primaryimage\"},\"image\":{\"@id\":\"https:\/\/acrimat.org.br\/portal\/indea-mt-inicia-operacao-na-fronteira-com-a-bolivia\/#primaryimage\"},\"thumbnailUrl\":\"https:\/\/acrimat.org.br\/portal\/wp-content\/uploads\/2017\/09\/indea-fronteira.jpg\",\"datePublished\":\"2017-09-15T13:32:42+00:00\",\"dateModified\":\"2017-09-15T13:33:27+00:00\",\"breadcrumb\":{\"@id\":\"https:\/\/acrimat.org.br\/portal\/indea-mt-inicia-operacao-na-fronteira-com-a-bolivia\/#breadcrumb\"},\"inLanguage\":\"pt-BR\",\"potentialAction\":[{\"@type\":\"ReadAction\",\"target\":[\"https:\/\/acrimat.org.br\/portal\/indea-mt-inicia-operacao-na-fronteira-com-a-bolivia\/\"]}]},{\"@type\":\"ImageObject\",\"inLanguage\":\"pt-BR\",\"@id\":\"https:\/\/acrimat.org.br\/portal\/indea-mt-inicia-operacao-na-fronteira-com-a-bolivia\/#primaryimage\",\"url\":\"https:\/\/acrimat.org.br\/portal\/wp-content\/uploads\/2017\/09\/indea-fronteira.jpg\",\"contentUrl\":\"https:\/\/acrimat.org.br\/portal\/wp-content\/uploads\/2017\/09\/indea-fronteira.jpg\",\"width\":960,\"height\":977},{\"@type\":\"BreadcrumbList\",\"@id\":\"https:\/\/acrimat.org.br\/portal\/indea-mt-inicia-operacao-na-fronteira-com-a-bolivia\/#breadcrumb\",\"itemListElement\":[{\"@type\":\"ListItem\",\"position\":1,\"name\":\"In\u00edcio\",\"item\":\"https:\/\/acrimat.org.br\/portal\/\"},{\"@type\":\"ListItem\",\"position\":2,\"name\":\"Indea-MT inicia opera\u00e7\u00e3o na fronteira com a Bol\u00edvia\"}]},{\"@type\":\"WebSite\",\"@id\":\"https:\/\/acrimat.org.br\/portal\/#website\",\"url\":\"https:\/\/acrimat.org.br\/portal\/\",\"name\":\"Acrimat\",\"description\":\"Associa\u00e7\u00e3o dos Criadores de Mato Grosso\",\"publisher\":{\"@id\":\"https:\/\/acrimat.org.br\/portal\/#organization\"},\"potentialAction\":[{\"@type\":\"SearchAction\",\"target\":{\"@type\":\"EntryPoint\",\"urlTemplate\":\"https:\/\/acrimat.org.br\/portal\/?s={search_term_string}\"},\"query-input\":{\"@type\":\"PropertyValueSpecification\",\"valueRequired\":true,\"valueName\":\"search_term_string\"}}],\"inLanguage\":\"pt-BR\"},{\"@type\":\"Organization\",\"@id\":\"https:\/\/acrimat.org.br\/portal\/#organization\",\"name\":\"Associa\u00e7\u00e3o dos Criadores de Mato Grosso\",\"url\":\"https:\/\/acrimat.org.br\/portal\/\",\"logo\":{\"@type\":\"ImageObject\",\"inLanguage\":\"pt-BR\",\"@id\":\"https:\/\/acrimat.org.br\/portal\/#\/schema\/logo\/image\/\",\"url\":\"https:\/\/acrimat.org.br\/portal\/wp-content\/uploads\/2018\/03\/logo-peq-original.png\",\"contentUrl\":\"https:\/\/acrimat.org.br\/portal\/wp-content\/uploads\/2018\/03\/logo-peq-original.png\",\"width\":174,\"height\":171,\"caption\":\"Associa\u00e7\u00e3o dos Criadores de Mato Grosso\"},\"image\":{\"@id\":\"https:\/\/acrimat.org.br\/portal\/#\/schema\/logo\/image\/\"}},{\"@type\":\"Person\",\"@id\":\"https:\/\/acrimat.org.br\/portal\/#\/schema\/person\/18df8bcf6890e924fe5d8b5afd2bec0f\",\"name\":\"P\u00e9ricles C\u00e2ndido\",\"image\":{\"@type\":\"ImageObject\",\"inLanguage\":\"pt-BR\",\"@id\":\"https:\/\/acrimat.org.br\/portal\/#\/schema\/person\/image\/\",\"url\":\"https:\/\/secure.gravatar.com\/avatar\/33e2a2b971dc363ed2df53d0d3bfbd18?s=96&d=mm&r=g\",\"contentUrl\":\"https:\/\/secure.gravatar.com\/avatar\/33e2a2b971dc363ed2df53d0d3bfbd18?s=96&d=mm&r=g\",\"caption\":\"P\u00e9ricles C\u00e2ndido\"},\"sameAs\":[\"ascom@acrimat.org.br\"],\"url\":\"https:\/\/acrimat.org.br\/portal\/author\/designergrafico\/\"}]}<\/script>\n<!-- \/ Yoast SEO plugin. -->","yoast_head_json":{"title":"Indea-MT inicia opera\u00e7\u00e3o na fronteira com a Bol\u00edvia - Acrimat","robots":{"index":"index","follow":"follow","max-snippet":"max-snippet:-1","max-image-preview":"max-image-preview:large","max-video-preview":"max-video-preview:-1"},"canonical":"https:\/\/acrimat.org.br\/portal\/indea-mt-inicia-operacao-na-fronteira-com-a-bolivia\/","og_locale":"pt_BR","og_type":"article","og_title":"Indea-MT inicia opera\u00e7\u00e3o na fronteira com a Bol\u00edvia - Acrimat","og_description":"Solenidade contou com a presen\u00e7a de diversas entidades como: a Famato, a Acrimat, a Fabov, a Agasan (Bol\u00edvia), o Sindicato Rural de C\u00e1ceres, entre outros","og_url":"https:\/\/acrimat.org.br\/portal\/indea-mt-inicia-operacao-na-fronteira-com-a-bolivia\/","og_site_name":"Acrimat","article_published_time":"2017-09-15T13:32:42+00:00","article_modified_time":"2017-09-15T13:33:27+00:00","og_image":[{"width":960,"height":977,"url":"https:\/\/acrimat.org.br\/portal\/wp-content\/uploads\/2017\/09\/indea-fronteira.jpg","type":"image\/jpeg"}],"author":"P\u00e9ricles C\u00e2ndido","twitter_card":"summary_large_image","twitter_misc":{"Escrito por":"P\u00e9ricles C\u00e2ndido","Est. tempo de leitura":"2 minutos"},"schema":{"@context":"https:\/\/schema.org","@graph":[{"@type":"Article","@id":"https:\/\/acrimat.org.br\/portal\/indea-mt-inicia-operacao-na-fronteira-com-a-bolivia\/#article","isPartOf":{"@id":"https:\/\/acrimat.org.br\/portal\/indea-mt-inicia-operacao-na-fronteira-com-a-bolivia\/"},"author":{"name":"P\u00e9ricles C\u00e2ndido","@id":"https:\/\/acrimat.org.br\/portal\/#\/schema\/person\/18df8bcf6890e924fe5d8b5afd2bec0f"},"headline":"Indea-MT inicia opera\u00e7\u00e3o na fronteira com a Bol\u00edvia","datePublished":"2017-09-15T13:32:42+00:00","dateModified":"2017-09-15T13:33:27+00:00","mainEntityOfPage":{"@id":"https:\/\/acrimat.org.br\/portal\/indea-mt-inicia-operacao-na-fronteira-com-a-bolivia\/"},"wordCount":472,"publisher":{"@id":"https:\/\/acrimat.org.br\/portal\/#organization"},"image":{"@id":"https:\/\/acrimat.org.br\/portal\/indea-mt-inicia-operacao-na-fronteira-com-a-bolivia\/#primaryimage"},"thumbnailUrl":"https:\/\/acrimat.org.br\/portal\/wp-content\/uploads\/2017\/09\/indea-fronteira.jpg","articleSection":["Destaques","Not\u00edcias"],"inLanguage":"pt-BR"},{"@type":"WebPage","@id":"https:\/\/acrimat.org.br\/portal\/indea-mt-inicia-operacao-na-fronteira-com-a-bolivia\/","url":"https:\/\/acrimat.org.br\/portal\/indea-mt-inicia-operacao-na-fronteira-com-a-bolivia\/","name":"Indea-MT inicia opera\u00e7\u00e3o na fronteira com a Bol\u00edvia - Acrimat","isPartOf":{"@id":"https:\/\/acrimat.org.br\/portal\/#website"},"primaryImageOfPage":{"@id":"https:\/\/acrimat.org.br\/portal\/indea-mt-inicia-operacao-na-fronteira-com-a-bolivia\/#primaryimage"},"image":{"@id":"https:\/\/acrimat.org.br\/portal\/indea-mt-inicia-operacao-na-fronteira-com-a-bolivia\/#primaryimage"},"thumbnailUrl":"https:\/\/acrimat.org.br\/portal\/wp-content\/uploads\/2017\/09\/indea-fronteira.jpg","datePublished":"2017-09-15T13:32:42+00:00","dateModified":"2017-09-15T13:33:27+00:00","breadcrumb":{"@id":"https:\/\/acrimat.org.br\/portal\/indea-mt-inicia-operacao-na-fronteira-com-a-bolivia\/#breadcrumb"},"inLanguage":"pt-BR","potentialAction":[{"@type":"ReadAction","target":["https:\/\/acrimat.org.br\/portal\/indea-mt-inicia-operacao-na-fronteira-com-a-bolivia\/"]}]},{"@type":"ImageObject","inLanguage":"pt-BR","@id":"https:\/\/acrimat.org.br\/portal\/indea-mt-inicia-operacao-na-fronteira-com-a-bolivia\/#primaryimage","url":"https:\/\/acrimat.org.br\/portal\/wp-content\/uploads\/2017\/09\/indea-fronteira.jpg","contentUrl":"https:\/\/acrimat.org.br\/portal\/wp-content\/uploads\/2017\/09\/indea-fronteira.jpg","width":960,"height":977},{"@type":"BreadcrumbList","@id":"https:\/\/acrimat.org.br\/portal\/indea-mt-inicia-operacao-na-fronteira-com-a-bolivia\/#breadcrumb","itemListElement":[{"@type":"ListItem","position":1,"name":"In\u00edcio","item":"https:\/\/acrimat.org.br\/portal\/"},{"@type":"ListItem","position":2,"name":"Indea-MT inicia opera\u00e7\u00e3o na fronteira com a Bol\u00edvia"}]},{"@type":"WebSite","@id":"https:\/\/acrimat.org.br\/portal\/#website","url":"https:\/\/acrimat.org.br\/portal\/","name":"Acrimat","description":"Associa\u00e7\u00e3o dos Criadores de Mato Grosso","publisher":{"@id":"https:\/\/acrimat.org.br\/portal\/#organization"},"potentialAction":[{"@type":"SearchAction","target":{"@type":"EntryPoint","urlTemplate":"https:\/\/acrimat.org.br\/portal\/?s={search_term_string}"},"query-input":{"@type":"PropertyValueSpecification","valueRequired":true,"valueName":"search_term_string"}}],"inLanguage":"pt-BR"},{"@type":"Organization","@id":"https:\/\/acrimat.org.br\/portal\/#organization","name":"Associa\u00e7\u00e3o dos Criadores de Mato Grosso","url":"https:\/\/acrimat.org.br\/portal\/","logo":{"@type":"ImageObject","inLanguage":"pt-BR","@id":"https:\/\/acrimat.org.br\/portal\/#\/schema\/logo\/image\/","url":"https:\/\/acrimat.org.br\/portal\/wp-content\/uploads\/2018\/03\/logo-peq-original.png","contentUrl":"https:\/\/acrimat.org.br\/portal\/wp-content\/uploads\/2018\/03\/logo-peq-original.png","width":174,"height":171,"caption":"Associa\u00e7\u00e3o dos Criadores de Mato Grosso"},"image":{"@id":"https:\/\/acrimat.org.br\/portal\/#\/schema\/logo\/image\/"}},{"@type":"Person","@id":"https:\/\/acrimat.org.br\/portal\/#\/schema\/person\/18df8bcf6890e924fe5d8b5afd2bec0f","name":"P\u00e9ricles C\u00e2ndido","image":{"@type":"ImageObject","inLanguage":"pt-BR","@id":"https:\/\/acrimat.org.br\/portal\/#\/schema\/person\/image\/","url":"https:\/\/secure.gravatar.com\/avatar\/33e2a2b971dc363ed2df53d0d3bfbd18?s=96&d=mm&r=g","contentUrl":"https:\/\/secure.gravatar.com\/avatar\/33e2a2b971dc363ed2df53d0d3bfbd18?s=96&d=mm&r=g","caption":"P\u00e9ricles C\u00e2ndido"},"sameAs":["ascom@acrimat.org.br"],"url":"https:\/\/acrimat.org.br\/portal\/author\/designergrafico\/"}]}},"_links":{"self":[{"href":"https:\/\/acrimat.org.br\/portal\/wp-json\/wp\/v2\/posts\/97983582","targetHints":{"allow":["GET"]}}],"collection":[{"href":"https:\/\/acrimat.org.br\/portal\/wp-json\/wp\/v2\/posts"}],"about":[{"href":"https:\/\/acrimat.org.br\/portal\/wp-json\/wp\/v2\/types\/post"}],"author":[{"embeddable":true,"href":"https:\/\/acrimat.org.br\/portal\/wp-json\/wp\/v2\/users\/11"}],"replies":[{"embeddable":true,"href":"https:\/\/acrimat.org.br\/portal\/wp-json\/wp\/v2\/comments?post=97983582"}],"version-history":[{"count":3,"href":"https:\/\/acrimat.org.br\/portal\/wp-json\/wp\/v2\/posts\/97983582\/revisions"}],"predecessor-version":[{"id":97983587,"href":"https:\/\/acrimat.org.br\/portal\/wp-json\/wp\/v2\/posts\/97983582\/revisions\/97983587"}],"wp:featuredmedia":[{"embeddable":true,"href":"https:\/\/acrimat.org.br\/portal\/wp-json\/wp\/v2\/media\/97983583"}],"wp:attachment":[{"href":"https:\/\/acrimat.org.br\/portal\/wp-json\/wp\/v2\/media?parent=97983582"}],"wp:term":[{"taxonomy":"category","embeddable":true,"href":"https:\/\/acrimat.org.br\/portal\/wp-json\/wp\/v2\/categories?post=97983582"},{"taxonomy":"post_tag","embeddable":true,"href":"https:\/\/acrimat.org.br\/portal\/wp-json\/wp\/v2\/tags?post=97983582"}],"curies":[{"name":"wp","href":"https:\/\/api.w.org\/{rel}","templated":true}]}}