{"id":97983608,"date":"2017-09-18T10:46:36","date_gmt":"2017-09-18T13:46:36","guid":{"rendered":"http:\/\/acrimat.org.br\/portal\/?p=97983608"},"modified":"2017-09-19T09:58:12","modified_gmt":"2017-09-19T12:58:12","slug":"em-ritmo-de-expansao-marfrig-vai-arrendar-mais-duas-plantas-em-mt","status":"publish","type":"post","link":"https:\/\/acrimat.org.br\/portal\/em-ritmo-de-expansao-marfrig-vai-arrendar-mais-duas-plantas-em-mt\/","title":{"rendered":"Em ritmo de expans\u00e3o, Marfrig vai arrendar mais duas plantas em MT"},"content":{"rendered":"<p><a href=\"http:\/\/acrimat.org.br\/portal\/wp-content\/uploads\/2017\/09\/arte18agr-121-marfrig-b12.jpg\"><img fetchpriority=\"high\" decoding=\"async\" class=\"size-medium wp-image-97983609 alignright\" src=\"http:\/\/acrimat.org.br\/portal\/wp-content\/uploads\/2017\/09\/arte18agr-121-marfrig-b12-229x300.jpg\" alt=\"\" width=\"229\" height=\"300\" srcset=\"https:\/\/acrimat.org.br\/portal\/wp-content\/uploads\/2017\/09\/arte18agr-121-marfrig-b12-229x300.jpg 229w, https:\/\/acrimat.org.br\/portal\/wp-content\/uploads\/2017\/09\/arte18agr-121-marfrig-b12-250x327.jpg 250w, https:\/\/acrimat.org.br\/portal\/wp-content\/uploads\/2017\/09\/arte18agr-121-marfrig-b12-550x720.jpg 550w, https:\/\/acrimat.org.br\/portal\/wp-content\/uploads\/2017\/09\/arte18agr-121-marfrig-b12-137x180.jpg 137w, https:\/\/acrimat.org.br\/portal\/wp-content\/uploads\/2017\/09\/arte18agr-121-marfrig-b12-382x500.jpg 382w, https:\/\/acrimat.org.br\/portal\/wp-content\/uploads\/2017\/09\/arte18agr-121-marfrig-b12.jpg 755w\" sizes=\"(max-width: 229px) 100vw, 229px\" \/><\/a>A Marfrig est\u00e1 em fase final de negocia\u00e7\u00f5es para arrendar mais dois frigor\u00edficos em Mato Grosso. O Valor apurou que a maior delas, com capacidade para abater 1,5 mil cabe\u00e7as de gado por dia, est\u00e1 localizada no munic\u00edpio de Monte Verde, enquanto a segunda, com capacidade para mil animais por dia, fica em Pontes e Lacerda. A expectativa \u00e9 que as tratativas sejam definidas at\u00e9 a semana que vem.<\/p>\n<p>Fontes do segmento afirmaram que ambas pertenciam no passado \u00e0 Frigoalta &#8211; que depois diversificou as opera\u00e7\u00f5es e se tornou a Arantes Alimentos, que pediu recupera\u00e7\u00e3o judicial em 2009. As duas unidades estavam sendo arrendadas pela JBS. Procurada, a Marfrig n\u00e3o confirmou as informa\u00e7\u00f5es. Apenas afirmou, por meio de sua assessoria de imprensa, &#8220;que est\u00e1 analisando a possibilidade de abertura de novas unidades frigor\u00edficas em Mato Grosso&#8221;.<\/p>\n<p>A empresa vem aproveitando o ciclo de oferta mais ampla na pecu\u00e1ria e oportunidades abertas pelas turbul\u00eancias em torno da JBS para ampliar seus abates de bovinos no pa\u00eds. No in\u00edcio desta semana, por exemplo, reabriu uma unidade no munic\u00edpio de Parana\u00edba, em Mato Grosso do Sul, que tem capacidade para abater cerca de 700 cabe\u00e7as por dia.<\/p>\n<p>No in\u00edcio de julho, a Marfrig j\u00e1 havia anunciado a reabertura de seus frigor\u00edficos em Piren\u00f3polis (GO) e Nova Xavantina (MT) e a amplia\u00e7\u00e3o dos abates em outras quatro unidades localizadas nos Estados de Goi\u00e1s, Par\u00e1, Mato Grosso e Rond\u00f4nia. No total, estima-se que a companhia tenham ampliado sua capacidade de abate em cerca de 50% nos \u00faltimos meses.<\/p>\n<p>No total, a companhia tem 47 plantas de processamento, centros de distribui\u00e7\u00e3o e escrit\u00f3rios no Brasil e em 11 outros pa\u00edses. Tem capacidade anual de produ\u00e7\u00e3o de quase 1 milh\u00e3o de toneladas de alimentos industrializados e de processamento de 5 milh\u00f5es de cabe\u00e7as de gado, quase 500 milh\u00f5es de frangos, 8,8 milh\u00f5es de perus e 3 milh\u00f5es de ovinos. Encerrou o segundo trimestre com receita l\u00edquida consolidada de R$ 4,3 bilh\u00f5es.<\/p>\n<p>Ricardo Hoefel Rezende, diretor de pecu\u00e1ria da Sociedade Rural do Paran\u00e1 (SRB), observa que n\u00e3o s\u00e3o apenas os concorrentes de grande porte da JBS que est\u00e3o se mexendo &#8211; a Minerva tamb\u00e9m ampliou os abates nos \u00faltimos meses. Grupos menores que haviam deixado os abates durante a acelerada consolida\u00e7\u00e3o dos \u00faltimos est\u00e3o reabrindo unidades, sobretudo em Mato Grosso, Estado que lidera a produ\u00e7\u00e3o de carne bovina no pa\u00eds.<\/p>\n<p>Mesmo o governo federal come\u00e7a a incentivar a abertura de unidades. Na semana passada, o presidente Michel Temer e o ministro da Agricultura, Blairo Maggi, confirmaram a libera\u00e7\u00e3o de recursos para a constru\u00e7\u00e3o de um frigor\u00edfico em Figueir\u00e3o (MS). O projeto tem o apoio dos governos municipal e estadual.<\/p>\n<p>Rezende e outros pecuaristas veem essa &#8220;desconcentra\u00e7\u00e3o&#8221; em curso bom bons olhos, j\u00e1 que o mercado se tornou muito dependente dos movimentos dos grandes frigor\u00edficos &#8211; da JBS sobretudo, mas tamb\u00e9m de Marfrig e Minerva &#8211; nos \u00faltimos anos. Na semana passada, por exemplo, as vendas voltaram a ficar paralisadas por causa das turbul\u00eancias na gest\u00e3o da JBS ap\u00f3s a pris\u00e3o preventiva do CEO Wesley Batista.<\/p>\n<p>Como a empresa definiu no fim de semana como ficar\u00e1 sua gest\u00e3o com a aus\u00eancia de Wesley, a expectativa \u00e9 que o mercado volte gradualmente ao normal nos pr\u00f3ximos dias. Na sexta-feira, a paralisia continuava. A pr\u00f3pria JBS chegou a fazer ofertas para comprar bois em algumas pra\u00e7as, mas enfrentou dificuldades para fechar neg\u00f3cios devido \u00e0 desconfian\u00e7a dos fornecedores.<\/p>\n","protected":false},"excerpt":{"rendered":"<p>O Valor apurou que a maior delas, com capacidade para abater 1,5 mil cabe\u00e7as de gado por dia, est\u00e1 localizada no munic\u00edpio de Monte Verde, enquanto a segunda, com capacidade para mil animais por dia, fica em Pontes e Lacerda<\/p>\n","protected":false},"author":11,"featured_media":0,"comment_status":"closed","ping_status":"closed","sticky":false,"template":"","format":"standard","meta":{"footnotes":""},"categories":[6,1],"tags":[],"class_list":["post-97983608","post","type-post","status-publish","format-standard","hentry","category-destaque","category-noticia"],"yoast_head":"<!-- This site is optimized with the Yoast SEO plugin v24.8.1 - https:\/\/yoast.com\/wordpress\/plugins\/seo\/ -->\n<title>Em ritmo de expans\u00e3o, Marfrig vai arrendar mais duas plantas em MT - Acrimat<\/title>\n<meta name=\"robots\" content=\"index, follow, max-snippet:-1, max-image-preview:large, max-video-preview:-1\" \/>\n<link rel=\"canonical\" href=\"https:\/\/acrimat.org.br\/portal\/em-ritmo-de-expansao-marfrig-vai-arrendar-mais-duas-plantas-em-mt\/\" \/>\n<meta property=\"og:locale\" content=\"pt_BR\" \/>\n<meta property=\"og:type\" content=\"article\" \/>\n<meta property=\"og:title\" content=\"Em ritmo de expans\u00e3o, Marfrig vai arrendar mais duas plantas em MT - Acrimat\" \/>\n<meta property=\"og:description\" content=\"O Valor apurou que a maior delas, com capacidade para abater 1,5 mil cabe\u00e7as de gado por dia, est\u00e1 localizada no munic\u00edpio de Monte Verde, enquanto a segunda, com capacidade para mil animais por dia, fica em Pontes e Lacerda\" \/>\n<meta property=\"og:url\" content=\"https:\/\/acrimat.org.br\/portal\/em-ritmo-de-expansao-marfrig-vai-arrendar-mais-duas-plantas-em-mt\/\" \/>\n<meta property=\"og:site_name\" content=\"Acrimat\" \/>\n<meta property=\"article:published_time\" content=\"2017-09-18T13:46:36+00:00\" \/>\n<meta property=\"article:modified_time\" content=\"2017-09-19T12:58:12+00:00\" \/>\n<meta property=\"og:image\" content=\"http:\/\/acrimat.org.br\/portal\/wp-content\/uploads\/2017\/09\/arte18agr-121-marfrig-b12-229x300.jpg\" \/>\n<meta name=\"author\" content=\"P\u00e9ricles C\u00e2ndido\" \/>\n<meta name=\"twitter:card\" content=\"summary_large_image\" \/>\n<meta name=\"twitter:label1\" content=\"Escrito por\" \/>\n\t<meta name=\"twitter:data1\" content=\"P\u00e9ricles C\u00e2ndido\" \/>\n\t<meta name=\"twitter:label2\" content=\"Est. tempo de leitura\" \/>\n\t<meta name=\"twitter:data2\" content=\"3 minutos\" \/>\n<script type=\"application\/ld+json\" class=\"yoast-schema-graph\">{\"@context\":\"https:\/\/schema.org\",\"@graph\":[{\"@type\":\"Article\",\"@id\":\"https:\/\/acrimat.org.br\/portal\/em-ritmo-de-expansao-marfrig-vai-arrendar-mais-duas-plantas-em-mt\/#article\",\"isPartOf\":{\"@id\":\"https:\/\/acrimat.org.br\/portal\/em-ritmo-de-expansao-marfrig-vai-arrendar-mais-duas-plantas-em-mt\/\"},\"author\":{\"name\":\"P\u00e9ricles C\u00e2ndido\",\"@id\":\"https:\/\/acrimat.org.br\/portal\/#\/schema\/person\/18df8bcf6890e924fe5d8b5afd2bec0f\"},\"headline\":\"Em ritmo de expans\u00e3o, Marfrig vai arrendar mais duas plantas em MT\",\"datePublished\":\"2017-09-18T13:46:36+00:00\",\"dateModified\":\"2017-09-19T12:58:12+00:00\",\"mainEntityOfPage\":{\"@id\":\"https:\/\/acrimat.org.br\/portal\/em-ritmo-de-expansao-marfrig-vai-arrendar-mais-duas-plantas-em-mt\/\"},\"wordCount\":625,\"publisher\":{\"@id\":\"https:\/\/acrimat.org.br\/portal\/#organization\"},\"image\":{\"@id\":\"https:\/\/acrimat.org.br\/portal\/em-ritmo-de-expansao-marfrig-vai-arrendar-mais-duas-plantas-em-mt\/#primaryimage\"},\"thumbnailUrl\":\"http:\/\/acrimat.org.br\/portal\/wp-content\/uploads\/2017\/09\/arte18agr-121-marfrig-b12-229x300.jpg\",\"articleSection\":[\"Destaques\",\"Not\u00edcias\"],\"inLanguage\":\"pt-BR\"},{\"@type\":\"WebPage\",\"@id\":\"https:\/\/acrimat.org.br\/portal\/em-ritmo-de-expansao-marfrig-vai-arrendar-mais-duas-plantas-em-mt\/\",\"url\":\"https:\/\/acrimat.org.br\/portal\/em-ritmo-de-expansao-marfrig-vai-arrendar-mais-duas-plantas-em-mt\/\",\"name\":\"Em ritmo de expans\u00e3o, Marfrig vai arrendar mais duas plantas em MT - Acrimat\",\"isPartOf\":{\"@id\":\"https:\/\/acrimat.org.br\/portal\/#website\"},\"primaryImageOfPage\":{\"@id\":\"https:\/\/acrimat.org.br\/portal\/em-ritmo-de-expansao-marfrig-vai-arrendar-mais-duas-plantas-em-mt\/#primaryimage\"},\"image\":{\"@id\":\"https:\/\/acrimat.org.br\/portal\/em-ritmo-de-expansao-marfrig-vai-arrendar-mais-duas-plantas-em-mt\/#primaryimage\"},\"thumbnailUrl\":\"http:\/\/acrimat.org.br\/portal\/wp-content\/uploads\/2017\/09\/arte18agr-121-marfrig-b12-229x300.jpg\",\"datePublished\":\"2017-09-18T13:46:36+00:00\",\"dateModified\":\"2017-09-19T12:58:12+00:00\",\"breadcrumb\":{\"@id\":\"https:\/\/acrimat.org.br\/portal\/em-ritmo-de-expansao-marfrig-vai-arrendar-mais-duas-plantas-em-mt\/#breadcrumb\"},\"inLanguage\":\"pt-BR\",\"potentialAction\":[{\"@type\":\"ReadAction\",\"target\":[\"https:\/\/acrimat.org.br\/portal\/em-ritmo-de-expansao-marfrig-vai-arrendar-mais-duas-plantas-em-mt\/\"]}]},{\"@type\":\"ImageObject\",\"inLanguage\":\"pt-BR\",\"@id\":\"https:\/\/acrimat.org.br\/portal\/em-ritmo-de-expansao-marfrig-vai-arrendar-mais-duas-plantas-em-mt\/#primaryimage\",\"url\":\"https:\/\/acrimat.org.br\/portal\/wp-content\/uploads\/2017\/09\/arte18agr-121-marfrig-b12.jpg\",\"contentUrl\":\"https:\/\/acrimat.org.br\/portal\/wp-content\/uploads\/2017\/09\/arte18agr-121-marfrig-b12.jpg\",\"width\":755,\"height\":989},{\"@type\":\"BreadcrumbList\",\"@id\":\"https:\/\/acrimat.org.br\/portal\/em-ritmo-de-expansao-marfrig-vai-arrendar-mais-duas-plantas-em-mt\/#breadcrumb\",\"itemListElement\":[{\"@type\":\"ListItem\",\"position\":1,\"name\":\"In\u00edcio\",\"item\":\"https:\/\/acrimat.org.br\/portal\/\"},{\"@type\":\"ListItem\",\"position\":2,\"name\":\"Em ritmo de expans\u00e3o, Marfrig vai arrendar mais duas plantas em MT\"}]},{\"@type\":\"WebSite\",\"@id\":\"https:\/\/acrimat.org.br\/portal\/#website\",\"url\":\"https:\/\/acrimat.org.br\/portal\/\",\"name\":\"Acrimat\",\"description\":\"Associa\u00e7\u00e3o dos Criadores de Mato Grosso\",\"publisher\":{\"@id\":\"https:\/\/acrimat.org.br\/portal\/#organization\"},\"potentialAction\":[{\"@type\":\"SearchAction\",\"target\":{\"@type\":\"EntryPoint\",\"urlTemplate\":\"https:\/\/acrimat.org.br\/portal\/?s={search_term_string}\"},\"query-input\":{\"@type\":\"PropertyValueSpecification\",\"valueRequired\":true,\"valueName\":\"search_term_string\"}}],\"inLanguage\":\"pt-BR\"},{\"@type\":\"Organization\",\"@id\":\"https:\/\/acrimat.org.br\/portal\/#organization\",\"name\":\"Associa\u00e7\u00e3o dos Criadores de Mato Grosso\",\"url\":\"https:\/\/acrimat.org.br\/portal\/\",\"logo\":{\"@type\":\"ImageObject\",\"inLanguage\":\"pt-BR\",\"@id\":\"https:\/\/acrimat.org.br\/portal\/#\/schema\/logo\/image\/\",\"url\":\"https:\/\/acrimat.org.br\/portal\/wp-content\/uploads\/2018\/03\/logo-peq-original.png\",\"contentUrl\":\"https:\/\/acrimat.org.br\/portal\/wp-content\/uploads\/2018\/03\/logo-peq-original.png\",\"width\":174,\"height\":171,\"caption\":\"Associa\u00e7\u00e3o dos Criadores de Mato Grosso\"},\"image\":{\"@id\":\"https:\/\/acrimat.org.br\/portal\/#\/schema\/logo\/image\/\"}},{\"@type\":\"Person\",\"@id\":\"https:\/\/acrimat.org.br\/portal\/#\/schema\/person\/18df8bcf6890e924fe5d8b5afd2bec0f\",\"name\":\"P\u00e9ricles C\u00e2ndido\",\"image\":{\"@type\":\"ImageObject\",\"inLanguage\":\"pt-BR\",\"@id\":\"https:\/\/acrimat.org.br\/portal\/#\/schema\/person\/image\/\",\"url\":\"https:\/\/secure.gravatar.com\/avatar\/33e2a2b971dc363ed2df53d0d3bfbd18?s=96&d=mm&r=g\",\"contentUrl\":\"https:\/\/secure.gravatar.com\/avatar\/33e2a2b971dc363ed2df53d0d3bfbd18?s=96&d=mm&r=g\",\"caption\":\"P\u00e9ricles C\u00e2ndido\"},\"sameAs\":[\"ascom@acrimat.org.br\"],\"url\":\"https:\/\/acrimat.org.br\/portal\/author\/designergrafico\/\"}]}<\/script>\n<!-- \/ Yoast SEO plugin. -->","yoast_head_json":{"title":"Em ritmo de expans\u00e3o, Marfrig vai arrendar mais duas plantas em MT - Acrimat","robots":{"index":"index","follow":"follow","max-snippet":"max-snippet:-1","max-image-preview":"max-image-preview:large","max-video-preview":"max-video-preview:-1"},"canonical":"https:\/\/acrimat.org.br\/portal\/em-ritmo-de-expansao-marfrig-vai-arrendar-mais-duas-plantas-em-mt\/","og_locale":"pt_BR","og_type":"article","og_title":"Em ritmo de expans\u00e3o, Marfrig vai arrendar mais duas plantas em MT - Acrimat","og_description":"O Valor apurou que a maior delas, com capacidade para abater 1,5 mil cabe\u00e7as de gado por dia, est\u00e1 localizada no munic\u00edpio de Monte Verde, enquanto a segunda, com capacidade para mil animais por dia, fica em Pontes e Lacerda","og_url":"https:\/\/acrimat.org.br\/portal\/em-ritmo-de-expansao-marfrig-vai-arrendar-mais-duas-plantas-em-mt\/","og_site_name":"Acrimat","article_published_time":"2017-09-18T13:46:36+00:00","article_modified_time":"2017-09-19T12:58:12+00:00","og_image":[{"url":"http:\/\/acrimat.org.br\/portal\/wp-content\/uploads\/2017\/09\/arte18agr-121-marfrig-b12-229x300.jpg","type":"","width":"","height":""}],"author":"P\u00e9ricles C\u00e2ndido","twitter_card":"summary_large_image","twitter_misc":{"Escrito por":"P\u00e9ricles C\u00e2ndido","Est. tempo de leitura":"3 minutos"},"schema":{"@context":"https:\/\/schema.org","@graph":[{"@type":"Article","@id":"https:\/\/acrimat.org.br\/portal\/em-ritmo-de-expansao-marfrig-vai-arrendar-mais-duas-plantas-em-mt\/#article","isPartOf":{"@id":"https:\/\/acrimat.org.br\/portal\/em-ritmo-de-expansao-marfrig-vai-arrendar-mais-duas-plantas-em-mt\/"},"author":{"name":"P\u00e9ricles C\u00e2ndido","@id":"https:\/\/acrimat.org.br\/portal\/#\/schema\/person\/18df8bcf6890e924fe5d8b5afd2bec0f"},"headline":"Em ritmo de expans\u00e3o, Marfrig vai arrendar mais duas plantas em MT","datePublished":"2017-09-18T13:46:36+00:00","dateModified":"2017-09-19T12:58:12+00:00","mainEntityOfPage":{"@id":"https:\/\/acrimat.org.br\/portal\/em-ritmo-de-expansao-marfrig-vai-arrendar-mais-duas-plantas-em-mt\/"},"wordCount":625,"publisher":{"@id":"https:\/\/acrimat.org.br\/portal\/#organization"},"image":{"@id":"https:\/\/acrimat.org.br\/portal\/em-ritmo-de-expansao-marfrig-vai-arrendar-mais-duas-plantas-em-mt\/#primaryimage"},"thumbnailUrl":"http:\/\/acrimat.org.br\/portal\/wp-content\/uploads\/2017\/09\/arte18agr-121-marfrig-b12-229x300.jpg","articleSection":["Destaques","Not\u00edcias"],"inLanguage":"pt-BR"},{"@type":"WebPage","@id":"https:\/\/acrimat.org.br\/portal\/em-ritmo-de-expansao-marfrig-vai-arrendar-mais-duas-plantas-em-mt\/","url":"https:\/\/acrimat.org.br\/portal\/em-ritmo-de-expansao-marfrig-vai-arrendar-mais-duas-plantas-em-mt\/","name":"Em ritmo de expans\u00e3o, Marfrig vai arrendar mais duas plantas em MT - Acrimat","isPartOf":{"@id":"https:\/\/acrimat.org.br\/portal\/#website"},"primaryImageOfPage":{"@id":"https:\/\/acrimat.org.br\/portal\/em-ritmo-de-expansao-marfrig-vai-arrendar-mais-duas-plantas-em-mt\/#primaryimage"},"image":{"@id":"https:\/\/acrimat.org.br\/portal\/em-ritmo-de-expansao-marfrig-vai-arrendar-mais-duas-plantas-em-mt\/#primaryimage"},"thumbnailUrl":"http:\/\/acrimat.org.br\/portal\/wp-content\/uploads\/2017\/09\/arte18agr-121-marfrig-b12-229x300.jpg","datePublished":"2017-09-18T13:46:36+00:00","dateModified":"2017-09-19T12:58:12+00:00","breadcrumb":{"@id":"https:\/\/acrimat.org.br\/portal\/em-ritmo-de-expansao-marfrig-vai-arrendar-mais-duas-plantas-em-mt\/#breadcrumb"},"inLanguage":"pt-BR","potentialAction":[{"@type":"ReadAction","target":["https:\/\/acrimat.org.br\/portal\/em-ritmo-de-expansao-marfrig-vai-arrendar-mais-duas-plantas-em-mt\/"]}]},{"@type":"ImageObject","inLanguage":"pt-BR","@id":"https:\/\/acrimat.org.br\/portal\/em-ritmo-de-expansao-marfrig-vai-arrendar-mais-duas-plantas-em-mt\/#primaryimage","url":"https:\/\/acrimat.org.br\/portal\/wp-content\/uploads\/2017\/09\/arte18agr-121-marfrig-b12.jpg","contentUrl":"https:\/\/acrimat.org.br\/portal\/wp-content\/uploads\/2017\/09\/arte18agr-121-marfrig-b12.jpg","width":755,"height":989},{"@type":"BreadcrumbList","@id":"https:\/\/acrimat.org.br\/portal\/em-ritmo-de-expansao-marfrig-vai-arrendar-mais-duas-plantas-em-mt\/#breadcrumb","itemListElement":[{"@type":"ListItem","position":1,"name":"In\u00edcio","item":"https:\/\/acrimat.org.br\/portal\/"},{"@type":"ListItem","position":2,"name":"Em ritmo de expans\u00e3o, Marfrig vai arrendar mais duas plantas em MT"}]},{"@type":"WebSite","@id":"https:\/\/acrimat.org.br\/portal\/#website","url":"https:\/\/acrimat.org.br\/portal\/","name":"Acrimat","description":"Associa\u00e7\u00e3o dos Criadores de Mato Grosso","publisher":{"@id":"https:\/\/acrimat.org.br\/portal\/#organization"},"potentialAction":[{"@type":"SearchAction","target":{"@type":"EntryPoint","urlTemplate":"https:\/\/acrimat.org.br\/portal\/?s={search_term_string}"},"query-input":{"@type":"PropertyValueSpecification","valueRequired":true,"valueName":"search_term_string"}}],"inLanguage":"pt-BR"},{"@type":"Organization","@id":"https:\/\/acrimat.org.br\/portal\/#organization","name":"Associa\u00e7\u00e3o dos Criadores de Mato Grosso","url":"https:\/\/acrimat.org.br\/portal\/","logo":{"@type":"ImageObject","inLanguage":"pt-BR","@id":"https:\/\/acrimat.org.br\/portal\/#\/schema\/logo\/image\/","url":"https:\/\/acrimat.org.br\/portal\/wp-content\/uploads\/2018\/03\/logo-peq-original.png","contentUrl":"https:\/\/acrimat.org.br\/portal\/wp-content\/uploads\/2018\/03\/logo-peq-original.png","width":174,"height":171,"caption":"Associa\u00e7\u00e3o dos Criadores de Mato Grosso"},"image":{"@id":"https:\/\/acrimat.org.br\/portal\/#\/schema\/logo\/image\/"}},{"@type":"Person","@id":"https:\/\/acrimat.org.br\/portal\/#\/schema\/person\/18df8bcf6890e924fe5d8b5afd2bec0f","name":"P\u00e9ricles C\u00e2ndido","image":{"@type":"ImageObject","inLanguage":"pt-BR","@id":"https:\/\/acrimat.org.br\/portal\/#\/schema\/person\/image\/","url":"https:\/\/secure.gravatar.com\/avatar\/33e2a2b971dc363ed2df53d0d3bfbd18?s=96&d=mm&r=g","contentUrl":"https:\/\/secure.gravatar.com\/avatar\/33e2a2b971dc363ed2df53d0d3bfbd18?s=96&d=mm&r=g","caption":"P\u00e9ricles C\u00e2ndido"},"sameAs":["ascom@acrimat.org.br"],"url":"https:\/\/acrimat.org.br\/portal\/author\/designergrafico\/"}]}},"_links":{"self":[{"href":"https:\/\/acrimat.org.br\/portal\/wp-json\/wp\/v2\/posts\/97983608","targetHints":{"allow":["GET"]}}],"collection":[{"href":"https:\/\/acrimat.org.br\/portal\/wp-json\/wp\/v2\/posts"}],"about":[{"href":"https:\/\/acrimat.org.br\/portal\/wp-json\/wp\/v2\/types\/post"}],"author":[{"embeddable":true,"href":"https:\/\/acrimat.org.br\/portal\/wp-json\/wp\/v2\/users\/11"}],"replies":[{"embeddable":true,"href":"https:\/\/acrimat.org.br\/portal\/wp-json\/wp\/v2\/comments?post=97983608"}],"version-history":[{"count":3,"href":"https:\/\/acrimat.org.br\/portal\/wp-json\/wp\/v2\/posts\/97983608\/revisions"}],"predecessor-version":[{"id":97983625,"href":"https:\/\/acrimat.org.br\/portal\/wp-json\/wp\/v2\/posts\/97983608\/revisions\/97983625"}],"wp:attachment":[{"href":"https:\/\/acrimat.org.br\/portal\/wp-json\/wp\/v2\/media?parent=97983608"}],"wp:term":[{"taxonomy":"category","embeddable":true,"href":"https:\/\/acrimat.org.br\/portal\/wp-json\/wp\/v2\/categories?post=97983608"},{"taxonomy":"post_tag","embeddable":true,"href":"https:\/\/acrimat.org.br\/portal\/wp-json\/wp\/v2\/tags?post=97983608"}],"curies":[{"name":"wp","href":"https:\/\/api.w.org\/{rel}","templated":true}]}}