{"id":97983622,"date":"2017-09-19T09:57:31","date_gmt":"2017-09-19T12:57:31","guid":{"rendered":"http:\/\/acrimat.org.br\/portal\/?p=97983622"},"modified":"2017-09-19T09:57:31","modified_gmt":"2017-09-19T12:57:31","slug":"abrafrigo-pede-aumento-da-exportacao-russa-por-meio-de-medios-frigorificos","status":"publish","type":"post","link":"https:\/\/acrimat.org.br\/portal\/abrafrigo-pede-aumento-da-exportacao-russa-por-meio-de-medios-frigorificos\/","title":{"rendered":"Abrafrigo pede aumento da exporta\u00e7\u00e3o russa por meio de m\u00e9dios frigor\u00edficos"},"content":{"rendered":"<div id=\"attachment_97983623\" style=\"width: 310px\" class=\"wp-caption alignleft\"><a href=\"http:\/\/acrimat.org.br\/portal\/wp-content\/uploads\/2017\/09\/frigorifico_minerva_reproducao.jpg\"><img decoding=\"async\" aria-describedby=\"caption-attachment-97983623\" class=\"size-medium wp-image-97983623\" src=\"http:\/\/acrimat.org.br\/portal\/wp-content\/uploads\/2017\/09\/frigorifico_minerva_reproducao-300x157.jpg\" alt=\"\" width=\"300\" height=\"157\" srcset=\"https:\/\/acrimat.org.br\/portal\/wp-content\/uploads\/2017\/09\/frigorifico_minerva_reproducao-300x157.jpg 300w, https:\/\/acrimat.org.br\/portal\/wp-content\/uploads\/2017\/09\/frigorifico_minerva_reproducao-768x402.jpg 768w, https:\/\/acrimat.org.br\/portal\/wp-content\/uploads\/2017\/09\/frigorifico_minerva_reproducao-250x131.jpg 250w, https:\/\/acrimat.org.br\/portal\/wp-content\/uploads\/2017\/09\/frigorifico_minerva_reproducao-550x288.jpg 550w, https:\/\/acrimat.org.br\/portal\/wp-content\/uploads\/2017\/09\/frigorifico_minerva_reproducao-800x418.jpg 800w, https:\/\/acrimat.org.br\/portal\/wp-content\/uploads\/2017\/09\/frigorifico_minerva_reproducao-344x180.jpg 344w, https:\/\/acrimat.org.br\/portal\/wp-content\/uploads\/2017\/09\/frigorifico_minerva_reproducao-574x300.jpg 574w, https:\/\/acrimat.org.br\/portal\/wp-content\/uploads\/2017\/09\/frigorifico_minerva_reproducao.jpg 956w\" sizes=\"(max-width: 300px) 100vw, 300px\" \/><\/a><p id=\"caption-attachment-97983623\" class=\"wp-caption-text\">Associa\u00e7\u00e3o mostra decr\u00e9scimo das exporta\u00e7\u00f5es para aquele pa\u00eds. Dessa forma, solicitando novas habilita\u00e7\u00f5es para atender mercado (Foto: reprodu\u00e7\u00e3o)<\/p><\/div>\n<p>Durante muito tempo a R\u00fassia figurou na primeira coloca\u00e7\u00e3o, como o maior importador da carne bovina brasileira, mas, nos \u00faltimos anos, os neg\u00f3cios foram declinando e a China assumiu esta posi\u00e7\u00e3o. Aproveitando a participa\u00e7\u00e3o brasileira na World Food Moscow 2017, realizada de 11 a 14 de setembro passado, o presidente Executivo da Associa\u00e7\u00e3o Brasileira de Frigor\u00edficos (Abrafrigo, Curitiba\/PR), P\u00e9ricles Salazar, manteve encontros com o presidente da Associa\u00e7\u00e3o Nacional da Carne da R\u00fassia, Sergey Yushin, com a finalidade de ampliar as habilita\u00e7\u00f5es dos m\u00e9dios frigor\u00edficos brasileiros para que estes tamb\u00e9m possam exportar para \u00e0quele mercado.<\/p>\n<p>Em 2014, por exemplo, a R\u00fassia importou 314.878 toneladas de carne bovina, ou 20,4% do total exportado pelo Brasil naquele ano. Em 2016, estas compras ca\u00edram para 138.784 toneladas e em 2017 atingiram, at\u00e9 agosto, a 103.445 toneladas, ou 11% da movimenta\u00e7\u00e3o total.<\/p>\n<p>\u201cDesse encontro ficou claro que existem restri\u00e7\u00f5es de ambos os lados, do governo russo e do brasileiro, para a amplia\u00e7\u00e3o dos neg\u00f3cios e que os pa\u00edses precisam voltar a conversar para se chegar a um acordo\u201d, explica P\u00e9ricles Salazar. \u201cH\u00e1 muita boa vontade na R\u00fassia para com o produto brasileiro, mas, no momento, eles n\u00e3o est\u00e3o habilitando mais ningu\u00e9m para exporta\u00e7\u00e3o por meio do seu Servi\u00e7o Veterin\u00e1rio. O nosso governo precisa urgentemente voltar a conversar para verificar as arestas que impedem a eleva\u00e7\u00e3o das vendas e mesmo as demandas russas sobre o tema\u201d, concluiu o dirigente da entidade.<\/p>\n","protected":false},"excerpt":{"rendered":"<p>Entidade alega falta de di\u00e1logo entre pa\u00edses para mais habilita\u00e7\u00f5es<\/p>\n","protected":false},"author":11,"featured_media":97983623,"comment_status":"closed","ping_status":"closed","sticky":false,"template":"","format":"standard","meta":{"footnotes":""},"categories":[6,1],"tags":[],"class_list":["post-97983622","post","type-post","status-publish","format-standard","has-post-thumbnail","hentry","category-destaque","category-noticia"],"yoast_head":"<!-- This site is optimized with the Yoast SEO plugin v24.8.1 - https:\/\/yoast.com\/wordpress\/plugins\/seo\/ -->\n<title>Abrafrigo pede aumento da exporta\u00e7\u00e3o russa por meio de m\u00e9dios frigor\u00edficos - Acrimat<\/title>\n<meta name=\"robots\" content=\"index, follow, max-snippet:-1, max-image-preview:large, max-video-preview:-1\" \/>\n<link rel=\"canonical\" href=\"https:\/\/acrimat.org.br\/portal\/abrafrigo-pede-aumento-da-exportacao-russa-por-meio-de-medios-frigorificos\/\" \/>\n<meta property=\"og:locale\" content=\"pt_BR\" \/>\n<meta property=\"og:type\" content=\"article\" \/>\n<meta property=\"og:title\" content=\"Abrafrigo pede aumento da exporta\u00e7\u00e3o russa por meio de m\u00e9dios frigor\u00edficos - Acrimat\" \/>\n<meta property=\"og:description\" content=\"Entidade alega falta de di\u00e1logo entre pa\u00edses para mais habilita\u00e7\u00f5es\" \/>\n<meta property=\"og:url\" content=\"https:\/\/acrimat.org.br\/portal\/abrafrigo-pede-aumento-da-exportacao-russa-por-meio-de-medios-frigorificos\/\" \/>\n<meta property=\"og:site_name\" content=\"Acrimat\" \/>\n<meta property=\"article:published_time\" content=\"2017-09-19T12:57:31+00:00\" \/>\n<meta property=\"og:image\" content=\"https:\/\/acrimat.org.br\/portal\/wp-content\/uploads\/2017\/09\/frigorifico_minerva_reproducao.jpg\" \/>\n\t<meta property=\"og:image:width\" content=\"956\" \/>\n\t<meta property=\"og:image:height\" content=\"500\" \/>\n\t<meta property=\"og:image:type\" content=\"image\/jpeg\" \/>\n<meta name=\"author\" content=\"P\u00e9ricles C\u00e2ndido\" \/>\n<meta name=\"twitter:card\" content=\"summary_large_image\" \/>\n<meta name=\"twitter:label1\" content=\"Escrito por\" \/>\n\t<meta name=\"twitter:data1\" content=\"P\u00e9ricles C\u00e2ndido\" \/>\n\t<meta name=\"twitter:label2\" content=\"Est. tempo de leitura\" \/>\n\t<meta name=\"twitter:data2\" content=\"1 minuto\" \/>\n<script type=\"application\/ld+json\" class=\"yoast-schema-graph\">{\"@context\":\"https:\/\/schema.org\",\"@graph\":[{\"@type\":\"Article\",\"@id\":\"https:\/\/acrimat.org.br\/portal\/abrafrigo-pede-aumento-da-exportacao-russa-por-meio-de-medios-frigorificos\/#article\",\"isPartOf\":{\"@id\":\"https:\/\/acrimat.org.br\/portal\/abrafrigo-pede-aumento-da-exportacao-russa-por-meio-de-medios-frigorificos\/\"},\"author\":{\"name\":\"P\u00e9ricles C\u00e2ndido\",\"@id\":\"https:\/\/acrimat.org.br\/portal\/#\/schema\/person\/18df8bcf6890e924fe5d8b5afd2bec0f\"},\"headline\":\"Abrafrigo pede aumento da exporta\u00e7\u00e3o russa por meio de m\u00e9dios frigor\u00edficos\",\"datePublished\":\"2017-09-19T12:57:31+00:00\",\"mainEntityOfPage\":{\"@id\":\"https:\/\/acrimat.org.br\/portal\/abrafrigo-pede-aumento-da-exportacao-russa-por-meio-de-medios-frigorificos\/\"},\"wordCount\":300,\"publisher\":{\"@id\":\"https:\/\/acrimat.org.br\/portal\/#organization\"},\"image\":{\"@id\":\"https:\/\/acrimat.org.br\/portal\/abrafrigo-pede-aumento-da-exportacao-russa-por-meio-de-medios-frigorificos\/#primaryimage\"},\"thumbnailUrl\":\"https:\/\/acrimat.org.br\/portal\/wp-content\/uploads\/2017\/09\/frigorifico_minerva_reproducao.jpg\",\"articleSection\":[\"Destaques\",\"Not\u00edcias\"],\"inLanguage\":\"pt-BR\"},{\"@type\":\"WebPage\",\"@id\":\"https:\/\/acrimat.org.br\/portal\/abrafrigo-pede-aumento-da-exportacao-russa-por-meio-de-medios-frigorificos\/\",\"url\":\"https:\/\/acrimat.org.br\/portal\/abrafrigo-pede-aumento-da-exportacao-russa-por-meio-de-medios-frigorificos\/\",\"name\":\"Abrafrigo pede aumento da exporta\u00e7\u00e3o russa por meio de m\u00e9dios frigor\u00edficos - Acrimat\",\"isPartOf\":{\"@id\":\"https:\/\/acrimat.org.br\/portal\/#website\"},\"primaryImageOfPage\":{\"@id\":\"https:\/\/acrimat.org.br\/portal\/abrafrigo-pede-aumento-da-exportacao-russa-por-meio-de-medios-frigorificos\/#primaryimage\"},\"image\":{\"@id\":\"https:\/\/acrimat.org.br\/portal\/abrafrigo-pede-aumento-da-exportacao-russa-por-meio-de-medios-frigorificos\/#primaryimage\"},\"thumbnailUrl\":\"https:\/\/acrimat.org.br\/portal\/wp-content\/uploads\/2017\/09\/frigorifico_minerva_reproducao.jpg\",\"datePublished\":\"2017-09-19T12:57:31+00:00\",\"breadcrumb\":{\"@id\":\"https:\/\/acrimat.org.br\/portal\/abrafrigo-pede-aumento-da-exportacao-russa-por-meio-de-medios-frigorificos\/#breadcrumb\"},\"inLanguage\":\"pt-BR\",\"potentialAction\":[{\"@type\":\"ReadAction\",\"target\":[\"https:\/\/acrimat.org.br\/portal\/abrafrigo-pede-aumento-da-exportacao-russa-por-meio-de-medios-frigorificos\/\"]}]},{\"@type\":\"ImageObject\",\"inLanguage\":\"pt-BR\",\"@id\":\"https:\/\/acrimat.org.br\/portal\/abrafrigo-pede-aumento-da-exportacao-russa-por-meio-de-medios-frigorificos\/#primaryimage\",\"url\":\"https:\/\/acrimat.org.br\/portal\/wp-content\/uploads\/2017\/09\/frigorifico_minerva_reproducao.jpg\",\"contentUrl\":\"https:\/\/acrimat.org.br\/portal\/wp-content\/uploads\/2017\/09\/frigorifico_minerva_reproducao.jpg\",\"width\":956,\"height\":500,\"caption\":\"Associa\u00e7\u00e3o mostra decr\u00e9scimo das exporta\u00e7\u00f5es para aquele pa\u00eds. Dessa forma, solicitando novas habilita\u00e7\u00f5es para atender mercado (Foto: reprodu\u00e7\u00e3o)\"},{\"@type\":\"BreadcrumbList\",\"@id\":\"https:\/\/acrimat.org.br\/portal\/abrafrigo-pede-aumento-da-exportacao-russa-por-meio-de-medios-frigorificos\/#breadcrumb\",\"itemListElement\":[{\"@type\":\"ListItem\",\"position\":1,\"name\":\"In\u00edcio\",\"item\":\"https:\/\/acrimat.org.br\/portal\/\"},{\"@type\":\"ListItem\",\"position\":2,\"name\":\"Abrafrigo pede aumento da exporta\u00e7\u00e3o russa por meio de m\u00e9dios frigor\u00edficos\"}]},{\"@type\":\"WebSite\",\"@id\":\"https:\/\/acrimat.org.br\/portal\/#website\",\"url\":\"https:\/\/acrimat.org.br\/portal\/\",\"name\":\"Acrimat\",\"description\":\"Associa\u00e7\u00e3o dos Criadores de Mato Grosso\",\"publisher\":{\"@id\":\"https:\/\/acrimat.org.br\/portal\/#organization\"},\"potentialAction\":[{\"@type\":\"SearchAction\",\"target\":{\"@type\":\"EntryPoint\",\"urlTemplate\":\"https:\/\/acrimat.org.br\/portal\/?s={search_term_string}\"},\"query-input\":{\"@type\":\"PropertyValueSpecification\",\"valueRequired\":true,\"valueName\":\"search_term_string\"}}],\"inLanguage\":\"pt-BR\"},{\"@type\":\"Organization\",\"@id\":\"https:\/\/acrimat.org.br\/portal\/#organization\",\"name\":\"Associa\u00e7\u00e3o dos Criadores de Mato Grosso\",\"url\":\"https:\/\/acrimat.org.br\/portal\/\",\"logo\":{\"@type\":\"ImageObject\",\"inLanguage\":\"pt-BR\",\"@id\":\"https:\/\/acrimat.org.br\/portal\/#\/schema\/logo\/image\/\",\"url\":\"https:\/\/acrimat.org.br\/portal\/wp-content\/uploads\/2018\/03\/logo-peq-original.png\",\"contentUrl\":\"https:\/\/acrimat.org.br\/portal\/wp-content\/uploads\/2018\/03\/logo-peq-original.png\",\"width\":174,\"height\":171,\"caption\":\"Associa\u00e7\u00e3o dos Criadores de Mato Grosso\"},\"image\":{\"@id\":\"https:\/\/acrimat.org.br\/portal\/#\/schema\/logo\/image\/\"}},{\"@type\":\"Person\",\"@id\":\"https:\/\/acrimat.org.br\/portal\/#\/schema\/person\/18df8bcf6890e924fe5d8b5afd2bec0f\",\"name\":\"P\u00e9ricles C\u00e2ndido\",\"image\":{\"@type\":\"ImageObject\",\"inLanguage\":\"pt-BR\",\"@id\":\"https:\/\/acrimat.org.br\/portal\/#\/schema\/person\/image\/\",\"url\":\"https:\/\/secure.gravatar.com\/avatar\/33e2a2b971dc363ed2df53d0d3bfbd18?s=96&d=mm&r=g\",\"contentUrl\":\"https:\/\/secure.gravatar.com\/avatar\/33e2a2b971dc363ed2df53d0d3bfbd18?s=96&d=mm&r=g\",\"caption\":\"P\u00e9ricles C\u00e2ndido\"},\"sameAs\":[\"ascom@acrimat.org.br\"],\"url\":\"https:\/\/acrimat.org.br\/portal\/author\/designergrafico\/\"}]}<\/script>\n<!-- \/ Yoast SEO plugin. -->","yoast_head_json":{"title":"Abrafrigo pede aumento da exporta\u00e7\u00e3o russa por meio de m\u00e9dios frigor\u00edficos - Acrimat","robots":{"index":"index","follow":"follow","max-snippet":"max-snippet:-1","max-image-preview":"max-image-preview:large","max-video-preview":"max-video-preview:-1"},"canonical":"https:\/\/acrimat.org.br\/portal\/abrafrigo-pede-aumento-da-exportacao-russa-por-meio-de-medios-frigorificos\/","og_locale":"pt_BR","og_type":"article","og_title":"Abrafrigo pede aumento da exporta\u00e7\u00e3o russa por meio de m\u00e9dios frigor\u00edficos - Acrimat","og_description":"Entidade alega falta de di\u00e1logo entre pa\u00edses para mais habilita\u00e7\u00f5es","og_url":"https:\/\/acrimat.org.br\/portal\/abrafrigo-pede-aumento-da-exportacao-russa-por-meio-de-medios-frigorificos\/","og_site_name":"Acrimat","article_published_time":"2017-09-19T12:57:31+00:00","og_image":[{"width":956,"height":500,"url":"https:\/\/acrimat.org.br\/portal\/wp-content\/uploads\/2017\/09\/frigorifico_minerva_reproducao.jpg","type":"image\/jpeg"}],"author":"P\u00e9ricles C\u00e2ndido","twitter_card":"summary_large_image","twitter_misc":{"Escrito por":"P\u00e9ricles C\u00e2ndido","Est. tempo de leitura":"1 minuto"},"schema":{"@context":"https:\/\/schema.org","@graph":[{"@type":"Article","@id":"https:\/\/acrimat.org.br\/portal\/abrafrigo-pede-aumento-da-exportacao-russa-por-meio-de-medios-frigorificos\/#article","isPartOf":{"@id":"https:\/\/acrimat.org.br\/portal\/abrafrigo-pede-aumento-da-exportacao-russa-por-meio-de-medios-frigorificos\/"},"author":{"name":"P\u00e9ricles C\u00e2ndido","@id":"https:\/\/acrimat.org.br\/portal\/#\/schema\/person\/18df8bcf6890e924fe5d8b5afd2bec0f"},"headline":"Abrafrigo pede aumento da exporta\u00e7\u00e3o russa por meio de m\u00e9dios frigor\u00edficos","datePublished":"2017-09-19T12:57:31+00:00","mainEntityOfPage":{"@id":"https:\/\/acrimat.org.br\/portal\/abrafrigo-pede-aumento-da-exportacao-russa-por-meio-de-medios-frigorificos\/"},"wordCount":300,"publisher":{"@id":"https:\/\/acrimat.org.br\/portal\/#organization"},"image":{"@id":"https:\/\/acrimat.org.br\/portal\/abrafrigo-pede-aumento-da-exportacao-russa-por-meio-de-medios-frigorificos\/#primaryimage"},"thumbnailUrl":"https:\/\/acrimat.org.br\/portal\/wp-content\/uploads\/2017\/09\/frigorifico_minerva_reproducao.jpg","articleSection":["Destaques","Not\u00edcias"],"inLanguage":"pt-BR"},{"@type":"WebPage","@id":"https:\/\/acrimat.org.br\/portal\/abrafrigo-pede-aumento-da-exportacao-russa-por-meio-de-medios-frigorificos\/","url":"https:\/\/acrimat.org.br\/portal\/abrafrigo-pede-aumento-da-exportacao-russa-por-meio-de-medios-frigorificos\/","name":"Abrafrigo pede aumento da exporta\u00e7\u00e3o russa por meio de m\u00e9dios frigor\u00edficos - Acrimat","isPartOf":{"@id":"https:\/\/acrimat.org.br\/portal\/#website"},"primaryImageOfPage":{"@id":"https:\/\/acrimat.org.br\/portal\/abrafrigo-pede-aumento-da-exportacao-russa-por-meio-de-medios-frigorificos\/#primaryimage"},"image":{"@id":"https:\/\/acrimat.org.br\/portal\/abrafrigo-pede-aumento-da-exportacao-russa-por-meio-de-medios-frigorificos\/#primaryimage"},"thumbnailUrl":"https:\/\/acrimat.org.br\/portal\/wp-content\/uploads\/2017\/09\/frigorifico_minerva_reproducao.jpg","datePublished":"2017-09-19T12:57:31+00:00","breadcrumb":{"@id":"https:\/\/acrimat.org.br\/portal\/abrafrigo-pede-aumento-da-exportacao-russa-por-meio-de-medios-frigorificos\/#breadcrumb"},"inLanguage":"pt-BR","potentialAction":[{"@type":"ReadAction","target":["https:\/\/acrimat.org.br\/portal\/abrafrigo-pede-aumento-da-exportacao-russa-por-meio-de-medios-frigorificos\/"]}]},{"@type":"ImageObject","inLanguage":"pt-BR","@id":"https:\/\/acrimat.org.br\/portal\/abrafrigo-pede-aumento-da-exportacao-russa-por-meio-de-medios-frigorificos\/#primaryimage","url":"https:\/\/acrimat.org.br\/portal\/wp-content\/uploads\/2017\/09\/frigorifico_minerva_reproducao.jpg","contentUrl":"https:\/\/acrimat.org.br\/portal\/wp-content\/uploads\/2017\/09\/frigorifico_minerva_reproducao.jpg","width":956,"height":500,"caption":"Associa\u00e7\u00e3o mostra decr\u00e9scimo das exporta\u00e7\u00f5es para aquele pa\u00eds. Dessa forma, solicitando novas habilita\u00e7\u00f5es para atender mercado (Foto: reprodu\u00e7\u00e3o)"},{"@type":"BreadcrumbList","@id":"https:\/\/acrimat.org.br\/portal\/abrafrigo-pede-aumento-da-exportacao-russa-por-meio-de-medios-frigorificos\/#breadcrumb","itemListElement":[{"@type":"ListItem","position":1,"name":"In\u00edcio","item":"https:\/\/acrimat.org.br\/portal\/"},{"@type":"ListItem","position":2,"name":"Abrafrigo pede aumento da exporta\u00e7\u00e3o russa por meio de m\u00e9dios frigor\u00edficos"}]},{"@type":"WebSite","@id":"https:\/\/acrimat.org.br\/portal\/#website","url":"https:\/\/acrimat.org.br\/portal\/","name":"Acrimat","description":"Associa\u00e7\u00e3o dos Criadores de Mato Grosso","publisher":{"@id":"https:\/\/acrimat.org.br\/portal\/#organization"},"potentialAction":[{"@type":"SearchAction","target":{"@type":"EntryPoint","urlTemplate":"https:\/\/acrimat.org.br\/portal\/?s={search_term_string}"},"query-input":{"@type":"PropertyValueSpecification","valueRequired":true,"valueName":"search_term_string"}}],"inLanguage":"pt-BR"},{"@type":"Organization","@id":"https:\/\/acrimat.org.br\/portal\/#organization","name":"Associa\u00e7\u00e3o dos Criadores de Mato Grosso","url":"https:\/\/acrimat.org.br\/portal\/","logo":{"@type":"ImageObject","inLanguage":"pt-BR","@id":"https:\/\/acrimat.org.br\/portal\/#\/schema\/logo\/image\/","url":"https:\/\/acrimat.org.br\/portal\/wp-content\/uploads\/2018\/03\/logo-peq-original.png","contentUrl":"https:\/\/acrimat.org.br\/portal\/wp-content\/uploads\/2018\/03\/logo-peq-original.png","width":174,"height":171,"caption":"Associa\u00e7\u00e3o dos Criadores de Mato Grosso"},"image":{"@id":"https:\/\/acrimat.org.br\/portal\/#\/schema\/logo\/image\/"}},{"@type":"Person","@id":"https:\/\/acrimat.org.br\/portal\/#\/schema\/person\/18df8bcf6890e924fe5d8b5afd2bec0f","name":"P\u00e9ricles C\u00e2ndido","image":{"@type":"ImageObject","inLanguage":"pt-BR","@id":"https:\/\/acrimat.org.br\/portal\/#\/schema\/person\/image\/","url":"https:\/\/secure.gravatar.com\/avatar\/33e2a2b971dc363ed2df53d0d3bfbd18?s=96&d=mm&r=g","contentUrl":"https:\/\/secure.gravatar.com\/avatar\/33e2a2b971dc363ed2df53d0d3bfbd18?s=96&d=mm&r=g","caption":"P\u00e9ricles C\u00e2ndido"},"sameAs":["ascom@acrimat.org.br"],"url":"https:\/\/acrimat.org.br\/portal\/author\/designergrafico\/"}]}},"_links":{"self":[{"href":"https:\/\/acrimat.org.br\/portal\/wp-json\/wp\/v2\/posts\/97983622","targetHints":{"allow":["GET"]}}],"collection":[{"href":"https:\/\/acrimat.org.br\/portal\/wp-json\/wp\/v2\/posts"}],"about":[{"href":"https:\/\/acrimat.org.br\/portal\/wp-json\/wp\/v2\/types\/post"}],"author":[{"embeddable":true,"href":"https:\/\/acrimat.org.br\/portal\/wp-json\/wp\/v2\/users\/11"}],"replies":[{"embeddable":true,"href":"https:\/\/acrimat.org.br\/portal\/wp-json\/wp\/v2\/comments?post=97983622"}],"version-history":[{"count":1,"href":"https:\/\/acrimat.org.br\/portal\/wp-json\/wp\/v2\/posts\/97983622\/revisions"}],"predecessor-version":[{"id":97983624,"href":"https:\/\/acrimat.org.br\/portal\/wp-json\/wp\/v2\/posts\/97983622\/revisions\/97983624"}],"wp:featuredmedia":[{"embeddable":true,"href":"https:\/\/acrimat.org.br\/portal\/wp-json\/wp\/v2\/media\/97983623"}],"wp:attachment":[{"href":"https:\/\/acrimat.org.br\/portal\/wp-json\/wp\/v2\/media?parent=97983622"}],"wp:term":[{"taxonomy":"category","embeddable":true,"href":"https:\/\/acrimat.org.br\/portal\/wp-json\/wp\/v2\/categories?post=97983622"},{"taxonomy":"post_tag","embeddable":true,"href":"https:\/\/acrimat.org.br\/portal\/wp-json\/wp\/v2\/tags?post=97983622"}],"curies":[{"name":"wp","href":"https:\/\/api.w.org\/{rel}","templated":true}]}}