{"id":97983626,"date":"2017-09-19T10:02:18","date_gmt":"2017-09-19T13:02:18","guid":{"rendered":"http:\/\/acrimat.org.br\/portal\/?p=97983626"},"modified":"2017-09-19T10:11:41","modified_gmt":"2017-09-19T13:11:41","slug":"indea-participa-de-missao-tecnica-com-equipe-das-filipinas","status":"publish","type":"post","link":"https:\/\/acrimat.org.br\/portal\/indea-participa-de-missao-tecnica-com-equipe-das-filipinas\/","title":{"rendered":"Indea participa de miss\u00e3o t\u00e9cnica com equipe das Filipinas"},"content":{"rendered":"<p>O Instituto de Defesa Agropecu\u00e1rio de Mato Grosso (Indea\/MT) \u00f3rg\u00e3o vinculado \u00e0 Secretaria de Desenvolvimento Econ\u00f4mico (Sedec) estar\u00e1, a partir desta ter\u00e7a (19.09) at\u00e9 o dia 22, participando de uma miss\u00e3o t\u00e9cnica internacional que visa abrir mercados para a carne mato-grossense.<\/p>\n<p>A a\u00e7\u00e3o que \u00e9 feita em parceria com o Minist\u00e9rio de Agricultura e Abastecimento (MAPA) consiste em acompanhar uma equipe das Filipinas que veio ao Brasil especialmente para verificar o sistema de produ\u00e7\u00e3o de carnes e, desta forma, habilitar estabelecimentos exportadores.<\/p>\n<p>O objetivo da miss\u00e3o \u00e9 visitar unidades veterin\u00e1rias e fazendas de cria\u00e7\u00e3o de bovinos para a realiza\u00e7\u00e3o de atividades no \u00e2mbito da sa\u00fade animal. Em Mato Grosso, ser\u00e3o vistoriados pelos auditores filipinos as unidades do Indea de Araputanga e de Barra do Gar\u00e7as onde ser\u00e3o verificados os controles sanit\u00e1rios gerenciados pelo \u00f3rg\u00e3o, bem como, duas fazendas (uma em cada munic\u00edpio) para demonstra\u00e7\u00e3o do modo de produ\u00e7\u00e3o. Al\u00e9m de Mato Grosso, est\u00e3o previstas atividades no \u00e2mbito de sa\u00fade animal em Goi\u00e1s e S\u00e3o Paulo.<\/p>\n<p>Para o presidente do Indea\/MT, Guilherme Nolasco, atividades como esta, demostram a import\u00e2ncia da defesa sanit\u00e1ria animal para o desenvolvimento econ\u00f4mico do Estado, pois, \u201cao servirmos como modelo de \u00f3rg\u00e3o de controle sanit\u00e1rio, atestamos mais uma vez o nosso padr\u00e3o de qualidade, dando mais seguran\u00e7a aos investidores e consumidores, em geral\u201d, argumenta.<\/p>\n<p>Na semana de 25 a 29\/09, outra equipe da mesma miss\u00e3o ser\u00e1 recebida pela Superintend\u00eancia Federal de Agricultura do MAPA para que plantas de frigor\u00edficos em Mato Grosso sejam avaliadas para futuras habilita\u00e7\u00f5es aquele pa\u00eds.<\/p>\n","protected":false},"excerpt":{"rendered":"<p>Indea\/MT estar\u00e1 a partir desta ter\u00e7a (19.09) at\u00e9 o dia 22, participando de uma miss\u00e3o t\u00e9cnica internacional que visa abrir mercados para a carne mato-grossense<\/p>\n","protected":false},"author":11,"featured_media":0,"comment_status":"closed","ping_status":"closed","sticky":false,"template":"","format":"standard","meta":{"footnotes":""},"categories":[6,1],"tags":[],"class_list":["post-97983626","post","type-post","status-publish","format-standard","hentry","category-destaque","category-noticia"],"yoast_head":"<!-- This site is optimized with the Yoast SEO plugin v24.8.1 - https:\/\/yoast.com\/wordpress\/plugins\/seo\/ -->\n<title>Indea participa de miss\u00e3o t\u00e9cnica com equipe das Filipinas - Acrimat<\/title>\n<meta name=\"robots\" content=\"index, follow, max-snippet:-1, max-image-preview:large, max-video-preview:-1\" \/>\n<link rel=\"canonical\" href=\"https:\/\/acrimat.org.br\/portal\/indea-participa-de-missao-tecnica-com-equipe-das-filipinas\/\" \/>\n<meta property=\"og:locale\" content=\"pt_BR\" \/>\n<meta property=\"og:type\" content=\"article\" \/>\n<meta property=\"og:title\" content=\"Indea participa de miss\u00e3o t\u00e9cnica com equipe das Filipinas - Acrimat\" \/>\n<meta property=\"og:description\" content=\"Indea\/MT estar\u00e1 a partir desta ter\u00e7a (19.09) at\u00e9 o dia 22, participando de uma miss\u00e3o t\u00e9cnica internacional que visa abrir mercados para a carne mato-grossense\" \/>\n<meta property=\"og:url\" content=\"https:\/\/acrimat.org.br\/portal\/indea-participa-de-missao-tecnica-com-equipe-das-filipinas\/\" \/>\n<meta property=\"og:site_name\" content=\"Acrimat\" \/>\n<meta property=\"article:published_time\" content=\"2017-09-19T13:02:18+00:00\" \/>\n<meta property=\"article:modified_time\" content=\"2017-09-19T13:11:41+00:00\" \/>\n<meta name=\"author\" content=\"P\u00e9ricles C\u00e2ndido\" \/>\n<meta name=\"twitter:card\" content=\"summary_large_image\" \/>\n<meta name=\"twitter:label1\" content=\"Escrito por\" \/>\n\t<meta name=\"twitter:data1\" content=\"P\u00e9ricles C\u00e2ndido\" \/>\n\t<meta name=\"twitter:label2\" content=\"Est. tempo de leitura\" \/>\n\t<meta name=\"twitter:data2\" content=\"1 minuto\" \/>\n<script type=\"application\/ld+json\" class=\"yoast-schema-graph\">{\"@context\":\"https:\/\/schema.org\",\"@graph\":[{\"@type\":\"Article\",\"@id\":\"https:\/\/acrimat.org.br\/portal\/indea-participa-de-missao-tecnica-com-equipe-das-filipinas\/#article\",\"isPartOf\":{\"@id\":\"https:\/\/acrimat.org.br\/portal\/indea-participa-de-missao-tecnica-com-equipe-das-filipinas\/\"},\"author\":{\"name\":\"P\u00e9ricles C\u00e2ndido\",\"@id\":\"https:\/\/acrimat.org.br\/portal\/#\/schema\/person\/18df8bcf6890e924fe5d8b5afd2bec0f\"},\"headline\":\"Indea participa de miss\u00e3o t\u00e9cnica com equipe das Filipinas\",\"datePublished\":\"2017-09-19T13:02:18+00:00\",\"dateModified\":\"2017-09-19T13:11:41+00:00\",\"mainEntityOfPage\":{\"@id\":\"https:\/\/acrimat.org.br\/portal\/indea-participa-de-missao-tecnica-com-equipe-das-filipinas\/\"},\"wordCount\":297,\"publisher\":{\"@id\":\"https:\/\/acrimat.org.br\/portal\/#organization\"},\"articleSection\":[\"Destaques\",\"Not\u00edcias\"],\"inLanguage\":\"pt-BR\"},{\"@type\":\"WebPage\",\"@id\":\"https:\/\/acrimat.org.br\/portal\/indea-participa-de-missao-tecnica-com-equipe-das-filipinas\/\",\"url\":\"https:\/\/acrimat.org.br\/portal\/indea-participa-de-missao-tecnica-com-equipe-das-filipinas\/\",\"name\":\"Indea participa de miss\u00e3o t\u00e9cnica com equipe das Filipinas - Acrimat\",\"isPartOf\":{\"@id\":\"https:\/\/acrimat.org.br\/portal\/#website\"},\"datePublished\":\"2017-09-19T13:02:18+00:00\",\"dateModified\":\"2017-09-19T13:11:41+00:00\",\"breadcrumb\":{\"@id\":\"https:\/\/acrimat.org.br\/portal\/indea-participa-de-missao-tecnica-com-equipe-das-filipinas\/#breadcrumb\"},\"inLanguage\":\"pt-BR\",\"potentialAction\":[{\"@type\":\"ReadAction\",\"target\":[\"https:\/\/acrimat.org.br\/portal\/indea-participa-de-missao-tecnica-com-equipe-das-filipinas\/\"]}]},{\"@type\":\"BreadcrumbList\",\"@id\":\"https:\/\/acrimat.org.br\/portal\/indea-participa-de-missao-tecnica-com-equipe-das-filipinas\/#breadcrumb\",\"itemListElement\":[{\"@type\":\"ListItem\",\"position\":1,\"name\":\"In\u00edcio\",\"item\":\"https:\/\/acrimat.org.br\/portal\/\"},{\"@type\":\"ListItem\",\"position\":2,\"name\":\"Indea participa de miss\u00e3o t\u00e9cnica com equipe das Filipinas\"}]},{\"@type\":\"WebSite\",\"@id\":\"https:\/\/acrimat.org.br\/portal\/#website\",\"url\":\"https:\/\/acrimat.org.br\/portal\/\",\"name\":\"Acrimat\",\"description\":\"Associa\u00e7\u00e3o dos Criadores de Mato Grosso\",\"publisher\":{\"@id\":\"https:\/\/acrimat.org.br\/portal\/#organization\"},\"potentialAction\":[{\"@type\":\"SearchAction\",\"target\":{\"@type\":\"EntryPoint\",\"urlTemplate\":\"https:\/\/acrimat.org.br\/portal\/?s={search_term_string}\"},\"query-input\":{\"@type\":\"PropertyValueSpecification\",\"valueRequired\":true,\"valueName\":\"search_term_string\"}}],\"inLanguage\":\"pt-BR\"},{\"@type\":\"Organization\",\"@id\":\"https:\/\/acrimat.org.br\/portal\/#organization\",\"name\":\"Associa\u00e7\u00e3o dos Criadores de Mato Grosso\",\"url\":\"https:\/\/acrimat.org.br\/portal\/\",\"logo\":{\"@type\":\"ImageObject\",\"inLanguage\":\"pt-BR\",\"@id\":\"https:\/\/acrimat.org.br\/portal\/#\/schema\/logo\/image\/\",\"url\":\"https:\/\/acrimat.org.br\/portal\/wp-content\/uploads\/2018\/03\/logo-peq-original.png\",\"contentUrl\":\"https:\/\/acrimat.org.br\/portal\/wp-content\/uploads\/2018\/03\/logo-peq-original.png\",\"width\":174,\"height\":171,\"caption\":\"Associa\u00e7\u00e3o dos Criadores de Mato Grosso\"},\"image\":{\"@id\":\"https:\/\/acrimat.org.br\/portal\/#\/schema\/logo\/image\/\"}},{\"@type\":\"Person\",\"@id\":\"https:\/\/acrimat.org.br\/portal\/#\/schema\/person\/18df8bcf6890e924fe5d8b5afd2bec0f\",\"name\":\"P\u00e9ricles C\u00e2ndido\",\"image\":{\"@type\":\"ImageObject\",\"inLanguage\":\"pt-BR\",\"@id\":\"https:\/\/acrimat.org.br\/portal\/#\/schema\/person\/image\/\",\"url\":\"https:\/\/secure.gravatar.com\/avatar\/33e2a2b971dc363ed2df53d0d3bfbd18?s=96&d=mm&r=g\",\"contentUrl\":\"https:\/\/secure.gravatar.com\/avatar\/33e2a2b971dc363ed2df53d0d3bfbd18?s=96&d=mm&r=g\",\"caption\":\"P\u00e9ricles C\u00e2ndido\"},\"sameAs\":[\"ascom@acrimat.org.br\"],\"url\":\"https:\/\/acrimat.org.br\/portal\/author\/designergrafico\/\"}]}<\/script>\n<!-- \/ Yoast SEO plugin. -->","yoast_head_json":{"title":"Indea participa de miss\u00e3o t\u00e9cnica com equipe das Filipinas - Acrimat","robots":{"index":"index","follow":"follow","max-snippet":"max-snippet:-1","max-image-preview":"max-image-preview:large","max-video-preview":"max-video-preview:-1"},"canonical":"https:\/\/acrimat.org.br\/portal\/indea-participa-de-missao-tecnica-com-equipe-das-filipinas\/","og_locale":"pt_BR","og_type":"article","og_title":"Indea participa de miss\u00e3o t\u00e9cnica com equipe das Filipinas - Acrimat","og_description":"Indea\/MT estar\u00e1 a partir desta ter\u00e7a (19.09) at\u00e9 o dia 22, participando de uma miss\u00e3o t\u00e9cnica internacional que visa abrir mercados para a carne mato-grossense","og_url":"https:\/\/acrimat.org.br\/portal\/indea-participa-de-missao-tecnica-com-equipe-das-filipinas\/","og_site_name":"Acrimat","article_published_time":"2017-09-19T13:02:18+00:00","article_modified_time":"2017-09-19T13:11:41+00:00","author":"P\u00e9ricles C\u00e2ndido","twitter_card":"summary_large_image","twitter_misc":{"Escrito por":"P\u00e9ricles C\u00e2ndido","Est. tempo de leitura":"1 minuto"},"schema":{"@context":"https:\/\/schema.org","@graph":[{"@type":"Article","@id":"https:\/\/acrimat.org.br\/portal\/indea-participa-de-missao-tecnica-com-equipe-das-filipinas\/#article","isPartOf":{"@id":"https:\/\/acrimat.org.br\/portal\/indea-participa-de-missao-tecnica-com-equipe-das-filipinas\/"},"author":{"name":"P\u00e9ricles C\u00e2ndido","@id":"https:\/\/acrimat.org.br\/portal\/#\/schema\/person\/18df8bcf6890e924fe5d8b5afd2bec0f"},"headline":"Indea participa de miss\u00e3o t\u00e9cnica com equipe das Filipinas","datePublished":"2017-09-19T13:02:18+00:00","dateModified":"2017-09-19T13:11:41+00:00","mainEntityOfPage":{"@id":"https:\/\/acrimat.org.br\/portal\/indea-participa-de-missao-tecnica-com-equipe-das-filipinas\/"},"wordCount":297,"publisher":{"@id":"https:\/\/acrimat.org.br\/portal\/#organization"},"articleSection":["Destaques","Not\u00edcias"],"inLanguage":"pt-BR"},{"@type":"WebPage","@id":"https:\/\/acrimat.org.br\/portal\/indea-participa-de-missao-tecnica-com-equipe-das-filipinas\/","url":"https:\/\/acrimat.org.br\/portal\/indea-participa-de-missao-tecnica-com-equipe-das-filipinas\/","name":"Indea participa de miss\u00e3o t\u00e9cnica com equipe das Filipinas - Acrimat","isPartOf":{"@id":"https:\/\/acrimat.org.br\/portal\/#website"},"datePublished":"2017-09-19T13:02:18+00:00","dateModified":"2017-09-19T13:11:41+00:00","breadcrumb":{"@id":"https:\/\/acrimat.org.br\/portal\/indea-participa-de-missao-tecnica-com-equipe-das-filipinas\/#breadcrumb"},"inLanguage":"pt-BR","potentialAction":[{"@type":"ReadAction","target":["https:\/\/acrimat.org.br\/portal\/indea-participa-de-missao-tecnica-com-equipe-das-filipinas\/"]}]},{"@type":"BreadcrumbList","@id":"https:\/\/acrimat.org.br\/portal\/indea-participa-de-missao-tecnica-com-equipe-das-filipinas\/#breadcrumb","itemListElement":[{"@type":"ListItem","position":1,"name":"In\u00edcio","item":"https:\/\/acrimat.org.br\/portal\/"},{"@type":"ListItem","position":2,"name":"Indea participa de miss\u00e3o t\u00e9cnica com equipe das Filipinas"}]},{"@type":"WebSite","@id":"https:\/\/acrimat.org.br\/portal\/#website","url":"https:\/\/acrimat.org.br\/portal\/","name":"Acrimat","description":"Associa\u00e7\u00e3o dos Criadores de Mato Grosso","publisher":{"@id":"https:\/\/acrimat.org.br\/portal\/#organization"},"potentialAction":[{"@type":"SearchAction","target":{"@type":"EntryPoint","urlTemplate":"https:\/\/acrimat.org.br\/portal\/?s={search_term_string}"},"query-input":{"@type":"PropertyValueSpecification","valueRequired":true,"valueName":"search_term_string"}}],"inLanguage":"pt-BR"},{"@type":"Organization","@id":"https:\/\/acrimat.org.br\/portal\/#organization","name":"Associa\u00e7\u00e3o dos Criadores de Mato Grosso","url":"https:\/\/acrimat.org.br\/portal\/","logo":{"@type":"ImageObject","inLanguage":"pt-BR","@id":"https:\/\/acrimat.org.br\/portal\/#\/schema\/logo\/image\/","url":"https:\/\/acrimat.org.br\/portal\/wp-content\/uploads\/2018\/03\/logo-peq-original.png","contentUrl":"https:\/\/acrimat.org.br\/portal\/wp-content\/uploads\/2018\/03\/logo-peq-original.png","width":174,"height":171,"caption":"Associa\u00e7\u00e3o dos Criadores de Mato Grosso"},"image":{"@id":"https:\/\/acrimat.org.br\/portal\/#\/schema\/logo\/image\/"}},{"@type":"Person","@id":"https:\/\/acrimat.org.br\/portal\/#\/schema\/person\/18df8bcf6890e924fe5d8b5afd2bec0f","name":"P\u00e9ricles C\u00e2ndido","image":{"@type":"ImageObject","inLanguage":"pt-BR","@id":"https:\/\/acrimat.org.br\/portal\/#\/schema\/person\/image\/","url":"https:\/\/secure.gravatar.com\/avatar\/33e2a2b971dc363ed2df53d0d3bfbd18?s=96&d=mm&r=g","contentUrl":"https:\/\/secure.gravatar.com\/avatar\/33e2a2b971dc363ed2df53d0d3bfbd18?s=96&d=mm&r=g","caption":"P\u00e9ricles C\u00e2ndido"},"sameAs":["ascom@acrimat.org.br"],"url":"https:\/\/acrimat.org.br\/portal\/author\/designergrafico\/"}]}},"_links":{"self":[{"href":"https:\/\/acrimat.org.br\/portal\/wp-json\/wp\/v2\/posts\/97983626","targetHints":{"allow":["GET"]}}],"collection":[{"href":"https:\/\/acrimat.org.br\/portal\/wp-json\/wp\/v2\/posts"}],"about":[{"href":"https:\/\/acrimat.org.br\/portal\/wp-json\/wp\/v2\/types\/post"}],"author":[{"embeddable":true,"href":"https:\/\/acrimat.org.br\/portal\/wp-json\/wp\/v2\/users\/11"}],"replies":[{"embeddable":true,"href":"https:\/\/acrimat.org.br\/portal\/wp-json\/wp\/v2\/comments?post=97983626"}],"version-history":[{"count":3,"href":"https:\/\/acrimat.org.br\/portal\/wp-json\/wp\/v2\/posts\/97983626\/revisions"}],"predecessor-version":[{"id":97983640,"href":"https:\/\/acrimat.org.br\/portal\/wp-json\/wp\/v2\/posts\/97983626\/revisions\/97983640"}],"wp:attachment":[{"href":"https:\/\/acrimat.org.br\/portal\/wp-json\/wp\/v2\/media?parent=97983626"}],"wp:term":[{"taxonomy":"category","embeddable":true,"href":"https:\/\/acrimat.org.br\/portal\/wp-json\/wp\/v2\/categories?post=97983626"},{"taxonomy":"post_tag","embeddable":true,"href":"https:\/\/acrimat.org.br\/portal\/wp-json\/wp\/v2\/tags?post=97983626"}],"curies":[{"name":"wp","href":"https:\/\/api.w.org\/{rel}","templated":true}]}}