{"id":97983642,"date":"2017-09-19T11:23:53","date_gmt":"2017-09-19T14:23:53","guid":{"rendered":"http:\/\/acrimat.org.br\/portal\/?p=97983642"},"modified":"2017-09-20T09:10:07","modified_gmt":"2017-09-20T12:10:07","slug":"presidencia-da-fpa-se-reune-com-fazenda-para-prorrogar-prazo-de-adesao-ao-funrural","status":"publish","type":"post","link":"https:\/\/acrimat.org.br\/portal\/presidencia-da-fpa-se-reune-com-fazenda-para-prorrogar-prazo-de-adesao-ao-funrural\/","title":{"rendered":"Presid\u00eancia da FPA se re\u00fane com Fazenda para prorrogar prazo de ades\u00e3o ao Funrural"},"content":{"rendered":"<p><a href=\"http:\/\/acrimat.org.br\/portal\/wp-content\/uploads\/2017\/09\/18.08-Reuni\u00e3o-FPA-Minist\u00e9rio-da-Fazenda.jpg\"><img decoding=\"async\" class=\"size-medium wp-image-97983643 alignright\" src=\"http:\/\/acrimat.org.br\/portal\/wp-content\/uploads\/2017\/09\/18.08-Reuni\u00e3o-FPA-Minist\u00e9rio-da-Fazenda-300x160.jpg\" alt=\"\" width=\"300\" height=\"160\" srcset=\"https:\/\/acrimat.org.br\/portal\/wp-content\/uploads\/2017\/09\/18.08-Reuni\u00e3o-FPA-Minist\u00e9rio-da-Fazenda-300x160.jpg 300w, https:\/\/acrimat.org.br\/portal\/wp-content\/uploads\/2017\/09\/18.08-Reuni\u00e3o-FPA-Minist\u00e9rio-da-Fazenda-250x133.jpg 250w, https:\/\/acrimat.org.br\/portal\/wp-content\/uploads\/2017\/09\/18.08-Reuni\u00e3o-FPA-Minist\u00e9rio-da-Fazenda-550x293.jpg 550w, https:\/\/acrimat.org.br\/portal\/wp-content\/uploads\/2017\/09\/18.08-Reuni\u00e3o-FPA-Minist\u00e9rio-da-Fazenda-338x180.jpg 338w, https:\/\/acrimat.org.br\/portal\/wp-content\/uploads\/2017\/09\/18.08-Reuni\u00e3o-FPA-Minist\u00e9rio-da-Fazenda-564x300.jpg 564w, https:\/\/acrimat.org.br\/portal\/wp-content\/uploads\/2017\/09\/18.08-Reuni\u00e3o-FPA-Minist\u00e9rio-da-Fazenda.jpg 620w\" sizes=\"(max-width: 300px) 100vw, 300px\" \/><\/a>O presidente da Frente Parlamentar da Agropecu\u00e1ria (FPA), deputado federal Nilson Leit\u00e3o (PSDB\/MT), e a vice-presidente da FPA, deputada federal Tereza Cristina (PSB\/MS), se reuniram, na manh\u00e3 desta segunda-feira (18), com o ministro da Fazenda, Henrique Meireles, e com o secret\u00e1rio da Receita Federal, Jorge Rachid. Na ocasi\u00e3o, os parlamentares pediram a prorroga\u00e7\u00e3o, at\u00e9 30 de dezembro, do prazo de ades\u00e3o ao Programa de Regulariza\u00e7\u00e3o Tribut\u00e1ria Rural (Funrural), estabelecido na Medida Provis\u00f3ria 793\/2017, de relatoria da deputada Tereza Cristina.<\/p>\n<p>O objetivo, segundo os representantes da FPA, \u00e9 que todos aqueles atingidos pela medida tenham tempo suficiente de fazer a ader\u00eancia ao Programa. Para Tereza Cristina, a discuss\u00e3o do prazo \u00e9 indispens\u00e1vel para que os produtores tenham a maior seguran\u00e7a poss\u00edvel em rela\u00e7\u00e3o \u00e0 ades\u00e3o. \u201cPara que todo mundo que fizer a ades\u00e3o, a fa\u00e7a com seguran\u00e7a e n\u00e3o declare a d\u00edvida antes de saber quanto deve, que n\u00e3o fa\u00e7a uma confiss\u00e3o de d\u00edvidas inadequada\u201d, destaca a vice-presidente da Frente.<\/p>\n<p>O presidente da FPA destaca que a decis\u00e3o da MP deve ser a melhor para todos os envolvidos. \u201cJusta para o produtor e eficiente para a Receita Federal. Tudo dentro do equil\u00edbrio, do respeito \u00e0 legisla\u00e7\u00e3o como um todo e \u00e0 Lei de Responsabilidade Fiscal\u201d, afirma o deputado. Leit\u00e3o garante que o setor n\u00e3o quer nenhum benef\u00edcio especial, mas adverte que o Funrural \u00e9 um assunto diferenciado. \u201cN\u00e3o \u00e9 uma contribui\u00e7\u00e3o que estava na rotina do produtor e da agroind\u00fastria. Estava sob liminares h\u00e1 10 anos. Por isso essa quantidade de emendas que, obviamente, v\u00e3o transformar esse texto\u201d, acrescenta o parlamentar.<\/p>\n<p>Entre as principais mudan\u00e7as que est\u00e3o sendo propostas por meio de emendas \u00e0 MP est\u00e3o a redu\u00e7\u00e3o do valor do pagamento da entrada de 4% para 1% e a extens\u00e3o do prazo para a ades\u00e3o ao programa de 29 de setembro para 29 de dezembro.<\/p>\n<p>Passivo do Funrural \u2013 Durante o encontro, o ministro Henrique Meirelles informou que o Projeto de Resolu\u00e7\u00e3o 13\/2017, de autoria da senadora Katia Abreu, que prev\u00ea a suspens\u00e3o da aplica\u00e7\u00e3o de dispositivos da Lei da Seguridade Social relativas \u00e0 contribui\u00e7\u00e3o para a Previd\u00eancia do trabalhador rural, tem parecer da Advocacia Geral da Uni\u00e3o (AGU), pela inconstitucionalidade. A resolu\u00e7\u00e3o j\u00e1 foi aprovada na Comiss\u00e3o de Constitui\u00e7\u00e3o, Justi\u00e7a e Cidadania (CCJ), no final de agosto, e foi promulgada, na \u00faltima ter\u00e7a-feira (12), pelo presidente do Senado, Eun\u00edcio Oliveira, durante sess\u00e3o deliberativa.<\/p>\n<p>Para Nilson Leit\u00e3o, n\u00e3o \u00e9 cab\u00edvel encerrar a quest\u00e3o da MP por conta da resolu\u00e7\u00e3o da senadora Katia Abreu. \u201cA nossa fun\u00e7\u00e3o \u00e9 proteger o produtor rural. Garantimos votos para a aprova\u00e7\u00e3o do projeto da senadora K\u00e1tia, porque acreditamos que poder\u00e1 ser uma nova alternativa sobre o passivo que est\u00e1 deixando todo mundo de cabelo em p\u00e9, pela quantidade de d\u00edvida que gerou a decis\u00e3o do Supremo\u201d, afirma o presidente da FPA.<\/p>\n<p>Entenda o caso \u2013 De acordo com o Supremo Tribunal Federal (STF), havia inconstitucionalidades na lei do Funrural, com bitributa\u00e7\u00e3o do produtor e empregador rural (pessoa f\u00edsica), j\u00e1 que ele pagava a contribui\u00e7\u00e3o sobre a folha de sal\u00e1rios e tamb\u00e9m sobre o faturamento da produ\u00e7\u00e3o. O tratamento n\u00e3o era ison\u00f4mico com o produtor rural que n\u00e3o tinha empregados, que s\u00f3 pagava o imposto sobre o resultado da comercializa\u00e7\u00e3o de seus produtos. A decis\u00e3o do STF levou in\u00fameros produtores rurais a deixar de recolher o tributo.<\/p>\n<p>Depois, em 30 de mar\u00e7o de 2017, o Supremo voltou atr\u00e1s e declarou a constitucionalidade da cobran\u00e7a do Funrural para empregadores rurais pessoas f\u00edsicas. Com isso, foi decretada a cobran\u00e7a retroativa do tributo dos \u00faltimos cinco anos, o que deixou produtores em situa\u00e7\u00e3o dif\u00edcil.<\/p>\n","protected":false},"excerpt":{"rendered":"<p>O objetivo, segundo os representantes da FPA, \u00e9 que todos aqueles atingidos pela medida tenham tempo suficiente de fazer a ader\u00eancia ao Programa<\/p>\n","protected":false},"author":11,"featured_media":97983643,"comment_status":"closed","ping_status":"closed","sticky":false,"template":"","format":"standard","meta":{"footnotes":""},"categories":[6,1],"tags":[],"class_list":["post-97983642","post","type-post","status-publish","format-standard","has-post-thumbnail","hentry","category-destaque","category-noticia"],"yoast_head":"<!-- This site is optimized with the Yoast SEO plugin v24.8.1 - https:\/\/yoast.com\/wordpress\/plugins\/seo\/ -->\n<title>Presid\u00eancia da FPA se re\u00fane com Fazenda para prorrogar prazo de ades\u00e3o ao Funrural - Acrimat<\/title>\n<meta name=\"robots\" content=\"index, follow, max-snippet:-1, max-image-preview:large, max-video-preview:-1\" \/>\n<link rel=\"canonical\" href=\"https:\/\/acrimat.org.br\/portal\/presidencia-da-fpa-se-reune-com-fazenda-para-prorrogar-prazo-de-adesao-ao-funrural\/\" \/>\n<meta property=\"og:locale\" content=\"pt_BR\" \/>\n<meta property=\"og:type\" content=\"article\" \/>\n<meta property=\"og:title\" content=\"Presid\u00eancia da FPA se re\u00fane com Fazenda para prorrogar prazo de ades\u00e3o ao Funrural - Acrimat\" \/>\n<meta property=\"og:description\" content=\"O objetivo, segundo os representantes da FPA, \u00e9 que todos aqueles atingidos pela medida tenham tempo suficiente de fazer a ader\u00eancia ao Programa\" \/>\n<meta property=\"og:url\" content=\"https:\/\/acrimat.org.br\/portal\/presidencia-da-fpa-se-reune-com-fazenda-para-prorrogar-prazo-de-adesao-ao-funrural\/\" \/>\n<meta property=\"og:site_name\" content=\"Acrimat\" \/>\n<meta property=\"article:published_time\" content=\"2017-09-19T14:23:53+00:00\" \/>\n<meta property=\"article:modified_time\" content=\"2017-09-20T12:10:07+00:00\" \/>\n<meta property=\"og:image\" content=\"https:\/\/acrimat.org.br\/portal\/wp-content\/uploads\/2017\/09\/18.08-Reuni\u00e3o-FPA-Minist\u00e9rio-da-Fazenda.jpg\" \/>\n\t<meta property=\"og:image:width\" content=\"620\" \/>\n\t<meta property=\"og:image:height\" content=\"330\" \/>\n\t<meta property=\"og:image:type\" content=\"image\/jpeg\" \/>\n<meta name=\"author\" content=\"P\u00e9ricles C\u00e2ndido\" \/>\n<meta name=\"twitter:card\" content=\"summary_large_image\" \/>\n<meta name=\"twitter:label1\" content=\"Escrito por\" \/>\n\t<meta name=\"twitter:data1\" content=\"P\u00e9ricles C\u00e2ndido\" \/>\n\t<meta name=\"twitter:label2\" content=\"Est. tempo de leitura\" \/>\n\t<meta name=\"twitter:data2\" content=\"3 minutos\" \/>\n<script type=\"application\/ld+json\" class=\"yoast-schema-graph\">{\"@context\":\"https:\/\/schema.org\",\"@graph\":[{\"@type\":\"Article\",\"@id\":\"https:\/\/acrimat.org.br\/portal\/presidencia-da-fpa-se-reune-com-fazenda-para-prorrogar-prazo-de-adesao-ao-funrural\/#article\",\"isPartOf\":{\"@id\":\"https:\/\/acrimat.org.br\/portal\/presidencia-da-fpa-se-reune-com-fazenda-para-prorrogar-prazo-de-adesao-ao-funrural\/\"},\"author\":{\"name\":\"P\u00e9ricles C\u00e2ndido\",\"@id\":\"https:\/\/acrimat.org.br\/portal\/#\/schema\/person\/18df8bcf6890e924fe5d8b5afd2bec0f\"},\"headline\":\"Presid\u00eancia da FPA se re\u00fane com Fazenda para prorrogar prazo de ades\u00e3o ao Funrural\",\"datePublished\":\"2017-09-19T14:23:53+00:00\",\"dateModified\":\"2017-09-20T12:10:07+00:00\",\"mainEntityOfPage\":{\"@id\":\"https:\/\/acrimat.org.br\/portal\/presidencia-da-fpa-se-reune-com-fazenda-para-prorrogar-prazo-de-adesao-ao-funrural\/\"},\"wordCount\":672,\"publisher\":{\"@id\":\"https:\/\/acrimat.org.br\/portal\/#organization\"},\"image\":{\"@id\":\"https:\/\/acrimat.org.br\/portal\/presidencia-da-fpa-se-reune-com-fazenda-para-prorrogar-prazo-de-adesao-ao-funrural\/#primaryimage\"},\"thumbnailUrl\":\"https:\/\/acrimat.org.br\/portal\/wp-content\/uploads\/2017\/09\/18.08-Reuni\u00e3o-FPA-Minist\u00e9rio-da-Fazenda.jpg\",\"articleSection\":[\"Destaques\",\"Not\u00edcias\"],\"inLanguage\":\"pt-BR\"},{\"@type\":\"WebPage\",\"@id\":\"https:\/\/acrimat.org.br\/portal\/presidencia-da-fpa-se-reune-com-fazenda-para-prorrogar-prazo-de-adesao-ao-funrural\/\",\"url\":\"https:\/\/acrimat.org.br\/portal\/presidencia-da-fpa-se-reune-com-fazenda-para-prorrogar-prazo-de-adesao-ao-funrural\/\",\"name\":\"Presid\u00eancia da FPA se re\u00fane com Fazenda para prorrogar prazo de ades\u00e3o ao Funrural - Acrimat\",\"isPartOf\":{\"@id\":\"https:\/\/acrimat.org.br\/portal\/#website\"},\"primaryImageOfPage\":{\"@id\":\"https:\/\/acrimat.org.br\/portal\/presidencia-da-fpa-se-reune-com-fazenda-para-prorrogar-prazo-de-adesao-ao-funrural\/#primaryimage\"},\"image\":{\"@id\":\"https:\/\/acrimat.org.br\/portal\/presidencia-da-fpa-se-reune-com-fazenda-para-prorrogar-prazo-de-adesao-ao-funrural\/#primaryimage\"},\"thumbnailUrl\":\"https:\/\/acrimat.org.br\/portal\/wp-content\/uploads\/2017\/09\/18.08-Reuni\u00e3o-FPA-Minist\u00e9rio-da-Fazenda.jpg\",\"datePublished\":\"2017-09-19T14:23:53+00:00\",\"dateModified\":\"2017-09-20T12:10:07+00:00\",\"breadcrumb\":{\"@id\":\"https:\/\/acrimat.org.br\/portal\/presidencia-da-fpa-se-reune-com-fazenda-para-prorrogar-prazo-de-adesao-ao-funrural\/#breadcrumb\"},\"inLanguage\":\"pt-BR\",\"potentialAction\":[{\"@type\":\"ReadAction\",\"target\":[\"https:\/\/acrimat.org.br\/portal\/presidencia-da-fpa-se-reune-com-fazenda-para-prorrogar-prazo-de-adesao-ao-funrural\/\"]}]},{\"@type\":\"ImageObject\",\"inLanguage\":\"pt-BR\",\"@id\":\"https:\/\/acrimat.org.br\/portal\/presidencia-da-fpa-se-reune-com-fazenda-para-prorrogar-prazo-de-adesao-ao-funrural\/#primaryimage\",\"url\":\"https:\/\/acrimat.org.br\/portal\/wp-content\/uploads\/2017\/09\/18.08-Reuni\u00e3o-FPA-Minist\u00e9rio-da-Fazenda.jpg\",\"contentUrl\":\"https:\/\/acrimat.org.br\/portal\/wp-content\/uploads\/2017\/09\/18.08-Reuni\u00e3o-FPA-Minist\u00e9rio-da-Fazenda.jpg\",\"width\":620,\"height\":330},{\"@type\":\"BreadcrumbList\",\"@id\":\"https:\/\/acrimat.org.br\/portal\/presidencia-da-fpa-se-reune-com-fazenda-para-prorrogar-prazo-de-adesao-ao-funrural\/#breadcrumb\",\"itemListElement\":[{\"@type\":\"ListItem\",\"position\":1,\"name\":\"In\u00edcio\",\"item\":\"https:\/\/acrimat.org.br\/portal\/\"},{\"@type\":\"ListItem\",\"position\":2,\"name\":\"Presid\u00eancia da FPA se re\u00fane com Fazenda para prorrogar prazo de ades\u00e3o ao Funrural\"}]},{\"@type\":\"WebSite\",\"@id\":\"https:\/\/acrimat.org.br\/portal\/#website\",\"url\":\"https:\/\/acrimat.org.br\/portal\/\",\"name\":\"Acrimat\",\"description\":\"Associa\u00e7\u00e3o dos Criadores de Mato Grosso\",\"publisher\":{\"@id\":\"https:\/\/acrimat.org.br\/portal\/#organization\"},\"potentialAction\":[{\"@type\":\"SearchAction\",\"target\":{\"@type\":\"EntryPoint\",\"urlTemplate\":\"https:\/\/acrimat.org.br\/portal\/?s={search_term_string}\"},\"query-input\":{\"@type\":\"PropertyValueSpecification\",\"valueRequired\":true,\"valueName\":\"search_term_string\"}}],\"inLanguage\":\"pt-BR\"},{\"@type\":\"Organization\",\"@id\":\"https:\/\/acrimat.org.br\/portal\/#organization\",\"name\":\"Associa\u00e7\u00e3o dos Criadores de Mato Grosso\",\"url\":\"https:\/\/acrimat.org.br\/portal\/\",\"logo\":{\"@type\":\"ImageObject\",\"inLanguage\":\"pt-BR\",\"@id\":\"https:\/\/acrimat.org.br\/portal\/#\/schema\/logo\/image\/\",\"url\":\"https:\/\/acrimat.org.br\/portal\/wp-content\/uploads\/2018\/03\/logo-peq-original.png\",\"contentUrl\":\"https:\/\/acrimat.org.br\/portal\/wp-content\/uploads\/2018\/03\/logo-peq-original.png\",\"width\":174,\"height\":171,\"caption\":\"Associa\u00e7\u00e3o dos Criadores de Mato Grosso\"},\"image\":{\"@id\":\"https:\/\/acrimat.org.br\/portal\/#\/schema\/logo\/image\/\"}},{\"@type\":\"Person\",\"@id\":\"https:\/\/acrimat.org.br\/portal\/#\/schema\/person\/18df8bcf6890e924fe5d8b5afd2bec0f\",\"name\":\"P\u00e9ricles C\u00e2ndido\",\"image\":{\"@type\":\"ImageObject\",\"inLanguage\":\"pt-BR\",\"@id\":\"https:\/\/acrimat.org.br\/portal\/#\/schema\/person\/image\/\",\"url\":\"https:\/\/secure.gravatar.com\/avatar\/33e2a2b971dc363ed2df53d0d3bfbd18?s=96&d=mm&r=g\",\"contentUrl\":\"https:\/\/secure.gravatar.com\/avatar\/33e2a2b971dc363ed2df53d0d3bfbd18?s=96&d=mm&r=g\",\"caption\":\"P\u00e9ricles C\u00e2ndido\"},\"sameAs\":[\"ascom@acrimat.org.br\"],\"url\":\"https:\/\/acrimat.org.br\/portal\/author\/designergrafico\/\"}]}<\/script>\n<!-- \/ Yoast SEO plugin. -->","yoast_head_json":{"title":"Presid\u00eancia da FPA se re\u00fane com Fazenda para prorrogar prazo de ades\u00e3o ao Funrural - Acrimat","robots":{"index":"index","follow":"follow","max-snippet":"max-snippet:-1","max-image-preview":"max-image-preview:large","max-video-preview":"max-video-preview:-1"},"canonical":"https:\/\/acrimat.org.br\/portal\/presidencia-da-fpa-se-reune-com-fazenda-para-prorrogar-prazo-de-adesao-ao-funrural\/","og_locale":"pt_BR","og_type":"article","og_title":"Presid\u00eancia da FPA se re\u00fane com Fazenda para prorrogar prazo de ades\u00e3o ao Funrural - Acrimat","og_description":"O objetivo, segundo os representantes da FPA, \u00e9 que todos aqueles atingidos pela medida tenham tempo suficiente de fazer a ader\u00eancia ao Programa","og_url":"https:\/\/acrimat.org.br\/portal\/presidencia-da-fpa-se-reune-com-fazenda-para-prorrogar-prazo-de-adesao-ao-funrural\/","og_site_name":"Acrimat","article_published_time":"2017-09-19T14:23:53+00:00","article_modified_time":"2017-09-20T12:10:07+00:00","og_image":[{"width":620,"height":330,"url":"https:\/\/acrimat.org.br\/portal\/wp-content\/uploads\/2017\/09\/18.08-Reuni\u00e3o-FPA-Minist\u00e9rio-da-Fazenda.jpg","type":"image\/jpeg"}],"author":"P\u00e9ricles C\u00e2ndido","twitter_card":"summary_large_image","twitter_misc":{"Escrito por":"P\u00e9ricles C\u00e2ndido","Est. tempo de leitura":"3 minutos"},"schema":{"@context":"https:\/\/schema.org","@graph":[{"@type":"Article","@id":"https:\/\/acrimat.org.br\/portal\/presidencia-da-fpa-se-reune-com-fazenda-para-prorrogar-prazo-de-adesao-ao-funrural\/#article","isPartOf":{"@id":"https:\/\/acrimat.org.br\/portal\/presidencia-da-fpa-se-reune-com-fazenda-para-prorrogar-prazo-de-adesao-ao-funrural\/"},"author":{"name":"P\u00e9ricles C\u00e2ndido","@id":"https:\/\/acrimat.org.br\/portal\/#\/schema\/person\/18df8bcf6890e924fe5d8b5afd2bec0f"},"headline":"Presid\u00eancia da FPA se re\u00fane com Fazenda para prorrogar prazo de ades\u00e3o ao Funrural","datePublished":"2017-09-19T14:23:53+00:00","dateModified":"2017-09-20T12:10:07+00:00","mainEntityOfPage":{"@id":"https:\/\/acrimat.org.br\/portal\/presidencia-da-fpa-se-reune-com-fazenda-para-prorrogar-prazo-de-adesao-ao-funrural\/"},"wordCount":672,"publisher":{"@id":"https:\/\/acrimat.org.br\/portal\/#organization"},"image":{"@id":"https:\/\/acrimat.org.br\/portal\/presidencia-da-fpa-se-reune-com-fazenda-para-prorrogar-prazo-de-adesao-ao-funrural\/#primaryimage"},"thumbnailUrl":"https:\/\/acrimat.org.br\/portal\/wp-content\/uploads\/2017\/09\/18.08-Reuni\u00e3o-FPA-Minist\u00e9rio-da-Fazenda.jpg","articleSection":["Destaques","Not\u00edcias"],"inLanguage":"pt-BR"},{"@type":"WebPage","@id":"https:\/\/acrimat.org.br\/portal\/presidencia-da-fpa-se-reune-com-fazenda-para-prorrogar-prazo-de-adesao-ao-funrural\/","url":"https:\/\/acrimat.org.br\/portal\/presidencia-da-fpa-se-reune-com-fazenda-para-prorrogar-prazo-de-adesao-ao-funrural\/","name":"Presid\u00eancia da FPA se re\u00fane com Fazenda para prorrogar prazo de ades\u00e3o ao Funrural - Acrimat","isPartOf":{"@id":"https:\/\/acrimat.org.br\/portal\/#website"},"primaryImageOfPage":{"@id":"https:\/\/acrimat.org.br\/portal\/presidencia-da-fpa-se-reune-com-fazenda-para-prorrogar-prazo-de-adesao-ao-funrural\/#primaryimage"},"image":{"@id":"https:\/\/acrimat.org.br\/portal\/presidencia-da-fpa-se-reune-com-fazenda-para-prorrogar-prazo-de-adesao-ao-funrural\/#primaryimage"},"thumbnailUrl":"https:\/\/acrimat.org.br\/portal\/wp-content\/uploads\/2017\/09\/18.08-Reuni\u00e3o-FPA-Minist\u00e9rio-da-Fazenda.jpg","datePublished":"2017-09-19T14:23:53+00:00","dateModified":"2017-09-20T12:10:07+00:00","breadcrumb":{"@id":"https:\/\/acrimat.org.br\/portal\/presidencia-da-fpa-se-reune-com-fazenda-para-prorrogar-prazo-de-adesao-ao-funrural\/#breadcrumb"},"inLanguage":"pt-BR","potentialAction":[{"@type":"ReadAction","target":["https:\/\/acrimat.org.br\/portal\/presidencia-da-fpa-se-reune-com-fazenda-para-prorrogar-prazo-de-adesao-ao-funrural\/"]}]},{"@type":"ImageObject","inLanguage":"pt-BR","@id":"https:\/\/acrimat.org.br\/portal\/presidencia-da-fpa-se-reune-com-fazenda-para-prorrogar-prazo-de-adesao-ao-funrural\/#primaryimage","url":"https:\/\/acrimat.org.br\/portal\/wp-content\/uploads\/2017\/09\/18.08-Reuni\u00e3o-FPA-Minist\u00e9rio-da-Fazenda.jpg","contentUrl":"https:\/\/acrimat.org.br\/portal\/wp-content\/uploads\/2017\/09\/18.08-Reuni\u00e3o-FPA-Minist\u00e9rio-da-Fazenda.jpg","width":620,"height":330},{"@type":"BreadcrumbList","@id":"https:\/\/acrimat.org.br\/portal\/presidencia-da-fpa-se-reune-com-fazenda-para-prorrogar-prazo-de-adesao-ao-funrural\/#breadcrumb","itemListElement":[{"@type":"ListItem","position":1,"name":"In\u00edcio","item":"https:\/\/acrimat.org.br\/portal\/"},{"@type":"ListItem","position":2,"name":"Presid\u00eancia da FPA se re\u00fane com Fazenda para prorrogar prazo de ades\u00e3o ao Funrural"}]},{"@type":"WebSite","@id":"https:\/\/acrimat.org.br\/portal\/#website","url":"https:\/\/acrimat.org.br\/portal\/","name":"Acrimat","description":"Associa\u00e7\u00e3o dos Criadores de Mato Grosso","publisher":{"@id":"https:\/\/acrimat.org.br\/portal\/#organization"},"potentialAction":[{"@type":"SearchAction","target":{"@type":"EntryPoint","urlTemplate":"https:\/\/acrimat.org.br\/portal\/?s={search_term_string}"},"query-input":{"@type":"PropertyValueSpecification","valueRequired":true,"valueName":"search_term_string"}}],"inLanguage":"pt-BR"},{"@type":"Organization","@id":"https:\/\/acrimat.org.br\/portal\/#organization","name":"Associa\u00e7\u00e3o dos Criadores de Mato Grosso","url":"https:\/\/acrimat.org.br\/portal\/","logo":{"@type":"ImageObject","inLanguage":"pt-BR","@id":"https:\/\/acrimat.org.br\/portal\/#\/schema\/logo\/image\/","url":"https:\/\/acrimat.org.br\/portal\/wp-content\/uploads\/2018\/03\/logo-peq-original.png","contentUrl":"https:\/\/acrimat.org.br\/portal\/wp-content\/uploads\/2018\/03\/logo-peq-original.png","width":174,"height":171,"caption":"Associa\u00e7\u00e3o dos Criadores de Mato Grosso"},"image":{"@id":"https:\/\/acrimat.org.br\/portal\/#\/schema\/logo\/image\/"}},{"@type":"Person","@id":"https:\/\/acrimat.org.br\/portal\/#\/schema\/person\/18df8bcf6890e924fe5d8b5afd2bec0f","name":"P\u00e9ricles C\u00e2ndido","image":{"@type":"ImageObject","inLanguage":"pt-BR","@id":"https:\/\/acrimat.org.br\/portal\/#\/schema\/person\/image\/","url":"https:\/\/secure.gravatar.com\/avatar\/33e2a2b971dc363ed2df53d0d3bfbd18?s=96&d=mm&r=g","contentUrl":"https:\/\/secure.gravatar.com\/avatar\/33e2a2b971dc363ed2df53d0d3bfbd18?s=96&d=mm&r=g","caption":"P\u00e9ricles C\u00e2ndido"},"sameAs":["ascom@acrimat.org.br"],"url":"https:\/\/acrimat.org.br\/portal\/author\/designergrafico\/"}]}},"_links":{"self":[{"href":"https:\/\/acrimat.org.br\/portal\/wp-json\/wp\/v2\/posts\/97983642","targetHints":{"allow":["GET"]}}],"collection":[{"href":"https:\/\/acrimat.org.br\/portal\/wp-json\/wp\/v2\/posts"}],"about":[{"href":"https:\/\/acrimat.org.br\/portal\/wp-json\/wp\/v2\/types\/post"}],"author":[{"embeddable":true,"href":"https:\/\/acrimat.org.br\/portal\/wp-json\/wp\/v2\/users\/11"}],"replies":[{"embeddable":true,"href":"https:\/\/acrimat.org.br\/portal\/wp-json\/wp\/v2\/comments?post=97983642"}],"version-history":[{"count":2,"href":"https:\/\/acrimat.org.br\/portal\/wp-json\/wp\/v2\/posts\/97983642\/revisions"}],"predecessor-version":[{"id":97983650,"href":"https:\/\/acrimat.org.br\/portal\/wp-json\/wp\/v2\/posts\/97983642\/revisions\/97983650"}],"wp:featuredmedia":[{"embeddable":true,"href":"https:\/\/acrimat.org.br\/portal\/wp-json\/wp\/v2\/media\/97983643"}],"wp:attachment":[{"href":"https:\/\/acrimat.org.br\/portal\/wp-json\/wp\/v2\/media?parent=97983642"}],"wp:term":[{"taxonomy":"category","embeddable":true,"href":"https:\/\/acrimat.org.br\/portal\/wp-json\/wp\/v2\/categories?post=97983642"},{"taxonomy":"post_tag","embeddable":true,"href":"https:\/\/acrimat.org.br\/portal\/wp-json\/wp\/v2\/tags?post=97983642"}],"curies":[{"name":"wp","href":"https:\/\/api.w.org\/{rel}","templated":true}]}}