{"id":97983651,"date":"2017-09-20T09:50:56","date_gmt":"2017-09-20T12:50:56","guid":{"rendered":"http:\/\/acrimat.org.br\/portal\/?p=97983651"},"modified":"2017-09-20T09:50:56","modified_gmt":"2017-09-20T12:50:56","slug":"cna-joao-martins-e-reeleito-para-presidencia-ate-2021","status":"publish","type":"post","link":"https:\/\/acrimat.org.br\/portal\/cna-joao-martins-e-reeleito-para-presidencia-ate-2021\/","title":{"rendered":"CNA: Jo\u00e3o Martins \u00e9 reeleito para presid\u00eancia at\u00e9 2021"},"content":{"rendered":"<div id=\"attachment_97983652\" style=\"width: 310px\" class=\"wp-caption alignright\"><a href=\"http:\/\/acrimat.org.br\/portal\/wp-content\/uploads\/2017\/09\/1430432955773.jpg\"><img fetchpriority=\"high\" decoding=\"async\" aria-describedby=\"caption-attachment-97983652\" class=\"size-medium wp-image-97983652\" src=\"http:\/\/acrimat.org.br\/portal\/wp-content\/uploads\/2017\/09\/1430432955773-300x206.jpg\" alt=\"\" width=\"300\" height=\"206\" srcset=\"https:\/\/acrimat.org.br\/portal\/wp-content\/uploads\/2017\/09\/1430432955773-300x206.jpg 300w, https:\/\/acrimat.org.br\/portal\/wp-content\/uploads\/2017\/09\/1430432955773-250x172.jpg 250w, https:\/\/acrimat.org.br\/portal\/wp-content\/uploads\/2017\/09\/1430432955773-550x378.jpg 550w, https:\/\/acrimat.org.br\/portal\/wp-content\/uploads\/2017\/09\/1430432955773-262x180.jpg 262w, https:\/\/acrimat.org.br\/portal\/wp-content\/uploads\/2017\/09\/1430432955773-436x300.jpg 436w, https:\/\/acrimat.org.br\/portal\/wp-content\/uploads\/2017\/09\/1430432955773.jpg 640w\" sizes=\"(max-width: 300px) 100vw, 300px\" \/><\/a><p id=\"caption-attachment-97983652\" class=\"wp-caption-text\">Fonte:Wenderson Araujo\/CNA<\/p><\/div>\n<p>O presidente da Confedera\u00e7\u00e3o de Agricultura e Pecu\u00e1ria do Brasil (CNA), Jo\u00e3o Martins, foi reeleito nesta ter\u00e7a-feira, 19, para um mandato de quatro anos, at\u00e9 2021. Segundo a assessoria da CNA, Martins, que liderou a chapa \u00fanica na elei\u00e7\u00e3o realizada na sede da entidade, obteve o apoio das 27 federa\u00e7\u00f5es de agricultura dos Estados brasileiros e do Distrito Federal, fato in\u00e9dito.<\/p>\n<p>O presidente reeleito chegou \u00e0 primeira vice-presid\u00eancia da CNA, em 2012, com a ent\u00e3o presidente e atual senadora K\u00e1tia Abreu (PMDB-TO). Ele assumiu a presid\u00eancia interinamente em 2014, com as licen\u00e7as da senadora para a campanha \u00e0 reelei\u00e7\u00e3o de Dilma Rousseff (PT) e, posteriormente, para ser ministra da Agricultura. Em 2015, Martins assumiu o cargo definitivamente at\u00e9 ser reeleito hoje.<\/p>\n<p>Nos \u00faltimos meses, o presidente da CNA foi questionado em duas ocasi\u00f5es e chegou a sofrer oposi\u00e7\u00e3o dentro da institui\u00e7\u00e3o. Entre mar\u00e7o e abril deste ano a entidade foi pressionada pela posi\u00e7\u00e3o favor\u00e1vel \u00e0 constitucionalidade do Fundo de Assist\u00eancia ao Trabalhador Rural (Funrural), decidida pelo Supremo Tribunal Federal (STF). O movimento, \u00e0 \u00e9poca, perdeu for\u00e7a e foi abafado.<\/p>\n<p>Em julho, entidades do agroneg\u00f3cio de Mato Grosso lan\u00e7aram o movimento \u201cMuda CNA\u201d, em um evento em Rondon\u00f3polis (MT). Com representantes de associa\u00e7\u00f5es de produtores e pol\u00edticos daquele estado, o movimento pedia o fim da reelei\u00e7\u00e3o por tempo indeterminado e do pagamento de sal\u00e1rio ao presidente da CNA, al\u00e9m de defender altera\u00e7\u00f5es na contribui\u00e7\u00e3o sindical.<\/p>\n","protected":false},"excerpt":{"rendered":"<p>Segundo a assessoria da CNA, Martins, que liderou a chapa \u00fanica na elei\u00e7\u00e3o realizada na sede da entidade, obteve o apoio das 27 federa\u00e7\u00f5es de agricultura dos Estados brasileiros e do Distrito Federal, fato in\u00e9dito<\/p>\n","protected":false},"author":11,"featured_media":97983652,"comment_status":"closed","ping_status":"closed","sticky":false,"template":"","format":"standard","meta":{"footnotes":""},"categories":[6,1],"tags":[],"class_list":["post-97983651","post","type-post","status-publish","format-standard","has-post-thumbnail","hentry","category-destaque","category-noticia"],"yoast_head":"<!-- This site is optimized with the Yoast SEO plugin v24.8.1 - https:\/\/yoast.com\/wordpress\/plugins\/seo\/ -->\n<title>CNA: Jo\u00e3o Martins \u00e9 reeleito para presid\u00eancia at\u00e9 2021 - Acrimat<\/title>\n<meta name=\"robots\" content=\"index, follow, max-snippet:-1, max-image-preview:large, max-video-preview:-1\" \/>\n<link rel=\"canonical\" href=\"https:\/\/acrimat.org.br\/portal\/cna-joao-martins-e-reeleito-para-presidencia-ate-2021\/\" \/>\n<meta property=\"og:locale\" content=\"pt_BR\" \/>\n<meta property=\"og:type\" content=\"article\" \/>\n<meta property=\"og:title\" content=\"CNA: Jo\u00e3o Martins \u00e9 reeleito para presid\u00eancia at\u00e9 2021 - Acrimat\" \/>\n<meta property=\"og:description\" content=\"Segundo a assessoria da CNA, Martins, que liderou a chapa \u00fanica na elei\u00e7\u00e3o realizada na sede da entidade, obteve o apoio das 27 federa\u00e7\u00f5es de agricultura dos Estados brasileiros e do Distrito Federal, fato in\u00e9dito\" \/>\n<meta property=\"og:url\" content=\"https:\/\/acrimat.org.br\/portal\/cna-joao-martins-e-reeleito-para-presidencia-ate-2021\/\" \/>\n<meta property=\"og:site_name\" content=\"Acrimat\" \/>\n<meta property=\"article:published_time\" content=\"2017-09-20T12:50:56+00:00\" \/>\n<meta property=\"og:image\" content=\"https:\/\/acrimat.org.br\/portal\/wp-content\/uploads\/2017\/09\/1430432955773.jpg\" \/>\n\t<meta property=\"og:image:width\" content=\"640\" \/>\n\t<meta property=\"og:image:height\" content=\"440\" \/>\n\t<meta property=\"og:image:type\" content=\"image\/jpeg\" \/>\n<meta name=\"author\" content=\"P\u00e9ricles C\u00e2ndido\" \/>\n<meta name=\"twitter:card\" content=\"summary_large_image\" \/>\n<meta name=\"twitter:label1\" content=\"Escrito por\" \/>\n\t<meta name=\"twitter:data1\" content=\"P\u00e9ricles C\u00e2ndido\" \/>\n\t<meta name=\"twitter:label2\" content=\"Est. tempo de leitura\" \/>\n\t<meta name=\"twitter:data2\" content=\"1 minuto\" \/>\n<script type=\"application\/ld+json\" class=\"yoast-schema-graph\">{\"@context\":\"https:\/\/schema.org\",\"@graph\":[{\"@type\":\"Article\",\"@id\":\"https:\/\/acrimat.org.br\/portal\/cna-joao-martins-e-reeleito-para-presidencia-ate-2021\/#article\",\"isPartOf\":{\"@id\":\"https:\/\/acrimat.org.br\/portal\/cna-joao-martins-e-reeleito-para-presidencia-ate-2021\/\"},\"author\":{\"name\":\"P\u00e9ricles C\u00e2ndido\",\"@id\":\"https:\/\/acrimat.org.br\/portal\/#\/schema\/person\/18df8bcf6890e924fe5d8b5afd2bec0f\"},\"headline\":\"CNA: Jo\u00e3o Martins \u00e9 reeleito para presid\u00eancia at\u00e9 2021\",\"datePublished\":\"2017-09-20T12:50:56+00:00\",\"mainEntityOfPage\":{\"@id\":\"https:\/\/acrimat.org.br\/portal\/cna-joao-martins-e-reeleito-para-presidencia-ate-2021\/\"},\"wordCount\":275,\"publisher\":{\"@id\":\"https:\/\/acrimat.org.br\/portal\/#organization\"},\"image\":{\"@id\":\"https:\/\/acrimat.org.br\/portal\/cna-joao-martins-e-reeleito-para-presidencia-ate-2021\/#primaryimage\"},\"thumbnailUrl\":\"https:\/\/acrimat.org.br\/portal\/wp-content\/uploads\/2017\/09\/1430432955773.jpg\",\"articleSection\":[\"Destaques\",\"Not\u00edcias\"],\"inLanguage\":\"pt-BR\"},{\"@type\":\"WebPage\",\"@id\":\"https:\/\/acrimat.org.br\/portal\/cna-joao-martins-e-reeleito-para-presidencia-ate-2021\/\",\"url\":\"https:\/\/acrimat.org.br\/portal\/cna-joao-martins-e-reeleito-para-presidencia-ate-2021\/\",\"name\":\"CNA: Jo\u00e3o Martins \u00e9 reeleito para presid\u00eancia at\u00e9 2021 - Acrimat\",\"isPartOf\":{\"@id\":\"https:\/\/acrimat.org.br\/portal\/#website\"},\"primaryImageOfPage\":{\"@id\":\"https:\/\/acrimat.org.br\/portal\/cna-joao-martins-e-reeleito-para-presidencia-ate-2021\/#primaryimage\"},\"image\":{\"@id\":\"https:\/\/acrimat.org.br\/portal\/cna-joao-martins-e-reeleito-para-presidencia-ate-2021\/#primaryimage\"},\"thumbnailUrl\":\"https:\/\/acrimat.org.br\/portal\/wp-content\/uploads\/2017\/09\/1430432955773.jpg\",\"datePublished\":\"2017-09-20T12:50:56+00:00\",\"breadcrumb\":{\"@id\":\"https:\/\/acrimat.org.br\/portal\/cna-joao-martins-e-reeleito-para-presidencia-ate-2021\/#breadcrumb\"},\"inLanguage\":\"pt-BR\",\"potentialAction\":[{\"@type\":\"ReadAction\",\"target\":[\"https:\/\/acrimat.org.br\/portal\/cna-joao-martins-e-reeleito-para-presidencia-ate-2021\/\"]}]},{\"@type\":\"ImageObject\",\"inLanguage\":\"pt-BR\",\"@id\":\"https:\/\/acrimat.org.br\/portal\/cna-joao-martins-e-reeleito-para-presidencia-ate-2021\/#primaryimage\",\"url\":\"https:\/\/acrimat.org.br\/portal\/wp-content\/uploads\/2017\/09\/1430432955773.jpg\",\"contentUrl\":\"https:\/\/acrimat.org.br\/portal\/wp-content\/uploads\/2017\/09\/1430432955773.jpg\",\"width\":640,\"height\":440,\"caption\":\"Fonte:Wenderson Araujo\/CNA\"},{\"@type\":\"BreadcrumbList\",\"@id\":\"https:\/\/acrimat.org.br\/portal\/cna-joao-martins-e-reeleito-para-presidencia-ate-2021\/#breadcrumb\",\"itemListElement\":[{\"@type\":\"ListItem\",\"position\":1,\"name\":\"In\u00edcio\",\"item\":\"https:\/\/acrimat.org.br\/portal\/\"},{\"@type\":\"ListItem\",\"position\":2,\"name\":\"CNA: Jo\u00e3o Martins \u00e9 reeleito para presid\u00eancia at\u00e9 2021\"}]},{\"@type\":\"WebSite\",\"@id\":\"https:\/\/acrimat.org.br\/portal\/#website\",\"url\":\"https:\/\/acrimat.org.br\/portal\/\",\"name\":\"Acrimat\",\"description\":\"Associa\u00e7\u00e3o dos Criadores de Mato Grosso\",\"publisher\":{\"@id\":\"https:\/\/acrimat.org.br\/portal\/#organization\"},\"potentialAction\":[{\"@type\":\"SearchAction\",\"target\":{\"@type\":\"EntryPoint\",\"urlTemplate\":\"https:\/\/acrimat.org.br\/portal\/?s={search_term_string}\"},\"query-input\":{\"@type\":\"PropertyValueSpecification\",\"valueRequired\":true,\"valueName\":\"search_term_string\"}}],\"inLanguage\":\"pt-BR\"},{\"@type\":\"Organization\",\"@id\":\"https:\/\/acrimat.org.br\/portal\/#organization\",\"name\":\"Associa\u00e7\u00e3o dos Criadores de Mato Grosso\",\"url\":\"https:\/\/acrimat.org.br\/portal\/\",\"logo\":{\"@type\":\"ImageObject\",\"inLanguage\":\"pt-BR\",\"@id\":\"https:\/\/acrimat.org.br\/portal\/#\/schema\/logo\/image\/\",\"url\":\"https:\/\/acrimat.org.br\/portal\/wp-content\/uploads\/2018\/03\/logo-peq-original.png\",\"contentUrl\":\"https:\/\/acrimat.org.br\/portal\/wp-content\/uploads\/2018\/03\/logo-peq-original.png\",\"width\":174,\"height\":171,\"caption\":\"Associa\u00e7\u00e3o dos Criadores de Mato Grosso\"},\"image\":{\"@id\":\"https:\/\/acrimat.org.br\/portal\/#\/schema\/logo\/image\/\"}},{\"@type\":\"Person\",\"@id\":\"https:\/\/acrimat.org.br\/portal\/#\/schema\/person\/18df8bcf6890e924fe5d8b5afd2bec0f\",\"name\":\"P\u00e9ricles C\u00e2ndido\",\"image\":{\"@type\":\"ImageObject\",\"inLanguage\":\"pt-BR\",\"@id\":\"https:\/\/acrimat.org.br\/portal\/#\/schema\/person\/image\/\",\"url\":\"https:\/\/secure.gravatar.com\/avatar\/33e2a2b971dc363ed2df53d0d3bfbd18?s=96&d=mm&r=g\",\"contentUrl\":\"https:\/\/secure.gravatar.com\/avatar\/33e2a2b971dc363ed2df53d0d3bfbd18?s=96&d=mm&r=g\",\"caption\":\"P\u00e9ricles C\u00e2ndido\"},\"sameAs\":[\"ascom@acrimat.org.br\"],\"url\":\"https:\/\/acrimat.org.br\/portal\/author\/designergrafico\/\"}]}<\/script>\n<!-- \/ Yoast SEO plugin. -->","yoast_head_json":{"title":"CNA: Jo\u00e3o Martins \u00e9 reeleito para presid\u00eancia at\u00e9 2021 - Acrimat","robots":{"index":"index","follow":"follow","max-snippet":"max-snippet:-1","max-image-preview":"max-image-preview:large","max-video-preview":"max-video-preview:-1"},"canonical":"https:\/\/acrimat.org.br\/portal\/cna-joao-martins-e-reeleito-para-presidencia-ate-2021\/","og_locale":"pt_BR","og_type":"article","og_title":"CNA: Jo\u00e3o Martins \u00e9 reeleito para presid\u00eancia at\u00e9 2021 - Acrimat","og_description":"Segundo a assessoria da CNA, Martins, que liderou a chapa \u00fanica na elei\u00e7\u00e3o realizada na sede da entidade, obteve o apoio das 27 federa\u00e7\u00f5es de agricultura dos Estados brasileiros e do Distrito Federal, fato in\u00e9dito","og_url":"https:\/\/acrimat.org.br\/portal\/cna-joao-martins-e-reeleito-para-presidencia-ate-2021\/","og_site_name":"Acrimat","article_published_time":"2017-09-20T12:50:56+00:00","og_image":[{"width":640,"height":440,"url":"https:\/\/acrimat.org.br\/portal\/wp-content\/uploads\/2017\/09\/1430432955773.jpg","type":"image\/jpeg"}],"author":"P\u00e9ricles C\u00e2ndido","twitter_card":"summary_large_image","twitter_misc":{"Escrito por":"P\u00e9ricles C\u00e2ndido","Est. tempo de leitura":"1 minuto"},"schema":{"@context":"https:\/\/schema.org","@graph":[{"@type":"Article","@id":"https:\/\/acrimat.org.br\/portal\/cna-joao-martins-e-reeleito-para-presidencia-ate-2021\/#article","isPartOf":{"@id":"https:\/\/acrimat.org.br\/portal\/cna-joao-martins-e-reeleito-para-presidencia-ate-2021\/"},"author":{"name":"P\u00e9ricles C\u00e2ndido","@id":"https:\/\/acrimat.org.br\/portal\/#\/schema\/person\/18df8bcf6890e924fe5d8b5afd2bec0f"},"headline":"CNA: Jo\u00e3o Martins \u00e9 reeleito para presid\u00eancia at\u00e9 2021","datePublished":"2017-09-20T12:50:56+00:00","mainEntityOfPage":{"@id":"https:\/\/acrimat.org.br\/portal\/cna-joao-martins-e-reeleito-para-presidencia-ate-2021\/"},"wordCount":275,"publisher":{"@id":"https:\/\/acrimat.org.br\/portal\/#organization"},"image":{"@id":"https:\/\/acrimat.org.br\/portal\/cna-joao-martins-e-reeleito-para-presidencia-ate-2021\/#primaryimage"},"thumbnailUrl":"https:\/\/acrimat.org.br\/portal\/wp-content\/uploads\/2017\/09\/1430432955773.jpg","articleSection":["Destaques","Not\u00edcias"],"inLanguage":"pt-BR"},{"@type":"WebPage","@id":"https:\/\/acrimat.org.br\/portal\/cna-joao-martins-e-reeleito-para-presidencia-ate-2021\/","url":"https:\/\/acrimat.org.br\/portal\/cna-joao-martins-e-reeleito-para-presidencia-ate-2021\/","name":"CNA: Jo\u00e3o Martins \u00e9 reeleito para presid\u00eancia at\u00e9 2021 - Acrimat","isPartOf":{"@id":"https:\/\/acrimat.org.br\/portal\/#website"},"primaryImageOfPage":{"@id":"https:\/\/acrimat.org.br\/portal\/cna-joao-martins-e-reeleito-para-presidencia-ate-2021\/#primaryimage"},"image":{"@id":"https:\/\/acrimat.org.br\/portal\/cna-joao-martins-e-reeleito-para-presidencia-ate-2021\/#primaryimage"},"thumbnailUrl":"https:\/\/acrimat.org.br\/portal\/wp-content\/uploads\/2017\/09\/1430432955773.jpg","datePublished":"2017-09-20T12:50:56+00:00","breadcrumb":{"@id":"https:\/\/acrimat.org.br\/portal\/cna-joao-martins-e-reeleito-para-presidencia-ate-2021\/#breadcrumb"},"inLanguage":"pt-BR","potentialAction":[{"@type":"ReadAction","target":["https:\/\/acrimat.org.br\/portal\/cna-joao-martins-e-reeleito-para-presidencia-ate-2021\/"]}]},{"@type":"ImageObject","inLanguage":"pt-BR","@id":"https:\/\/acrimat.org.br\/portal\/cna-joao-martins-e-reeleito-para-presidencia-ate-2021\/#primaryimage","url":"https:\/\/acrimat.org.br\/portal\/wp-content\/uploads\/2017\/09\/1430432955773.jpg","contentUrl":"https:\/\/acrimat.org.br\/portal\/wp-content\/uploads\/2017\/09\/1430432955773.jpg","width":640,"height":440,"caption":"Fonte:Wenderson Araujo\/CNA"},{"@type":"BreadcrumbList","@id":"https:\/\/acrimat.org.br\/portal\/cna-joao-martins-e-reeleito-para-presidencia-ate-2021\/#breadcrumb","itemListElement":[{"@type":"ListItem","position":1,"name":"In\u00edcio","item":"https:\/\/acrimat.org.br\/portal\/"},{"@type":"ListItem","position":2,"name":"CNA: Jo\u00e3o Martins \u00e9 reeleito para presid\u00eancia at\u00e9 2021"}]},{"@type":"WebSite","@id":"https:\/\/acrimat.org.br\/portal\/#website","url":"https:\/\/acrimat.org.br\/portal\/","name":"Acrimat","description":"Associa\u00e7\u00e3o dos Criadores de Mato Grosso","publisher":{"@id":"https:\/\/acrimat.org.br\/portal\/#organization"},"potentialAction":[{"@type":"SearchAction","target":{"@type":"EntryPoint","urlTemplate":"https:\/\/acrimat.org.br\/portal\/?s={search_term_string}"},"query-input":{"@type":"PropertyValueSpecification","valueRequired":true,"valueName":"search_term_string"}}],"inLanguage":"pt-BR"},{"@type":"Organization","@id":"https:\/\/acrimat.org.br\/portal\/#organization","name":"Associa\u00e7\u00e3o dos Criadores de Mato Grosso","url":"https:\/\/acrimat.org.br\/portal\/","logo":{"@type":"ImageObject","inLanguage":"pt-BR","@id":"https:\/\/acrimat.org.br\/portal\/#\/schema\/logo\/image\/","url":"https:\/\/acrimat.org.br\/portal\/wp-content\/uploads\/2018\/03\/logo-peq-original.png","contentUrl":"https:\/\/acrimat.org.br\/portal\/wp-content\/uploads\/2018\/03\/logo-peq-original.png","width":174,"height":171,"caption":"Associa\u00e7\u00e3o dos Criadores de Mato Grosso"},"image":{"@id":"https:\/\/acrimat.org.br\/portal\/#\/schema\/logo\/image\/"}},{"@type":"Person","@id":"https:\/\/acrimat.org.br\/portal\/#\/schema\/person\/18df8bcf6890e924fe5d8b5afd2bec0f","name":"P\u00e9ricles C\u00e2ndido","image":{"@type":"ImageObject","inLanguage":"pt-BR","@id":"https:\/\/acrimat.org.br\/portal\/#\/schema\/person\/image\/","url":"https:\/\/secure.gravatar.com\/avatar\/33e2a2b971dc363ed2df53d0d3bfbd18?s=96&d=mm&r=g","contentUrl":"https:\/\/secure.gravatar.com\/avatar\/33e2a2b971dc363ed2df53d0d3bfbd18?s=96&d=mm&r=g","caption":"P\u00e9ricles C\u00e2ndido"},"sameAs":["ascom@acrimat.org.br"],"url":"https:\/\/acrimat.org.br\/portal\/author\/designergrafico\/"}]}},"_links":{"self":[{"href":"https:\/\/acrimat.org.br\/portal\/wp-json\/wp\/v2\/posts\/97983651","targetHints":{"allow":["GET"]}}],"collection":[{"href":"https:\/\/acrimat.org.br\/portal\/wp-json\/wp\/v2\/posts"}],"about":[{"href":"https:\/\/acrimat.org.br\/portal\/wp-json\/wp\/v2\/types\/post"}],"author":[{"embeddable":true,"href":"https:\/\/acrimat.org.br\/portal\/wp-json\/wp\/v2\/users\/11"}],"replies":[{"embeddable":true,"href":"https:\/\/acrimat.org.br\/portal\/wp-json\/wp\/v2\/comments?post=97983651"}],"version-history":[{"count":1,"href":"https:\/\/acrimat.org.br\/portal\/wp-json\/wp\/v2\/posts\/97983651\/revisions"}],"predecessor-version":[{"id":97983653,"href":"https:\/\/acrimat.org.br\/portal\/wp-json\/wp\/v2\/posts\/97983651\/revisions\/97983653"}],"wp:featuredmedia":[{"embeddable":true,"href":"https:\/\/acrimat.org.br\/portal\/wp-json\/wp\/v2\/media\/97983652"}],"wp:attachment":[{"href":"https:\/\/acrimat.org.br\/portal\/wp-json\/wp\/v2\/media?parent=97983651"}],"wp:term":[{"taxonomy":"category","embeddable":true,"href":"https:\/\/acrimat.org.br\/portal\/wp-json\/wp\/v2\/categories?post=97983651"},{"taxonomy":"post_tag","embeddable":true,"href":"https:\/\/acrimat.org.br\/portal\/wp-json\/wp\/v2\/tags?post=97983651"}],"curies":[{"name":"wp","href":"https:\/\/api.w.org\/{rel}","templated":true}]}}