{"id":97983654,"date":"2017-09-20T09:54:17","date_gmt":"2017-09-20T12:54:17","guid":{"rendered":"http:\/\/acrimat.org.br\/portal\/?p=97983654"},"modified":"2017-09-20T09:54:17","modified_gmt":"2017-09-20T12:54:17","slug":"uniao-nacional-do-etanol-de-milho-e-criada","status":"publish","type":"post","link":"https:\/\/acrimat.org.br\/portal\/uniao-nacional-do-etanol-de-milho-e-criada\/","title":{"rendered":"Uni\u00e3o Nacional do Etanol de Milho \u00e9 criada"},"content":{"rendered":"<div id=\"attachment_97983655\" style=\"width: 310px\" class=\"wp-caption alignright\"><a href=\"http:\/\/acrimat.org.br\/portal\/wp-content\/uploads\/2017\/09\/12209.jpg\"><img fetchpriority=\"high\" decoding=\"async\" aria-describedby=\"caption-attachment-97983655\" class=\"size-medium wp-image-97983655\" src=\"http:\/\/acrimat.org.br\/portal\/wp-content\/uploads\/2017\/09\/12209-300x225.jpg\" alt=\"\" width=\"300\" height=\"225\" srcset=\"https:\/\/acrimat.org.br\/portal\/wp-content\/uploads\/2017\/09\/12209-300x225.jpg 300w, https:\/\/acrimat.org.br\/portal\/wp-content\/uploads\/2017\/09\/12209-250x188.jpg 250w, https:\/\/acrimat.org.br\/portal\/wp-content\/uploads\/2017\/09\/12209-550x413.jpg 550w, https:\/\/acrimat.org.br\/portal\/wp-content\/uploads\/2017\/09\/12209-240x180.jpg 240w, https:\/\/acrimat.org.br\/portal\/wp-content\/uploads\/2017\/09\/12209-400x300.jpg 400w, https:\/\/acrimat.org.br\/portal\/wp-content\/uploads\/2017\/09\/12209.jpg 648w\" sizes=\"(max-width: 300px) 100vw, 300px\" \/><\/a><p id=\"caption-attachment-97983655\" class=\"wp-caption-text\">Unem ser\u00e1 conduzida por Ricardo Tomczyk e Glauber Silveira<\/p><\/div>\n<p>Foi criada nesta segunda-feira, 18, a Uni\u00e3o Nacional do Etanol de Milho (Unem), em Cuiab\u00e1. Composta pelo setor privado e entidades representativas, o objetivo da associa\u00e7\u00e3o \u00e9 fomentar o desenvolvimento industrial do etanol de milho no pa\u00eds.<\/p>\n<p>Conduzida pelo conselheiro consultivo e ex-presidente da Associa\u00e7\u00e3o dos Produtores de Soja e Milho de Mato Grosso (Aprosoja-MT), Ricardo Tomczyk, e pelo tamb\u00e9m conselheiro consultivo e vice-presidente da Associa\u00e7\u00e3o Brasileira de Produtores de Milho (Abramilho), Glauber Silveira, a Unem \u00e9 um marco para o setor.<\/p>\n<p>\u201cNosso objetivo \u00e9 focar no desenvolvimento da cadeia do etanol de milho. Sabemos que temos potencial. Agora, com a associa\u00e7\u00e3o, poderemos desenvolv\u00ea-lo de maneira mais articulada\u201d, afirma Tomczyk.<\/p>\n<p>Defensor do etanol de milho h\u00e1 anos em Mato Grosso, Silveira destaca a import\u00e2ncia da associa\u00e7\u00e3o com foco em resultados. \u201cA associa\u00e7\u00e3o \u00e9 um marco para o desenvolvimento dessa cadeia que vem crescendo no Brasil. \u00c9 importante termos uma associa\u00e7\u00e3o nacional, que busque alternativas para resolver nossos gargalos e tamb\u00e9m que incentive o setor\u201d, afirma.<\/p>\n<p>Para Henrique Ubrig, presidente da FS Bionergia, primeira usina exclusiva de etanol de milho do pa\u00eds, a Unem possibilitar\u00e1 o crescimento de todos os elos. \u201cA associa\u00e7\u00e3o \u00e9 um grande benef\u00edcio para incentivar a compet\u00eancia, organizar a ind\u00fastria e acelerar o processo de instala\u00e7\u00e3o de novas unidades industriais. Esse \u00e9 o grande motor. N\u00f3s j\u00e1 somos palco de uma produ\u00e7\u00e3o agr\u00edcola espetacular, mas a ind\u00fastria ainda \u00e9 embrion\u00e1ria. A associa\u00e7\u00e3o vai acelerar esse processo, unindo a cadeia e fazendo com que os processos sejam mais din\u00e2micos e eficazes\u201d, pontua.<\/p>\n<p>Emerson Vasconcelos, presidente regional da Novozymes Am\u00e9rica Latina, empresa de biotecnologia, considera um avan\u00e7o para o agroneg\u00f3cio a cria\u00e7\u00e3o da Unem. \u201cA associa\u00e7\u00e3o veio em um momento essencial e adequado. Ela servir\u00e1 para suportar e estruturar a cadeia do milho. Sabemos que s\u00f3 uma empresa ou uma parte desta cadeia n\u00e3o conseguiria, sozinha, fazer com que o etanol de milho se desenvolvesse\u201d, destaca.<\/p>\n<p><strong>A Unem \u2013<\/strong> Estavam presentes e comp\u00f5em a Unem as seguintes institui\u00e7\u00f5es: Aprosoja, Associa\u00e7\u00e3o dos Produtores de Sementes (Aprosmat), Abramilho, Associa\u00e7\u00e3o de Reflorestadores de Mato Grosso (Arefloresta), Associa\u00e7\u00e3o dos Criadores de Mato Grosso (Acrimat) e Federa\u00e7\u00e3o da Agricultura e Pecu\u00e1ria de Mato Grosso (Famato).<\/p>\n<p>Do setor privado, compareceram representantes da ind\u00fastria de etanol, como a FS Bioenergia e a SJC, de Goi\u00e1s; fornecedores de m\u00e1quinas e equipamentos, como SL Process, Fermentec, Amaz\u00f4nia M\u00e1quinas e Lallemand BDS; e empresas de produtos qu\u00edmicos, insumos e sementes, como Dow\/Du Pont, Pioneer, Novozymes e Leaf.<\/p>\n<p>Representantes da Cooperativa Agropecu\u00e1ria e Industrial Celeiro do Norte (Coacen), das ind\u00fastrias Alcoolina e Alcooad, da comercializadora CHS e da Funda\u00e7\u00e3o Rio Verde tamb\u00e9m participaram da reuni\u00e3o de cria\u00e7\u00e3o da Unem.<\/p>\n<p><strong>Fonte: Aprosoja-MT<\/strong><\/p>\n","protected":false},"excerpt":{"rendered":"<p>Objetivo da associa\u00e7\u00e3o \u00e9 fomentar o desenvolvimento industrial do biocombust\u00edvel no pa\u00eds<\/p>\n","protected":false},"author":11,"featured_media":97983655,"comment_status":"closed","ping_status":"closed","sticky":false,"template":"","format":"standard","meta":{"footnotes":""},"categories":[6,1],"tags":[],"class_list":["post-97983654","post","type-post","status-publish","format-standard","has-post-thumbnail","hentry","category-destaque","category-noticia"],"yoast_head":"<!-- This site is optimized with the Yoast SEO plugin v24.8.1 - https:\/\/yoast.com\/wordpress\/plugins\/seo\/ -->\n<title>Uni\u00e3o Nacional do Etanol de Milho \u00e9 criada - Acrimat<\/title>\n<meta name=\"robots\" content=\"index, follow, max-snippet:-1, max-image-preview:large, max-video-preview:-1\" \/>\n<link rel=\"canonical\" href=\"https:\/\/acrimat.org.br\/portal\/uniao-nacional-do-etanol-de-milho-e-criada\/\" \/>\n<meta property=\"og:locale\" content=\"pt_BR\" \/>\n<meta property=\"og:type\" content=\"article\" \/>\n<meta property=\"og:title\" content=\"Uni\u00e3o Nacional do Etanol de Milho \u00e9 criada - Acrimat\" \/>\n<meta property=\"og:description\" content=\"Objetivo da associa\u00e7\u00e3o \u00e9 fomentar o desenvolvimento industrial do biocombust\u00edvel no pa\u00eds\" \/>\n<meta property=\"og:url\" content=\"https:\/\/acrimat.org.br\/portal\/uniao-nacional-do-etanol-de-milho-e-criada\/\" \/>\n<meta property=\"og:site_name\" content=\"Acrimat\" \/>\n<meta property=\"article:published_time\" content=\"2017-09-20T12:54:17+00:00\" \/>\n<meta property=\"og:image\" content=\"https:\/\/acrimat.org.br\/portal\/wp-content\/uploads\/2017\/09\/12209.jpg\" \/>\n\t<meta property=\"og:image:width\" content=\"648\" \/>\n\t<meta property=\"og:image:height\" content=\"486\" \/>\n\t<meta property=\"og:image:type\" content=\"image\/jpeg\" \/>\n<meta name=\"author\" content=\"P\u00e9ricles C\u00e2ndido\" \/>\n<meta name=\"twitter:card\" content=\"summary_large_image\" \/>\n<meta name=\"twitter:label1\" content=\"Escrito por\" \/>\n\t<meta name=\"twitter:data1\" content=\"P\u00e9ricles C\u00e2ndido\" \/>\n\t<meta name=\"twitter:label2\" content=\"Est. tempo de leitura\" \/>\n\t<meta name=\"twitter:data2\" content=\"2 minutos\" \/>\n<script type=\"application\/ld+json\" class=\"yoast-schema-graph\">{\"@context\":\"https:\/\/schema.org\",\"@graph\":[{\"@type\":\"Article\",\"@id\":\"https:\/\/acrimat.org.br\/portal\/uniao-nacional-do-etanol-de-milho-e-criada\/#article\",\"isPartOf\":{\"@id\":\"https:\/\/acrimat.org.br\/portal\/uniao-nacional-do-etanol-de-milho-e-criada\/\"},\"author\":{\"name\":\"P\u00e9ricles C\u00e2ndido\",\"@id\":\"https:\/\/acrimat.org.br\/portal\/#\/schema\/person\/18df8bcf6890e924fe5d8b5afd2bec0f\"},\"headline\":\"Uni\u00e3o Nacional do Etanol de Milho \u00e9 criada\",\"datePublished\":\"2017-09-20T12:54:17+00:00\",\"mainEntityOfPage\":{\"@id\":\"https:\/\/acrimat.org.br\/portal\/uniao-nacional-do-etanol-de-milho-e-criada\/\"},\"wordCount\":507,\"publisher\":{\"@id\":\"https:\/\/acrimat.org.br\/portal\/#organization\"},\"image\":{\"@id\":\"https:\/\/acrimat.org.br\/portal\/uniao-nacional-do-etanol-de-milho-e-criada\/#primaryimage\"},\"thumbnailUrl\":\"https:\/\/acrimat.org.br\/portal\/wp-content\/uploads\/2017\/09\/12209.jpg\",\"articleSection\":[\"Destaques\",\"Not\u00edcias\"],\"inLanguage\":\"pt-BR\"},{\"@type\":\"WebPage\",\"@id\":\"https:\/\/acrimat.org.br\/portal\/uniao-nacional-do-etanol-de-milho-e-criada\/\",\"url\":\"https:\/\/acrimat.org.br\/portal\/uniao-nacional-do-etanol-de-milho-e-criada\/\",\"name\":\"Uni\u00e3o Nacional do Etanol de Milho \u00e9 criada - Acrimat\",\"isPartOf\":{\"@id\":\"https:\/\/acrimat.org.br\/portal\/#website\"},\"primaryImageOfPage\":{\"@id\":\"https:\/\/acrimat.org.br\/portal\/uniao-nacional-do-etanol-de-milho-e-criada\/#primaryimage\"},\"image\":{\"@id\":\"https:\/\/acrimat.org.br\/portal\/uniao-nacional-do-etanol-de-milho-e-criada\/#primaryimage\"},\"thumbnailUrl\":\"https:\/\/acrimat.org.br\/portal\/wp-content\/uploads\/2017\/09\/12209.jpg\",\"datePublished\":\"2017-09-20T12:54:17+00:00\",\"breadcrumb\":{\"@id\":\"https:\/\/acrimat.org.br\/portal\/uniao-nacional-do-etanol-de-milho-e-criada\/#breadcrumb\"},\"inLanguage\":\"pt-BR\",\"potentialAction\":[{\"@type\":\"ReadAction\",\"target\":[\"https:\/\/acrimat.org.br\/portal\/uniao-nacional-do-etanol-de-milho-e-criada\/\"]}]},{\"@type\":\"ImageObject\",\"inLanguage\":\"pt-BR\",\"@id\":\"https:\/\/acrimat.org.br\/portal\/uniao-nacional-do-etanol-de-milho-e-criada\/#primaryimage\",\"url\":\"https:\/\/acrimat.org.br\/portal\/wp-content\/uploads\/2017\/09\/12209.jpg\",\"contentUrl\":\"https:\/\/acrimat.org.br\/portal\/wp-content\/uploads\/2017\/09\/12209.jpg\",\"width\":648,\"height\":486,\"caption\":\"Unem ser\u00e1 conduzida por Ricardo Tomczyk e Glauber Silveira\"},{\"@type\":\"BreadcrumbList\",\"@id\":\"https:\/\/acrimat.org.br\/portal\/uniao-nacional-do-etanol-de-milho-e-criada\/#breadcrumb\",\"itemListElement\":[{\"@type\":\"ListItem\",\"position\":1,\"name\":\"In\u00edcio\",\"item\":\"https:\/\/acrimat.org.br\/portal\/\"},{\"@type\":\"ListItem\",\"position\":2,\"name\":\"Uni\u00e3o Nacional do Etanol de Milho \u00e9 criada\"}]},{\"@type\":\"WebSite\",\"@id\":\"https:\/\/acrimat.org.br\/portal\/#website\",\"url\":\"https:\/\/acrimat.org.br\/portal\/\",\"name\":\"Acrimat\",\"description\":\"Associa\u00e7\u00e3o dos Criadores de Mato Grosso\",\"publisher\":{\"@id\":\"https:\/\/acrimat.org.br\/portal\/#organization\"},\"potentialAction\":[{\"@type\":\"SearchAction\",\"target\":{\"@type\":\"EntryPoint\",\"urlTemplate\":\"https:\/\/acrimat.org.br\/portal\/?s={search_term_string}\"},\"query-input\":{\"@type\":\"PropertyValueSpecification\",\"valueRequired\":true,\"valueName\":\"search_term_string\"}}],\"inLanguage\":\"pt-BR\"},{\"@type\":\"Organization\",\"@id\":\"https:\/\/acrimat.org.br\/portal\/#organization\",\"name\":\"Associa\u00e7\u00e3o dos Criadores de Mato Grosso\",\"url\":\"https:\/\/acrimat.org.br\/portal\/\",\"logo\":{\"@type\":\"ImageObject\",\"inLanguage\":\"pt-BR\",\"@id\":\"https:\/\/acrimat.org.br\/portal\/#\/schema\/logo\/image\/\",\"url\":\"https:\/\/acrimat.org.br\/portal\/wp-content\/uploads\/2018\/03\/logo-peq-original.png\",\"contentUrl\":\"https:\/\/acrimat.org.br\/portal\/wp-content\/uploads\/2018\/03\/logo-peq-original.png\",\"width\":174,\"height\":171,\"caption\":\"Associa\u00e7\u00e3o dos Criadores de Mato Grosso\"},\"image\":{\"@id\":\"https:\/\/acrimat.org.br\/portal\/#\/schema\/logo\/image\/\"}},{\"@type\":\"Person\",\"@id\":\"https:\/\/acrimat.org.br\/portal\/#\/schema\/person\/18df8bcf6890e924fe5d8b5afd2bec0f\",\"name\":\"P\u00e9ricles C\u00e2ndido\",\"image\":{\"@type\":\"ImageObject\",\"inLanguage\":\"pt-BR\",\"@id\":\"https:\/\/acrimat.org.br\/portal\/#\/schema\/person\/image\/\",\"url\":\"https:\/\/secure.gravatar.com\/avatar\/33e2a2b971dc363ed2df53d0d3bfbd18?s=96&d=mm&r=g\",\"contentUrl\":\"https:\/\/secure.gravatar.com\/avatar\/33e2a2b971dc363ed2df53d0d3bfbd18?s=96&d=mm&r=g\",\"caption\":\"P\u00e9ricles C\u00e2ndido\"},\"sameAs\":[\"ascom@acrimat.org.br\"],\"url\":\"https:\/\/acrimat.org.br\/portal\/author\/designergrafico\/\"}]}<\/script>\n<!-- \/ Yoast SEO plugin. -->","yoast_head_json":{"title":"Uni\u00e3o Nacional do Etanol de Milho \u00e9 criada - Acrimat","robots":{"index":"index","follow":"follow","max-snippet":"max-snippet:-1","max-image-preview":"max-image-preview:large","max-video-preview":"max-video-preview:-1"},"canonical":"https:\/\/acrimat.org.br\/portal\/uniao-nacional-do-etanol-de-milho-e-criada\/","og_locale":"pt_BR","og_type":"article","og_title":"Uni\u00e3o Nacional do Etanol de Milho \u00e9 criada - Acrimat","og_description":"Objetivo da associa\u00e7\u00e3o \u00e9 fomentar o desenvolvimento industrial do biocombust\u00edvel no pa\u00eds","og_url":"https:\/\/acrimat.org.br\/portal\/uniao-nacional-do-etanol-de-milho-e-criada\/","og_site_name":"Acrimat","article_published_time":"2017-09-20T12:54:17+00:00","og_image":[{"width":648,"height":486,"url":"https:\/\/acrimat.org.br\/portal\/wp-content\/uploads\/2017\/09\/12209.jpg","type":"image\/jpeg"}],"author":"P\u00e9ricles C\u00e2ndido","twitter_card":"summary_large_image","twitter_misc":{"Escrito por":"P\u00e9ricles C\u00e2ndido","Est. tempo de leitura":"2 minutos"},"schema":{"@context":"https:\/\/schema.org","@graph":[{"@type":"Article","@id":"https:\/\/acrimat.org.br\/portal\/uniao-nacional-do-etanol-de-milho-e-criada\/#article","isPartOf":{"@id":"https:\/\/acrimat.org.br\/portal\/uniao-nacional-do-etanol-de-milho-e-criada\/"},"author":{"name":"P\u00e9ricles C\u00e2ndido","@id":"https:\/\/acrimat.org.br\/portal\/#\/schema\/person\/18df8bcf6890e924fe5d8b5afd2bec0f"},"headline":"Uni\u00e3o Nacional do Etanol de Milho \u00e9 criada","datePublished":"2017-09-20T12:54:17+00:00","mainEntityOfPage":{"@id":"https:\/\/acrimat.org.br\/portal\/uniao-nacional-do-etanol-de-milho-e-criada\/"},"wordCount":507,"publisher":{"@id":"https:\/\/acrimat.org.br\/portal\/#organization"},"image":{"@id":"https:\/\/acrimat.org.br\/portal\/uniao-nacional-do-etanol-de-milho-e-criada\/#primaryimage"},"thumbnailUrl":"https:\/\/acrimat.org.br\/portal\/wp-content\/uploads\/2017\/09\/12209.jpg","articleSection":["Destaques","Not\u00edcias"],"inLanguage":"pt-BR"},{"@type":"WebPage","@id":"https:\/\/acrimat.org.br\/portal\/uniao-nacional-do-etanol-de-milho-e-criada\/","url":"https:\/\/acrimat.org.br\/portal\/uniao-nacional-do-etanol-de-milho-e-criada\/","name":"Uni\u00e3o Nacional do Etanol de Milho \u00e9 criada - Acrimat","isPartOf":{"@id":"https:\/\/acrimat.org.br\/portal\/#website"},"primaryImageOfPage":{"@id":"https:\/\/acrimat.org.br\/portal\/uniao-nacional-do-etanol-de-milho-e-criada\/#primaryimage"},"image":{"@id":"https:\/\/acrimat.org.br\/portal\/uniao-nacional-do-etanol-de-milho-e-criada\/#primaryimage"},"thumbnailUrl":"https:\/\/acrimat.org.br\/portal\/wp-content\/uploads\/2017\/09\/12209.jpg","datePublished":"2017-09-20T12:54:17+00:00","breadcrumb":{"@id":"https:\/\/acrimat.org.br\/portal\/uniao-nacional-do-etanol-de-milho-e-criada\/#breadcrumb"},"inLanguage":"pt-BR","potentialAction":[{"@type":"ReadAction","target":["https:\/\/acrimat.org.br\/portal\/uniao-nacional-do-etanol-de-milho-e-criada\/"]}]},{"@type":"ImageObject","inLanguage":"pt-BR","@id":"https:\/\/acrimat.org.br\/portal\/uniao-nacional-do-etanol-de-milho-e-criada\/#primaryimage","url":"https:\/\/acrimat.org.br\/portal\/wp-content\/uploads\/2017\/09\/12209.jpg","contentUrl":"https:\/\/acrimat.org.br\/portal\/wp-content\/uploads\/2017\/09\/12209.jpg","width":648,"height":486,"caption":"Unem ser\u00e1 conduzida por Ricardo Tomczyk e Glauber Silveira"},{"@type":"BreadcrumbList","@id":"https:\/\/acrimat.org.br\/portal\/uniao-nacional-do-etanol-de-milho-e-criada\/#breadcrumb","itemListElement":[{"@type":"ListItem","position":1,"name":"In\u00edcio","item":"https:\/\/acrimat.org.br\/portal\/"},{"@type":"ListItem","position":2,"name":"Uni\u00e3o Nacional do Etanol de Milho \u00e9 criada"}]},{"@type":"WebSite","@id":"https:\/\/acrimat.org.br\/portal\/#website","url":"https:\/\/acrimat.org.br\/portal\/","name":"Acrimat","description":"Associa\u00e7\u00e3o dos Criadores de Mato Grosso","publisher":{"@id":"https:\/\/acrimat.org.br\/portal\/#organization"},"potentialAction":[{"@type":"SearchAction","target":{"@type":"EntryPoint","urlTemplate":"https:\/\/acrimat.org.br\/portal\/?s={search_term_string}"},"query-input":{"@type":"PropertyValueSpecification","valueRequired":true,"valueName":"search_term_string"}}],"inLanguage":"pt-BR"},{"@type":"Organization","@id":"https:\/\/acrimat.org.br\/portal\/#organization","name":"Associa\u00e7\u00e3o dos Criadores de Mato Grosso","url":"https:\/\/acrimat.org.br\/portal\/","logo":{"@type":"ImageObject","inLanguage":"pt-BR","@id":"https:\/\/acrimat.org.br\/portal\/#\/schema\/logo\/image\/","url":"https:\/\/acrimat.org.br\/portal\/wp-content\/uploads\/2018\/03\/logo-peq-original.png","contentUrl":"https:\/\/acrimat.org.br\/portal\/wp-content\/uploads\/2018\/03\/logo-peq-original.png","width":174,"height":171,"caption":"Associa\u00e7\u00e3o dos Criadores de Mato Grosso"},"image":{"@id":"https:\/\/acrimat.org.br\/portal\/#\/schema\/logo\/image\/"}},{"@type":"Person","@id":"https:\/\/acrimat.org.br\/portal\/#\/schema\/person\/18df8bcf6890e924fe5d8b5afd2bec0f","name":"P\u00e9ricles C\u00e2ndido","image":{"@type":"ImageObject","inLanguage":"pt-BR","@id":"https:\/\/acrimat.org.br\/portal\/#\/schema\/person\/image\/","url":"https:\/\/secure.gravatar.com\/avatar\/33e2a2b971dc363ed2df53d0d3bfbd18?s=96&d=mm&r=g","contentUrl":"https:\/\/secure.gravatar.com\/avatar\/33e2a2b971dc363ed2df53d0d3bfbd18?s=96&d=mm&r=g","caption":"P\u00e9ricles C\u00e2ndido"},"sameAs":["ascom@acrimat.org.br"],"url":"https:\/\/acrimat.org.br\/portal\/author\/designergrafico\/"}]}},"_links":{"self":[{"href":"https:\/\/acrimat.org.br\/portal\/wp-json\/wp\/v2\/posts\/97983654","targetHints":{"allow":["GET"]}}],"collection":[{"href":"https:\/\/acrimat.org.br\/portal\/wp-json\/wp\/v2\/posts"}],"about":[{"href":"https:\/\/acrimat.org.br\/portal\/wp-json\/wp\/v2\/types\/post"}],"author":[{"embeddable":true,"href":"https:\/\/acrimat.org.br\/portal\/wp-json\/wp\/v2\/users\/11"}],"replies":[{"embeddable":true,"href":"https:\/\/acrimat.org.br\/portal\/wp-json\/wp\/v2\/comments?post=97983654"}],"version-history":[{"count":1,"href":"https:\/\/acrimat.org.br\/portal\/wp-json\/wp\/v2\/posts\/97983654\/revisions"}],"predecessor-version":[{"id":97983656,"href":"https:\/\/acrimat.org.br\/portal\/wp-json\/wp\/v2\/posts\/97983654\/revisions\/97983656"}],"wp:featuredmedia":[{"embeddable":true,"href":"https:\/\/acrimat.org.br\/portal\/wp-json\/wp\/v2\/media\/97983655"}],"wp:attachment":[{"href":"https:\/\/acrimat.org.br\/portal\/wp-json\/wp\/v2\/media?parent=97983654"}],"wp:term":[{"taxonomy":"category","embeddable":true,"href":"https:\/\/acrimat.org.br\/portal\/wp-json\/wp\/v2\/categories?post=97983654"},{"taxonomy":"post_tag","embeddable":true,"href":"https:\/\/acrimat.org.br\/portal\/wp-json\/wp\/v2\/tags?post=97983654"}],"curies":[{"name":"wp","href":"https:\/\/api.w.org\/{rel}","templated":true}]}}