{"id":97983657,"date":"2017-09-20T09:57:22","date_gmt":"2017-09-20T12:57:22","guid":{"rendered":"http:\/\/acrimat.org.br\/portal\/?p=97983657"},"modified":"2017-09-20T09:57:22","modified_gmt":"2017-09-20T12:57:22","slug":"brasil-pode-voltar-a-exportar-carne-bovina-in-natura-para-a-argentina","status":"publish","type":"post","link":"https:\/\/acrimat.org.br\/portal\/brasil-pode-voltar-a-exportar-carne-bovina-in-natura-para-a-argentina\/","title":{"rendered":"Brasil pode voltar a exportar carne bovina in natura para a Argentina"},"content":{"rendered":"<p>O governo da Argentina liberou a importa\u00e7\u00e3o de carne bovina in natura do Brasil. A autoriza\u00e7\u00e3o para a retomada das negocia\u00e7\u00f5es foi enviada nesta ter\u00e7a-feira, dia 19, ao Minist\u00e9rio da Agricultura, em Bras\u00edlia-DF. Desde 2012, o pa\u00eds vizinho havia embargado as compras dos produtos nacionais em fun\u00e7\u00e3o de um caso at\u00edpico de Vaca Louca.<\/p>\n<p>O secret\u00e1rio de Defesa Agropecu\u00e1ria do Minist\u00e9rio da Agricultura, Luis Eduardo Rangel, afirmou que havia uma resist\u00eancia para a certifica\u00e7\u00e3o dos frigor\u00edficos brasileiros. &#8220;Temos uma expectativa de umas quatro ou cinco plantas em um primeiro momento. N\u00e3o \u00e9 um mercado muito expressivo em termos de volume, mas \u00e9 relevante em qualidade e fundamental termos o mercado aberto em ambos os sentidos. Blairo teve que ser duro&#8221;, afirmou.<\/p>\n<p>O secret\u00e1rio de Rela\u00e7\u00f5es Internacionais do Minist\u00e9rio da Agricultura, Odilson Ribeiro, informou que j\u00e1 foi enviada uma lista de plantas frigor\u00edficas que cumprem os requisitos sanit\u00e1rios argentinos e est\u00e3o habilitadas a exportar para l\u00e1. As exporta\u00e7\u00f5es podem come\u00e7ar imediatamente. Ele tamb\u00e9m confirmou que n\u00e3o houve contrapartidas na negocia\u00e7\u00e3o.<\/p>\n","protected":false},"excerpt":{"rendered":"<p>O secret\u00e1rio de Rela\u00e7\u00f5es Internacionais do Minist\u00e9rio da Agricultura, Odilson Ribeiro, informou que j\u00e1 foi enviada uma lista de plantas frigor\u00edficas que cumprem os requisitos sanit\u00e1rios argentinos e est\u00e3o habilitadas a exportar<\/p>\n","protected":false},"author":11,"featured_media":97983658,"comment_status":"closed","ping_status":"closed","sticky":false,"template":"","format":"standard","meta":{"footnotes":""},"categories":[6,1],"tags":[],"class_list":["post-97983657","post","type-post","status-publish","format-standard","has-post-thumbnail","hentry","category-destaque","category-noticia"],"yoast_head":"<!-- This site is optimized with the Yoast SEO plugin v24.8.1 - https:\/\/yoast.com\/wordpress\/plugins\/seo\/ -->\n<title>Brasil pode voltar a exportar carne bovina in natura para a Argentina - Acrimat<\/title>\n<meta name=\"robots\" content=\"index, follow, max-snippet:-1, max-image-preview:large, max-video-preview:-1\" \/>\n<link rel=\"canonical\" href=\"https:\/\/acrimat.org.br\/portal\/brasil-pode-voltar-a-exportar-carne-bovina-in-natura-para-a-argentina\/\" \/>\n<meta property=\"og:locale\" content=\"pt_BR\" \/>\n<meta property=\"og:type\" content=\"article\" \/>\n<meta property=\"og:title\" content=\"Brasil pode voltar a exportar carne bovina in natura para a Argentina - Acrimat\" \/>\n<meta property=\"og:description\" content=\"O secret\u00e1rio de Rela\u00e7\u00f5es Internacionais do Minist\u00e9rio da Agricultura, Odilson Ribeiro, informou que j\u00e1 foi enviada uma lista de plantas frigor\u00edficas que cumprem os requisitos sanit\u00e1rios argentinos e est\u00e3o habilitadas a exportar\" \/>\n<meta property=\"og:url\" content=\"https:\/\/acrimat.org.br\/portal\/brasil-pode-voltar-a-exportar-carne-bovina-in-natura-para-a-argentina\/\" \/>\n<meta property=\"og:site_name\" content=\"Acrimat\" \/>\n<meta property=\"article:published_time\" content=\"2017-09-20T12:57:22+00:00\" \/>\n<meta property=\"og:image\" content=\"https:\/\/acrimat.org.br\/portal\/wp-content\/uploads\/2017\/09\/1492721602791.jpg\" \/>\n\t<meta property=\"og:image:width\" content=\"640\" \/>\n\t<meta property=\"og:image:height\" content=\"404\" \/>\n\t<meta property=\"og:image:type\" content=\"image\/jpeg\" \/>\n<meta name=\"author\" content=\"P\u00e9ricles C\u00e2ndido\" \/>\n<meta name=\"twitter:card\" content=\"summary_large_image\" \/>\n<meta name=\"twitter:label1\" content=\"Escrito por\" \/>\n\t<meta name=\"twitter:data1\" content=\"P\u00e9ricles C\u00e2ndido\" \/>\n\t<meta name=\"twitter:label2\" content=\"Est. tempo de leitura\" \/>\n\t<meta name=\"twitter:data2\" content=\"1 minuto\" \/>\n<script type=\"application\/ld+json\" class=\"yoast-schema-graph\">{\"@context\":\"https:\/\/schema.org\",\"@graph\":[{\"@type\":\"Article\",\"@id\":\"https:\/\/acrimat.org.br\/portal\/brasil-pode-voltar-a-exportar-carne-bovina-in-natura-para-a-argentina\/#article\",\"isPartOf\":{\"@id\":\"https:\/\/acrimat.org.br\/portal\/brasil-pode-voltar-a-exportar-carne-bovina-in-natura-para-a-argentina\/\"},\"author\":{\"name\":\"P\u00e9ricles C\u00e2ndido\",\"@id\":\"https:\/\/acrimat.org.br\/portal\/#\/schema\/person\/18df8bcf6890e924fe5d8b5afd2bec0f\"},\"headline\":\"Brasil pode voltar a exportar carne bovina in natura para a Argentina\",\"datePublished\":\"2017-09-20T12:57:22+00:00\",\"mainEntityOfPage\":{\"@id\":\"https:\/\/acrimat.org.br\/portal\/brasil-pode-voltar-a-exportar-carne-bovina-in-natura-para-a-argentina\/\"},\"wordCount\":204,\"publisher\":{\"@id\":\"https:\/\/acrimat.org.br\/portal\/#organization\"},\"image\":{\"@id\":\"https:\/\/acrimat.org.br\/portal\/brasil-pode-voltar-a-exportar-carne-bovina-in-natura-para-a-argentina\/#primaryimage\"},\"thumbnailUrl\":\"https:\/\/acrimat.org.br\/portal\/wp-content\/uploads\/2017\/09\/1492721602791.jpg\",\"articleSection\":[\"Destaques\",\"Not\u00edcias\"],\"inLanguage\":\"pt-BR\"},{\"@type\":\"WebPage\",\"@id\":\"https:\/\/acrimat.org.br\/portal\/brasil-pode-voltar-a-exportar-carne-bovina-in-natura-para-a-argentina\/\",\"url\":\"https:\/\/acrimat.org.br\/portal\/brasil-pode-voltar-a-exportar-carne-bovina-in-natura-para-a-argentina\/\",\"name\":\"Brasil pode voltar a exportar carne bovina in natura para a Argentina - Acrimat\",\"isPartOf\":{\"@id\":\"https:\/\/acrimat.org.br\/portal\/#website\"},\"primaryImageOfPage\":{\"@id\":\"https:\/\/acrimat.org.br\/portal\/brasil-pode-voltar-a-exportar-carne-bovina-in-natura-para-a-argentina\/#primaryimage\"},\"image\":{\"@id\":\"https:\/\/acrimat.org.br\/portal\/brasil-pode-voltar-a-exportar-carne-bovina-in-natura-para-a-argentina\/#primaryimage\"},\"thumbnailUrl\":\"https:\/\/acrimat.org.br\/portal\/wp-content\/uploads\/2017\/09\/1492721602791.jpg\",\"datePublished\":\"2017-09-20T12:57:22+00:00\",\"breadcrumb\":{\"@id\":\"https:\/\/acrimat.org.br\/portal\/brasil-pode-voltar-a-exportar-carne-bovina-in-natura-para-a-argentina\/#breadcrumb\"},\"inLanguage\":\"pt-BR\",\"potentialAction\":[{\"@type\":\"ReadAction\",\"target\":[\"https:\/\/acrimat.org.br\/portal\/brasil-pode-voltar-a-exportar-carne-bovina-in-natura-para-a-argentina\/\"]}]},{\"@type\":\"ImageObject\",\"inLanguage\":\"pt-BR\",\"@id\":\"https:\/\/acrimat.org.br\/portal\/brasil-pode-voltar-a-exportar-carne-bovina-in-natura-para-a-argentina\/#primaryimage\",\"url\":\"https:\/\/acrimat.org.br\/portal\/wp-content\/uploads\/2017\/09\/1492721602791.jpg\",\"contentUrl\":\"https:\/\/acrimat.org.br\/portal\/wp-content\/uploads\/2017\/09\/1492721602791.jpg\",\"width\":640,\"height\":404,\"caption\":\"Divulga\u00e7\u00e3o\"},{\"@type\":\"BreadcrumbList\",\"@id\":\"https:\/\/acrimat.org.br\/portal\/brasil-pode-voltar-a-exportar-carne-bovina-in-natura-para-a-argentina\/#breadcrumb\",\"itemListElement\":[{\"@type\":\"ListItem\",\"position\":1,\"name\":\"In\u00edcio\",\"item\":\"https:\/\/acrimat.org.br\/portal\/\"},{\"@type\":\"ListItem\",\"position\":2,\"name\":\"Brasil pode voltar a exportar carne bovina in natura para a Argentina\"}]},{\"@type\":\"WebSite\",\"@id\":\"https:\/\/acrimat.org.br\/portal\/#website\",\"url\":\"https:\/\/acrimat.org.br\/portal\/\",\"name\":\"Acrimat\",\"description\":\"Associa\u00e7\u00e3o dos Criadores de Mato Grosso\",\"publisher\":{\"@id\":\"https:\/\/acrimat.org.br\/portal\/#organization\"},\"potentialAction\":[{\"@type\":\"SearchAction\",\"target\":{\"@type\":\"EntryPoint\",\"urlTemplate\":\"https:\/\/acrimat.org.br\/portal\/?s={search_term_string}\"},\"query-input\":{\"@type\":\"PropertyValueSpecification\",\"valueRequired\":true,\"valueName\":\"search_term_string\"}}],\"inLanguage\":\"pt-BR\"},{\"@type\":\"Organization\",\"@id\":\"https:\/\/acrimat.org.br\/portal\/#organization\",\"name\":\"Associa\u00e7\u00e3o dos Criadores de Mato Grosso\",\"url\":\"https:\/\/acrimat.org.br\/portal\/\",\"logo\":{\"@type\":\"ImageObject\",\"inLanguage\":\"pt-BR\",\"@id\":\"https:\/\/acrimat.org.br\/portal\/#\/schema\/logo\/image\/\",\"url\":\"https:\/\/acrimat.org.br\/portal\/wp-content\/uploads\/2018\/03\/logo-peq-original.png\",\"contentUrl\":\"https:\/\/acrimat.org.br\/portal\/wp-content\/uploads\/2018\/03\/logo-peq-original.png\",\"width\":174,\"height\":171,\"caption\":\"Associa\u00e7\u00e3o dos Criadores de Mato Grosso\"},\"image\":{\"@id\":\"https:\/\/acrimat.org.br\/portal\/#\/schema\/logo\/image\/\"}},{\"@type\":\"Person\",\"@id\":\"https:\/\/acrimat.org.br\/portal\/#\/schema\/person\/18df8bcf6890e924fe5d8b5afd2bec0f\",\"name\":\"P\u00e9ricles C\u00e2ndido\",\"image\":{\"@type\":\"ImageObject\",\"inLanguage\":\"pt-BR\",\"@id\":\"https:\/\/acrimat.org.br\/portal\/#\/schema\/person\/image\/\",\"url\":\"https:\/\/secure.gravatar.com\/avatar\/33e2a2b971dc363ed2df53d0d3bfbd18?s=96&d=mm&r=g\",\"contentUrl\":\"https:\/\/secure.gravatar.com\/avatar\/33e2a2b971dc363ed2df53d0d3bfbd18?s=96&d=mm&r=g\",\"caption\":\"P\u00e9ricles C\u00e2ndido\"},\"sameAs\":[\"ascom@acrimat.org.br\"],\"url\":\"https:\/\/acrimat.org.br\/portal\/author\/designergrafico\/\"}]}<\/script>\n<!-- \/ Yoast SEO plugin. -->","yoast_head_json":{"title":"Brasil pode voltar a exportar carne bovina in natura para a Argentina - Acrimat","robots":{"index":"index","follow":"follow","max-snippet":"max-snippet:-1","max-image-preview":"max-image-preview:large","max-video-preview":"max-video-preview:-1"},"canonical":"https:\/\/acrimat.org.br\/portal\/brasil-pode-voltar-a-exportar-carne-bovina-in-natura-para-a-argentina\/","og_locale":"pt_BR","og_type":"article","og_title":"Brasil pode voltar a exportar carne bovina in natura para a Argentina - Acrimat","og_description":"O secret\u00e1rio de Rela\u00e7\u00f5es Internacionais do Minist\u00e9rio da Agricultura, Odilson Ribeiro, informou que j\u00e1 foi enviada uma lista de plantas frigor\u00edficas que cumprem os requisitos sanit\u00e1rios argentinos e est\u00e3o habilitadas a exportar","og_url":"https:\/\/acrimat.org.br\/portal\/brasil-pode-voltar-a-exportar-carne-bovina-in-natura-para-a-argentina\/","og_site_name":"Acrimat","article_published_time":"2017-09-20T12:57:22+00:00","og_image":[{"width":640,"height":404,"url":"https:\/\/acrimat.org.br\/portal\/wp-content\/uploads\/2017\/09\/1492721602791.jpg","type":"image\/jpeg"}],"author":"P\u00e9ricles C\u00e2ndido","twitter_card":"summary_large_image","twitter_misc":{"Escrito por":"P\u00e9ricles C\u00e2ndido","Est. tempo de leitura":"1 minuto"},"schema":{"@context":"https:\/\/schema.org","@graph":[{"@type":"Article","@id":"https:\/\/acrimat.org.br\/portal\/brasil-pode-voltar-a-exportar-carne-bovina-in-natura-para-a-argentina\/#article","isPartOf":{"@id":"https:\/\/acrimat.org.br\/portal\/brasil-pode-voltar-a-exportar-carne-bovina-in-natura-para-a-argentina\/"},"author":{"name":"P\u00e9ricles C\u00e2ndido","@id":"https:\/\/acrimat.org.br\/portal\/#\/schema\/person\/18df8bcf6890e924fe5d8b5afd2bec0f"},"headline":"Brasil pode voltar a exportar carne bovina in natura para a Argentina","datePublished":"2017-09-20T12:57:22+00:00","mainEntityOfPage":{"@id":"https:\/\/acrimat.org.br\/portal\/brasil-pode-voltar-a-exportar-carne-bovina-in-natura-para-a-argentina\/"},"wordCount":204,"publisher":{"@id":"https:\/\/acrimat.org.br\/portal\/#organization"},"image":{"@id":"https:\/\/acrimat.org.br\/portal\/brasil-pode-voltar-a-exportar-carne-bovina-in-natura-para-a-argentina\/#primaryimage"},"thumbnailUrl":"https:\/\/acrimat.org.br\/portal\/wp-content\/uploads\/2017\/09\/1492721602791.jpg","articleSection":["Destaques","Not\u00edcias"],"inLanguage":"pt-BR"},{"@type":"WebPage","@id":"https:\/\/acrimat.org.br\/portal\/brasil-pode-voltar-a-exportar-carne-bovina-in-natura-para-a-argentina\/","url":"https:\/\/acrimat.org.br\/portal\/brasil-pode-voltar-a-exportar-carne-bovina-in-natura-para-a-argentina\/","name":"Brasil pode voltar a exportar carne bovina in natura para a Argentina - Acrimat","isPartOf":{"@id":"https:\/\/acrimat.org.br\/portal\/#website"},"primaryImageOfPage":{"@id":"https:\/\/acrimat.org.br\/portal\/brasil-pode-voltar-a-exportar-carne-bovina-in-natura-para-a-argentina\/#primaryimage"},"image":{"@id":"https:\/\/acrimat.org.br\/portal\/brasil-pode-voltar-a-exportar-carne-bovina-in-natura-para-a-argentina\/#primaryimage"},"thumbnailUrl":"https:\/\/acrimat.org.br\/portal\/wp-content\/uploads\/2017\/09\/1492721602791.jpg","datePublished":"2017-09-20T12:57:22+00:00","breadcrumb":{"@id":"https:\/\/acrimat.org.br\/portal\/brasil-pode-voltar-a-exportar-carne-bovina-in-natura-para-a-argentina\/#breadcrumb"},"inLanguage":"pt-BR","potentialAction":[{"@type":"ReadAction","target":["https:\/\/acrimat.org.br\/portal\/brasil-pode-voltar-a-exportar-carne-bovina-in-natura-para-a-argentina\/"]}]},{"@type":"ImageObject","inLanguage":"pt-BR","@id":"https:\/\/acrimat.org.br\/portal\/brasil-pode-voltar-a-exportar-carne-bovina-in-natura-para-a-argentina\/#primaryimage","url":"https:\/\/acrimat.org.br\/portal\/wp-content\/uploads\/2017\/09\/1492721602791.jpg","contentUrl":"https:\/\/acrimat.org.br\/portal\/wp-content\/uploads\/2017\/09\/1492721602791.jpg","width":640,"height":404,"caption":"Divulga\u00e7\u00e3o"},{"@type":"BreadcrumbList","@id":"https:\/\/acrimat.org.br\/portal\/brasil-pode-voltar-a-exportar-carne-bovina-in-natura-para-a-argentina\/#breadcrumb","itemListElement":[{"@type":"ListItem","position":1,"name":"In\u00edcio","item":"https:\/\/acrimat.org.br\/portal\/"},{"@type":"ListItem","position":2,"name":"Brasil pode voltar a exportar carne bovina in natura para a Argentina"}]},{"@type":"WebSite","@id":"https:\/\/acrimat.org.br\/portal\/#website","url":"https:\/\/acrimat.org.br\/portal\/","name":"Acrimat","description":"Associa\u00e7\u00e3o dos Criadores de Mato Grosso","publisher":{"@id":"https:\/\/acrimat.org.br\/portal\/#organization"},"potentialAction":[{"@type":"SearchAction","target":{"@type":"EntryPoint","urlTemplate":"https:\/\/acrimat.org.br\/portal\/?s={search_term_string}"},"query-input":{"@type":"PropertyValueSpecification","valueRequired":true,"valueName":"search_term_string"}}],"inLanguage":"pt-BR"},{"@type":"Organization","@id":"https:\/\/acrimat.org.br\/portal\/#organization","name":"Associa\u00e7\u00e3o dos Criadores de Mato Grosso","url":"https:\/\/acrimat.org.br\/portal\/","logo":{"@type":"ImageObject","inLanguage":"pt-BR","@id":"https:\/\/acrimat.org.br\/portal\/#\/schema\/logo\/image\/","url":"https:\/\/acrimat.org.br\/portal\/wp-content\/uploads\/2018\/03\/logo-peq-original.png","contentUrl":"https:\/\/acrimat.org.br\/portal\/wp-content\/uploads\/2018\/03\/logo-peq-original.png","width":174,"height":171,"caption":"Associa\u00e7\u00e3o dos Criadores de Mato Grosso"},"image":{"@id":"https:\/\/acrimat.org.br\/portal\/#\/schema\/logo\/image\/"}},{"@type":"Person","@id":"https:\/\/acrimat.org.br\/portal\/#\/schema\/person\/18df8bcf6890e924fe5d8b5afd2bec0f","name":"P\u00e9ricles C\u00e2ndido","image":{"@type":"ImageObject","inLanguage":"pt-BR","@id":"https:\/\/acrimat.org.br\/portal\/#\/schema\/person\/image\/","url":"https:\/\/secure.gravatar.com\/avatar\/33e2a2b971dc363ed2df53d0d3bfbd18?s=96&d=mm&r=g","contentUrl":"https:\/\/secure.gravatar.com\/avatar\/33e2a2b971dc363ed2df53d0d3bfbd18?s=96&d=mm&r=g","caption":"P\u00e9ricles C\u00e2ndido"},"sameAs":["ascom@acrimat.org.br"],"url":"https:\/\/acrimat.org.br\/portal\/author\/designergrafico\/"}]}},"_links":{"self":[{"href":"https:\/\/acrimat.org.br\/portal\/wp-json\/wp\/v2\/posts\/97983657","targetHints":{"allow":["GET"]}}],"collection":[{"href":"https:\/\/acrimat.org.br\/portal\/wp-json\/wp\/v2\/posts"}],"about":[{"href":"https:\/\/acrimat.org.br\/portal\/wp-json\/wp\/v2\/types\/post"}],"author":[{"embeddable":true,"href":"https:\/\/acrimat.org.br\/portal\/wp-json\/wp\/v2\/users\/11"}],"replies":[{"embeddable":true,"href":"https:\/\/acrimat.org.br\/portal\/wp-json\/wp\/v2\/comments?post=97983657"}],"version-history":[{"count":1,"href":"https:\/\/acrimat.org.br\/portal\/wp-json\/wp\/v2\/posts\/97983657\/revisions"}],"predecessor-version":[{"id":97983659,"href":"https:\/\/acrimat.org.br\/portal\/wp-json\/wp\/v2\/posts\/97983657\/revisions\/97983659"}],"wp:featuredmedia":[{"embeddable":true,"href":"https:\/\/acrimat.org.br\/portal\/wp-json\/wp\/v2\/media\/97983658"}],"wp:attachment":[{"href":"https:\/\/acrimat.org.br\/portal\/wp-json\/wp\/v2\/media?parent=97983657"}],"wp:term":[{"taxonomy":"category","embeddable":true,"href":"https:\/\/acrimat.org.br\/portal\/wp-json\/wp\/v2\/categories?post=97983657"},{"taxonomy":"post_tag","embeddable":true,"href":"https:\/\/acrimat.org.br\/portal\/wp-json\/wp\/v2\/tags?post=97983657"}],"curies":[{"name":"wp","href":"https:\/\/api.w.org\/{rel}","templated":true}]}}