{"id":97983678,"date":"2017-09-21T10:39:56","date_gmt":"2017-09-21T13:39:56","guid":{"rendered":"http:\/\/acrimat.org.br\/portal\/?p=97983678"},"modified":"2017-09-21T10:39:56","modified_gmt":"2017-09-21T13:39:56","slug":"camara-setorial-de-carne-bovina-tem-novo-presidente","status":"publish","type":"post","link":"https:\/\/acrimat.org.br\/portal\/camara-setorial-de-carne-bovina-tem-novo-presidente\/","title":{"rendered":"C\u00e2mara Setorial de Carne Bovina tem novo presidente"},"content":{"rendered":"<p>O Ministro da Agricultura, Pecu\u00e1ria e Abastecimento (Mapa), Blairo Maggi, acaba de nomear Sebasti\u00e3o Costa Guedes para a presid\u00eancia da C\u00e2mara Setorial de Carne Bovina. O cargo estava vago desde mar\u00e7o, quando o ent\u00e3o presidente, Luiz Claudio Paranhos, pediu afastamento.<\/p>\n<p>M\u00e9dico Veterin\u00e1rio formado pela Universidade de S\u00e3o Paulo (USP) em 1969, Guedes \u00e9 vice-presidente de Rela\u00e7\u00f5es Internacionais do Conselho Nacional de Pecu\u00e1ria de Corte (CNPC) e presidente do Grupo Interamericano para Erradica\u00e7\u00e3o da Febre Aftosa (Giefa) e da Academia Brasileira de Medicina Veterin\u00e1ria (Abramvet).<\/p>\n<p><strong>Fonte: Portal DBO<\/strong><\/p>\n","protected":false},"excerpt":{"rendered":"<p>Sebasti\u00e3o Costa Guedes foi nomeado para o cargo pelo ministro Blairo Maggi<\/p>\n","protected":false},"author":11,"featured_media":97983679,"comment_status":"closed","ping_status":"closed","sticky":false,"template":"","format":"standard","meta":{"footnotes":""},"categories":[6,1],"tags":[],"class_list":["post-97983678","post","type-post","status-publish","format-standard","has-post-thumbnail","hentry","category-destaque","category-noticia"],"yoast_head":"<!-- This site is optimized with the Yoast SEO plugin v24.8.1 - https:\/\/yoast.com\/wordpress\/plugins\/seo\/ -->\n<title>C\u00e2mara Setorial de Carne Bovina tem novo presidente - Acrimat<\/title>\n<meta name=\"robots\" content=\"index, follow, max-snippet:-1, max-image-preview:large, max-video-preview:-1\" \/>\n<link rel=\"canonical\" href=\"https:\/\/acrimat.org.br\/portal\/camara-setorial-de-carne-bovina-tem-novo-presidente\/\" \/>\n<meta property=\"og:locale\" content=\"pt_BR\" \/>\n<meta property=\"og:type\" content=\"article\" \/>\n<meta property=\"og:title\" content=\"C\u00e2mara Setorial de Carne Bovina tem novo presidente - Acrimat\" \/>\n<meta property=\"og:description\" content=\"Sebasti\u00e3o Costa Guedes foi nomeado para o cargo pelo ministro Blairo Maggi\" \/>\n<meta property=\"og:url\" content=\"https:\/\/acrimat.org.br\/portal\/camara-setorial-de-carne-bovina-tem-novo-presidente\/\" \/>\n<meta property=\"og:site_name\" content=\"Acrimat\" \/>\n<meta property=\"article:published_time\" content=\"2017-09-21T13:39:56+00:00\" \/>\n<meta property=\"og:image\" content=\"https:\/\/acrimat.org.br\/portal\/wp-content\/uploads\/2017\/09\/9990.jpg\" \/>\n\t<meta property=\"og:image:width\" content=\"350\" \/>\n\t<meta property=\"og:image:height\" content=\"300\" \/>\n\t<meta property=\"og:image:type\" content=\"image\/jpeg\" \/>\n<meta name=\"author\" content=\"P\u00e9ricles C\u00e2ndido\" \/>\n<meta name=\"twitter:card\" content=\"summary_large_image\" \/>\n<meta name=\"twitter:label1\" content=\"Escrito por\" \/>\n\t<meta name=\"twitter:data1\" content=\"P\u00e9ricles C\u00e2ndido\" \/>\n<script type=\"application\/ld+json\" class=\"yoast-schema-graph\">{\"@context\":\"https:\/\/schema.org\",\"@graph\":[{\"@type\":\"Article\",\"@id\":\"https:\/\/acrimat.org.br\/portal\/camara-setorial-de-carne-bovina-tem-novo-presidente\/#article\",\"isPartOf\":{\"@id\":\"https:\/\/acrimat.org.br\/portal\/camara-setorial-de-carne-bovina-tem-novo-presidente\/\"},\"author\":{\"name\":\"P\u00e9ricles C\u00e2ndido\",\"@id\":\"https:\/\/acrimat.org.br\/portal\/#\/schema\/person\/18df8bcf6890e924fe5d8b5afd2bec0f\"},\"headline\":\"C\u00e2mara Setorial de Carne Bovina tem novo presidente\",\"datePublished\":\"2017-09-21T13:39:56+00:00\",\"mainEntityOfPage\":{\"@id\":\"https:\/\/acrimat.org.br\/portal\/camara-setorial-de-carne-bovina-tem-novo-presidente\/\"},\"wordCount\":107,\"publisher\":{\"@id\":\"https:\/\/acrimat.org.br\/portal\/#organization\"},\"image\":{\"@id\":\"https:\/\/acrimat.org.br\/portal\/camara-setorial-de-carne-bovina-tem-novo-presidente\/#primaryimage\"},\"thumbnailUrl\":\"https:\/\/acrimat.org.br\/portal\/wp-content\/uploads\/2017\/09\/9990.jpg\",\"articleSection\":[\"Destaques\",\"Not\u00edcias\"],\"inLanguage\":\"pt-BR\"},{\"@type\":\"WebPage\",\"@id\":\"https:\/\/acrimat.org.br\/portal\/camara-setorial-de-carne-bovina-tem-novo-presidente\/\",\"url\":\"https:\/\/acrimat.org.br\/portal\/camara-setorial-de-carne-bovina-tem-novo-presidente\/\",\"name\":\"C\u00e2mara Setorial de Carne Bovina tem novo presidente - Acrimat\",\"isPartOf\":{\"@id\":\"https:\/\/acrimat.org.br\/portal\/#website\"},\"primaryImageOfPage\":{\"@id\":\"https:\/\/acrimat.org.br\/portal\/camara-setorial-de-carne-bovina-tem-novo-presidente\/#primaryimage\"},\"image\":{\"@id\":\"https:\/\/acrimat.org.br\/portal\/camara-setorial-de-carne-bovina-tem-novo-presidente\/#primaryimage\"},\"thumbnailUrl\":\"https:\/\/acrimat.org.br\/portal\/wp-content\/uploads\/2017\/09\/9990.jpg\",\"datePublished\":\"2017-09-21T13:39:56+00:00\",\"breadcrumb\":{\"@id\":\"https:\/\/acrimat.org.br\/portal\/camara-setorial-de-carne-bovina-tem-novo-presidente\/#breadcrumb\"},\"inLanguage\":\"pt-BR\",\"potentialAction\":[{\"@type\":\"ReadAction\",\"target\":[\"https:\/\/acrimat.org.br\/portal\/camara-setorial-de-carne-bovina-tem-novo-presidente\/\"]}]},{\"@type\":\"ImageObject\",\"inLanguage\":\"pt-BR\",\"@id\":\"https:\/\/acrimat.org.br\/portal\/camara-setorial-de-carne-bovina-tem-novo-presidente\/#primaryimage\",\"url\":\"https:\/\/acrimat.org.br\/portal\/wp-content\/uploads\/2017\/09\/9990.jpg\",\"contentUrl\":\"https:\/\/acrimat.org.br\/portal\/wp-content\/uploads\/2017\/09\/9990.jpg\",\"width\":350,\"height\":300},{\"@type\":\"BreadcrumbList\",\"@id\":\"https:\/\/acrimat.org.br\/portal\/camara-setorial-de-carne-bovina-tem-novo-presidente\/#breadcrumb\",\"itemListElement\":[{\"@type\":\"ListItem\",\"position\":1,\"name\":\"In\u00edcio\",\"item\":\"https:\/\/acrimat.org.br\/portal\/\"},{\"@type\":\"ListItem\",\"position\":2,\"name\":\"C\u00e2mara Setorial de Carne Bovina tem novo presidente\"}]},{\"@type\":\"WebSite\",\"@id\":\"https:\/\/acrimat.org.br\/portal\/#website\",\"url\":\"https:\/\/acrimat.org.br\/portal\/\",\"name\":\"Acrimat\",\"description\":\"Associa\u00e7\u00e3o dos Criadores de Mato Grosso\",\"publisher\":{\"@id\":\"https:\/\/acrimat.org.br\/portal\/#organization\"},\"potentialAction\":[{\"@type\":\"SearchAction\",\"target\":{\"@type\":\"EntryPoint\",\"urlTemplate\":\"https:\/\/acrimat.org.br\/portal\/?s={search_term_string}\"},\"query-input\":{\"@type\":\"PropertyValueSpecification\",\"valueRequired\":true,\"valueName\":\"search_term_string\"}}],\"inLanguage\":\"pt-BR\"},{\"@type\":\"Organization\",\"@id\":\"https:\/\/acrimat.org.br\/portal\/#organization\",\"name\":\"Associa\u00e7\u00e3o dos Criadores de Mato Grosso\",\"url\":\"https:\/\/acrimat.org.br\/portal\/\",\"logo\":{\"@type\":\"ImageObject\",\"inLanguage\":\"pt-BR\",\"@id\":\"https:\/\/acrimat.org.br\/portal\/#\/schema\/logo\/image\/\",\"url\":\"https:\/\/acrimat.org.br\/portal\/wp-content\/uploads\/2018\/03\/logo-peq-original.png\",\"contentUrl\":\"https:\/\/acrimat.org.br\/portal\/wp-content\/uploads\/2018\/03\/logo-peq-original.png\",\"width\":174,\"height\":171,\"caption\":\"Associa\u00e7\u00e3o dos Criadores de Mato Grosso\"},\"image\":{\"@id\":\"https:\/\/acrimat.org.br\/portal\/#\/schema\/logo\/image\/\"}},{\"@type\":\"Person\",\"@id\":\"https:\/\/acrimat.org.br\/portal\/#\/schema\/person\/18df8bcf6890e924fe5d8b5afd2bec0f\",\"name\":\"P\u00e9ricles C\u00e2ndido\",\"image\":{\"@type\":\"ImageObject\",\"inLanguage\":\"pt-BR\",\"@id\":\"https:\/\/acrimat.org.br\/portal\/#\/schema\/person\/image\/\",\"url\":\"https:\/\/secure.gravatar.com\/avatar\/33e2a2b971dc363ed2df53d0d3bfbd18?s=96&d=mm&r=g\",\"contentUrl\":\"https:\/\/secure.gravatar.com\/avatar\/33e2a2b971dc363ed2df53d0d3bfbd18?s=96&d=mm&r=g\",\"caption\":\"P\u00e9ricles C\u00e2ndido\"},\"sameAs\":[\"ascom@acrimat.org.br\"],\"url\":\"https:\/\/acrimat.org.br\/portal\/author\/designergrafico\/\"}]}<\/script>\n<!-- \/ Yoast SEO plugin. -->","yoast_head_json":{"title":"C\u00e2mara Setorial de Carne Bovina tem novo presidente - Acrimat","robots":{"index":"index","follow":"follow","max-snippet":"max-snippet:-1","max-image-preview":"max-image-preview:large","max-video-preview":"max-video-preview:-1"},"canonical":"https:\/\/acrimat.org.br\/portal\/camara-setorial-de-carne-bovina-tem-novo-presidente\/","og_locale":"pt_BR","og_type":"article","og_title":"C\u00e2mara Setorial de Carne Bovina tem novo presidente - Acrimat","og_description":"Sebasti\u00e3o Costa Guedes foi nomeado para o cargo pelo ministro Blairo Maggi","og_url":"https:\/\/acrimat.org.br\/portal\/camara-setorial-de-carne-bovina-tem-novo-presidente\/","og_site_name":"Acrimat","article_published_time":"2017-09-21T13:39:56+00:00","og_image":[{"width":350,"height":300,"url":"https:\/\/acrimat.org.br\/portal\/wp-content\/uploads\/2017\/09\/9990.jpg","type":"image\/jpeg"}],"author":"P\u00e9ricles C\u00e2ndido","twitter_card":"summary_large_image","twitter_misc":{"Escrito por":"P\u00e9ricles C\u00e2ndido"},"schema":{"@context":"https:\/\/schema.org","@graph":[{"@type":"Article","@id":"https:\/\/acrimat.org.br\/portal\/camara-setorial-de-carne-bovina-tem-novo-presidente\/#article","isPartOf":{"@id":"https:\/\/acrimat.org.br\/portal\/camara-setorial-de-carne-bovina-tem-novo-presidente\/"},"author":{"name":"P\u00e9ricles C\u00e2ndido","@id":"https:\/\/acrimat.org.br\/portal\/#\/schema\/person\/18df8bcf6890e924fe5d8b5afd2bec0f"},"headline":"C\u00e2mara Setorial de Carne Bovina tem novo presidente","datePublished":"2017-09-21T13:39:56+00:00","mainEntityOfPage":{"@id":"https:\/\/acrimat.org.br\/portal\/camara-setorial-de-carne-bovina-tem-novo-presidente\/"},"wordCount":107,"publisher":{"@id":"https:\/\/acrimat.org.br\/portal\/#organization"},"image":{"@id":"https:\/\/acrimat.org.br\/portal\/camara-setorial-de-carne-bovina-tem-novo-presidente\/#primaryimage"},"thumbnailUrl":"https:\/\/acrimat.org.br\/portal\/wp-content\/uploads\/2017\/09\/9990.jpg","articleSection":["Destaques","Not\u00edcias"],"inLanguage":"pt-BR"},{"@type":"WebPage","@id":"https:\/\/acrimat.org.br\/portal\/camara-setorial-de-carne-bovina-tem-novo-presidente\/","url":"https:\/\/acrimat.org.br\/portal\/camara-setorial-de-carne-bovina-tem-novo-presidente\/","name":"C\u00e2mara Setorial de Carne Bovina tem novo presidente - Acrimat","isPartOf":{"@id":"https:\/\/acrimat.org.br\/portal\/#website"},"primaryImageOfPage":{"@id":"https:\/\/acrimat.org.br\/portal\/camara-setorial-de-carne-bovina-tem-novo-presidente\/#primaryimage"},"image":{"@id":"https:\/\/acrimat.org.br\/portal\/camara-setorial-de-carne-bovina-tem-novo-presidente\/#primaryimage"},"thumbnailUrl":"https:\/\/acrimat.org.br\/portal\/wp-content\/uploads\/2017\/09\/9990.jpg","datePublished":"2017-09-21T13:39:56+00:00","breadcrumb":{"@id":"https:\/\/acrimat.org.br\/portal\/camara-setorial-de-carne-bovina-tem-novo-presidente\/#breadcrumb"},"inLanguage":"pt-BR","potentialAction":[{"@type":"ReadAction","target":["https:\/\/acrimat.org.br\/portal\/camara-setorial-de-carne-bovina-tem-novo-presidente\/"]}]},{"@type":"ImageObject","inLanguage":"pt-BR","@id":"https:\/\/acrimat.org.br\/portal\/camara-setorial-de-carne-bovina-tem-novo-presidente\/#primaryimage","url":"https:\/\/acrimat.org.br\/portal\/wp-content\/uploads\/2017\/09\/9990.jpg","contentUrl":"https:\/\/acrimat.org.br\/portal\/wp-content\/uploads\/2017\/09\/9990.jpg","width":350,"height":300},{"@type":"BreadcrumbList","@id":"https:\/\/acrimat.org.br\/portal\/camara-setorial-de-carne-bovina-tem-novo-presidente\/#breadcrumb","itemListElement":[{"@type":"ListItem","position":1,"name":"In\u00edcio","item":"https:\/\/acrimat.org.br\/portal\/"},{"@type":"ListItem","position":2,"name":"C\u00e2mara Setorial de Carne Bovina tem novo presidente"}]},{"@type":"WebSite","@id":"https:\/\/acrimat.org.br\/portal\/#website","url":"https:\/\/acrimat.org.br\/portal\/","name":"Acrimat","description":"Associa\u00e7\u00e3o dos Criadores de Mato Grosso","publisher":{"@id":"https:\/\/acrimat.org.br\/portal\/#organization"},"potentialAction":[{"@type":"SearchAction","target":{"@type":"EntryPoint","urlTemplate":"https:\/\/acrimat.org.br\/portal\/?s={search_term_string}"},"query-input":{"@type":"PropertyValueSpecification","valueRequired":true,"valueName":"search_term_string"}}],"inLanguage":"pt-BR"},{"@type":"Organization","@id":"https:\/\/acrimat.org.br\/portal\/#organization","name":"Associa\u00e7\u00e3o dos Criadores de Mato Grosso","url":"https:\/\/acrimat.org.br\/portal\/","logo":{"@type":"ImageObject","inLanguage":"pt-BR","@id":"https:\/\/acrimat.org.br\/portal\/#\/schema\/logo\/image\/","url":"https:\/\/acrimat.org.br\/portal\/wp-content\/uploads\/2018\/03\/logo-peq-original.png","contentUrl":"https:\/\/acrimat.org.br\/portal\/wp-content\/uploads\/2018\/03\/logo-peq-original.png","width":174,"height":171,"caption":"Associa\u00e7\u00e3o dos Criadores de Mato Grosso"},"image":{"@id":"https:\/\/acrimat.org.br\/portal\/#\/schema\/logo\/image\/"}},{"@type":"Person","@id":"https:\/\/acrimat.org.br\/portal\/#\/schema\/person\/18df8bcf6890e924fe5d8b5afd2bec0f","name":"P\u00e9ricles C\u00e2ndido","image":{"@type":"ImageObject","inLanguage":"pt-BR","@id":"https:\/\/acrimat.org.br\/portal\/#\/schema\/person\/image\/","url":"https:\/\/secure.gravatar.com\/avatar\/33e2a2b971dc363ed2df53d0d3bfbd18?s=96&d=mm&r=g","contentUrl":"https:\/\/secure.gravatar.com\/avatar\/33e2a2b971dc363ed2df53d0d3bfbd18?s=96&d=mm&r=g","caption":"P\u00e9ricles C\u00e2ndido"},"sameAs":["ascom@acrimat.org.br"],"url":"https:\/\/acrimat.org.br\/portal\/author\/designergrafico\/"}]}},"_links":{"self":[{"href":"https:\/\/acrimat.org.br\/portal\/wp-json\/wp\/v2\/posts\/97983678","targetHints":{"allow":["GET"]}}],"collection":[{"href":"https:\/\/acrimat.org.br\/portal\/wp-json\/wp\/v2\/posts"}],"about":[{"href":"https:\/\/acrimat.org.br\/portal\/wp-json\/wp\/v2\/types\/post"}],"author":[{"embeddable":true,"href":"https:\/\/acrimat.org.br\/portal\/wp-json\/wp\/v2\/users\/11"}],"replies":[{"embeddable":true,"href":"https:\/\/acrimat.org.br\/portal\/wp-json\/wp\/v2\/comments?post=97983678"}],"version-history":[{"count":1,"href":"https:\/\/acrimat.org.br\/portal\/wp-json\/wp\/v2\/posts\/97983678\/revisions"}],"predecessor-version":[{"id":97983680,"href":"https:\/\/acrimat.org.br\/portal\/wp-json\/wp\/v2\/posts\/97983678\/revisions\/97983680"}],"wp:featuredmedia":[{"embeddable":true,"href":"https:\/\/acrimat.org.br\/portal\/wp-json\/wp\/v2\/media\/97983679"}],"wp:attachment":[{"href":"https:\/\/acrimat.org.br\/portal\/wp-json\/wp\/v2\/media?parent=97983678"}],"wp:term":[{"taxonomy":"category","embeddable":true,"href":"https:\/\/acrimat.org.br\/portal\/wp-json\/wp\/v2\/categories?post=97983678"},{"taxonomy":"post_tag","embeddable":true,"href":"https:\/\/acrimat.org.br\/portal\/wp-json\/wp\/v2\/tags?post=97983678"}],"curies":[{"name":"wp","href":"https:\/\/api.w.org\/{rel}","templated":true}]}}