{"id":97983682,"date":"2017-09-21T10:50:48","date_gmt":"2017-09-21T13:50:48","guid":{"rendered":"http:\/\/acrimat.org.br\/portal\/?p=97983682"},"modified":"2017-09-21T10:50:48","modified_gmt":"2017-09-21T13:50:48","slug":"pecuaria-tem-perda-de-r-2-bi-este-ano","status":"publish","type":"post","link":"https:\/\/acrimat.org.br\/portal\/pecuaria-tem-perda-de-r-2-bi-este-ano\/","title":{"rendered":"Pecu\u00e1ria tem perda de R$ 2 bi este ano"},"content":{"rendered":"<p>A pecu\u00e1ria perdeu R$ 2,008 bilh\u00f5es de valor bruto da produ\u00e7\u00e3o (VBP) nos \u00faltimos 3 anos. Os dados integram a an\u00e1lise hist\u00f3rica do VBP elaborado pelo Minist\u00e9rio da Agricultura. Somente do ano passado para este ano, o VBP da bovinocultura retraiu R$ 883,727 milh\u00f5es. O segmento representa 70% do VBP da pecu\u00e1ria, segundo o levantamento, que estima o total de R$ 13,671 bilh\u00f5es em 2017.<\/p>\n<p>Em 2014, o VBP da bovinocultura atingiu o seu maior valor dos \u00faltimos anos, somando R$ 11,696 bilh\u00f5es. Desde ent\u00e3o, a atividade vem perdendo valor e este ano chegar\u00e1 a R$ 9,687 bilh\u00f5es, perda de 17% no per\u00edodo. Amado de Oliveira Filho, consultor da Associa\u00e7\u00e3o dos Criadores de Mato Grosso (Acrimat), pontua que desde ent\u00e3o o pre\u00e7o vem caindo e, segundo o levantamento, chega este ano ao patamar de 2011.<\/p>\n<p>\u201c\u00c9 uma perda de R$ 2 bilh\u00f5es para o setor e \u00e9 preocupante porque n\u00e3o reduzimos a produ\u00e7\u00e3o neste per\u00edodo, o que demonstra a queda no pre\u00e7o do produto. Por isso temos afirmado que a pecu\u00e1ria de corte precisa de aten\u00e7\u00e3o. \u00c9 uma consequ\u00eancia de tudo que vem acontecendo com a cadeia da pecu\u00e1ria e com a cadeia frigor\u00edfica nos \u00faltimos tempos\u201d, analisa. \u201cMas, vemos um horizonte melhor para o 2\u00ba semestre de 2018, com pre\u00e7o mais satisfat\u00f3rio para remunerar o fator de produ\u00e7\u00e3o\u201d, aponta.<\/p>\n<p>A produ\u00e7\u00e3o nacional da bovinocultura tamb\u00e9m perdeu 7,5% do VBP. Est\u00e3o previstos R$ 65,797 bilh\u00f5es em 2017, abaixo dos R$ 71,161 bilh\u00f5es de 2016. No total, a pecu\u00e1ria retraiu 6%, somando R$ 168,268 bilh\u00f5es este ano.<\/p>\n","protected":false},"excerpt":{"rendered":"<p>Os dados integram a an\u00e1lise hist\u00f3rica do VBP elaborado pelo Minist\u00e9rio da Agricultura<\/p>\n","protected":false},"author":11,"featured_media":97975668,"comment_status":"closed","ping_status":"closed","sticky":false,"template":"","format":"standard","meta":{"footnotes":""},"categories":[6,1],"tags":[],"class_list":["post-97983682","post","type-post","status-publish","format-standard","has-post-thumbnail","hentry","category-destaque","category-noticia"],"yoast_head":"<!-- This site is optimized with the Yoast SEO plugin v24.8.1 - https:\/\/yoast.com\/wordpress\/plugins\/seo\/ -->\n<title>Pecu\u00e1ria tem perda de R$ 2 bi este ano - Acrimat<\/title>\n<meta name=\"robots\" content=\"index, follow, max-snippet:-1, max-image-preview:large, max-video-preview:-1\" \/>\n<link rel=\"canonical\" href=\"https:\/\/acrimat.org.br\/portal\/pecuaria-tem-perda-de-r-2-bi-este-ano\/\" \/>\n<meta property=\"og:locale\" content=\"pt_BR\" \/>\n<meta property=\"og:type\" content=\"article\" \/>\n<meta property=\"og:title\" content=\"Pecu\u00e1ria tem perda de R$ 2 bi este ano - Acrimat\" \/>\n<meta property=\"og:description\" content=\"Os dados integram a an\u00e1lise hist\u00f3rica do VBP elaborado pelo Minist\u00e9rio da Agricultura\" \/>\n<meta property=\"og:url\" content=\"https:\/\/acrimat.org.br\/portal\/pecuaria-tem-perda-de-r-2-bi-este-ano\/\" \/>\n<meta property=\"og:site_name\" content=\"Acrimat\" \/>\n<meta property=\"article:published_time\" content=\"2017-09-21T13:50:48+00:00\" \/>\n<meta property=\"og:image\" content=\"https:\/\/acrimat.org.br\/portal\/wp-content\/uploads\/2016\/06\/gado.jpg\" \/>\n\t<meta property=\"og:image:width\" content=\"1280\" \/>\n\t<meta property=\"og:image:height\" content=\"857\" \/>\n\t<meta property=\"og:image:type\" content=\"image\/jpeg\" \/>\n<meta name=\"author\" content=\"P\u00e9ricles C\u00e2ndido\" \/>\n<meta name=\"twitter:card\" content=\"summary_large_image\" \/>\n<meta name=\"twitter:label1\" content=\"Escrito por\" \/>\n\t<meta name=\"twitter:data1\" content=\"P\u00e9ricles C\u00e2ndido\" \/>\n\t<meta name=\"twitter:label2\" content=\"Est. tempo de leitura\" \/>\n\t<meta name=\"twitter:data2\" content=\"1 minuto\" \/>\n<script type=\"application\/ld+json\" class=\"yoast-schema-graph\">{\"@context\":\"https:\/\/schema.org\",\"@graph\":[{\"@type\":\"Article\",\"@id\":\"https:\/\/acrimat.org.br\/portal\/pecuaria-tem-perda-de-r-2-bi-este-ano\/#article\",\"isPartOf\":{\"@id\":\"https:\/\/acrimat.org.br\/portal\/pecuaria-tem-perda-de-r-2-bi-este-ano\/\"},\"author\":{\"name\":\"P\u00e9ricles C\u00e2ndido\",\"@id\":\"https:\/\/acrimat.org.br\/portal\/#\/schema\/person\/18df8bcf6890e924fe5d8b5afd2bec0f\"},\"headline\":\"Pecu\u00e1ria tem perda de R$ 2 bi este ano\",\"datePublished\":\"2017-09-21T13:50:48+00:00\",\"mainEntityOfPage\":{\"@id\":\"https:\/\/acrimat.org.br\/portal\/pecuaria-tem-perda-de-r-2-bi-este-ano\/\"},\"wordCount\":277,\"publisher\":{\"@id\":\"https:\/\/acrimat.org.br\/portal\/#organization\"},\"image\":{\"@id\":\"https:\/\/acrimat.org.br\/portal\/pecuaria-tem-perda-de-r-2-bi-este-ano\/#primaryimage\"},\"thumbnailUrl\":\"https:\/\/acrimat.org.br\/portal\/wp-content\/uploads\/2016\/06\/gado.jpg\",\"articleSection\":[\"Destaques\",\"Not\u00edcias\"],\"inLanguage\":\"pt-BR\"},{\"@type\":\"WebPage\",\"@id\":\"https:\/\/acrimat.org.br\/portal\/pecuaria-tem-perda-de-r-2-bi-este-ano\/\",\"url\":\"https:\/\/acrimat.org.br\/portal\/pecuaria-tem-perda-de-r-2-bi-este-ano\/\",\"name\":\"Pecu\u00e1ria tem perda de R$ 2 bi este ano - Acrimat\",\"isPartOf\":{\"@id\":\"https:\/\/acrimat.org.br\/portal\/#website\"},\"primaryImageOfPage\":{\"@id\":\"https:\/\/acrimat.org.br\/portal\/pecuaria-tem-perda-de-r-2-bi-este-ano\/#primaryimage\"},\"image\":{\"@id\":\"https:\/\/acrimat.org.br\/portal\/pecuaria-tem-perda-de-r-2-bi-este-ano\/#primaryimage\"},\"thumbnailUrl\":\"https:\/\/acrimat.org.br\/portal\/wp-content\/uploads\/2016\/06\/gado.jpg\",\"datePublished\":\"2017-09-21T13:50:48+00:00\",\"breadcrumb\":{\"@id\":\"https:\/\/acrimat.org.br\/portal\/pecuaria-tem-perda-de-r-2-bi-este-ano\/#breadcrumb\"},\"inLanguage\":\"pt-BR\",\"potentialAction\":[{\"@type\":\"ReadAction\",\"target\":[\"https:\/\/acrimat.org.br\/portal\/pecuaria-tem-perda-de-r-2-bi-este-ano\/\"]}]},{\"@type\":\"ImageObject\",\"inLanguage\":\"pt-BR\",\"@id\":\"https:\/\/acrimat.org.br\/portal\/pecuaria-tem-perda-de-r-2-bi-este-ano\/#primaryimage\",\"url\":\"https:\/\/acrimat.org.br\/portal\/wp-content\/uploads\/2016\/06\/gado.jpg\",\"contentUrl\":\"https:\/\/acrimat.org.br\/portal\/wp-content\/uploads\/2016\/06\/gado.jpg\",\"width\":1280,\"height\":857},{\"@type\":\"BreadcrumbList\",\"@id\":\"https:\/\/acrimat.org.br\/portal\/pecuaria-tem-perda-de-r-2-bi-este-ano\/#breadcrumb\",\"itemListElement\":[{\"@type\":\"ListItem\",\"position\":1,\"name\":\"In\u00edcio\",\"item\":\"https:\/\/acrimat.org.br\/portal\/\"},{\"@type\":\"ListItem\",\"position\":2,\"name\":\"Pecu\u00e1ria tem perda de R$ 2 bi este ano\"}]},{\"@type\":\"WebSite\",\"@id\":\"https:\/\/acrimat.org.br\/portal\/#website\",\"url\":\"https:\/\/acrimat.org.br\/portal\/\",\"name\":\"Acrimat\",\"description\":\"Associa\u00e7\u00e3o dos Criadores de Mato Grosso\",\"publisher\":{\"@id\":\"https:\/\/acrimat.org.br\/portal\/#organization\"},\"potentialAction\":[{\"@type\":\"SearchAction\",\"target\":{\"@type\":\"EntryPoint\",\"urlTemplate\":\"https:\/\/acrimat.org.br\/portal\/?s={search_term_string}\"},\"query-input\":{\"@type\":\"PropertyValueSpecification\",\"valueRequired\":true,\"valueName\":\"search_term_string\"}}],\"inLanguage\":\"pt-BR\"},{\"@type\":\"Organization\",\"@id\":\"https:\/\/acrimat.org.br\/portal\/#organization\",\"name\":\"Associa\u00e7\u00e3o dos Criadores de Mato Grosso\",\"url\":\"https:\/\/acrimat.org.br\/portal\/\",\"logo\":{\"@type\":\"ImageObject\",\"inLanguage\":\"pt-BR\",\"@id\":\"https:\/\/acrimat.org.br\/portal\/#\/schema\/logo\/image\/\",\"url\":\"https:\/\/acrimat.org.br\/portal\/wp-content\/uploads\/2018\/03\/logo-peq-original.png\",\"contentUrl\":\"https:\/\/acrimat.org.br\/portal\/wp-content\/uploads\/2018\/03\/logo-peq-original.png\",\"width\":174,\"height\":171,\"caption\":\"Associa\u00e7\u00e3o dos Criadores de Mato Grosso\"},\"image\":{\"@id\":\"https:\/\/acrimat.org.br\/portal\/#\/schema\/logo\/image\/\"}},{\"@type\":\"Person\",\"@id\":\"https:\/\/acrimat.org.br\/portal\/#\/schema\/person\/18df8bcf6890e924fe5d8b5afd2bec0f\",\"name\":\"P\u00e9ricles C\u00e2ndido\",\"image\":{\"@type\":\"ImageObject\",\"inLanguage\":\"pt-BR\",\"@id\":\"https:\/\/acrimat.org.br\/portal\/#\/schema\/person\/image\/\",\"url\":\"https:\/\/secure.gravatar.com\/avatar\/33e2a2b971dc363ed2df53d0d3bfbd18?s=96&d=mm&r=g\",\"contentUrl\":\"https:\/\/secure.gravatar.com\/avatar\/33e2a2b971dc363ed2df53d0d3bfbd18?s=96&d=mm&r=g\",\"caption\":\"P\u00e9ricles C\u00e2ndido\"},\"sameAs\":[\"ascom@acrimat.org.br\"],\"url\":\"https:\/\/acrimat.org.br\/portal\/author\/designergrafico\/\"}]}<\/script>\n<!-- \/ Yoast SEO plugin. -->","yoast_head_json":{"title":"Pecu\u00e1ria tem perda de R$ 2 bi este ano - Acrimat","robots":{"index":"index","follow":"follow","max-snippet":"max-snippet:-1","max-image-preview":"max-image-preview:large","max-video-preview":"max-video-preview:-1"},"canonical":"https:\/\/acrimat.org.br\/portal\/pecuaria-tem-perda-de-r-2-bi-este-ano\/","og_locale":"pt_BR","og_type":"article","og_title":"Pecu\u00e1ria tem perda de R$ 2 bi este ano - Acrimat","og_description":"Os dados integram a an\u00e1lise hist\u00f3rica do VBP elaborado pelo Minist\u00e9rio da Agricultura","og_url":"https:\/\/acrimat.org.br\/portal\/pecuaria-tem-perda-de-r-2-bi-este-ano\/","og_site_name":"Acrimat","article_published_time":"2017-09-21T13:50:48+00:00","og_image":[{"width":1280,"height":857,"url":"https:\/\/acrimat.org.br\/portal\/wp-content\/uploads\/2016\/06\/gado.jpg","type":"image\/jpeg"}],"author":"P\u00e9ricles C\u00e2ndido","twitter_card":"summary_large_image","twitter_misc":{"Escrito por":"P\u00e9ricles C\u00e2ndido","Est. tempo de leitura":"1 minuto"},"schema":{"@context":"https:\/\/schema.org","@graph":[{"@type":"Article","@id":"https:\/\/acrimat.org.br\/portal\/pecuaria-tem-perda-de-r-2-bi-este-ano\/#article","isPartOf":{"@id":"https:\/\/acrimat.org.br\/portal\/pecuaria-tem-perda-de-r-2-bi-este-ano\/"},"author":{"name":"P\u00e9ricles C\u00e2ndido","@id":"https:\/\/acrimat.org.br\/portal\/#\/schema\/person\/18df8bcf6890e924fe5d8b5afd2bec0f"},"headline":"Pecu\u00e1ria tem perda de R$ 2 bi este ano","datePublished":"2017-09-21T13:50:48+00:00","mainEntityOfPage":{"@id":"https:\/\/acrimat.org.br\/portal\/pecuaria-tem-perda-de-r-2-bi-este-ano\/"},"wordCount":277,"publisher":{"@id":"https:\/\/acrimat.org.br\/portal\/#organization"},"image":{"@id":"https:\/\/acrimat.org.br\/portal\/pecuaria-tem-perda-de-r-2-bi-este-ano\/#primaryimage"},"thumbnailUrl":"https:\/\/acrimat.org.br\/portal\/wp-content\/uploads\/2016\/06\/gado.jpg","articleSection":["Destaques","Not\u00edcias"],"inLanguage":"pt-BR"},{"@type":"WebPage","@id":"https:\/\/acrimat.org.br\/portal\/pecuaria-tem-perda-de-r-2-bi-este-ano\/","url":"https:\/\/acrimat.org.br\/portal\/pecuaria-tem-perda-de-r-2-bi-este-ano\/","name":"Pecu\u00e1ria tem perda de R$ 2 bi este ano - Acrimat","isPartOf":{"@id":"https:\/\/acrimat.org.br\/portal\/#website"},"primaryImageOfPage":{"@id":"https:\/\/acrimat.org.br\/portal\/pecuaria-tem-perda-de-r-2-bi-este-ano\/#primaryimage"},"image":{"@id":"https:\/\/acrimat.org.br\/portal\/pecuaria-tem-perda-de-r-2-bi-este-ano\/#primaryimage"},"thumbnailUrl":"https:\/\/acrimat.org.br\/portal\/wp-content\/uploads\/2016\/06\/gado.jpg","datePublished":"2017-09-21T13:50:48+00:00","breadcrumb":{"@id":"https:\/\/acrimat.org.br\/portal\/pecuaria-tem-perda-de-r-2-bi-este-ano\/#breadcrumb"},"inLanguage":"pt-BR","potentialAction":[{"@type":"ReadAction","target":["https:\/\/acrimat.org.br\/portal\/pecuaria-tem-perda-de-r-2-bi-este-ano\/"]}]},{"@type":"ImageObject","inLanguage":"pt-BR","@id":"https:\/\/acrimat.org.br\/portal\/pecuaria-tem-perda-de-r-2-bi-este-ano\/#primaryimage","url":"https:\/\/acrimat.org.br\/portal\/wp-content\/uploads\/2016\/06\/gado.jpg","contentUrl":"https:\/\/acrimat.org.br\/portal\/wp-content\/uploads\/2016\/06\/gado.jpg","width":1280,"height":857},{"@type":"BreadcrumbList","@id":"https:\/\/acrimat.org.br\/portal\/pecuaria-tem-perda-de-r-2-bi-este-ano\/#breadcrumb","itemListElement":[{"@type":"ListItem","position":1,"name":"In\u00edcio","item":"https:\/\/acrimat.org.br\/portal\/"},{"@type":"ListItem","position":2,"name":"Pecu\u00e1ria tem perda de R$ 2 bi este ano"}]},{"@type":"WebSite","@id":"https:\/\/acrimat.org.br\/portal\/#website","url":"https:\/\/acrimat.org.br\/portal\/","name":"Acrimat","description":"Associa\u00e7\u00e3o dos Criadores de Mato Grosso","publisher":{"@id":"https:\/\/acrimat.org.br\/portal\/#organization"},"potentialAction":[{"@type":"SearchAction","target":{"@type":"EntryPoint","urlTemplate":"https:\/\/acrimat.org.br\/portal\/?s={search_term_string}"},"query-input":{"@type":"PropertyValueSpecification","valueRequired":true,"valueName":"search_term_string"}}],"inLanguage":"pt-BR"},{"@type":"Organization","@id":"https:\/\/acrimat.org.br\/portal\/#organization","name":"Associa\u00e7\u00e3o dos Criadores de Mato Grosso","url":"https:\/\/acrimat.org.br\/portal\/","logo":{"@type":"ImageObject","inLanguage":"pt-BR","@id":"https:\/\/acrimat.org.br\/portal\/#\/schema\/logo\/image\/","url":"https:\/\/acrimat.org.br\/portal\/wp-content\/uploads\/2018\/03\/logo-peq-original.png","contentUrl":"https:\/\/acrimat.org.br\/portal\/wp-content\/uploads\/2018\/03\/logo-peq-original.png","width":174,"height":171,"caption":"Associa\u00e7\u00e3o dos Criadores de Mato Grosso"},"image":{"@id":"https:\/\/acrimat.org.br\/portal\/#\/schema\/logo\/image\/"}},{"@type":"Person","@id":"https:\/\/acrimat.org.br\/portal\/#\/schema\/person\/18df8bcf6890e924fe5d8b5afd2bec0f","name":"P\u00e9ricles C\u00e2ndido","image":{"@type":"ImageObject","inLanguage":"pt-BR","@id":"https:\/\/acrimat.org.br\/portal\/#\/schema\/person\/image\/","url":"https:\/\/secure.gravatar.com\/avatar\/33e2a2b971dc363ed2df53d0d3bfbd18?s=96&d=mm&r=g","contentUrl":"https:\/\/secure.gravatar.com\/avatar\/33e2a2b971dc363ed2df53d0d3bfbd18?s=96&d=mm&r=g","caption":"P\u00e9ricles C\u00e2ndido"},"sameAs":["ascom@acrimat.org.br"],"url":"https:\/\/acrimat.org.br\/portal\/author\/designergrafico\/"}]}},"_links":{"self":[{"href":"https:\/\/acrimat.org.br\/portal\/wp-json\/wp\/v2\/posts\/97983682","targetHints":{"allow":["GET"]}}],"collection":[{"href":"https:\/\/acrimat.org.br\/portal\/wp-json\/wp\/v2\/posts"}],"about":[{"href":"https:\/\/acrimat.org.br\/portal\/wp-json\/wp\/v2\/types\/post"}],"author":[{"embeddable":true,"href":"https:\/\/acrimat.org.br\/portal\/wp-json\/wp\/v2\/users\/11"}],"replies":[{"embeddable":true,"href":"https:\/\/acrimat.org.br\/portal\/wp-json\/wp\/v2\/comments?post=97983682"}],"version-history":[{"count":1,"href":"https:\/\/acrimat.org.br\/portal\/wp-json\/wp\/v2\/posts\/97983682\/revisions"}],"predecessor-version":[{"id":97983683,"href":"https:\/\/acrimat.org.br\/portal\/wp-json\/wp\/v2\/posts\/97983682\/revisions\/97983683"}],"wp:featuredmedia":[{"embeddable":true,"href":"https:\/\/acrimat.org.br\/portal\/wp-json\/wp\/v2\/media\/97975668"}],"wp:attachment":[{"href":"https:\/\/acrimat.org.br\/portal\/wp-json\/wp\/v2\/media?parent=97983682"}],"wp:term":[{"taxonomy":"category","embeddable":true,"href":"https:\/\/acrimat.org.br\/portal\/wp-json\/wp\/v2\/categories?post=97983682"},{"taxonomy":"post_tag","embeddable":true,"href":"https:\/\/acrimat.org.br\/portal\/wp-json\/wp\/v2\/tags?post=97983682"}],"curies":[{"name":"wp","href":"https:\/\/api.w.org\/{rel}","templated":true}]}}