{"id":97983698,"date":"2017-09-22T11:02:04","date_gmt":"2017-09-22T14:02:04","guid":{"rendered":"http:\/\/acrimat.org.br\/portal\/?p=97983698"},"modified":"2017-09-22T11:04:47","modified_gmt":"2017-09-22T14:04:47","slug":"asbia-venda-de-semen-de-boi-cresce-76-no-primeiro-semestre","status":"publish","type":"post","link":"https:\/\/acrimat.org.br\/portal\/asbia-venda-de-semen-de-boi-cresce-76-no-primeiro-semestre\/","title":{"rendered":"Asbia: venda de s\u00eamen de boi cresce 7,6% no primeiro semestre"},"content":{"rendered":"<p><a href=\"http:\/\/acrimat.org.br\/portal\/wp-content\/uploads\/2017\/02\/SEMEM-BOVINO2.jpg\"><img fetchpriority=\"high\" decoding=\"async\" class=\"size-medium wp-image-97980205 alignleft\" src=\"http:\/\/acrimat.org.br\/portal\/wp-content\/uploads\/2017\/02\/SEMEM-BOVINO2-300x206.jpg\" alt=\"\" width=\"300\" height=\"206\" srcset=\"https:\/\/acrimat.org.br\/portal\/wp-content\/uploads\/2017\/02\/SEMEM-BOVINO2-300x206.jpg 300w, https:\/\/acrimat.org.br\/portal\/wp-content\/uploads\/2017\/02\/SEMEM-BOVINO2-250x172.jpg 250w, https:\/\/acrimat.org.br\/portal\/wp-content\/uploads\/2017\/02\/SEMEM-BOVINO2-550x378.jpg 550w, https:\/\/acrimat.org.br\/portal\/wp-content\/uploads\/2017\/02\/SEMEM-BOVINO2-262x180.jpg 262w, https:\/\/acrimat.org.br\/portal\/wp-content\/uploads\/2017\/02\/SEMEM-BOVINO2-436x300.jpg 436w, https:\/\/acrimat.org.br\/portal\/wp-content\/uploads\/2017\/02\/SEMEM-BOVINO2-727x500.jpg 727w, https:\/\/acrimat.org.br\/portal\/wp-content\/uploads\/2017\/02\/SEMEM-BOVINO2.jpg 730w\" sizes=\"(max-width: 300px) 100vw, 300px\" \/><\/a>O mercado de s\u00eamen bovino cresceu 7,6% no primeiro semestre deste ano em rela\u00e7\u00e3o a igual per\u00edodo de 2016, informou nesta quinta-feira, 21, em nota, a Associa\u00e7\u00e3o Brasileira de Insemina\u00e7\u00e3o Artificial (Asbia). O porcentual considera s\u00eamen de bovinos de corte e leiteiros. Conforme o relat\u00f3rio Asbia Index 2017, o grande destaque no per\u00edodo ficou com a pecu\u00e1ria de leite, que teve, isoladamente, um salto de 24,8% nas vendas no per\u00edodo.<\/p>\n<p>J\u00e1 a pecu\u00e1ria de corte recuou 3,4% \u2013 em fun\u00e7\u00e3o, conforme a Asbia, de v\u00e1rios acontecimentos este ano, como a Opera\u00e7\u00e3o Carne Fraca, volta do Funrural, crise pol\u00edtica envolvendo a JBS e consequentes quedas no pre\u00e7o da arroba.<\/p>\n<p>O diretor da Asbia M\u00e1rcio Nery disse que a partir desses dados a associa\u00e7\u00e3o estima que de 12% a 15% das matrizes brasileiras sejam inseminadas. \u201c\u00c9 um n\u00famero que infelizmente est\u00e1 parado nos \u00faltimos anos, barrando a evolu\u00e7\u00e3o do rebanho nacional\u201d, disse.<\/p>\n<p>Em rela\u00e7\u00e3o ao salto no leite, Nery disse que, sem d\u00favida, a recupera\u00e7\u00e3o do pre\u00e7o de leite e a estabilidade dos custos de produ\u00e7\u00e3o em patamares menores interferiram nos resultados. \u201cDemonstra claramente uma recupera\u00e7\u00e3o, mas este crescimento ainda n\u00e3o \u00e9 suficiente. Estamos nos mesmos n\u00edveis de utiliza\u00e7\u00e3o da tecnologia de 2013\/2014\u201d, informou.<\/p>\n<p>Os principais Estados compradores de s\u00eamen leiteiro foram Minas Gerais, Rio Grande do Sul e Paran\u00e1. J\u00e1 para o s\u00eamen de corte lideram Mato Grosso e Mato Grosso do Sul, com mais de 33% das aquisi\u00e7\u00f5es.<\/p>\n<p><strong>Exporta\u00e7\u00f5es<\/strong><\/p>\n<p>As exporta\u00e7\u00f5es de s\u00eamen bovino do Brasil avan\u00e7aram 60,4%, somando mais de 162 mil doses no primeiro semestre deste ano, ante 101 mil no primeiro semestre de 2016, informou a Asbia. \u201cDestaque para o avan\u00e7o na \u00e1rea de corte, onde os principais destinos da gen\u00e9tica brasileira foram Bol\u00edvia e Paraguai. J\u00e1 Col\u00f4mbia e Equador se destacaram como importadores de s\u00eamen das ra\u00e7as leiteiras\u201d, disse a nota. \u201cEstamos evoluindo em termos de seguran\u00e7a das centrais e de protocolos sanit\u00e1rios\u201d, avalia o diretor da ABS ao justificar o crescimento das vendas externas.<\/p>\n","protected":false},"excerpt":{"rendered":"<p>Para o s\u00eamen de corte lideram Mato Grosso e Mato Grosso do Sul, com mais de 33% das aquisi\u00e7\u00f5es<\/p>\n","protected":false},"author":11,"featured_media":97980205,"comment_status":"closed","ping_status":"closed","sticky":false,"template":"","format":"standard","meta":{"footnotes":""},"categories":[6,1],"tags":[],"class_list":["post-97983698","post","type-post","status-publish","format-standard","has-post-thumbnail","hentry","category-destaque","category-noticia"],"yoast_head":"<!-- This site is optimized with the Yoast SEO plugin v24.8.1 - https:\/\/yoast.com\/wordpress\/plugins\/seo\/ -->\n<title>Asbia: venda de s\u00eamen de boi cresce 7,6% no primeiro semestre - Acrimat<\/title>\n<meta name=\"robots\" content=\"index, follow, max-snippet:-1, max-image-preview:large, max-video-preview:-1\" \/>\n<link rel=\"canonical\" href=\"https:\/\/acrimat.org.br\/portal\/asbia-venda-de-semen-de-boi-cresce-76-no-primeiro-semestre\/\" \/>\n<meta property=\"og:locale\" content=\"pt_BR\" \/>\n<meta property=\"og:type\" content=\"article\" \/>\n<meta property=\"og:title\" content=\"Asbia: venda de s\u00eamen de boi cresce 7,6% no primeiro semestre - Acrimat\" \/>\n<meta property=\"og:description\" content=\"Para o s\u00eamen de corte lideram Mato Grosso e Mato Grosso do Sul, com mais de 33% das aquisi\u00e7\u00f5es\" \/>\n<meta property=\"og:url\" content=\"https:\/\/acrimat.org.br\/portal\/asbia-venda-de-semen-de-boi-cresce-76-no-primeiro-semestre\/\" \/>\n<meta property=\"og:site_name\" content=\"Acrimat\" \/>\n<meta property=\"article:published_time\" content=\"2017-09-22T14:02:04+00:00\" \/>\n<meta property=\"article:modified_time\" content=\"2017-09-22T14:04:47+00:00\" \/>\n<meta property=\"og:image\" content=\"https:\/\/acrimat.org.br\/portal\/wp-content\/uploads\/2017\/02\/SEMEM-BOVINO2.jpg\" \/>\n\t<meta property=\"og:image:width\" content=\"730\" \/>\n\t<meta property=\"og:image:height\" content=\"502\" \/>\n\t<meta property=\"og:image:type\" content=\"image\/jpeg\" \/>\n<meta name=\"author\" content=\"P\u00e9ricles C\u00e2ndido\" \/>\n<meta name=\"twitter:card\" content=\"summary_large_image\" \/>\n<meta name=\"twitter:label1\" content=\"Escrito por\" \/>\n\t<meta name=\"twitter:data1\" content=\"P\u00e9ricles C\u00e2ndido\" \/>\n\t<meta name=\"twitter:label2\" content=\"Est. tempo de leitura\" \/>\n\t<meta name=\"twitter:data2\" content=\"2 minutos\" \/>\n<script type=\"application\/ld+json\" class=\"yoast-schema-graph\">{\"@context\":\"https:\/\/schema.org\",\"@graph\":[{\"@type\":\"Article\",\"@id\":\"https:\/\/acrimat.org.br\/portal\/asbia-venda-de-semen-de-boi-cresce-76-no-primeiro-semestre\/#article\",\"isPartOf\":{\"@id\":\"https:\/\/acrimat.org.br\/portal\/asbia-venda-de-semen-de-boi-cresce-76-no-primeiro-semestre\/\"},\"author\":{\"name\":\"P\u00e9ricles C\u00e2ndido\",\"@id\":\"https:\/\/acrimat.org.br\/portal\/#\/schema\/person\/18df8bcf6890e924fe5d8b5afd2bec0f\"},\"headline\":\"Asbia: venda de s\u00eamen de boi cresce 7,6% no primeiro semestre\",\"datePublished\":\"2017-09-22T14:02:04+00:00\",\"dateModified\":\"2017-09-22T14:04:47+00:00\",\"mainEntityOfPage\":{\"@id\":\"https:\/\/acrimat.org.br\/portal\/asbia-venda-de-semen-de-boi-cresce-76-no-primeiro-semestre\/\"},\"wordCount\":367,\"publisher\":{\"@id\":\"https:\/\/acrimat.org.br\/portal\/#organization\"},\"image\":{\"@id\":\"https:\/\/acrimat.org.br\/portal\/asbia-venda-de-semen-de-boi-cresce-76-no-primeiro-semestre\/#primaryimage\"},\"thumbnailUrl\":\"https:\/\/acrimat.org.br\/portal\/wp-content\/uploads\/2017\/02\/SEMEM-BOVINO2.jpg\",\"articleSection\":[\"Destaques\",\"Not\u00edcias\"],\"inLanguage\":\"pt-BR\"},{\"@type\":\"WebPage\",\"@id\":\"https:\/\/acrimat.org.br\/portal\/asbia-venda-de-semen-de-boi-cresce-76-no-primeiro-semestre\/\",\"url\":\"https:\/\/acrimat.org.br\/portal\/asbia-venda-de-semen-de-boi-cresce-76-no-primeiro-semestre\/\",\"name\":\"Asbia: venda de s\u00eamen de boi cresce 7,6% no primeiro semestre - Acrimat\",\"isPartOf\":{\"@id\":\"https:\/\/acrimat.org.br\/portal\/#website\"},\"primaryImageOfPage\":{\"@id\":\"https:\/\/acrimat.org.br\/portal\/asbia-venda-de-semen-de-boi-cresce-76-no-primeiro-semestre\/#primaryimage\"},\"image\":{\"@id\":\"https:\/\/acrimat.org.br\/portal\/asbia-venda-de-semen-de-boi-cresce-76-no-primeiro-semestre\/#primaryimage\"},\"thumbnailUrl\":\"https:\/\/acrimat.org.br\/portal\/wp-content\/uploads\/2017\/02\/SEMEM-BOVINO2.jpg\",\"datePublished\":\"2017-09-22T14:02:04+00:00\",\"dateModified\":\"2017-09-22T14:04:47+00:00\",\"breadcrumb\":{\"@id\":\"https:\/\/acrimat.org.br\/portal\/asbia-venda-de-semen-de-boi-cresce-76-no-primeiro-semestre\/#breadcrumb\"},\"inLanguage\":\"pt-BR\",\"potentialAction\":[{\"@type\":\"ReadAction\",\"target\":[\"https:\/\/acrimat.org.br\/portal\/asbia-venda-de-semen-de-boi-cresce-76-no-primeiro-semestre\/\"]}]},{\"@type\":\"ImageObject\",\"inLanguage\":\"pt-BR\",\"@id\":\"https:\/\/acrimat.org.br\/portal\/asbia-venda-de-semen-de-boi-cresce-76-no-primeiro-semestre\/#primaryimage\",\"url\":\"https:\/\/acrimat.org.br\/portal\/wp-content\/uploads\/2017\/02\/SEMEM-BOVINO2.jpg\",\"contentUrl\":\"https:\/\/acrimat.org.br\/portal\/wp-content\/uploads\/2017\/02\/SEMEM-BOVINO2.jpg\",\"width\":730,\"height\":502},{\"@type\":\"BreadcrumbList\",\"@id\":\"https:\/\/acrimat.org.br\/portal\/asbia-venda-de-semen-de-boi-cresce-76-no-primeiro-semestre\/#breadcrumb\",\"itemListElement\":[{\"@type\":\"ListItem\",\"position\":1,\"name\":\"In\u00edcio\",\"item\":\"https:\/\/acrimat.org.br\/portal\/\"},{\"@type\":\"ListItem\",\"position\":2,\"name\":\"Asbia: venda de s\u00eamen de boi cresce 7,6% no primeiro semestre\"}]},{\"@type\":\"WebSite\",\"@id\":\"https:\/\/acrimat.org.br\/portal\/#website\",\"url\":\"https:\/\/acrimat.org.br\/portal\/\",\"name\":\"Acrimat\",\"description\":\"Associa\u00e7\u00e3o dos Criadores de Mato Grosso\",\"publisher\":{\"@id\":\"https:\/\/acrimat.org.br\/portal\/#organization\"},\"potentialAction\":[{\"@type\":\"SearchAction\",\"target\":{\"@type\":\"EntryPoint\",\"urlTemplate\":\"https:\/\/acrimat.org.br\/portal\/?s={search_term_string}\"},\"query-input\":{\"@type\":\"PropertyValueSpecification\",\"valueRequired\":true,\"valueName\":\"search_term_string\"}}],\"inLanguage\":\"pt-BR\"},{\"@type\":\"Organization\",\"@id\":\"https:\/\/acrimat.org.br\/portal\/#organization\",\"name\":\"Associa\u00e7\u00e3o dos Criadores de Mato Grosso\",\"url\":\"https:\/\/acrimat.org.br\/portal\/\",\"logo\":{\"@type\":\"ImageObject\",\"inLanguage\":\"pt-BR\",\"@id\":\"https:\/\/acrimat.org.br\/portal\/#\/schema\/logo\/image\/\",\"url\":\"https:\/\/acrimat.org.br\/portal\/wp-content\/uploads\/2018\/03\/logo-peq-original.png\",\"contentUrl\":\"https:\/\/acrimat.org.br\/portal\/wp-content\/uploads\/2018\/03\/logo-peq-original.png\",\"width\":174,\"height\":171,\"caption\":\"Associa\u00e7\u00e3o dos Criadores de Mato Grosso\"},\"image\":{\"@id\":\"https:\/\/acrimat.org.br\/portal\/#\/schema\/logo\/image\/\"}},{\"@type\":\"Person\",\"@id\":\"https:\/\/acrimat.org.br\/portal\/#\/schema\/person\/18df8bcf6890e924fe5d8b5afd2bec0f\",\"name\":\"P\u00e9ricles C\u00e2ndido\",\"image\":{\"@type\":\"ImageObject\",\"inLanguage\":\"pt-BR\",\"@id\":\"https:\/\/acrimat.org.br\/portal\/#\/schema\/person\/image\/\",\"url\":\"https:\/\/secure.gravatar.com\/avatar\/33e2a2b971dc363ed2df53d0d3bfbd18?s=96&d=mm&r=g\",\"contentUrl\":\"https:\/\/secure.gravatar.com\/avatar\/33e2a2b971dc363ed2df53d0d3bfbd18?s=96&d=mm&r=g\",\"caption\":\"P\u00e9ricles C\u00e2ndido\"},\"sameAs\":[\"ascom@acrimat.org.br\"],\"url\":\"https:\/\/acrimat.org.br\/portal\/author\/designergrafico\/\"}]}<\/script>\n<!-- \/ Yoast SEO plugin. -->","yoast_head_json":{"title":"Asbia: venda de s\u00eamen de boi cresce 7,6% no primeiro semestre - Acrimat","robots":{"index":"index","follow":"follow","max-snippet":"max-snippet:-1","max-image-preview":"max-image-preview:large","max-video-preview":"max-video-preview:-1"},"canonical":"https:\/\/acrimat.org.br\/portal\/asbia-venda-de-semen-de-boi-cresce-76-no-primeiro-semestre\/","og_locale":"pt_BR","og_type":"article","og_title":"Asbia: venda de s\u00eamen de boi cresce 7,6% no primeiro semestre - Acrimat","og_description":"Para o s\u00eamen de corte lideram Mato Grosso e Mato Grosso do Sul, com mais de 33% das aquisi\u00e7\u00f5es","og_url":"https:\/\/acrimat.org.br\/portal\/asbia-venda-de-semen-de-boi-cresce-76-no-primeiro-semestre\/","og_site_name":"Acrimat","article_published_time":"2017-09-22T14:02:04+00:00","article_modified_time":"2017-09-22T14:04:47+00:00","og_image":[{"width":730,"height":502,"url":"https:\/\/acrimat.org.br\/portal\/wp-content\/uploads\/2017\/02\/SEMEM-BOVINO2.jpg","type":"image\/jpeg"}],"author":"P\u00e9ricles C\u00e2ndido","twitter_card":"summary_large_image","twitter_misc":{"Escrito por":"P\u00e9ricles C\u00e2ndido","Est. tempo de leitura":"2 minutos"},"schema":{"@context":"https:\/\/schema.org","@graph":[{"@type":"Article","@id":"https:\/\/acrimat.org.br\/portal\/asbia-venda-de-semen-de-boi-cresce-76-no-primeiro-semestre\/#article","isPartOf":{"@id":"https:\/\/acrimat.org.br\/portal\/asbia-venda-de-semen-de-boi-cresce-76-no-primeiro-semestre\/"},"author":{"name":"P\u00e9ricles C\u00e2ndido","@id":"https:\/\/acrimat.org.br\/portal\/#\/schema\/person\/18df8bcf6890e924fe5d8b5afd2bec0f"},"headline":"Asbia: venda de s\u00eamen de boi cresce 7,6% no primeiro semestre","datePublished":"2017-09-22T14:02:04+00:00","dateModified":"2017-09-22T14:04:47+00:00","mainEntityOfPage":{"@id":"https:\/\/acrimat.org.br\/portal\/asbia-venda-de-semen-de-boi-cresce-76-no-primeiro-semestre\/"},"wordCount":367,"publisher":{"@id":"https:\/\/acrimat.org.br\/portal\/#organization"},"image":{"@id":"https:\/\/acrimat.org.br\/portal\/asbia-venda-de-semen-de-boi-cresce-76-no-primeiro-semestre\/#primaryimage"},"thumbnailUrl":"https:\/\/acrimat.org.br\/portal\/wp-content\/uploads\/2017\/02\/SEMEM-BOVINO2.jpg","articleSection":["Destaques","Not\u00edcias"],"inLanguage":"pt-BR"},{"@type":"WebPage","@id":"https:\/\/acrimat.org.br\/portal\/asbia-venda-de-semen-de-boi-cresce-76-no-primeiro-semestre\/","url":"https:\/\/acrimat.org.br\/portal\/asbia-venda-de-semen-de-boi-cresce-76-no-primeiro-semestre\/","name":"Asbia: venda de s\u00eamen de boi cresce 7,6% no primeiro semestre - Acrimat","isPartOf":{"@id":"https:\/\/acrimat.org.br\/portal\/#website"},"primaryImageOfPage":{"@id":"https:\/\/acrimat.org.br\/portal\/asbia-venda-de-semen-de-boi-cresce-76-no-primeiro-semestre\/#primaryimage"},"image":{"@id":"https:\/\/acrimat.org.br\/portal\/asbia-venda-de-semen-de-boi-cresce-76-no-primeiro-semestre\/#primaryimage"},"thumbnailUrl":"https:\/\/acrimat.org.br\/portal\/wp-content\/uploads\/2017\/02\/SEMEM-BOVINO2.jpg","datePublished":"2017-09-22T14:02:04+00:00","dateModified":"2017-09-22T14:04:47+00:00","breadcrumb":{"@id":"https:\/\/acrimat.org.br\/portal\/asbia-venda-de-semen-de-boi-cresce-76-no-primeiro-semestre\/#breadcrumb"},"inLanguage":"pt-BR","potentialAction":[{"@type":"ReadAction","target":["https:\/\/acrimat.org.br\/portal\/asbia-venda-de-semen-de-boi-cresce-76-no-primeiro-semestre\/"]}]},{"@type":"ImageObject","inLanguage":"pt-BR","@id":"https:\/\/acrimat.org.br\/portal\/asbia-venda-de-semen-de-boi-cresce-76-no-primeiro-semestre\/#primaryimage","url":"https:\/\/acrimat.org.br\/portal\/wp-content\/uploads\/2017\/02\/SEMEM-BOVINO2.jpg","contentUrl":"https:\/\/acrimat.org.br\/portal\/wp-content\/uploads\/2017\/02\/SEMEM-BOVINO2.jpg","width":730,"height":502},{"@type":"BreadcrumbList","@id":"https:\/\/acrimat.org.br\/portal\/asbia-venda-de-semen-de-boi-cresce-76-no-primeiro-semestre\/#breadcrumb","itemListElement":[{"@type":"ListItem","position":1,"name":"In\u00edcio","item":"https:\/\/acrimat.org.br\/portal\/"},{"@type":"ListItem","position":2,"name":"Asbia: venda de s\u00eamen de boi cresce 7,6% no primeiro semestre"}]},{"@type":"WebSite","@id":"https:\/\/acrimat.org.br\/portal\/#website","url":"https:\/\/acrimat.org.br\/portal\/","name":"Acrimat","description":"Associa\u00e7\u00e3o dos Criadores de Mato Grosso","publisher":{"@id":"https:\/\/acrimat.org.br\/portal\/#organization"},"potentialAction":[{"@type":"SearchAction","target":{"@type":"EntryPoint","urlTemplate":"https:\/\/acrimat.org.br\/portal\/?s={search_term_string}"},"query-input":{"@type":"PropertyValueSpecification","valueRequired":true,"valueName":"search_term_string"}}],"inLanguage":"pt-BR"},{"@type":"Organization","@id":"https:\/\/acrimat.org.br\/portal\/#organization","name":"Associa\u00e7\u00e3o dos Criadores de Mato Grosso","url":"https:\/\/acrimat.org.br\/portal\/","logo":{"@type":"ImageObject","inLanguage":"pt-BR","@id":"https:\/\/acrimat.org.br\/portal\/#\/schema\/logo\/image\/","url":"https:\/\/acrimat.org.br\/portal\/wp-content\/uploads\/2018\/03\/logo-peq-original.png","contentUrl":"https:\/\/acrimat.org.br\/portal\/wp-content\/uploads\/2018\/03\/logo-peq-original.png","width":174,"height":171,"caption":"Associa\u00e7\u00e3o dos Criadores de Mato Grosso"},"image":{"@id":"https:\/\/acrimat.org.br\/portal\/#\/schema\/logo\/image\/"}},{"@type":"Person","@id":"https:\/\/acrimat.org.br\/portal\/#\/schema\/person\/18df8bcf6890e924fe5d8b5afd2bec0f","name":"P\u00e9ricles C\u00e2ndido","image":{"@type":"ImageObject","inLanguage":"pt-BR","@id":"https:\/\/acrimat.org.br\/portal\/#\/schema\/person\/image\/","url":"https:\/\/secure.gravatar.com\/avatar\/33e2a2b971dc363ed2df53d0d3bfbd18?s=96&d=mm&r=g","contentUrl":"https:\/\/secure.gravatar.com\/avatar\/33e2a2b971dc363ed2df53d0d3bfbd18?s=96&d=mm&r=g","caption":"P\u00e9ricles C\u00e2ndido"},"sameAs":["ascom@acrimat.org.br"],"url":"https:\/\/acrimat.org.br\/portal\/author\/designergrafico\/"}]}},"_links":{"self":[{"href":"https:\/\/acrimat.org.br\/portal\/wp-json\/wp\/v2\/posts\/97983698","targetHints":{"allow":["GET"]}}],"collection":[{"href":"https:\/\/acrimat.org.br\/portal\/wp-json\/wp\/v2\/posts"}],"about":[{"href":"https:\/\/acrimat.org.br\/portal\/wp-json\/wp\/v2\/types\/post"}],"author":[{"embeddable":true,"href":"https:\/\/acrimat.org.br\/portal\/wp-json\/wp\/v2\/users\/11"}],"replies":[{"embeddable":true,"href":"https:\/\/acrimat.org.br\/portal\/wp-json\/wp\/v2\/comments?post=97983698"}],"version-history":[{"count":4,"href":"https:\/\/acrimat.org.br\/portal\/wp-json\/wp\/v2\/posts\/97983698\/revisions"}],"predecessor-version":[{"id":97983702,"href":"https:\/\/acrimat.org.br\/portal\/wp-json\/wp\/v2\/posts\/97983698\/revisions\/97983702"}],"wp:featuredmedia":[{"embeddable":true,"href":"https:\/\/acrimat.org.br\/portal\/wp-json\/wp\/v2\/media\/97980205"}],"wp:attachment":[{"href":"https:\/\/acrimat.org.br\/portal\/wp-json\/wp\/v2\/media?parent=97983698"}],"wp:term":[{"taxonomy":"category","embeddable":true,"href":"https:\/\/acrimat.org.br\/portal\/wp-json\/wp\/v2\/categories?post=97983698"},{"taxonomy":"post_tag","embeddable":true,"href":"https:\/\/acrimat.org.br\/portal\/wp-json\/wp\/v2\/tags?post=97983698"}],"curies":[{"name":"wp","href":"https:\/\/api.w.org\/{rel}","templated":true}]}}