{"id":97983703,"date":"2017-09-22T11:11:51","date_gmt":"2017-09-22T14:11:51","guid":{"rendered":"http:\/\/acrimat.org.br\/portal\/?p=97983703"},"modified":"2017-09-22T11:14:19","modified_gmt":"2017-09-22T14:14:19","slug":"combinacao-de-pastagem-e-grao-vai-beneficiar-criador-de-gado-diz-banco","status":"publish","type":"post","link":"https:\/\/acrimat.org.br\/portal\/combinacao-de-pastagem-e-grao-vai-beneficiar-criador-de-gado-diz-banco\/","title":{"rendered":"Combina\u00e7\u00e3o de pastagem e gr\u00e3o vai beneficiar criador de gado, diz banco"},"content":{"rendered":"<div id=\"attachment_97982843\" style=\"width: 310px\" class=\"wp-caption alignleft\"><a href=\"http:\/\/acrimat.org.br\/portal\/wp-content\/uploads\/2017\/07\/ilpf-boi.jpg\"><img fetchpriority=\"high\" decoding=\"async\" aria-describedby=\"caption-attachment-97982843\" class=\"size-medium wp-image-97982843\" src=\"http:\/\/acrimat.org.br\/portal\/wp-content\/uploads\/2017\/07\/ilpf-boi-300x200.jpg\" alt=\"\" width=\"300\" height=\"200\" srcset=\"https:\/\/acrimat.org.br\/portal\/wp-content\/uploads\/2017\/07\/ilpf-boi-300x200.jpg 300w, https:\/\/acrimat.org.br\/portal\/wp-content\/uploads\/2017\/07\/ilpf-boi-768x512.jpg 768w, https:\/\/acrimat.org.br\/portal\/wp-content\/uploads\/2017\/07\/ilpf-boi-250x167.jpg 250w, https:\/\/acrimat.org.br\/portal\/wp-content\/uploads\/2017\/07\/ilpf-boi-550x366.jpg 550w, https:\/\/acrimat.org.br\/portal\/wp-content\/uploads\/2017\/07\/ilpf-boi.jpg 800w, https:\/\/acrimat.org.br\/portal\/wp-content\/uploads\/2017\/07\/ilpf-boi-270x180.jpg 270w, https:\/\/acrimat.org.br\/portal\/wp-content\/uploads\/2017\/07\/ilpf-boi-450x300.jpg 450w, https:\/\/acrimat.org.br\/portal\/wp-content\/uploads\/2017\/07\/ilpf-boi-750x500.jpg 750w, https:\/\/acrimat.org.br\/portal\/wp-content\/uploads\/2017\/07\/ilpf-boi-272x182.jpg 272w\" sizes=\"(max-width: 300px) 100vw, 300px\" \/><\/a><p id=\"caption-attachment-97982843\" class=\"wp-caption-text\">ILPF est\u00e1 presente em 11,5 milh\u00f5es de hectares brasileiros e \u00e9 uns dos grandes trunfos da atividade (Foto: reprodu\u00e7\u00e3o)<\/p><\/div>\n<p>A produ\u00e7\u00e3o brasileira de carne bovina dever\u00e1 ter uma evolu\u00e7\u00e3o de 2% ao ano na pr\u00f3xima d\u00e9cada. O crescimento, que poder\u00e1 acumular 22% em dez anos, ser\u00e1 baseado no uso crescente de sistemas conjugados em pastagens e gr\u00e3os.<\/p>\n<p>O Brasil desenvolve v\u00e1rios tipos de produ\u00e7\u00e3o pecu\u00e1ria, que v\u00e3o do sistema extenso, integra\u00e7\u00e3o lavoura-pecu\u00e1ria, semiconfinamento a confinamento.<\/p>\n<p>O setor desenvolve ainda alguns sistemas intermedi\u00e1rios de produ\u00e7\u00e3o, em que os animais passam pela pastagem e t\u00eam complementa\u00e7\u00e3o com gr\u00e3os.<\/p>\n<p>Esses sistemas emergentes, somados aos j\u00e1 existentes, como o confinamento, v\u00e3o representar 45% da produ\u00e7\u00e3o de carne bovina brasileira em 2026. Atualmente s\u00e3o menos de 30%.<\/p>\n<p>Eles v\u00e3o ser respons\u00e1veis pelo aumento de produtividade e pela diminui\u00e7\u00e3o de riscos na atividade. \u00c9 o que aponta estudo do Rabobank, banco especializado em agroneg\u00f3cio.<\/p>\n<p>Essa evolu\u00e7\u00e3o brasileira \u00e9 poss\u00edvel porque o pa\u00eds tem vantagens comparativas em rela\u00e7\u00e3o aos demais mercados produtores de carne bovina, segundo Adolfo Fontes, analista do banco no setor de prote\u00ednas.<\/p>\n<p>O crescimento do Brasil no setor ocorreu devido \u00e0 vasta \u00e1rea de pastagens, estimada em 170 milh\u00f5es de hectares. Boa parte dela, no entanto \u2014pelo menos 70 milh\u00f5es de hectares\u2014, se encontra em condi\u00e7\u00f5es prec\u00e1rias e pode passar para a produ\u00e7\u00e3o de gr\u00e3os.<\/p>\n<p>Um aproveitamento melhor das \u00e1reas de pastagens, com a coloca\u00e7\u00e3o, por exemplo de 1,3 animal por hectare, j\u00e1 disponibilizaria 10,5 milh\u00f5es de hectares de terras para a produ\u00e7\u00e3o de gr\u00e3os.<\/p>\n<p>Isso permitir\u00e1 ao Brasil n\u00e3o s\u00f3 ter mais gr\u00e3os para atender mercados como o da China, como tamb\u00e9m mais produtos para intensificar o sistema semi-intensivo, que tem uma complementa\u00e7\u00e3o da engorda com gr\u00e3os.<\/p>\n<p>Dever\u00e1 haver tamb\u00e9m uma intera\u00e7\u00e3o maior entre lavoura e pecu\u00e1ria nos pr\u00f3ximos anos. E a entrada de produtores de gr\u00e3os na pecu\u00e1ria ser\u00e1 importante porque est\u00e3o mais acostumados \u00e0 utiliza\u00e7\u00e3o de tecnologias no campo<\/p>\n<p>Victor Ikeda, analista de gr\u00e3os do banco, diz que as respostas dessa evolu\u00e7\u00e3o de sistemas de produ\u00e7\u00e3o vir\u00e3o de regi\u00e3o para regi\u00e3o.<\/p>\n<p>Nas regi\u00f5es onde h\u00e1 maior produ\u00e7\u00e3o de gr\u00e3os, a utiliza\u00e7\u00e3o destes na pecu\u00e1ria vai melhorar a produtividade da carne e agregar mais valor aos produtos agr\u00edcolas, como milho e soja.<\/p>\n<p>Os analistas do banco acreditam que, com o desenvolvimento de uma &#8220;pecu\u00e1ria tropical&#8221;, o Brasil dever\u00e1 conseguir tanto uma maior produtividade, como colocar seu produto em mercados que pagam mais pela prote\u00edna.<\/p>\n<p>Al\u00e9m disso, a intera\u00e7\u00e3o entre pastagens e gr\u00e3os podem encurtar o ciclo de produ\u00e7\u00e3o do boi pronto para o abate.<\/p>\n","protected":false},"excerpt":{"rendered":"<p>O crescimento, que poder\u00e1 acumular 22% em dez anos, ser\u00e1 baseado no uso crescente de sistemas conjugados em pastagens e gr\u00e3os<\/p>\n","protected":false},"author":11,"featured_media":0,"comment_status":"closed","ping_status":"closed","sticky":false,"template":"","format":"standard","meta":{"footnotes":""},"categories":[6,1],"tags":[],"class_list":["post-97983703","post","type-post","status-publish","format-standard","hentry","category-destaque","category-noticia"],"yoast_head":"<!-- This site is optimized with the Yoast SEO plugin v24.8.1 - https:\/\/yoast.com\/wordpress\/plugins\/seo\/ -->\n<title>Combina\u00e7\u00e3o de pastagem e gr\u00e3o vai beneficiar criador de gado, diz banco - Acrimat<\/title>\n<meta name=\"robots\" content=\"index, follow, max-snippet:-1, max-image-preview:large, max-video-preview:-1\" \/>\n<link rel=\"canonical\" href=\"https:\/\/acrimat.org.br\/portal\/combinacao-de-pastagem-e-grao-vai-beneficiar-criador-de-gado-diz-banco\/\" \/>\n<meta property=\"og:locale\" content=\"pt_BR\" \/>\n<meta property=\"og:type\" content=\"article\" \/>\n<meta property=\"og:title\" content=\"Combina\u00e7\u00e3o de pastagem e gr\u00e3o vai beneficiar criador de gado, diz banco - Acrimat\" \/>\n<meta property=\"og:description\" content=\"O crescimento, que poder\u00e1 acumular 22% em dez anos, ser\u00e1 baseado no uso crescente de sistemas conjugados em pastagens e gr\u00e3os\" \/>\n<meta property=\"og:url\" content=\"https:\/\/acrimat.org.br\/portal\/combinacao-de-pastagem-e-grao-vai-beneficiar-criador-de-gado-diz-banco\/\" \/>\n<meta property=\"og:site_name\" content=\"Acrimat\" \/>\n<meta property=\"article:published_time\" content=\"2017-09-22T14:11:51+00:00\" \/>\n<meta property=\"article:modified_time\" content=\"2017-09-22T14:14:19+00:00\" \/>\n<meta property=\"og:image\" content=\"http:\/\/acrimat.org.br\/portal\/wp-content\/uploads\/2017\/07\/ilpf-boi-300x200.jpg\" \/>\n<meta name=\"author\" content=\"P\u00e9ricles C\u00e2ndido\" \/>\n<meta name=\"twitter:card\" content=\"summary_large_image\" \/>\n<meta name=\"twitter:label1\" content=\"Escrito por\" \/>\n\t<meta name=\"twitter:data1\" content=\"P\u00e9ricles C\u00e2ndido\" \/>\n\t<meta name=\"twitter:label2\" content=\"Est. tempo de leitura\" \/>\n\t<meta name=\"twitter:data2\" content=\"2 minutos\" \/>\n<script type=\"application\/ld+json\" class=\"yoast-schema-graph\">{\"@context\":\"https:\/\/schema.org\",\"@graph\":[{\"@type\":\"Article\",\"@id\":\"https:\/\/acrimat.org.br\/portal\/combinacao-de-pastagem-e-grao-vai-beneficiar-criador-de-gado-diz-banco\/#article\",\"isPartOf\":{\"@id\":\"https:\/\/acrimat.org.br\/portal\/combinacao-de-pastagem-e-grao-vai-beneficiar-criador-de-gado-diz-banco\/\"},\"author\":{\"name\":\"P\u00e9ricles C\u00e2ndido\",\"@id\":\"https:\/\/acrimat.org.br\/portal\/#\/schema\/person\/18df8bcf6890e924fe5d8b5afd2bec0f\"},\"headline\":\"Combina\u00e7\u00e3o de pastagem e gr\u00e3o vai beneficiar criador de gado, diz banco\",\"datePublished\":\"2017-09-22T14:11:51+00:00\",\"dateModified\":\"2017-09-22T14:14:19+00:00\",\"mainEntityOfPage\":{\"@id\":\"https:\/\/acrimat.org.br\/portal\/combinacao-de-pastagem-e-grao-vai-beneficiar-criador-de-gado-diz-banco\/\"},\"wordCount\":499,\"publisher\":{\"@id\":\"https:\/\/acrimat.org.br\/portal\/#organization\"},\"image\":{\"@id\":\"https:\/\/acrimat.org.br\/portal\/combinacao-de-pastagem-e-grao-vai-beneficiar-criador-de-gado-diz-banco\/#primaryimage\"},\"thumbnailUrl\":\"http:\/\/acrimat.org.br\/portal\/wp-content\/uploads\/2017\/07\/ilpf-boi-300x200.jpg\",\"articleSection\":[\"Destaques\",\"Not\u00edcias\"],\"inLanguage\":\"pt-BR\"},{\"@type\":\"WebPage\",\"@id\":\"https:\/\/acrimat.org.br\/portal\/combinacao-de-pastagem-e-grao-vai-beneficiar-criador-de-gado-diz-banco\/\",\"url\":\"https:\/\/acrimat.org.br\/portal\/combinacao-de-pastagem-e-grao-vai-beneficiar-criador-de-gado-diz-banco\/\",\"name\":\"Combina\u00e7\u00e3o de pastagem e gr\u00e3o vai beneficiar criador de gado, diz banco - Acrimat\",\"isPartOf\":{\"@id\":\"https:\/\/acrimat.org.br\/portal\/#website\"},\"primaryImageOfPage\":{\"@id\":\"https:\/\/acrimat.org.br\/portal\/combinacao-de-pastagem-e-grao-vai-beneficiar-criador-de-gado-diz-banco\/#primaryimage\"},\"image\":{\"@id\":\"https:\/\/acrimat.org.br\/portal\/combinacao-de-pastagem-e-grao-vai-beneficiar-criador-de-gado-diz-banco\/#primaryimage\"},\"thumbnailUrl\":\"http:\/\/acrimat.org.br\/portal\/wp-content\/uploads\/2017\/07\/ilpf-boi-300x200.jpg\",\"datePublished\":\"2017-09-22T14:11:51+00:00\",\"dateModified\":\"2017-09-22T14:14:19+00:00\",\"breadcrumb\":{\"@id\":\"https:\/\/acrimat.org.br\/portal\/combinacao-de-pastagem-e-grao-vai-beneficiar-criador-de-gado-diz-banco\/#breadcrumb\"},\"inLanguage\":\"pt-BR\",\"potentialAction\":[{\"@type\":\"ReadAction\",\"target\":[\"https:\/\/acrimat.org.br\/portal\/combinacao-de-pastagem-e-grao-vai-beneficiar-criador-de-gado-diz-banco\/\"]}]},{\"@type\":\"ImageObject\",\"inLanguage\":\"pt-BR\",\"@id\":\"https:\/\/acrimat.org.br\/portal\/combinacao-de-pastagem-e-grao-vai-beneficiar-criador-de-gado-diz-banco\/#primaryimage\",\"url\":\"https:\/\/acrimat.org.br\/portal\/wp-content\/uploads\/2017\/07\/ilpf-boi.jpg\",\"contentUrl\":\"https:\/\/acrimat.org.br\/portal\/wp-content\/uploads\/2017\/07\/ilpf-boi.jpg\",\"width\":800,\"height\":533,\"caption\":\"ILPF est\u00e1 presente em 11,5 milh\u00f5es de hectares brasileiros e \u00e9 uns dos grandes trunfos da atividade (Foto: reprodu\u00e7\u00e3o)\"},{\"@type\":\"BreadcrumbList\",\"@id\":\"https:\/\/acrimat.org.br\/portal\/combinacao-de-pastagem-e-grao-vai-beneficiar-criador-de-gado-diz-banco\/#breadcrumb\",\"itemListElement\":[{\"@type\":\"ListItem\",\"position\":1,\"name\":\"In\u00edcio\",\"item\":\"https:\/\/acrimat.org.br\/portal\/\"},{\"@type\":\"ListItem\",\"position\":2,\"name\":\"Combina\u00e7\u00e3o de pastagem e gr\u00e3o vai beneficiar criador de gado, diz banco\"}]},{\"@type\":\"WebSite\",\"@id\":\"https:\/\/acrimat.org.br\/portal\/#website\",\"url\":\"https:\/\/acrimat.org.br\/portal\/\",\"name\":\"Acrimat\",\"description\":\"Associa\u00e7\u00e3o dos Criadores de Mato Grosso\",\"publisher\":{\"@id\":\"https:\/\/acrimat.org.br\/portal\/#organization\"},\"potentialAction\":[{\"@type\":\"SearchAction\",\"target\":{\"@type\":\"EntryPoint\",\"urlTemplate\":\"https:\/\/acrimat.org.br\/portal\/?s={search_term_string}\"},\"query-input\":{\"@type\":\"PropertyValueSpecification\",\"valueRequired\":true,\"valueName\":\"search_term_string\"}}],\"inLanguage\":\"pt-BR\"},{\"@type\":\"Organization\",\"@id\":\"https:\/\/acrimat.org.br\/portal\/#organization\",\"name\":\"Associa\u00e7\u00e3o dos Criadores de Mato Grosso\",\"url\":\"https:\/\/acrimat.org.br\/portal\/\",\"logo\":{\"@type\":\"ImageObject\",\"inLanguage\":\"pt-BR\",\"@id\":\"https:\/\/acrimat.org.br\/portal\/#\/schema\/logo\/image\/\",\"url\":\"https:\/\/acrimat.org.br\/portal\/wp-content\/uploads\/2018\/03\/logo-peq-original.png\",\"contentUrl\":\"https:\/\/acrimat.org.br\/portal\/wp-content\/uploads\/2018\/03\/logo-peq-original.png\",\"width\":174,\"height\":171,\"caption\":\"Associa\u00e7\u00e3o dos Criadores de Mato Grosso\"},\"image\":{\"@id\":\"https:\/\/acrimat.org.br\/portal\/#\/schema\/logo\/image\/\"}},{\"@type\":\"Person\",\"@id\":\"https:\/\/acrimat.org.br\/portal\/#\/schema\/person\/18df8bcf6890e924fe5d8b5afd2bec0f\",\"name\":\"P\u00e9ricles C\u00e2ndido\",\"image\":{\"@type\":\"ImageObject\",\"inLanguage\":\"pt-BR\",\"@id\":\"https:\/\/acrimat.org.br\/portal\/#\/schema\/person\/image\/\",\"url\":\"https:\/\/secure.gravatar.com\/avatar\/33e2a2b971dc363ed2df53d0d3bfbd18?s=96&d=mm&r=g\",\"contentUrl\":\"https:\/\/secure.gravatar.com\/avatar\/33e2a2b971dc363ed2df53d0d3bfbd18?s=96&d=mm&r=g\",\"caption\":\"P\u00e9ricles C\u00e2ndido\"},\"sameAs\":[\"ascom@acrimat.org.br\"],\"url\":\"https:\/\/acrimat.org.br\/portal\/author\/designergrafico\/\"}]}<\/script>\n<!-- \/ Yoast SEO plugin. -->","yoast_head_json":{"title":"Combina\u00e7\u00e3o de pastagem e gr\u00e3o vai beneficiar criador de gado, diz banco - Acrimat","robots":{"index":"index","follow":"follow","max-snippet":"max-snippet:-1","max-image-preview":"max-image-preview:large","max-video-preview":"max-video-preview:-1"},"canonical":"https:\/\/acrimat.org.br\/portal\/combinacao-de-pastagem-e-grao-vai-beneficiar-criador-de-gado-diz-banco\/","og_locale":"pt_BR","og_type":"article","og_title":"Combina\u00e7\u00e3o de pastagem e gr\u00e3o vai beneficiar criador de gado, diz banco - Acrimat","og_description":"O crescimento, que poder\u00e1 acumular 22% em dez anos, ser\u00e1 baseado no uso crescente de sistemas conjugados em pastagens e gr\u00e3os","og_url":"https:\/\/acrimat.org.br\/portal\/combinacao-de-pastagem-e-grao-vai-beneficiar-criador-de-gado-diz-banco\/","og_site_name":"Acrimat","article_published_time":"2017-09-22T14:11:51+00:00","article_modified_time":"2017-09-22T14:14:19+00:00","og_image":[{"url":"http:\/\/acrimat.org.br\/portal\/wp-content\/uploads\/2017\/07\/ilpf-boi-300x200.jpg","type":"","width":"","height":""}],"author":"P\u00e9ricles C\u00e2ndido","twitter_card":"summary_large_image","twitter_misc":{"Escrito por":"P\u00e9ricles C\u00e2ndido","Est. tempo de leitura":"2 minutos"},"schema":{"@context":"https:\/\/schema.org","@graph":[{"@type":"Article","@id":"https:\/\/acrimat.org.br\/portal\/combinacao-de-pastagem-e-grao-vai-beneficiar-criador-de-gado-diz-banco\/#article","isPartOf":{"@id":"https:\/\/acrimat.org.br\/portal\/combinacao-de-pastagem-e-grao-vai-beneficiar-criador-de-gado-diz-banco\/"},"author":{"name":"P\u00e9ricles C\u00e2ndido","@id":"https:\/\/acrimat.org.br\/portal\/#\/schema\/person\/18df8bcf6890e924fe5d8b5afd2bec0f"},"headline":"Combina\u00e7\u00e3o de pastagem e gr\u00e3o vai beneficiar criador de gado, diz banco","datePublished":"2017-09-22T14:11:51+00:00","dateModified":"2017-09-22T14:14:19+00:00","mainEntityOfPage":{"@id":"https:\/\/acrimat.org.br\/portal\/combinacao-de-pastagem-e-grao-vai-beneficiar-criador-de-gado-diz-banco\/"},"wordCount":499,"publisher":{"@id":"https:\/\/acrimat.org.br\/portal\/#organization"},"image":{"@id":"https:\/\/acrimat.org.br\/portal\/combinacao-de-pastagem-e-grao-vai-beneficiar-criador-de-gado-diz-banco\/#primaryimage"},"thumbnailUrl":"http:\/\/acrimat.org.br\/portal\/wp-content\/uploads\/2017\/07\/ilpf-boi-300x200.jpg","articleSection":["Destaques","Not\u00edcias"],"inLanguage":"pt-BR"},{"@type":"WebPage","@id":"https:\/\/acrimat.org.br\/portal\/combinacao-de-pastagem-e-grao-vai-beneficiar-criador-de-gado-diz-banco\/","url":"https:\/\/acrimat.org.br\/portal\/combinacao-de-pastagem-e-grao-vai-beneficiar-criador-de-gado-diz-banco\/","name":"Combina\u00e7\u00e3o de pastagem e gr\u00e3o vai beneficiar criador de gado, diz banco - Acrimat","isPartOf":{"@id":"https:\/\/acrimat.org.br\/portal\/#website"},"primaryImageOfPage":{"@id":"https:\/\/acrimat.org.br\/portal\/combinacao-de-pastagem-e-grao-vai-beneficiar-criador-de-gado-diz-banco\/#primaryimage"},"image":{"@id":"https:\/\/acrimat.org.br\/portal\/combinacao-de-pastagem-e-grao-vai-beneficiar-criador-de-gado-diz-banco\/#primaryimage"},"thumbnailUrl":"http:\/\/acrimat.org.br\/portal\/wp-content\/uploads\/2017\/07\/ilpf-boi-300x200.jpg","datePublished":"2017-09-22T14:11:51+00:00","dateModified":"2017-09-22T14:14:19+00:00","breadcrumb":{"@id":"https:\/\/acrimat.org.br\/portal\/combinacao-de-pastagem-e-grao-vai-beneficiar-criador-de-gado-diz-banco\/#breadcrumb"},"inLanguage":"pt-BR","potentialAction":[{"@type":"ReadAction","target":["https:\/\/acrimat.org.br\/portal\/combinacao-de-pastagem-e-grao-vai-beneficiar-criador-de-gado-diz-banco\/"]}]},{"@type":"ImageObject","inLanguage":"pt-BR","@id":"https:\/\/acrimat.org.br\/portal\/combinacao-de-pastagem-e-grao-vai-beneficiar-criador-de-gado-diz-banco\/#primaryimage","url":"https:\/\/acrimat.org.br\/portal\/wp-content\/uploads\/2017\/07\/ilpf-boi.jpg","contentUrl":"https:\/\/acrimat.org.br\/portal\/wp-content\/uploads\/2017\/07\/ilpf-boi.jpg","width":800,"height":533,"caption":"ILPF est\u00e1 presente em 11,5 milh\u00f5es de hectares brasileiros e \u00e9 uns dos grandes trunfos da atividade (Foto: reprodu\u00e7\u00e3o)"},{"@type":"BreadcrumbList","@id":"https:\/\/acrimat.org.br\/portal\/combinacao-de-pastagem-e-grao-vai-beneficiar-criador-de-gado-diz-banco\/#breadcrumb","itemListElement":[{"@type":"ListItem","position":1,"name":"In\u00edcio","item":"https:\/\/acrimat.org.br\/portal\/"},{"@type":"ListItem","position":2,"name":"Combina\u00e7\u00e3o de pastagem e gr\u00e3o vai beneficiar criador de gado, diz banco"}]},{"@type":"WebSite","@id":"https:\/\/acrimat.org.br\/portal\/#website","url":"https:\/\/acrimat.org.br\/portal\/","name":"Acrimat","description":"Associa\u00e7\u00e3o dos Criadores de Mato Grosso","publisher":{"@id":"https:\/\/acrimat.org.br\/portal\/#organization"},"potentialAction":[{"@type":"SearchAction","target":{"@type":"EntryPoint","urlTemplate":"https:\/\/acrimat.org.br\/portal\/?s={search_term_string}"},"query-input":{"@type":"PropertyValueSpecification","valueRequired":true,"valueName":"search_term_string"}}],"inLanguage":"pt-BR"},{"@type":"Organization","@id":"https:\/\/acrimat.org.br\/portal\/#organization","name":"Associa\u00e7\u00e3o dos Criadores de Mato Grosso","url":"https:\/\/acrimat.org.br\/portal\/","logo":{"@type":"ImageObject","inLanguage":"pt-BR","@id":"https:\/\/acrimat.org.br\/portal\/#\/schema\/logo\/image\/","url":"https:\/\/acrimat.org.br\/portal\/wp-content\/uploads\/2018\/03\/logo-peq-original.png","contentUrl":"https:\/\/acrimat.org.br\/portal\/wp-content\/uploads\/2018\/03\/logo-peq-original.png","width":174,"height":171,"caption":"Associa\u00e7\u00e3o dos Criadores de Mato Grosso"},"image":{"@id":"https:\/\/acrimat.org.br\/portal\/#\/schema\/logo\/image\/"}},{"@type":"Person","@id":"https:\/\/acrimat.org.br\/portal\/#\/schema\/person\/18df8bcf6890e924fe5d8b5afd2bec0f","name":"P\u00e9ricles C\u00e2ndido","image":{"@type":"ImageObject","inLanguage":"pt-BR","@id":"https:\/\/acrimat.org.br\/portal\/#\/schema\/person\/image\/","url":"https:\/\/secure.gravatar.com\/avatar\/33e2a2b971dc363ed2df53d0d3bfbd18?s=96&d=mm&r=g","contentUrl":"https:\/\/secure.gravatar.com\/avatar\/33e2a2b971dc363ed2df53d0d3bfbd18?s=96&d=mm&r=g","caption":"P\u00e9ricles C\u00e2ndido"},"sameAs":["ascom@acrimat.org.br"],"url":"https:\/\/acrimat.org.br\/portal\/author\/designergrafico\/"}]}},"_links":{"self":[{"href":"https:\/\/acrimat.org.br\/portal\/wp-json\/wp\/v2\/posts\/97983703","targetHints":{"allow":["GET"]}}],"collection":[{"href":"https:\/\/acrimat.org.br\/portal\/wp-json\/wp\/v2\/posts"}],"about":[{"href":"https:\/\/acrimat.org.br\/portal\/wp-json\/wp\/v2\/types\/post"}],"author":[{"embeddable":true,"href":"https:\/\/acrimat.org.br\/portal\/wp-json\/wp\/v2\/users\/11"}],"replies":[{"embeddable":true,"href":"https:\/\/acrimat.org.br\/portal\/wp-json\/wp\/v2\/comments?post=97983703"}],"version-history":[{"count":1,"href":"https:\/\/acrimat.org.br\/portal\/wp-json\/wp\/v2\/posts\/97983703\/revisions"}],"predecessor-version":[{"id":97983704,"href":"https:\/\/acrimat.org.br\/portal\/wp-json\/wp\/v2\/posts\/97983703\/revisions\/97983704"}],"wp:attachment":[{"href":"https:\/\/acrimat.org.br\/portal\/wp-json\/wp\/v2\/media?parent=97983703"}],"wp:term":[{"taxonomy":"category","embeddable":true,"href":"https:\/\/acrimat.org.br\/portal\/wp-json\/wp\/v2\/categories?post=97983703"},{"taxonomy":"post_tag","embeddable":true,"href":"https:\/\/acrimat.org.br\/portal\/wp-json\/wp\/v2\/tags?post=97983703"}],"curies":[{"name":"wp","href":"https:\/\/api.w.org\/{rel}","templated":true}]}}