{"id":97983725,"date":"2017-09-25T10:27:33","date_gmt":"2017-09-25T13:27:33","guid":{"rendered":"http:\/\/acrimat.org.br\/portal\/?p=97983725"},"modified":"2017-09-25T10:26:12","modified_gmt":"2017-09-25T13:26:12","slug":"producao-de-forragem-e-ampliada","status":"publish","type":"post","link":"https:\/\/acrimat.org.br\/portal\/producao-de-forragem-e-ampliada\/","title":{"rendered":"Produ\u00e7\u00e3o de forragem \u00e9 ampliada"},"content":{"rendered":"<p><a href=\"http:\/\/acrimat.org.br\/portal\/wp-content\/uploads\/2017\/09\/Sem-t\u00edtulo-1.jpg\"><img fetchpriority=\"high\" decoding=\"async\" class=\"size-medium wp-image-97983726 alignleft\" src=\"http:\/\/acrimat.org.br\/portal\/wp-content\/uploads\/2017\/09\/Sem-t\u00edtulo-1-300x260.jpg\" alt=\"\" width=\"300\" height=\"260\" srcset=\"https:\/\/acrimat.org.br\/portal\/wp-content\/uploads\/2017\/09\/Sem-t\u00edtulo-1-300x260.jpg 300w, https:\/\/acrimat.org.br\/portal\/wp-content\/uploads\/2017\/09\/Sem-t\u00edtulo-1-250x216.jpg 250w, https:\/\/acrimat.org.br\/portal\/wp-content\/uploads\/2017\/09\/Sem-t\u00edtulo-1.jpg 550w, https:\/\/acrimat.org.br\/portal\/wp-content\/uploads\/2017\/09\/Sem-t\u00edtulo-1-208x180.jpg 208w, https:\/\/acrimat.org.br\/portal\/wp-content\/uploads\/2017\/09\/Sem-t\u00edtulo-1-347x300.jpg 347w\" sizes=\"(max-width: 300px) 100vw, 300px\" \/><\/a>O experimento sobre sistemas integrados na pecu\u00e1ria, coordenado pela Embrapa Agrossilvipastoril, confirmou que o aumento da aduba\u00e7\u00e3o garantiu produ\u00e7\u00e3o de forragem em todos os sistemas. Contudo, os maiores impactos foram observados na pecu\u00e1ria exclusiva e na Integra\u00e7\u00e3o Pecu\u00e1ria-Floresta (IPF). Na pecu\u00e1ria exclusiva houve aumento de 56% no ac\u00famulo de forragem e na IPF de 36%, com ambos os sistemas produzindo cerca de 20 toneladas por hectare ao ano. Ainda assim, a produ\u00e7\u00e3o na ILP (22 t\/ha) e na ILPF (25 t\/ha) foi maior.<\/p>\n<p>\u201cNo ano 1 j\u00e1 tinha um residual de aduba\u00e7\u00e3o da lavoura na ILPF e na ILP. Ent\u00e3o, eles j\u00e1 estavam produzindo bem no 1\u00ba ano. Quando colocamos 100 kg de NPK a capacidade de produ\u00e7\u00e3o se mant\u00e9m ou ainda incrementa\u201d, explica o pesquisador em Sistemas de Produ\u00e7\u00e3o de Bovinos de Corte da Embrapa Agrossilvipastoril, Bruno Carneiro e Pedreira.<\/p>\n<p>Com a melhor disponibilidade de forragem em todos os sistemas e com o aumento da suplementa\u00e7\u00e3o alimentar, a altera\u00e7\u00e3o no ganho de peso m\u00e9dio di\u00e1rio foi de aproximadamente 100 gramas por animal nos 4 sistemas avaliados. Isso representou cerca de 17% de melhoria quando comparado ao 1\u00ba ano de avalia\u00e7\u00e3o, com uso de 0,1% de peso vivo de proteinado por dia.<\/p>\n<p>Estatisticamente n\u00e3o houve diferen\u00e7a, com os valores do 2\u00ba ano variando de 678 a 777 gramas de ganho de peso di\u00e1rio, observa o pesquisador da Embrapa Agrossilvipastoril. Sendo assim, o que contribuiu para o aumento da produtividade por hectare foi a maior capacidade de lota\u00e7\u00e3o do sistema ILPF. De acordo com a pesquisa, a m\u00e9dia anual de lota\u00e7\u00e3o na ILPF foi de 3,47 animais por hectare, contra 3 UA\/ha da IPF, 2,78 da pecu\u00e1ria e 2,66 da ILP.<\/p>\n<p>Havia uma expectativa de resultados melhores na integra\u00e7\u00e3o lavoura-pecu\u00e1ria. Por\u00e9m, por algum motivo que ainda precisa ser estudado, esse sistema foi mais suscet\u00edvel ao ataque de cigarrinha do que os demais. Com base nos dados obtidos no 2\u00ba ano de avalia\u00e7\u00e3o, o pesquisador da Embrapa ressalta o efeito ben\u00e9fico do maior uso de tecnologia e da profissionaliza\u00e7\u00e3o da atividade para a obten\u00e7\u00e3o de melhores \u00edndices produtivos no sistema.<\/p>\n<p>Mesmo na pecu\u00e1ria exclusiva \u00e9 poss\u00edvel obter ganhos significativos. Os dados refor\u00e7am ainda o entendimento de que a integra\u00e7\u00e3o de culturas traz ganhos globais para o sistema produtivo. \u00c9 a chamada sinergia do sistema, em que h\u00e1 maior ciclagem de nutrientes, melhoria do microclima, menor perda de \u00e1gua, entre outras consequ\u00eancias que favorecem a produtividade.<\/p>\n","protected":false},"excerpt":{"rendered":"<p>Pesquisador da Embrapa ressalta o efeito ben\u00e9fico do maior uso de tecnologia e da profissionaliza\u00e7\u00e3o<\/p>\n","protected":false},"author":11,"featured_media":97983726,"comment_status":"closed","ping_status":"closed","sticky":false,"template":"","format":"standard","meta":{"footnotes":""},"categories":[6,1],"tags":[],"class_list":["post-97983725","post","type-post","status-publish","format-standard","has-post-thumbnail","hentry","category-destaque","category-noticia"],"yoast_head":"<!-- This site is optimized with the Yoast SEO plugin v24.8.1 - https:\/\/yoast.com\/wordpress\/plugins\/seo\/ -->\n<title>Produ\u00e7\u00e3o de forragem \u00e9 ampliada - Acrimat<\/title>\n<meta name=\"robots\" content=\"index, follow, max-snippet:-1, max-image-preview:large, max-video-preview:-1\" \/>\n<link rel=\"canonical\" href=\"https:\/\/acrimat.org.br\/portal\/producao-de-forragem-e-ampliada\/\" \/>\n<meta property=\"og:locale\" content=\"pt_BR\" \/>\n<meta property=\"og:type\" content=\"article\" \/>\n<meta property=\"og:title\" content=\"Produ\u00e7\u00e3o de forragem \u00e9 ampliada - Acrimat\" \/>\n<meta property=\"og:description\" content=\"Pesquisador da Embrapa ressalta o efeito ben\u00e9fico do maior uso de tecnologia e da profissionaliza\u00e7\u00e3o\" \/>\n<meta property=\"og:url\" content=\"https:\/\/acrimat.org.br\/portal\/producao-de-forragem-e-ampliada\/\" \/>\n<meta property=\"og:site_name\" content=\"Acrimat\" \/>\n<meta property=\"article:published_time\" content=\"2017-09-25T13:27:33+00:00\" \/>\n<meta property=\"og:image\" content=\"https:\/\/acrimat.org.br\/portal\/wp-content\/uploads\/2017\/09\/Sem-t\u00edtulo-1.jpg\" \/>\n\t<meta property=\"og:image:width\" content=\"550\" \/>\n\t<meta property=\"og:image:height\" content=\"476\" \/>\n\t<meta property=\"og:image:type\" content=\"image\/jpeg\" \/>\n<meta name=\"author\" content=\"P\u00e9ricles C\u00e2ndido\" \/>\n<meta name=\"twitter:card\" content=\"summary_large_image\" \/>\n<meta name=\"twitter:label1\" content=\"Escrito por\" \/>\n\t<meta name=\"twitter:data1\" content=\"P\u00e9ricles C\u00e2ndido\" \/>\n\t<meta name=\"twitter:label2\" content=\"Est. tempo de leitura\" \/>\n\t<meta name=\"twitter:data2\" content=\"2 minutos\" \/>\n<script type=\"application\/ld+json\" class=\"yoast-schema-graph\">{\"@context\":\"https:\/\/schema.org\",\"@graph\":[{\"@type\":\"Article\",\"@id\":\"https:\/\/acrimat.org.br\/portal\/producao-de-forragem-e-ampliada\/#article\",\"isPartOf\":{\"@id\":\"https:\/\/acrimat.org.br\/portal\/producao-de-forragem-e-ampliada\/\"},\"author\":{\"name\":\"P\u00e9ricles C\u00e2ndido\",\"@id\":\"https:\/\/acrimat.org.br\/portal\/#\/schema\/person\/18df8bcf6890e924fe5d8b5afd2bec0f\"},\"headline\":\"Produ\u00e7\u00e3o de forragem \u00e9 ampliada\",\"datePublished\":\"2017-09-25T13:27:33+00:00\",\"mainEntityOfPage\":{\"@id\":\"https:\/\/acrimat.org.br\/portal\/producao-de-forragem-e-ampliada\/\"},\"wordCount\":427,\"publisher\":{\"@id\":\"https:\/\/acrimat.org.br\/portal\/#organization\"},\"image\":{\"@id\":\"https:\/\/acrimat.org.br\/portal\/producao-de-forragem-e-ampliada\/#primaryimage\"},\"thumbnailUrl\":\"https:\/\/acrimat.org.br\/portal\/wp-content\/uploads\/2017\/09\/Sem-t\u00edtulo-1.jpg\",\"articleSection\":[\"Destaques\",\"Not\u00edcias\"],\"inLanguage\":\"pt-BR\"},{\"@type\":\"WebPage\",\"@id\":\"https:\/\/acrimat.org.br\/portal\/producao-de-forragem-e-ampliada\/\",\"url\":\"https:\/\/acrimat.org.br\/portal\/producao-de-forragem-e-ampliada\/\",\"name\":\"Produ\u00e7\u00e3o de forragem \u00e9 ampliada - Acrimat\",\"isPartOf\":{\"@id\":\"https:\/\/acrimat.org.br\/portal\/#website\"},\"primaryImageOfPage\":{\"@id\":\"https:\/\/acrimat.org.br\/portal\/producao-de-forragem-e-ampliada\/#primaryimage\"},\"image\":{\"@id\":\"https:\/\/acrimat.org.br\/portal\/producao-de-forragem-e-ampliada\/#primaryimage\"},\"thumbnailUrl\":\"https:\/\/acrimat.org.br\/portal\/wp-content\/uploads\/2017\/09\/Sem-t\u00edtulo-1.jpg\",\"datePublished\":\"2017-09-25T13:27:33+00:00\",\"breadcrumb\":{\"@id\":\"https:\/\/acrimat.org.br\/portal\/producao-de-forragem-e-ampliada\/#breadcrumb\"},\"inLanguage\":\"pt-BR\",\"potentialAction\":[{\"@type\":\"ReadAction\",\"target\":[\"https:\/\/acrimat.org.br\/portal\/producao-de-forragem-e-ampliada\/\"]}]},{\"@type\":\"ImageObject\",\"inLanguage\":\"pt-BR\",\"@id\":\"https:\/\/acrimat.org.br\/portal\/producao-de-forragem-e-ampliada\/#primaryimage\",\"url\":\"https:\/\/acrimat.org.br\/portal\/wp-content\/uploads\/2017\/09\/Sem-t\u00edtulo-1.jpg\",\"contentUrl\":\"https:\/\/acrimat.org.br\/portal\/wp-content\/uploads\/2017\/09\/Sem-t\u00edtulo-1.jpg\",\"width\":550,\"height\":476},{\"@type\":\"BreadcrumbList\",\"@id\":\"https:\/\/acrimat.org.br\/portal\/producao-de-forragem-e-ampliada\/#breadcrumb\",\"itemListElement\":[{\"@type\":\"ListItem\",\"position\":1,\"name\":\"In\u00edcio\",\"item\":\"https:\/\/acrimat.org.br\/portal\/\"},{\"@type\":\"ListItem\",\"position\":2,\"name\":\"Produ\u00e7\u00e3o de forragem \u00e9 ampliada\"}]},{\"@type\":\"WebSite\",\"@id\":\"https:\/\/acrimat.org.br\/portal\/#website\",\"url\":\"https:\/\/acrimat.org.br\/portal\/\",\"name\":\"Acrimat\",\"description\":\"Associa\u00e7\u00e3o dos Criadores de Mato Grosso\",\"publisher\":{\"@id\":\"https:\/\/acrimat.org.br\/portal\/#organization\"},\"potentialAction\":[{\"@type\":\"SearchAction\",\"target\":{\"@type\":\"EntryPoint\",\"urlTemplate\":\"https:\/\/acrimat.org.br\/portal\/?s={search_term_string}\"},\"query-input\":{\"@type\":\"PropertyValueSpecification\",\"valueRequired\":true,\"valueName\":\"search_term_string\"}}],\"inLanguage\":\"pt-BR\"},{\"@type\":\"Organization\",\"@id\":\"https:\/\/acrimat.org.br\/portal\/#organization\",\"name\":\"Associa\u00e7\u00e3o dos Criadores de Mato Grosso\",\"url\":\"https:\/\/acrimat.org.br\/portal\/\",\"logo\":{\"@type\":\"ImageObject\",\"inLanguage\":\"pt-BR\",\"@id\":\"https:\/\/acrimat.org.br\/portal\/#\/schema\/logo\/image\/\",\"url\":\"https:\/\/acrimat.org.br\/portal\/wp-content\/uploads\/2018\/03\/logo-peq-original.png\",\"contentUrl\":\"https:\/\/acrimat.org.br\/portal\/wp-content\/uploads\/2018\/03\/logo-peq-original.png\",\"width\":174,\"height\":171,\"caption\":\"Associa\u00e7\u00e3o dos Criadores de Mato Grosso\"},\"image\":{\"@id\":\"https:\/\/acrimat.org.br\/portal\/#\/schema\/logo\/image\/\"}},{\"@type\":\"Person\",\"@id\":\"https:\/\/acrimat.org.br\/portal\/#\/schema\/person\/18df8bcf6890e924fe5d8b5afd2bec0f\",\"name\":\"P\u00e9ricles C\u00e2ndido\",\"image\":{\"@type\":\"ImageObject\",\"inLanguage\":\"pt-BR\",\"@id\":\"https:\/\/acrimat.org.br\/portal\/#\/schema\/person\/image\/\",\"url\":\"https:\/\/secure.gravatar.com\/avatar\/33e2a2b971dc363ed2df53d0d3bfbd18?s=96&d=mm&r=g\",\"contentUrl\":\"https:\/\/secure.gravatar.com\/avatar\/33e2a2b971dc363ed2df53d0d3bfbd18?s=96&d=mm&r=g\",\"caption\":\"P\u00e9ricles C\u00e2ndido\"},\"sameAs\":[\"ascom@acrimat.org.br\"],\"url\":\"https:\/\/acrimat.org.br\/portal\/author\/designergrafico\/\"}]}<\/script>\n<!-- \/ Yoast SEO plugin. -->","yoast_head_json":{"title":"Produ\u00e7\u00e3o de forragem \u00e9 ampliada - Acrimat","robots":{"index":"index","follow":"follow","max-snippet":"max-snippet:-1","max-image-preview":"max-image-preview:large","max-video-preview":"max-video-preview:-1"},"canonical":"https:\/\/acrimat.org.br\/portal\/producao-de-forragem-e-ampliada\/","og_locale":"pt_BR","og_type":"article","og_title":"Produ\u00e7\u00e3o de forragem \u00e9 ampliada - Acrimat","og_description":"Pesquisador da Embrapa ressalta o efeito ben\u00e9fico do maior uso de tecnologia e da profissionaliza\u00e7\u00e3o","og_url":"https:\/\/acrimat.org.br\/portal\/producao-de-forragem-e-ampliada\/","og_site_name":"Acrimat","article_published_time":"2017-09-25T13:27:33+00:00","og_image":[{"width":550,"height":476,"url":"https:\/\/acrimat.org.br\/portal\/wp-content\/uploads\/2017\/09\/Sem-t\u00edtulo-1.jpg","type":"image\/jpeg"}],"author":"P\u00e9ricles C\u00e2ndido","twitter_card":"summary_large_image","twitter_misc":{"Escrito por":"P\u00e9ricles C\u00e2ndido","Est. tempo de leitura":"2 minutos"},"schema":{"@context":"https:\/\/schema.org","@graph":[{"@type":"Article","@id":"https:\/\/acrimat.org.br\/portal\/producao-de-forragem-e-ampliada\/#article","isPartOf":{"@id":"https:\/\/acrimat.org.br\/portal\/producao-de-forragem-e-ampliada\/"},"author":{"name":"P\u00e9ricles C\u00e2ndido","@id":"https:\/\/acrimat.org.br\/portal\/#\/schema\/person\/18df8bcf6890e924fe5d8b5afd2bec0f"},"headline":"Produ\u00e7\u00e3o de forragem \u00e9 ampliada","datePublished":"2017-09-25T13:27:33+00:00","mainEntityOfPage":{"@id":"https:\/\/acrimat.org.br\/portal\/producao-de-forragem-e-ampliada\/"},"wordCount":427,"publisher":{"@id":"https:\/\/acrimat.org.br\/portal\/#organization"},"image":{"@id":"https:\/\/acrimat.org.br\/portal\/producao-de-forragem-e-ampliada\/#primaryimage"},"thumbnailUrl":"https:\/\/acrimat.org.br\/portal\/wp-content\/uploads\/2017\/09\/Sem-t\u00edtulo-1.jpg","articleSection":["Destaques","Not\u00edcias"],"inLanguage":"pt-BR"},{"@type":"WebPage","@id":"https:\/\/acrimat.org.br\/portal\/producao-de-forragem-e-ampliada\/","url":"https:\/\/acrimat.org.br\/portal\/producao-de-forragem-e-ampliada\/","name":"Produ\u00e7\u00e3o de forragem \u00e9 ampliada - Acrimat","isPartOf":{"@id":"https:\/\/acrimat.org.br\/portal\/#website"},"primaryImageOfPage":{"@id":"https:\/\/acrimat.org.br\/portal\/producao-de-forragem-e-ampliada\/#primaryimage"},"image":{"@id":"https:\/\/acrimat.org.br\/portal\/producao-de-forragem-e-ampliada\/#primaryimage"},"thumbnailUrl":"https:\/\/acrimat.org.br\/portal\/wp-content\/uploads\/2017\/09\/Sem-t\u00edtulo-1.jpg","datePublished":"2017-09-25T13:27:33+00:00","breadcrumb":{"@id":"https:\/\/acrimat.org.br\/portal\/producao-de-forragem-e-ampliada\/#breadcrumb"},"inLanguage":"pt-BR","potentialAction":[{"@type":"ReadAction","target":["https:\/\/acrimat.org.br\/portal\/producao-de-forragem-e-ampliada\/"]}]},{"@type":"ImageObject","inLanguage":"pt-BR","@id":"https:\/\/acrimat.org.br\/portal\/producao-de-forragem-e-ampliada\/#primaryimage","url":"https:\/\/acrimat.org.br\/portal\/wp-content\/uploads\/2017\/09\/Sem-t\u00edtulo-1.jpg","contentUrl":"https:\/\/acrimat.org.br\/portal\/wp-content\/uploads\/2017\/09\/Sem-t\u00edtulo-1.jpg","width":550,"height":476},{"@type":"BreadcrumbList","@id":"https:\/\/acrimat.org.br\/portal\/producao-de-forragem-e-ampliada\/#breadcrumb","itemListElement":[{"@type":"ListItem","position":1,"name":"In\u00edcio","item":"https:\/\/acrimat.org.br\/portal\/"},{"@type":"ListItem","position":2,"name":"Produ\u00e7\u00e3o de forragem \u00e9 ampliada"}]},{"@type":"WebSite","@id":"https:\/\/acrimat.org.br\/portal\/#website","url":"https:\/\/acrimat.org.br\/portal\/","name":"Acrimat","description":"Associa\u00e7\u00e3o dos Criadores de Mato Grosso","publisher":{"@id":"https:\/\/acrimat.org.br\/portal\/#organization"},"potentialAction":[{"@type":"SearchAction","target":{"@type":"EntryPoint","urlTemplate":"https:\/\/acrimat.org.br\/portal\/?s={search_term_string}"},"query-input":{"@type":"PropertyValueSpecification","valueRequired":true,"valueName":"search_term_string"}}],"inLanguage":"pt-BR"},{"@type":"Organization","@id":"https:\/\/acrimat.org.br\/portal\/#organization","name":"Associa\u00e7\u00e3o dos Criadores de Mato Grosso","url":"https:\/\/acrimat.org.br\/portal\/","logo":{"@type":"ImageObject","inLanguage":"pt-BR","@id":"https:\/\/acrimat.org.br\/portal\/#\/schema\/logo\/image\/","url":"https:\/\/acrimat.org.br\/portal\/wp-content\/uploads\/2018\/03\/logo-peq-original.png","contentUrl":"https:\/\/acrimat.org.br\/portal\/wp-content\/uploads\/2018\/03\/logo-peq-original.png","width":174,"height":171,"caption":"Associa\u00e7\u00e3o dos Criadores de Mato Grosso"},"image":{"@id":"https:\/\/acrimat.org.br\/portal\/#\/schema\/logo\/image\/"}},{"@type":"Person","@id":"https:\/\/acrimat.org.br\/portal\/#\/schema\/person\/18df8bcf6890e924fe5d8b5afd2bec0f","name":"P\u00e9ricles C\u00e2ndido","image":{"@type":"ImageObject","inLanguage":"pt-BR","@id":"https:\/\/acrimat.org.br\/portal\/#\/schema\/person\/image\/","url":"https:\/\/secure.gravatar.com\/avatar\/33e2a2b971dc363ed2df53d0d3bfbd18?s=96&d=mm&r=g","contentUrl":"https:\/\/secure.gravatar.com\/avatar\/33e2a2b971dc363ed2df53d0d3bfbd18?s=96&d=mm&r=g","caption":"P\u00e9ricles C\u00e2ndido"},"sameAs":["ascom@acrimat.org.br"],"url":"https:\/\/acrimat.org.br\/portal\/author\/designergrafico\/"}]}},"_links":{"self":[{"href":"https:\/\/acrimat.org.br\/portal\/wp-json\/wp\/v2\/posts\/97983725","targetHints":{"allow":["GET"]}}],"collection":[{"href":"https:\/\/acrimat.org.br\/portal\/wp-json\/wp\/v2\/posts"}],"about":[{"href":"https:\/\/acrimat.org.br\/portal\/wp-json\/wp\/v2\/types\/post"}],"author":[{"embeddable":true,"href":"https:\/\/acrimat.org.br\/portal\/wp-json\/wp\/v2\/users\/11"}],"replies":[{"embeddable":true,"href":"https:\/\/acrimat.org.br\/portal\/wp-json\/wp\/v2\/comments?post=97983725"}],"version-history":[{"count":1,"href":"https:\/\/acrimat.org.br\/portal\/wp-json\/wp\/v2\/posts\/97983725\/revisions"}],"predecessor-version":[{"id":97983727,"href":"https:\/\/acrimat.org.br\/portal\/wp-json\/wp\/v2\/posts\/97983725\/revisions\/97983727"}],"wp:featuredmedia":[{"embeddable":true,"href":"https:\/\/acrimat.org.br\/portal\/wp-json\/wp\/v2\/media\/97983726"}],"wp:attachment":[{"href":"https:\/\/acrimat.org.br\/portal\/wp-json\/wp\/v2\/media?parent=97983725"}],"wp:term":[{"taxonomy":"category","embeddable":true,"href":"https:\/\/acrimat.org.br\/portal\/wp-json\/wp\/v2\/categories?post=97983725"},{"taxonomy":"post_tag","embeddable":true,"href":"https:\/\/acrimat.org.br\/portal\/wp-json\/wp\/v2\/tags?post=97983725"}],"curies":[{"name":"wp","href":"https:\/\/api.w.org\/{rel}","templated":true}]}}