{"id":97983743,"date":"2017-09-26T10:09:11","date_gmt":"2017-09-26T13:09:11","guid":{"rendered":"http:\/\/acrimat.org.br\/portal\/?p=97983743"},"modified":"2017-09-26T10:09:11","modified_gmt":"2017-09-26T13:09:11","slug":"prefeito-de-vila-rica-requer-reabertura-do-frigorifico-em-60-dias","status":"publish","type":"post","link":"https:\/\/acrimat.org.br\/portal\/prefeito-de-vila-rica-requer-reabertura-do-frigorifico-em-60-dias\/","title":{"rendered":"Prefeito de Vila Rica requer reabertura do frigor\u00edfico em 60 dias"},"content":{"rendered":"<div id=\"attachment_97983744\" style=\"width: 310px\" class=\"wp-caption alignleft\"><a href=\"http:\/\/acrimat.org.br\/portal\/wp-content\/uploads\/2017\/09\/mini_IMG-20170727-WA0025.jpg\"><img fetchpriority=\"high\" decoding=\"async\" aria-describedby=\"caption-attachment-97983744\" class=\"size-medium wp-image-97983744\" src=\"http:\/\/acrimat.org.br\/portal\/wp-content\/uploads\/2017\/09\/mini_IMG-20170727-WA0025-300x200.jpg\" alt=\"\" width=\"300\" height=\"200\" srcset=\"https:\/\/acrimat.org.br\/portal\/wp-content\/uploads\/2017\/09\/mini_IMG-20170727-WA0025-300x200.jpg 300w, https:\/\/acrimat.org.br\/portal\/wp-content\/uploads\/2017\/09\/mini_IMG-20170727-WA0025-250x167.jpg 250w, https:\/\/acrimat.org.br\/portal\/wp-content\/uploads\/2017\/09\/mini_IMG-20170727-WA0025-270x180.jpg 270w, https:\/\/acrimat.org.br\/portal\/wp-content\/uploads\/2017\/09\/mini_IMG-20170727-WA0025-272x182.jpg 272w, https:\/\/acrimat.org.br\/portal\/wp-content\/uploads\/2017\/09\/mini_IMG-20170727-WA0025.jpg 441w\" sizes=\"(max-width: 300px) 100vw, 300px\" \/><\/a><p id=\"caption-attachment-97983744\" class=\"wp-caption-text\">Divulga\u00e7\u00e3o<\/p><\/div>\n<p>O governo municipal de Vila Rica atrav\u00e9s do escrit\u00f3rio de advocacia Brzerzinski Advogados de Goi\u00e2nia &#8211; GO, deu entrada no \u00faltimo dia 06 de setembro, com uma A\u00e7\u00e3o Civil P\u00fablica contra a empresa JBS devido ao fechamento da planta frigorifica da empresa no munic\u00edpio.<\/p>\n<p>O Grupo JBS fechou as portas da planta frigor\u00edfica em outubro de 2014, deixando assim v\u00e1rias pessoas desempregas, causando um enorme preju\u00edzo econ\u00f4mico e social, uma vez que Vila Rica tem sua economia voltada basicamente para pecu\u00e1ria de corte e hoje conta com um dos maiores rebanhos bovinos do pa\u00eds, o que demostra sua capacidade de suprir a demanda de animais necess\u00e1ria para o funcionamento da planta frigorifica.<\/p>\n<p>Com a unidade do JBS fechada os pecuaristas do munic\u00edpio s\u00e3o obrigados a vender seu rebanho para que sejam abatidos e processados em outros munic\u00edpios, gerando assim a incid\u00eancia de ICMS em tais opera\u00e7\u00f5es, por \u00f3bvio que estes mesmos munic\u00edpios ter\u00e3o seus coeficientes fiscais aumentados, recebendo assim maior participa\u00e7\u00e3o na redistribui\u00e7\u00e3o do saldo angariado em detrimento dos munic\u00edpios onde h\u00e1 somente a cria\u00e7\u00e3o e engorda.<\/p>\n<p>De acordo com a a\u00e7\u00e3o, cujo c\u00f3digo est\u00e1 inscrito sob o n. 61.633, o munic\u00edpio vem requerer que a justi\u00e7a determine o retorno \u00e0s atividades do frigor\u00edfico localizado em Vila Rica &#8211; MT no prazo de 60 (sessenta) dias, e\/ou que, no mesmo prazo, apresente plano de arrendamento ou aliena\u00e7\u00e3o do mencionado im\u00f3vel para a pr\u00e1tica da mesma atividade comercial o n\u00e3o descumprimento da decis\u00e3o resultar\u00e1 em multa di\u00e1ria. Caso o grupo JBS n\u00e3o tome nenhuma atitude o mun\u00edcipio ainda requer a aliena\u00e7\u00e3o for\u00e7ada do im\u00f3vel para outros interessados em desenvolver a mesma atividade empresarial ali empregada.<\/p>\n<p>\u201cN\u00e3o \u00e9 justo que figuramos no cen\u00e1rio nacional com um dos maiores rebanhos bovinos do pa\u00eds e termos uma planta frigorifica fechada no nosso munic\u00edpio, nossos mun\u00edcipes merecem voltar a ter funcionando uma empresa que emprega centenas de pessoas movimentando assim a economia local, n\u00e3o importamos que seja a JBS ou outra empresa, o que queremos e que volte o quanto antes a funcionar essa planta frigorifica em Vila Rica\u201d. Argumentou Abmael.<\/p>\n","protected":false},"excerpt":{"rendered":"<p>O Grupo JBS fechou as portas da planta frigor\u00edfica em outubro de 2014, deixando assim v\u00e1rias pessoas desempregas.<\/p>\n","protected":false},"author":11,"featured_media":97983744,"comment_status":"closed","ping_status":"closed","sticky":false,"template":"","format":"standard","meta":{"footnotes":""},"categories":[6,1],"tags":[],"class_list":["post-97983743","post","type-post","status-publish","format-standard","has-post-thumbnail","hentry","category-destaque","category-noticia"],"yoast_head":"<!-- This site is optimized with the Yoast SEO plugin v24.8.1 - https:\/\/yoast.com\/wordpress\/plugins\/seo\/ -->\n<title>Prefeito de Vila Rica requer reabertura do frigor\u00edfico em 60 dias - Acrimat<\/title>\n<meta name=\"robots\" content=\"index, follow, max-snippet:-1, max-image-preview:large, max-video-preview:-1\" \/>\n<link rel=\"canonical\" href=\"https:\/\/acrimat.org.br\/portal\/prefeito-de-vila-rica-requer-reabertura-do-frigorifico-em-60-dias\/\" \/>\n<meta property=\"og:locale\" content=\"pt_BR\" \/>\n<meta property=\"og:type\" content=\"article\" \/>\n<meta property=\"og:title\" content=\"Prefeito de Vila Rica requer reabertura do frigor\u00edfico em 60 dias - Acrimat\" \/>\n<meta property=\"og:description\" content=\"O Grupo JBS fechou as portas da planta frigor\u00edfica em outubro de 2014, deixando assim v\u00e1rias pessoas desempregas.\" \/>\n<meta property=\"og:url\" content=\"https:\/\/acrimat.org.br\/portal\/prefeito-de-vila-rica-requer-reabertura-do-frigorifico-em-60-dias\/\" \/>\n<meta property=\"og:site_name\" content=\"Acrimat\" \/>\n<meta property=\"article:published_time\" content=\"2017-09-26T13:09:11+00:00\" \/>\n<meta property=\"og:image\" content=\"https:\/\/acrimat.org.br\/portal\/wp-content\/uploads\/2017\/09\/mini_IMG-20170727-WA0025.jpg\" \/>\n\t<meta property=\"og:image:width\" content=\"441\" \/>\n\t<meta property=\"og:image:height\" content=\"294\" \/>\n\t<meta property=\"og:image:type\" content=\"image\/jpeg\" \/>\n<meta name=\"author\" content=\"P\u00e9ricles C\u00e2ndido\" \/>\n<meta name=\"twitter:card\" content=\"summary_large_image\" \/>\n<meta name=\"twitter:label1\" content=\"Escrito por\" \/>\n\t<meta name=\"twitter:data1\" content=\"P\u00e9ricles C\u00e2ndido\" \/>\n\t<meta name=\"twitter:label2\" content=\"Est. tempo de leitura\" \/>\n\t<meta name=\"twitter:data2\" content=\"2 minutos\" \/>\n<script type=\"application\/ld+json\" class=\"yoast-schema-graph\">{\"@context\":\"https:\/\/schema.org\",\"@graph\":[{\"@type\":\"Article\",\"@id\":\"https:\/\/acrimat.org.br\/portal\/prefeito-de-vila-rica-requer-reabertura-do-frigorifico-em-60-dias\/#article\",\"isPartOf\":{\"@id\":\"https:\/\/acrimat.org.br\/portal\/prefeito-de-vila-rica-requer-reabertura-do-frigorifico-em-60-dias\/\"},\"author\":{\"name\":\"P\u00e9ricles C\u00e2ndido\",\"@id\":\"https:\/\/acrimat.org.br\/portal\/#\/schema\/person\/18df8bcf6890e924fe5d8b5afd2bec0f\"},\"headline\":\"Prefeito de Vila Rica requer reabertura do frigor\u00edfico em 60 dias\",\"datePublished\":\"2017-09-26T13:09:11+00:00\",\"mainEntityOfPage\":{\"@id\":\"https:\/\/acrimat.org.br\/portal\/prefeito-de-vila-rica-requer-reabertura-do-frigorifico-em-60-dias\/\"},\"wordCount\":408,\"publisher\":{\"@id\":\"https:\/\/acrimat.org.br\/portal\/#organization\"},\"image\":{\"@id\":\"https:\/\/acrimat.org.br\/portal\/prefeito-de-vila-rica-requer-reabertura-do-frigorifico-em-60-dias\/#primaryimage\"},\"thumbnailUrl\":\"https:\/\/acrimat.org.br\/portal\/wp-content\/uploads\/2017\/09\/mini_IMG-20170727-WA0025.jpg\",\"articleSection\":[\"Destaques\",\"Not\u00edcias\"],\"inLanguage\":\"pt-BR\"},{\"@type\":\"WebPage\",\"@id\":\"https:\/\/acrimat.org.br\/portal\/prefeito-de-vila-rica-requer-reabertura-do-frigorifico-em-60-dias\/\",\"url\":\"https:\/\/acrimat.org.br\/portal\/prefeito-de-vila-rica-requer-reabertura-do-frigorifico-em-60-dias\/\",\"name\":\"Prefeito de Vila Rica requer reabertura do frigor\u00edfico em 60 dias - Acrimat\",\"isPartOf\":{\"@id\":\"https:\/\/acrimat.org.br\/portal\/#website\"},\"primaryImageOfPage\":{\"@id\":\"https:\/\/acrimat.org.br\/portal\/prefeito-de-vila-rica-requer-reabertura-do-frigorifico-em-60-dias\/#primaryimage\"},\"image\":{\"@id\":\"https:\/\/acrimat.org.br\/portal\/prefeito-de-vila-rica-requer-reabertura-do-frigorifico-em-60-dias\/#primaryimage\"},\"thumbnailUrl\":\"https:\/\/acrimat.org.br\/portal\/wp-content\/uploads\/2017\/09\/mini_IMG-20170727-WA0025.jpg\",\"datePublished\":\"2017-09-26T13:09:11+00:00\",\"breadcrumb\":{\"@id\":\"https:\/\/acrimat.org.br\/portal\/prefeito-de-vila-rica-requer-reabertura-do-frigorifico-em-60-dias\/#breadcrumb\"},\"inLanguage\":\"pt-BR\",\"potentialAction\":[{\"@type\":\"ReadAction\",\"target\":[\"https:\/\/acrimat.org.br\/portal\/prefeito-de-vila-rica-requer-reabertura-do-frigorifico-em-60-dias\/\"]}]},{\"@type\":\"ImageObject\",\"inLanguage\":\"pt-BR\",\"@id\":\"https:\/\/acrimat.org.br\/portal\/prefeito-de-vila-rica-requer-reabertura-do-frigorifico-em-60-dias\/#primaryimage\",\"url\":\"https:\/\/acrimat.org.br\/portal\/wp-content\/uploads\/2017\/09\/mini_IMG-20170727-WA0025.jpg\",\"contentUrl\":\"https:\/\/acrimat.org.br\/portal\/wp-content\/uploads\/2017\/09\/mini_IMG-20170727-WA0025.jpg\",\"width\":441,\"height\":294,\"caption\":\"Divulga\u00e7\u00e3o\"},{\"@type\":\"BreadcrumbList\",\"@id\":\"https:\/\/acrimat.org.br\/portal\/prefeito-de-vila-rica-requer-reabertura-do-frigorifico-em-60-dias\/#breadcrumb\",\"itemListElement\":[{\"@type\":\"ListItem\",\"position\":1,\"name\":\"In\u00edcio\",\"item\":\"https:\/\/acrimat.org.br\/portal\/\"},{\"@type\":\"ListItem\",\"position\":2,\"name\":\"Prefeito de Vila Rica requer reabertura do frigor\u00edfico em 60 dias\"}]},{\"@type\":\"WebSite\",\"@id\":\"https:\/\/acrimat.org.br\/portal\/#website\",\"url\":\"https:\/\/acrimat.org.br\/portal\/\",\"name\":\"Acrimat\",\"description\":\"Associa\u00e7\u00e3o dos Criadores de Mato Grosso\",\"publisher\":{\"@id\":\"https:\/\/acrimat.org.br\/portal\/#organization\"},\"potentialAction\":[{\"@type\":\"SearchAction\",\"target\":{\"@type\":\"EntryPoint\",\"urlTemplate\":\"https:\/\/acrimat.org.br\/portal\/?s={search_term_string}\"},\"query-input\":{\"@type\":\"PropertyValueSpecification\",\"valueRequired\":true,\"valueName\":\"search_term_string\"}}],\"inLanguage\":\"pt-BR\"},{\"@type\":\"Organization\",\"@id\":\"https:\/\/acrimat.org.br\/portal\/#organization\",\"name\":\"Associa\u00e7\u00e3o dos Criadores de Mato Grosso\",\"url\":\"https:\/\/acrimat.org.br\/portal\/\",\"logo\":{\"@type\":\"ImageObject\",\"inLanguage\":\"pt-BR\",\"@id\":\"https:\/\/acrimat.org.br\/portal\/#\/schema\/logo\/image\/\",\"url\":\"https:\/\/acrimat.org.br\/portal\/wp-content\/uploads\/2018\/03\/logo-peq-original.png\",\"contentUrl\":\"https:\/\/acrimat.org.br\/portal\/wp-content\/uploads\/2018\/03\/logo-peq-original.png\",\"width\":174,\"height\":171,\"caption\":\"Associa\u00e7\u00e3o dos Criadores de Mato Grosso\"},\"image\":{\"@id\":\"https:\/\/acrimat.org.br\/portal\/#\/schema\/logo\/image\/\"}},{\"@type\":\"Person\",\"@id\":\"https:\/\/acrimat.org.br\/portal\/#\/schema\/person\/18df8bcf6890e924fe5d8b5afd2bec0f\",\"name\":\"P\u00e9ricles C\u00e2ndido\",\"image\":{\"@type\":\"ImageObject\",\"inLanguage\":\"pt-BR\",\"@id\":\"https:\/\/acrimat.org.br\/portal\/#\/schema\/person\/image\/\",\"url\":\"https:\/\/secure.gravatar.com\/avatar\/33e2a2b971dc363ed2df53d0d3bfbd18?s=96&d=mm&r=g\",\"contentUrl\":\"https:\/\/secure.gravatar.com\/avatar\/33e2a2b971dc363ed2df53d0d3bfbd18?s=96&d=mm&r=g\",\"caption\":\"P\u00e9ricles C\u00e2ndido\"},\"sameAs\":[\"ascom@acrimat.org.br\"],\"url\":\"https:\/\/acrimat.org.br\/portal\/author\/designergrafico\/\"}]}<\/script>\n<!-- \/ Yoast SEO plugin. -->","yoast_head_json":{"title":"Prefeito de Vila Rica requer reabertura do frigor\u00edfico em 60 dias - Acrimat","robots":{"index":"index","follow":"follow","max-snippet":"max-snippet:-1","max-image-preview":"max-image-preview:large","max-video-preview":"max-video-preview:-1"},"canonical":"https:\/\/acrimat.org.br\/portal\/prefeito-de-vila-rica-requer-reabertura-do-frigorifico-em-60-dias\/","og_locale":"pt_BR","og_type":"article","og_title":"Prefeito de Vila Rica requer reabertura do frigor\u00edfico em 60 dias - Acrimat","og_description":"O Grupo JBS fechou as portas da planta frigor\u00edfica em outubro de 2014, deixando assim v\u00e1rias pessoas desempregas.","og_url":"https:\/\/acrimat.org.br\/portal\/prefeito-de-vila-rica-requer-reabertura-do-frigorifico-em-60-dias\/","og_site_name":"Acrimat","article_published_time":"2017-09-26T13:09:11+00:00","og_image":[{"width":441,"height":294,"url":"https:\/\/acrimat.org.br\/portal\/wp-content\/uploads\/2017\/09\/mini_IMG-20170727-WA0025.jpg","type":"image\/jpeg"}],"author":"P\u00e9ricles C\u00e2ndido","twitter_card":"summary_large_image","twitter_misc":{"Escrito por":"P\u00e9ricles C\u00e2ndido","Est. tempo de leitura":"2 minutos"},"schema":{"@context":"https:\/\/schema.org","@graph":[{"@type":"Article","@id":"https:\/\/acrimat.org.br\/portal\/prefeito-de-vila-rica-requer-reabertura-do-frigorifico-em-60-dias\/#article","isPartOf":{"@id":"https:\/\/acrimat.org.br\/portal\/prefeito-de-vila-rica-requer-reabertura-do-frigorifico-em-60-dias\/"},"author":{"name":"P\u00e9ricles C\u00e2ndido","@id":"https:\/\/acrimat.org.br\/portal\/#\/schema\/person\/18df8bcf6890e924fe5d8b5afd2bec0f"},"headline":"Prefeito de Vila Rica requer reabertura do frigor\u00edfico em 60 dias","datePublished":"2017-09-26T13:09:11+00:00","mainEntityOfPage":{"@id":"https:\/\/acrimat.org.br\/portal\/prefeito-de-vila-rica-requer-reabertura-do-frigorifico-em-60-dias\/"},"wordCount":408,"publisher":{"@id":"https:\/\/acrimat.org.br\/portal\/#organization"},"image":{"@id":"https:\/\/acrimat.org.br\/portal\/prefeito-de-vila-rica-requer-reabertura-do-frigorifico-em-60-dias\/#primaryimage"},"thumbnailUrl":"https:\/\/acrimat.org.br\/portal\/wp-content\/uploads\/2017\/09\/mini_IMG-20170727-WA0025.jpg","articleSection":["Destaques","Not\u00edcias"],"inLanguage":"pt-BR"},{"@type":"WebPage","@id":"https:\/\/acrimat.org.br\/portal\/prefeito-de-vila-rica-requer-reabertura-do-frigorifico-em-60-dias\/","url":"https:\/\/acrimat.org.br\/portal\/prefeito-de-vila-rica-requer-reabertura-do-frigorifico-em-60-dias\/","name":"Prefeito de Vila Rica requer reabertura do frigor\u00edfico em 60 dias - Acrimat","isPartOf":{"@id":"https:\/\/acrimat.org.br\/portal\/#website"},"primaryImageOfPage":{"@id":"https:\/\/acrimat.org.br\/portal\/prefeito-de-vila-rica-requer-reabertura-do-frigorifico-em-60-dias\/#primaryimage"},"image":{"@id":"https:\/\/acrimat.org.br\/portal\/prefeito-de-vila-rica-requer-reabertura-do-frigorifico-em-60-dias\/#primaryimage"},"thumbnailUrl":"https:\/\/acrimat.org.br\/portal\/wp-content\/uploads\/2017\/09\/mini_IMG-20170727-WA0025.jpg","datePublished":"2017-09-26T13:09:11+00:00","breadcrumb":{"@id":"https:\/\/acrimat.org.br\/portal\/prefeito-de-vila-rica-requer-reabertura-do-frigorifico-em-60-dias\/#breadcrumb"},"inLanguage":"pt-BR","potentialAction":[{"@type":"ReadAction","target":["https:\/\/acrimat.org.br\/portal\/prefeito-de-vila-rica-requer-reabertura-do-frigorifico-em-60-dias\/"]}]},{"@type":"ImageObject","inLanguage":"pt-BR","@id":"https:\/\/acrimat.org.br\/portal\/prefeito-de-vila-rica-requer-reabertura-do-frigorifico-em-60-dias\/#primaryimage","url":"https:\/\/acrimat.org.br\/portal\/wp-content\/uploads\/2017\/09\/mini_IMG-20170727-WA0025.jpg","contentUrl":"https:\/\/acrimat.org.br\/portal\/wp-content\/uploads\/2017\/09\/mini_IMG-20170727-WA0025.jpg","width":441,"height":294,"caption":"Divulga\u00e7\u00e3o"},{"@type":"BreadcrumbList","@id":"https:\/\/acrimat.org.br\/portal\/prefeito-de-vila-rica-requer-reabertura-do-frigorifico-em-60-dias\/#breadcrumb","itemListElement":[{"@type":"ListItem","position":1,"name":"In\u00edcio","item":"https:\/\/acrimat.org.br\/portal\/"},{"@type":"ListItem","position":2,"name":"Prefeito de Vila Rica requer reabertura do frigor\u00edfico em 60 dias"}]},{"@type":"WebSite","@id":"https:\/\/acrimat.org.br\/portal\/#website","url":"https:\/\/acrimat.org.br\/portal\/","name":"Acrimat","description":"Associa\u00e7\u00e3o dos Criadores de Mato Grosso","publisher":{"@id":"https:\/\/acrimat.org.br\/portal\/#organization"},"potentialAction":[{"@type":"SearchAction","target":{"@type":"EntryPoint","urlTemplate":"https:\/\/acrimat.org.br\/portal\/?s={search_term_string}"},"query-input":{"@type":"PropertyValueSpecification","valueRequired":true,"valueName":"search_term_string"}}],"inLanguage":"pt-BR"},{"@type":"Organization","@id":"https:\/\/acrimat.org.br\/portal\/#organization","name":"Associa\u00e7\u00e3o dos Criadores de Mato Grosso","url":"https:\/\/acrimat.org.br\/portal\/","logo":{"@type":"ImageObject","inLanguage":"pt-BR","@id":"https:\/\/acrimat.org.br\/portal\/#\/schema\/logo\/image\/","url":"https:\/\/acrimat.org.br\/portal\/wp-content\/uploads\/2018\/03\/logo-peq-original.png","contentUrl":"https:\/\/acrimat.org.br\/portal\/wp-content\/uploads\/2018\/03\/logo-peq-original.png","width":174,"height":171,"caption":"Associa\u00e7\u00e3o dos Criadores de Mato Grosso"},"image":{"@id":"https:\/\/acrimat.org.br\/portal\/#\/schema\/logo\/image\/"}},{"@type":"Person","@id":"https:\/\/acrimat.org.br\/portal\/#\/schema\/person\/18df8bcf6890e924fe5d8b5afd2bec0f","name":"P\u00e9ricles C\u00e2ndido","image":{"@type":"ImageObject","inLanguage":"pt-BR","@id":"https:\/\/acrimat.org.br\/portal\/#\/schema\/person\/image\/","url":"https:\/\/secure.gravatar.com\/avatar\/33e2a2b971dc363ed2df53d0d3bfbd18?s=96&d=mm&r=g","contentUrl":"https:\/\/secure.gravatar.com\/avatar\/33e2a2b971dc363ed2df53d0d3bfbd18?s=96&d=mm&r=g","caption":"P\u00e9ricles C\u00e2ndido"},"sameAs":["ascom@acrimat.org.br"],"url":"https:\/\/acrimat.org.br\/portal\/author\/designergrafico\/"}]}},"_links":{"self":[{"href":"https:\/\/acrimat.org.br\/portal\/wp-json\/wp\/v2\/posts\/97983743","targetHints":{"allow":["GET"]}}],"collection":[{"href":"https:\/\/acrimat.org.br\/portal\/wp-json\/wp\/v2\/posts"}],"about":[{"href":"https:\/\/acrimat.org.br\/portal\/wp-json\/wp\/v2\/types\/post"}],"author":[{"embeddable":true,"href":"https:\/\/acrimat.org.br\/portal\/wp-json\/wp\/v2\/users\/11"}],"replies":[{"embeddable":true,"href":"https:\/\/acrimat.org.br\/portal\/wp-json\/wp\/v2\/comments?post=97983743"}],"version-history":[{"count":1,"href":"https:\/\/acrimat.org.br\/portal\/wp-json\/wp\/v2\/posts\/97983743\/revisions"}],"predecessor-version":[{"id":97983745,"href":"https:\/\/acrimat.org.br\/portal\/wp-json\/wp\/v2\/posts\/97983743\/revisions\/97983745"}],"wp:featuredmedia":[{"embeddable":true,"href":"https:\/\/acrimat.org.br\/portal\/wp-json\/wp\/v2\/media\/97983744"}],"wp:attachment":[{"href":"https:\/\/acrimat.org.br\/portal\/wp-json\/wp\/v2\/media?parent=97983743"}],"wp:term":[{"taxonomy":"category","embeddable":true,"href":"https:\/\/acrimat.org.br\/portal\/wp-json\/wp\/v2\/categories?post=97983743"},{"taxonomy":"post_tag","embeddable":true,"href":"https:\/\/acrimat.org.br\/portal\/wp-json\/wp\/v2\/tags?post=97983743"}],"curies":[{"name":"wp","href":"https:\/\/api.w.org\/{rel}","templated":true}]}}