{"id":97983746,"date":"2017-09-26T10:12:27","date_gmt":"2017-09-26T13:12:27","guid":{"rendered":"http:\/\/acrimat.org.br\/portal\/?p=97983746"},"modified":"2017-09-26T10:12:27","modified_gmt":"2017-09-26T13:12:27","slug":"abate-de-bovinos-cai-em-mt-com-maior-participacao-de-femeas","status":"publish","type":"post","link":"https:\/\/acrimat.org.br\/portal\/abate-de-bovinos-cai-em-mt-com-maior-participacao-de-femeas\/","title":{"rendered":"Abate de bovinos cai em MT com maior participa\u00e7\u00e3o de f\u00eameas"},"content":{"rendered":"<p>Os dados do Instituto Brasileiro de Geografia e Estat\u00edstica (IBGE) relativos ao primeiro semestre mostram que o abate de bovinos em Mato Grosso atingiu 2,18 milh\u00f5es de cabe\u00e7as, volume 3,6% inferior ao mesmo per\u00edodo do ano passado.<\/p>\n<p>Ao comentar a informa\u00e7\u00e3o, os t\u00e9cnicos do Instituto Mato-grossense de Economia Agropecu\u00e1ria (Imea) observam que a propor\u00e7\u00e3o de f\u00eameas nas escalas de abate cresceu 7,1 pontos no per\u00edodo, saindo de 34,3% para 41,4%.<\/p>\n<p>Segundo eles, a maior participa\u00e7\u00e3o de f\u00eameas se deve ao esfriamento no mercado de reposi\u00e7\u00e3o, que vem diminuindo a rentabilidade dos pecuaristas que trabalham com a cria e recria de bovinos, e levando a entregar as matrizes, a fim de gerar caixa.<\/p>\n<p>Eles destacam que os dados confirmam que a reten\u00e7\u00e3o de f\u00eameas n\u00e3o tem sido mais a realidade do mercado, \u201ce caso isto perdure, o aumento na oferta de f\u00eameas para abate pode pressionar o pre\u00e7o da arroba\u201d.<\/p>\n<p>Em rela\u00e7\u00e3o \u00e0 produ\u00e7\u00e3o de carne, o volume produzido em Mato Grosso no primeiro semestre somou 564,5 mil toneladas, volume 4,8% inferior a igual per\u00edodo do ano passado.<\/p>\n<p><a href=\"http:\/\/acrimat.org.br\/portal\/wp-content\/uploads\/2017\/09\/imea_ibge_boi.jpg\"><img fetchpriority=\"high\" decoding=\"async\" class=\"aligncenter wp-image-97983747\" src=\"http:\/\/acrimat.org.br\/portal\/wp-content\/uploads\/2017\/09\/imea_ibge_boi-300x169.jpg\" alt=\"\" width=\"500\" height=\"282\" srcset=\"https:\/\/acrimat.org.br\/portal\/wp-content\/uploads\/2017\/09\/imea_ibge_boi-300x169.jpg 300w, https:\/\/acrimat.org.br\/portal\/wp-content\/uploads\/2017\/09\/imea_ibge_boi-768x433.jpg 768w, https:\/\/acrimat.org.br\/portal\/wp-content\/uploads\/2017\/09\/imea_ibge_boi-250x141.jpg 250w, https:\/\/acrimat.org.br\/portal\/wp-content\/uploads\/2017\/09\/imea_ibge_boi-550x310.jpg 550w, https:\/\/acrimat.org.br\/portal\/wp-content\/uploads\/2017\/09\/imea_ibge_boi-319x180.jpg 319w, https:\/\/acrimat.org.br\/portal\/wp-content\/uploads\/2017\/09\/imea_ibge_boi-532x300.jpg 532w, https:\/\/acrimat.org.br\/portal\/wp-content\/uploads\/2017\/09\/imea_ibge_boi.jpg 780w\" sizes=\"(max-width: 500px) 100vw, 500px\" \/><\/a><\/p>\n<p>Os t\u00e9cnicos explicam que a redu\u00e7\u00e3o \u00e9 reflexo da Opera\u00e7\u00e3o Carne Fraca deflagrada em mar\u00e7o deste ano, bem como das incertezas pol\u00edticas e econ\u00f4micas, que pressionaram o pre\u00e7o da arroba e desestimularam os produtores a entregar os animais para abate.<\/p>\n<p>Um outro aspecto foi o aumento da participa\u00e7\u00e3o das f\u00eameas nas escalas dos frigor\u00edficos, que reduziram o rendimento de carca\u00e7a por animal. \u201cContudo, nota-se uma recupera\u00e7\u00e3o no pre\u00e7o da arroba nas \u00faltimas semanas, e aliado as entregas dos animais de confinamento podem contribuir para um aumento na oferta de animais e aumentar a produ\u00e7\u00e3o neste segundo semestre de 2017\u201d, dizem eles.<\/p>\n","protected":false},"excerpt":{"rendered":"<p>O resfriamento do mercado de reposi\u00e7\u00e3o reduziu a rentabilidade dos pecuaristas e aumentou o descarta de matrizes<\/p>\n","protected":false},"author":11,"featured_media":97979727,"comment_status":"closed","ping_status":"closed","sticky":false,"template":"","format":"standard","meta":{"footnotes":""},"categories":[6,1],"tags":[],"class_list":["post-97983746","post","type-post","status-publish","format-standard","has-post-thumbnail","hentry","category-destaque","category-noticia"],"yoast_head":"<!-- This site is optimized with the Yoast SEO plugin v24.8.1 - https:\/\/yoast.com\/wordpress\/plugins\/seo\/ -->\n<title>Abate de bovinos cai em MT com maior participa\u00e7\u00e3o de f\u00eameas - Acrimat<\/title>\n<meta name=\"robots\" content=\"index, follow, max-snippet:-1, max-image-preview:large, max-video-preview:-1\" \/>\n<link rel=\"canonical\" href=\"https:\/\/acrimat.org.br\/portal\/abate-de-bovinos-cai-em-mt-com-maior-participacao-de-femeas\/\" \/>\n<meta property=\"og:locale\" content=\"pt_BR\" \/>\n<meta property=\"og:type\" content=\"article\" \/>\n<meta property=\"og:title\" content=\"Abate de bovinos cai em MT com maior participa\u00e7\u00e3o de f\u00eameas - Acrimat\" \/>\n<meta property=\"og:description\" content=\"O resfriamento do mercado de reposi\u00e7\u00e3o reduziu a rentabilidade dos pecuaristas e aumentou o descarta de matrizes\" \/>\n<meta property=\"og:url\" content=\"https:\/\/acrimat.org.br\/portal\/abate-de-bovinos-cai-em-mt-com-maior-participacao-de-femeas\/\" \/>\n<meta property=\"og:site_name\" content=\"Acrimat\" \/>\n<meta property=\"article:published_time\" content=\"2017-09-26T13:12:27+00:00\" \/>\n<meta property=\"og:image\" content=\"https:\/\/acrimat.org.br\/portal\/wp-content\/uploads\/2017\/01\/ABATE.jpg\" \/>\n\t<meta property=\"og:image:width\" content=\"500\" \/>\n\t<meta property=\"og:image:height\" content=\"375\" \/>\n\t<meta property=\"og:image:type\" content=\"image\/jpeg\" \/>\n<meta name=\"author\" content=\"P\u00e9ricles C\u00e2ndido\" \/>\n<meta name=\"twitter:card\" content=\"summary_large_image\" \/>\n<meta name=\"twitter:label1\" content=\"Escrito por\" \/>\n\t<meta name=\"twitter:data1\" content=\"P\u00e9ricles C\u00e2ndido\" \/>\n\t<meta name=\"twitter:label2\" content=\"Est. tempo de leitura\" \/>\n\t<meta name=\"twitter:data2\" content=\"2 minutos\" \/>\n<script type=\"application\/ld+json\" class=\"yoast-schema-graph\">{\"@context\":\"https:\/\/schema.org\",\"@graph\":[{\"@type\":\"Article\",\"@id\":\"https:\/\/acrimat.org.br\/portal\/abate-de-bovinos-cai-em-mt-com-maior-participacao-de-femeas\/#article\",\"isPartOf\":{\"@id\":\"https:\/\/acrimat.org.br\/portal\/abate-de-bovinos-cai-em-mt-com-maior-participacao-de-femeas\/\"},\"author\":{\"name\":\"P\u00e9ricles C\u00e2ndido\",\"@id\":\"https:\/\/acrimat.org.br\/portal\/#\/schema\/person\/18df8bcf6890e924fe5d8b5afd2bec0f\"},\"headline\":\"Abate de bovinos cai em MT com maior participa\u00e7\u00e3o de f\u00eameas\",\"datePublished\":\"2017-09-26T13:12:27+00:00\",\"mainEntityOfPage\":{\"@id\":\"https:\/\/acrimat.org.br\/portal\/abate-de-bovinos-cai-em-mt-com-maior-participacao-de-femeas\/\"},\"wordCount\":316,\"publisher\":{\"@id\":\"https:\/\/acrimat.org.br\/portal\/#organization\"},\"image\":{\"@id\":\"https:\/\/acrimat.org.br\/portal\/abate-de-bovinos-cai-em-mt-com-maior-participacao-de-femeas\/#primaryimage\"},\"thumbnailUrl\":\"https:\/\/acrimat.org.br\/portal\/wp-content\/uploads\/2017\/01\/ABATE.jpg\",\"articleSection\":[\"Destaques\",\"Not\u00edcias\"],\"inLanguage\":\"pt-BR\"},{\"@type\":\"WebPage\",\"@id\":\"https:\/\/acrimat.org.br\/portal\/abate-de-bovinos-cai-em-mt-com-maior-participacao-de-femeas\/\",\"url\":\"https:\/\/acrimat.org.br\/portal\/abate-de-bovinos-cai-em-mt-com-maior-participacao-de-femeas\/\",\"name\":\"Abate de bovinos cai em MT com maior participa\u00e7\u00e3o de f\u00eameas - Acrimat\",\"isPartOf\":{\"@id\":\"https:\/\/acrimat.org.br\/portal\/#website\"},\"primaryImageOfPage\":{\"@id\":\"https:\/\/acrimat.org.br\/portal\/abate-de-bovinos-cai-em-mt-com-maior-participacao-de-femeas\/#primaryimage\"},\"image\":{\"@id\":\"https:\/\/acrimat.org.br\/portal\/abate-de-bovinos-cai-em-mt-com-maior-participacao-de-femeas\/#primaryimage\"},\"thumbnailUrl\":\"https:\/\/acrimat.org.br\/portal\/wp-content\/uploads\/2017\/01\/ABATE.jpg\",\"datePublished\":\"2017-09-26T13:12:27+00:00\",\"breadcrumb\":{\"@id\":\"https:\/\/acrimat.org.br\/portal\/abate-de-bovinos-cai-em-mt-com-maior-participacao-de-femeas\/#breadcrumb\"},\"inLanguage\":\"pt-BR\",\"potentialAction\":[{\"@type\":\"ReadAction\",\"target\":[\"https:\/\/acrimat.org.br\/portal\/abate-de-bovinos-cai-em-mt-com-maior-participacao-de-femeas\/\"]}]},{\"@type\":\"ImageObject\",\"inLanguage\":\"pt-BR\",\"@id\":\"https:\/\/acrimat.org.br\/portal\/abate-de-bovinos-cai-em-mt-com-maior-participacao-de-femeas\/#primaryimage\",\"url\":\"https:\/\/acrimat.org.br\/portal\/wp-content\/uploads\/2017\/01\/ABATE.jpg\",\"contentUrl\":\"https:\/\/acrimat.org.br\/portal\/wp-content\/uploads\/2017\/01\/ABATE.jpg\",\"width\":500,\"height\":375},{\"@type\":\"BreadcrumbList\",\"@id\":\"https:\/\/acrimat.org.br\/portal\/abate-de-bovinos-cai-em-mt-com-maior-participacao-de-femeas\/#breadcrumb\",\"itemListElement\":[{\"@type\":\"ListItem\",\"position\":1,\"name\":\"In\u00edcio\",\"item\":\"https:\/\/acrimat.org.br\/portal\/\"},{\"@type\":\"ListItem\",\"position\":2,\"name\":\"Abate de bovinos cai em MT com maior participa\u00e7\u00e3o de f\u00eameas\"}]},{\"@type\":\"WebSite\",\"@id\":\"https:\/\/acrimat.org.br\/portal\/#website\",\"url\":\"https:\/\/acrimat.org.br\/portal\/\",\"name\":\"Acrimat\",\"description\":\"Associa\u00e7\u00e3o dos Criadores de Mato Grosso\",\"publisher\":{\"@id\":\"https:\/\/acrimat.org.br\/portal\/#organization\"},\"potentialAction\":[{\"@type\":\"SearchAction\",\"target\":{\"@type\":\"EntryPoint\",\"urlTemplate\":\"https:\/\/acrimat.org.br\/portal\/?s={search_term_string}\"},\"query-input\":{\"@type\":\"PropertyValueSpecification\",\"valueRequired\":true,\"valueName\":\"search_term_string\"}}],\"inLanguage\":\"pt-BR\"},{\"@type\":\"Organization\",\"@id\":\"https:\/\/acrimat.org.br\/portal\/#organization\",\"name\":\"Associa\u00e7\u00e3o dos Criadores de Mato Grosso\",\"url\":\"https:\/\/acrimat.org.br\/portal\/\",\"logo\":{\"@type\":\"ImageObject\",\"inLanguage\":\"pt-BR\",\"@id\":\"https:\/\/acrimat.org.br\/portal\/#\/schema\/logo\/image\/\",\"url\":\"https:\/\/acrimat.org.br\/portal\/wp-content\/uploads\/2018\/03\/logo-peq-original.png\",\"contentUrl\":\"https:\/\/acrimat.org.br\/portal\/wp-content\/uploads\/2018\/03\/logo-peq-original.png\",\"width\":174,\"height\":171,\"caption\":\"Associa\u00e7\u00e3o dos Criadores de Mato Grosso\"},\"image\":{\"@id\":\"https:\/\/acrimat.org.br\/portal\/#\/schema\/logo\/image\/\"}},{\"@type\":\"Person\",\"@id\":\"https:\/\/acrimat.org.br\/portal\/#\/schema\/person\/18df8bcf6890e924fe5d8b5afd2bec0f\",\"name\":\"P\u00e9ricles C\u00e2ndido\",\"image\":{\"@type\":\"ImageObject\",\"inLanguage\":\"pt-BR\",\"@id\":\"https:\/\/acrimat.org.br\/portal\/#\/schema\/person\/image\/\",\"url\":\"https:\/\/secure.gravatar.com\/avatar\/33e2a2b971dc363ed2df53d0d3bfbd18?s=96&d=mm&r=g\",\"contentUrl\":\"https:\/\/secure.gravatar.com\/avatar\/33e2a2b971dc363ed2df53d0d3bfbd18?s=96&d=mm&r=g\",\"caption\":\"P\u00e9ricles C\u00e2ndido\"},\"sameAs\":[\"ascom@acrimat.org.br\"],\"url\":\"https:\/\/acrimat.org.br\/portal\/author\/designergrafico\/\"}]}<\/script>\n<!-- \/ Yoast SEO plugin. -->","yoast_head_json":{"title":"Abate de bovinos cai em MT com maior participa\u00e7\u00e3o de f\u00eameas - Acrimat","robots":{"index":"index","follow":"follow","max-snippet":"max-snippet:-1","max-image-preview":"max-image-preview:large","max-video-preview":"max-video-preview:-1"},"canonical":"https:\/\/acrimat.org.br\/portal\/abate-de-bovinos-cai-em-mt-com-maior-participacao-de-femeas\/","og_locale":"pt_BR","og_type":"article","og_title":"Abate de bovinos cai em MT com maior participa\u00e7\u00e3o de f\u00eameas - Acrimat","og_description":"O resfriamento do mercado de reposi\u00e7\u00e3o reduziu a rentabilidade dos pecuaristas e aumentou o descarta de matrizes","og_url":"https:\/\/acrimat.org.br\/portal\/abate-de-bovinos-cai-em-mt-com-maior-participacao-de-femeas\/","og_site_name":"Acrimat","article_published_time":"2017-09-26T13:12:27+00:00","og_image":[{"width":500,"height":375,"url":"https:\/\/acrimat.org.br\/portal\/wp-content\/uploads\/2017\/01\/ABATE.jpg","type":"image\/jpeg"}],"author":"P\u00e9ricles C\u00e2ndido","twitter_card":"summary_large_image","twitter_misc":{"Escrito por":"P\u00e9ricles C\u00e2ndido","Est. tempo de leitura":"2 minutos"},"schema":{"@context":"https:\/\/schema.org","@graph":[{"@type":"Article","@id":"https:\/\/acrimat.org.br\/portal\/abate-de-bovinos-cai-em-mt-com-maior-participacao-de-femeas\/#article","isPartOf":{"@id":"https:\/\/acrimat.org.br\/portal\/abate-de-bovinos-cai-em-mt-com-maior-participacao-de-femeas\/"},"author":{"name":"P\u00e9ricles C\u00e2ndido","@id":"https:\/\/acrimat.org.br\/portal\/#\/schema\/person\/18df8bcf6890e924fe5d8b5afd2bec0f"},"headline":"Abate de bovinos cai em MT com maior participa\u00e7\u00e3o de f\u00eameas","datePublished":"2017-09-26T13:12:27+00:00","mainEntityOfPage":{"@id":"https:\/\/acrimat.org.br\/portal\/abate-de-bovinos-cai-em-mt-com-maior-participacao-de-femeas\/"},"wordCount":316,"publisher":{"@id":"https:\/\/acrimat.org.br\/portal\/#organization"},"image":{"@id":"https:\/\/acrimat.org.br\/portal\/abate-de-bovinos-cai-em-mt-com-maior-participacao-de-femeas\/#primaryimage"},"thumbnailUrl":"https:\/\/acrimat.org.br\/portal\/wp-content\/uploads\/2017\/01\/ABATE.jpg","articleSection":["Destaques","Not\u00edcias"],"inLanguage":"pt-BR"},{"@type":"WebPage","@id":"https:\/\/acrimat.org.br\/portal\/abate-de-bovinos-cai-em-mt-com-maior-participacao-de-femeas\/","url":"https:\/\/acrimat.org.br\/portal\/abate-de-bovinos-cai-em-mt-com-maior-participacao-de-femeas\/","name":"Abate de bovinos cai em MT com maior participa\u00e7\u00e3o de f\u00eameas - Acrimat","isPartOf":{"@id":"https:\/\/acrimat.org.br\/portal\/#website"},"primaryImageOfPage":{"@id":"https:\/\/acrimat.org.br\/portal\/abate-de-bovinos-cai-em-mt-com-maior-participacao-de-femeas\/#primaryimage"},"image":{"@id":"https:\/\/acrimat.org.br\/portal\/abate-de-bovinos-cai-em-mt-com-maior-participacao-de-femeas\/#primaryimage"},"thumbnailUrl":"https:\/\/acrimat.org.br\/portal\/wp-content\/uploads\/2017\/01\/ABATE.jpg","datePublished":"2017-09-26T13:12:27+00:00","breadcrumb":{"@id":"https:\/\/acrimat.org.br\/portal\/abate-de-bovinos-cai-em-mt-com-maior-participacao-de-femeas\/#breadcrumb"},"inLanguage":"pt-BR","potentialAction":[{"@type":"ReadAction","target":["https:\/\/acrimat.org.br\/portal\/abate-de-bovinos-cai-em-mt-com-maior-participacao-de-femeas\/"]}]},{"@type":"ImageObject","inLanguage":"pt-BR","@id":"https:\/\/acrimat.org.br\/portal\/abate-de-bovinos-cai-em-mt-com-maior-participacao-de-femeas\/#primaryimage","url":"https:\/\/acrimat.org.br\/portal\/wp-content\/uploads\/2017\/01\/ABATE.jpg","contentUrl":"https:\/\/acrimat.org.br\/portal\/wp-content\/uploads\/2017\/01\/ABATE.jpg","width":500,"height":375},{"@type":"BreadcrumbList","@id":"https:\/\/acrimat.org.br\/portal\/abate-de-bovinos-cai-em-mt-com-maior-participacao-de-femeas\/#breadcrumb","itemListElement":[{"@type":"ListItem","position":1,"name":"In\u00edcio","item":"https:\/\/acrimat.org.br\/portal\/"},{"@type":"ListItem","position":2,"name":"Abate de bovinos cai em MT com maior participa\u00e7\u00e3o de f\u00eameas"}]},{"@type":"WebSite","@id":"https:\/\/acrimat.org.br\/portal\/#website","url":"https:\/\/acrimat.org.br\/portal\/","name":"Acrimat","description":"Associa\u00e7\u00e3o dos Criadores de Mato Grosso","publisher":{"@id":"https:\/\/acrimat.org.br\/portal\/#organization"},"potentialAction":[{"@type":"SearchAction","target":{"@type":"EntryPoint","urlTemplate":"https:\/\/acrimat.org.br\/portal\/?s={search_term_string}"},"query-input":{"@type":"PropertyValueSpecification","valueRequired":true,"valueName":"search_term_string"}}],"inLanguage":"pt-BR"},{"@type":"Organization","@id":"https:\/\/acrimat.org.br\/portal\/#organization","name":"Associa\u00e7\u00e3o dos Criadores de Mato Grosso","url":"https:\/\/acrimat.org.br\/portal\/","logo":{"@type":"ImageObject","inLanguage":"pt-BR","@id":"https:\/\/acrimat.org.br\/portal\/#\/schema\/logo\/image\/","url":"https:\/\/acrimat.org.br\/portal\/wp-content\/uploads\/2018\/03\/logo-peq-original.png","contentUrl":"https:\/\/acrimat.org.br\/portal\/wp-content\/uploads\/2018\/03\/logo-peq-original.png","width":174,"height":171,"caption":"Associa\u00e7\u00e3o dos Criadores de Mato Grosso"},"image":{"@id":"https:\/\/acrimat.org.br\/portal\/#\/schema\/logo\/image\/"}},{"@type":"Person","@id":"https:\/\/acrimat.org.br\/portal\/#\/schema\/person\/18df8bcf6890e924fe5d8b5afd2bec0f","name":"P\u00e9ricles C\u00e2ndido","image":{"@type":"ImageObject","inLanguage":"pt-BR","@id":"https:\/\/acrimat.org.br\/portal\/#\/schema\/person\/image\/","url":"https:\/\/secure.gravatar.com\/avatar\/33e2a2b971dc363ed2df53d0d3bfbd18?s=96&d=mm&r=g","contentUrl":"https:\/\/secure.gravatar.com\/avatar\/33e2a2b971dc363ed2df53d0d3bfbd18?s=96&d=mm&r=g","caption":"P\u00e9ricles C\u00e2ndido"},"sameAs":["ascom@acrimat.org.br"],"url":"https:\/\/acrimat.org.br\/portal\/author\/designergrafico\/"}]}},"_links":{"self":[{"href":"https:\/\/acrimat.org.br\/portal\/wp-json\/wp\/v2\/posts\/97983746","targetHints":{"allow":["GET"]}}],"collection":[{"href":"https:\/\/acrimat.org.br\/portal\/wp-json\/wp\/v2\/posts"}],"about":[{"href":"https:\/\/acrimat.org.br\/portal\/wp-json\/wp\/v2\/types\/post"}],"author":[{"embeddable":true,"href":"https:\/\/acrimat.org.br\/portal\/wp-json\/wp\/v2\/users\/11"}],"replies":[{"embeddable":true,"href":"https:\/\/acrimat.org.br\/portal\/wp-json\/wp\/v2\/comments?post=97983746"}],"version-history":[{"count":2,"href":"https:\/\/acrimat.org.br\/portal\/wp-json\/wp\/v2\/posts\/97983746\/revisions"}],"predecessor-version":[{"id":97983749,"href":"https:\/\/acrimat.org.br\/portal\/wp-json\/wp\/v2\/posts\/97983746\/revisions\/97983749"}],"wp:featuredmedia":[{"embeddable":true,"href":"https:\/\/acrimat.org.br\/portal\/wp-json\/wp\/v2\/media\/97979727"}],"wp:attachment":[{"href":"https:\/\/acrimat.org.br\/portal\/wp-json\/wp\/v2\/media?parent=97983746"}],"wp:term":[{"taxonomy":"category","embeddable":true,"href":"https:\/\/acrimat.org.br\/portal\/wp-json\/wp\/v2\/categories?post=97983746"},{"taxonomy":"post_tag","embeddable":true,"href":"https:\/\/acrimat.org.br\/portal\/wp-json\/wp\/v2\/tags?post=97983746"}],"curies":[{"name":"wp","href":"https:\/\/api.w.org\/{rel}","templated":true}]}}