{"id":97983758,"date":"2017-09-27T10:47:38","date_gmt":"2017-09-27T13:47:38","guid":{"rendered":"http:\/\/acrimat.org.br\/portal\/?p=97983758"},"modified":"2017-09-27T10:47:38","modified_gmt":"2017-09-27T13:47:38","slug":"agropecuaria-vai-passar-por-onda-de-rejuvenescimento-diz-ex-ministro","status":"publish","type":"post","link":"https:\/\/acrimat.org.br\/portal\/agropecuaria-vai-passar-por-onda-de-rejuvenescimento-diz-ex-ministro\/","title":{"rendered":"Agropecu\u00e1ria vai passar por onda de rejuvenescimento, diz ex-ministro"},"content":{"rendered":"<div id=\"attachment_97983759\" style=\"width: 310px\" class=\"wp-caption alignleft\"><a href=\"http:\/\/acrimat.org.br\/portal\/wp-content\/uploads\/2017\/09\/16113544.jpeg\"><img fetchpriority=\"high\" decoding=\"async\" aria-describedby=\"caption-attachment-97983759\" class=\"wp-image-97983759 size-medium\" src=\"http:\/\/acrimat.org.br\/portal\/wp-content\/uploads\/2017\/09\/16113544-300x198.jpeg\" alt=\"\" width=\"300\" height=\"198\" srcset=\"https:\/\/acrimat.org.br\/portal\/wp-content\/uploads\/2017\/09\/16113544-300x198.jpeg 300w, https:\/\/acrimat.org.br\/portal\/wp-content\/uploads\/2017\/09\/16113544-250x165.jpeg 250w, https:\/\/acrimat.org.br\/portal\/wp-content\/uploads\/2017\/09\/16113544-550x363.jpeg 550w, https:\/\/acrimat.org.br\/portal\/wp-content\/uploads\/2017\/09\/16113544-273x180.jpeg 273w, https:\/\/acrimat.org.br\/portal\/wp-content\/uploads\/2017\/09\/16113544-455x300.jpeg 455w, https:\/\/acrimat.org.br\/portal\/wp-content\/uploads\/2017\/09\/16113544.jpeg 620w\" sizes=\"(max-width: 300px) 100vw, 300px\" \/><\/a><p id=\"caption-attachment-97983759\" class=\"wp-caption-text\">Roberto Rodrigues, ex-ministro da Agricultura (Foto: Reinaldo Canato &#8211; UOL)<\/p><\/div>\n<p>A agropecu\u00e1ria brasileira evoluiu muito nos \u00faltimos anos. Produziu mais, abasteceu o mercado interno de alimentos e ganhou amplo espa\u00e7o no exterior.<\/p>\n<p>Est\u00e1 chegando, no entanto, a hora de os mentores dessa agropecu\u00e1ria sa\u00edrem de campo e deixarem espa\u00e7o para os sucessores.<\/p>\n<p>E esse ser\u00e1 um dos principais desafios do setor a partir de agora, segundo Roberto Rodrigues, ex-ministro da Agricultura e presidente do Lide Agroneg\u00f3cio.<\/p>\n<p>Rodrigues, que coordena semin\u00e1rio sobre o assunto no pr\u00f3ximo s\u00e1bado (30) em Campinas (SP), diz que a sucess\u00e3o, apesar de eventuais dificuldades, poder\u00e1 dar novo \u00e2nimo ao setor.<\/p>\n<p>A nova agricultura \u00e9 dependente de tecnologia, e a lideran\u00e7a agr\u00edcola que est\u00e1 por vir est\u00e1 mais ligada \u00e0 essa nova tend\u00eancia do que os que saem de comando.<\/p>\n<p>Essa sucess\u00e3o deve ocorrer em todos os segmentos do agroneg\u00f3cio, segundo ele.<\/p>\n<p>Come\u00e7a dentro da porteira, na sucess\u00e3o de comando das fazendas. Passa pelas empresas do agroneg\u00f3cio e deve atingir tamb\u00e9m as institui\u00e7\u00f5es e as associa\u00e7\u00f5es representantes de classes do setor.<\/p>\n<p>A sucess\u00e3o deve abrir novos campos para o uso de tecnologia, tanto no controle interno das propriedades como na gest\u00e3o financeira e na gest\u00e3o ambiental.<\/p>\n<p>N\u00e3o h\u00e1 um modelo \u00fanico de gest\u00e3o no pa\u00eds, devido \u00e0s dist\u00e2ncias e diversidades regionais. Uma gest\u00e3o com base na tecnologia dever\u00e1 estar presente em todas essas regi\u00f5es.<\/p>\n<p>&#8220;Vem vindo uma onda que vai determinar um rejuvenescimento da agropecu\u00e1ria brasileira&#8221;, diz Rodrigues.<\/p>\n<p>&#8221;As novas lideran\u00e7as j\u00e1 nasceram dentro da tecnologia, e esta vai permitir gest\u00f5es financeiras, de recursos e ambiental rejuvenescidas.&#8221;<\/p>\n<p>O ex-ministro destaca ainda a necessidade de uma boa sucess\u00e3o empresarial para que haja uma continuidade saud\u00e1vel das atividades das empresas. Ele cita exemplos que j\u00e1 se concretizaram como os da Jacto, empresa de S\u00e3o Paulo do segmento de m\u00e1quinas, e da cooperativa Cocamar, de Maring\u00e1 (PR).<\/p>\n<p>A sucess\u00e3o tem de passar tamb\u00e9m pelas institui\u00e7\u00f5es ligadas ao agroneg\u00f3cio. Rodrigues destaca que algumas das modernas associa\u00e7\u00f5es j\u00e1 exigem a troca constante de lideran\u00e7as para que haja uma renova\u00e7\u00e3o de ideias.<\/p>\n","protected":false},"excerpt":{"rendered":"<p>A agropecu\u00e1ria brasileira evoluiu muito nos \u00faltimos anos. Produziu mais, abasteceu o mercado interno de alimentos e ganhou amplo espa\u00e7o no exterior. Est\u00e1 chegando, no entanto, a hora de os mentores dessa agropecu\u00e1ria sa\u00edrem de campo e deixarem espa\u00e7o para os sucessores. E esse ser\u00e1 um dos principais desafios do setor a partir de agora, [&hellip;]<\/p>\n","protected":false},"author":11,"featured_media":97983759,"comment_status":"closed","ping_status":"closed","sticky":false,"template":"","format":"standard","meta":{"footnotes":""},"categories":[6,1],"tags":[],"class_list":["post-97983758","post","type-post","status-publish","format-standard","has-post-thumbnail","hentry","category-destaque","category-noticia"],"yoast_head":"<!-- This site is optimized with the Yoast SEO plugin v24.8.1 - https:\/\/yoast.com\/wordpress\/plugins\/seo\/ -->\n<title>Agropecu\u00e1ria vai passar por onda de rejuvenescimento, diz ex-ministro - Acrimat<\/title>\n<meta name=\"robots\" content=\"index, follow, max-snippet:-1, max-image-preview:large, max-video-preview:-1\" \/>\n<link rel=\"canonical\" href=\"https:\/\/acrimat.org.br\/portal\/agropecuaria-vai-passar-por-onda-de-rejuvenescimento-diz-ex-ministro\/\" \/>\n<meta property=\"og:locale\" content=\"pt_BR\" \/>\n<meta property=\"og:type\" content=\"article\" \/>\n<meta property=\"og:title\" content=\"Agropecu\u00e1ria vai passar por onda de rejuvenescimento, diz ex-ministro - Acrimat\" \/>\n<meta property=\"og:description\" content=\"A agropecu\u00e1ria brasileira evoluiu muito nos \u00faltimos anos. Produziu mais, abasteceu o mercado interno de alimentos e ganhou amplo espa\u00e7o no exterior. Est\u00e1 chegando, no entanto, a hora de os mentores dessa agropecu\u00e1ria sa\u00edrem de campo e deixarem espa\u00e7o para os sucessores. E esse ser\u00e1 um dos principais desafios do setor a partir de agora, [&hellip;]\" \/>\n<meta property=\"og:url\" content=\"https:\/\/acrimat.org.br\/portal\/agropecuaria-vai-passar-por-onda-de-rejuvenescimento-diz-ex-ministro\/\" \/>\n<meta property=\"og:site_name\" content=\"Acrimat\" \/>\n<meta property=\"article:published_time\" content=\"2017-09-27T13:47:38+00:00\" \/>\n<meta property=\"og:image\" content=\"https:\/\/acrimat.org.br\/portal\/wp-content\/uploads\/2017\/09\/16113544.jpeg\" \/>\n\t<meta property=\"og:image:width\" content=\"620\" \/>\n\t<meta property=\"og:image:height\" content=\"409\" \/>\n\t<meta property=\"og:image:type\" content=\"image\/jpeg\" \/>\n<meta name=\"author\" content=\"P\u00e9ricles C\u00e2ndido\" \/>\n<meta name=\"twitter:card\" content=\"summary_large_image\" \/>\n<meta name=\"twitter:label1\" content=\"Escrito por\" \/>\n\t<meta name=\"twitter:data1\" content=\"P\u00e9ricles C\u00e2ndido\" \/>\n\t<meta name=\"twitter:label2\" content=\"Est. tempo de leitura\" \/>\n\t<meta name=\"twitter:data2\" content=\"2 minutos\" \/>\n<script type=\"application\/ld+json\" class=\"yoast-schema-graph\">{\"@context\":\"https:\/\/schema.org\",\"@graph\":[{\"@type\":\"Article\",\"@id\":\"https:\/\/acrimat.org.br\/portal\/agropecuaria-vai-passar-por-onda-de-rejuvenescimento-diz-ex-ministro\/#article\",\"isPartOf\":{\"@id\":\"https:\/\/acrimat.org.br\/portal\/agropecuaria-vai-passar-por-onda-de-rejuvenescimento-diz-ex-ministro\/\"},\"author\":{\"name\":\"P\u00e9ricles C\u00e2ndido\",\"@id\":\"https:\/\/acrimat.org.br\/portal\/#\/schema\/person\/18df8bcf6890e924fe5d8b5afd2bec0f\"},\"headline\":\"Agropecu\u00e1ria vai passar por onda de rejuvenescimento, diz ex-ministro\",\"datePublished\":\"2017-09-27T13:47:38+00:00\",\"mainEntityOfPage\":{\"@id\":\"https:\/\/acrimat.org.br\/portal\/agropecuaria-vai-passar-por-onda-de-rejuvenescimento-diz-ex-ministro\/\"},\"wordCount\":397,\"publisher\":{\"@id\":\"https:\/\/acrimat.org.br\/portal\/#organization\"},\"image\":{\"@id\":\"https:\/\/acrimat.org.br\/portal\/agropecuaria-vai-passar-por-onda-de-rejuvenescimento-diz-ex-ministro\/#primaryimage\"},\"thumbnailUrl\":\"https:\/\/acrimat.org.br\/portal\/wp-content\/uploads\/2017\/09\/16113544.jpeg\",\"articleSection\":[\"Destaques\",\"Not\u00edcias\"],\"inLanguage\":\"pt-BR\"},{\"@type\":\"WebPage\",\"@id\":\"https:\/\/acrimat.org.br\/portal\/agropecuaria-vai-passar-por-onda-de-rejuvenescimento-diz-ex-ministro\/\",\"url\":\"https:\/\/acrimat.org.br\/portal\/agropecuaria-vai-passar-por-onda-de-rejuvenescimento-diz-ex-ministro\/\",\"name\":\"Agropecu\u00e1ria vai passar por onda de rejuvenescimento, diz ex-ministro - Acrimat\",\"isPartOf\":{\"@id\":\"https:\/\/acrimat.org.br\/portal\/#website\"},\"primaryImageOfPage\":{\"@id\":\"https:\/\/acrimat.org.br\/portal\/agropecuaria-vai-passar-por-onda-de-rejuvenescimento-diz-ex-ministro\/#primaryimage\"},\"image\":{\"@id\":\"https:\/\/acrimat.org.br\/portal\/agropecuaria-vai-passar-por-onda-de-rejuvenescimento-diz-ex-ministro\/#primaryimage\"},\"thumbnailUrl\":\"https:\/\/acrimat.org.br\/portal\/wp-content\/uploads\/2017\/09\/16113544.jpeg\",\"datePublished\":\"2017-09-27T13:47:38+00:00\",\"breadcrumb\":{\"@id\":\"https:\/\/acrimat.org.br\/portal\/agropecuaria-vai-passar-por-onda-de-rejuvenescimento-diz-ex-ministro\/#breadcrumb\"},\"inLanguage\":\"pt-BR\",\"potentialAction\":[{\"@type\":\"ReadAction\",\"target\":[\"https:\/\/acrimat.org.br\/portal\/agropecuaria-vai-passar-por-onda-de-rejuvenescimento-diz-ex-ministro\/\"]}]},{\"@type\":\"ImageObject\",\"inLanguage\":\"pt-BR\",\"@id\":\"https:\/\/acrimat.org.br\/portal\/agropecuaria-vai-passar-por-onda-de-rejuvenescimento-diz-ex-ministro\/#primaryimage\",\"url\":\"https:\/\/acrimat.org.br\/portal\/wp-content\/uploads\/2017\/09\/16113544.jpeg\",\"contentUrl\":\"https:\/\/acrimat.org.br\/portal\/wp-content\/uploads\/2017\/09\/16113544.jpeg\",\"width\":620,\"height\":409,\"caption\":\"Roberto Rodrigues, ex-ministro da Agricultura\"},{\"@type\":\"BreadcrumbList\",\"@id\":\"https:\/\/acrimat.org.br\/portal\/agropecuaria-vai-passar-por-onda-de-rejuvenescimento-diz-ex-ministro\/#breadcrumb\",\"itemListElement\":[{\"@type\":\"ListItem\",\"position\":1,\"name\":\"In\u00edcio\",\"item\":\"https:\/\/acrimat.org.br\/portal\/\"},{\"@type\":\"ListItem\",\"position\":2,\"name\":\"Agropecu\u00e1ria vai passar por onda de rejuvenescimento, diz ex-ministro\"}]},{\"@type\":\"WebSite\",\"@id\":\"https:\/\/acrimat.org.br\/portal\/#website\",\"url\":\"https:\/\/acrimat.org.br\/portal\/\",\"name\":\"Acrimat\",\"description\":\"Associa\u00e7\u00e3o dos Criadores de Mato Grosso\",\"publisher\":{\"@id\":\"https:\/\/acrimat.org.br\/portal\/#organization\"},\"potentialAction\":[{\"@type\":\"SearchAction\",\"target\":{\"@type\":\"EntryPoint\",\"urlTemplate\":\"https:\/\/acrimat.org.br\/portal\/?s={search_term_string}\"},\"query-input\":{\"@type\":\"PropertyValueSpecification\",\"valueRequired\":true,\"valueName\":\"search_term_string\"}}],\"inLanguage\":\"pt-BR\"},{\"@type\":\"Organization\",\"@id\":\"https:\/\/acrimat.org.br\/portal\/#organization\",\"name\":\"Associa\u00e7\u00e3o dos Criadores de Mato Grosso\",\"url\":\"https:\/\/acrimat.org.br\/portal\/\",\"logo\":{\"@type\":\"ImageObject\",\"inLanguage\":\"pt-BR\",\"@id\":\"https:\/\/acrimat.org.br\/portal\/#\/schema\/logo\/image\/\",\"url\":\"https:\/\/acrimat.org.br\/portal\/wp-content\/uploads\/2018\/03\/logo-peq-original.png\",\"contentUrl\":\"https:\/\/acrimat.org.br\/portal\/wp-content\/uploads\/2018\/03\/logo-peq-original.png\",\"width\":174,\"height\":171,\"caption\":\"Associa\u00e7\u00e3o dos Criadores de Mato Grosso\"},\"image\":{\"@id\":\"https:\/\/acrimat.org.br\/portal\/#\/schema\/logo\/image\/\"}},{\"@type\":\"Person\",\"@id\":\"https:\/\/acrimat.org.br\/portal\/#\/schema\/person\/18df8bcf6890e924fe5d8b5afd2bec0f\",\"name\":\"P\u00e9ricles C\u00e2ndido\",\"image\":{\"@type\":\"ImageObject\",\"inLanguage\":\"pt-BR\",\"@id\":\"https:\/\/acrimat.org.br\/portal\/#\/schema\/person\/image\/\",\"url\":\"https:\/\/secure.gravatar.com\/avatar\/33e2a2b971dc363ed2df53d0d3bfbd18?s=96&d=mm&r=g\",\"contentUrl\":\"https:\/\/secure.gravatar.com\/avatar\/33e2a2b971dc363ed2df53d0d3bfbd18?s=96&d=mm&r=g\",\"caption\":\"P\u00e9ricles C\u00e2ndido\"},\"sameAs\":[\"ascom@acrimat.org.br\"],\"url\":\"https:\/\/acrimat.org.br\/portal\/author\/designergrafico\/\"}]}<\/script>\n<!-- \/ Yoast SEO plugin. -->","yoast_head_json":{"title":"Agropecu\u00e1ria vai passar por onda de rejuvenescimento, diz ex-ministro - Acrimat","robots":{"index":"index","follow":"follow","max-snippet":"max-snippet:-1","max-image-preview":"max-image-preview:large","max-video-preview":"max-video-preview:-1"},"canonical":"https:\/\/acrimat.org.br\/portal\/agropecuaria-vai-passar-por-onda-de-rejuvenescimento-diz-ex-ministro\/","og_locale":"pt_BR","og_type":"article","og_title":"Agropecu\u00e1ria vai passar por onda de rejuvenescimento, diz ex-ministro - Acrimat","og_description":"A agropecu\u00e1ria brasileira evoluiu muito nos \u00faltimos anos. Produziu mais, abasteceu o mercado interno de alimentos e ganhou amplo espa\u00e7o no exterior. Est\u00e1 chegando, no entanto, a hora de os mentores dessa agropecu\u00e1ria sa\u00edrem de campo e deixarem espa\u00e7o para os sucessores. E esse ser\u00e1 um dos principais desafios do setor a partir de agora, [&hellip;]","og_url":"https:\/\/acrimat.org.br\/portal\/agropecuaria-vai-passar-por-onda-de-rejuvenescimento-diz-ex-ministro\/","og_site_name":"Acrimat","article_published_time":"2017-09-27T13:47:38+00:00","og_image":[{"width":620,"height":409,"url":"https:\/\/acrimat.org.br\/portal\/wp-content\/uploads\/2017\/09\/16113544.jpeg","type":"image\/jpeg"}],"author":"P\u00e9ricles C\u00e2ndido","twitter_card":"summary_large_image","twitter_misc":{"Escrito por":"P\u00e9ricles C\u00e2ndido","Est. tempo de leitura":"2 minutos"},"schema":{"@context":"https:\/\/schema.org","@graph":[{"@type":"Article","@id":"https:\/\/acrimat.org.br\/portal\/agropecuaria-vai-passar-por-onda-de-rejuvenescimento-diz-ex-ministro\/#article","isPartOf":{"@id":"https:\/\/acrimat.org.br\/portal\/agropecuaria-vai-passar-por-onda-de-rejuvenescimento-diz-ex-ministro\/"},"author":{"name":"P\u00e9ricles C\u00e2ndido","@id":"https:\/\/acrimat.org.br\/portal\/#\/schema\/person\/18df8bcf6890e924fe5d8b5afd2bec0f"},"headline":"Agropecu\u00e1ria vai passar por onda de rejuvenescimento, diz ex-ministro","datePublished":"2017-09-27T13:47:38+00:00","mainEntityOfPage":{"@id":"https:\/\/acrimat.org.br\/portal\/agropecuaria-vai-passar-por-onda-de-rejuvenescimento-diz-ex-ministro\/"},"wordCount":397,"publisher":{"@id":"https:\/\/acrimat.org.br\/portal\/#organization"},"image":{"@id":"https:\/\/acrimat.org.br\/portal\/agropecuaria-vai-passar-por-onda-de-rejuvenescimento-diz-ex-ministro\/#primaryimage"},"thumbnailUrl":"https:\/\/acrimat.org.br\/portal\/wp-content\/uploads\/2017\/09\/16113544.jpeg","articleSection":["Destaques","Not\u00edcias"],"inLanguage":"pt-BR"},{"@type":"WebPage","@id":"https:\/\/acrimat.org.br\/portal\/agropecuaria-vai-passar-por-onda-de-rejuvenescimento-diz-ex-ministro\/","url":"https:\/\/acrimat.org.br\/portal\/agropecuaria-vai-passar-por-onda-de-rejuvenescimento-diz-ex-ministro\/","name":"Agropecu\u00e1ria vai passar por onda de rejuvenescimento, diz ex-ministro - Acrimat","isPartOf":{"@id":"https:\/\/acrimat.org.br\/portal\/#website"},"primaryImageOfPage":{"@id":"https:\/\/acrimat.org.br\/portal\/agropecuaria-vai-passar-por-onda-de-rejuvenescimento-diz-ex-ministro\/#primaryimage"},"image":{"@id":"https:\/\/acrimat.org.br\/portal\/agropecuaria-vai-passar-por-onda-de-rejuvenescimento-diz-ex-ministro\/#primaryimage"},"thumbnailUrl":"https:\/\/acrimat.org.br\/portal\/wp-content\/uploads\/2017\/09\/16113544.jpeg","datePublished":"2017-09-27T13:47:38+00:00","breadcrumb":{"@id":"https:\/\/acrimat.org.br\/portal\/agropecuaria-vai-passar-por-onda-de-rejuvenescimento-diz-ex-ministro\/#breadcrumb"},"inLanguage":"pt-BR","potentialAction":[{"@type":"ReadAction","target":["https:\/\/acrimat.org.br\/portal\/agropecuaria-vai-passar-por-onda-de-rejuvenescimento-diz-ex-ministro\/"]}]},{"@type":"ImageObject","inLanguage":"pt-BR","@id":"https:\/\/acrimat.org.br\/portal\/agropecuaria-vai-passar-por-onda-de-rejuvenescimento-diz-ex-ministro\/#primaryimage","url":"https:\/\/acrimat.org.br\/portal\/wp-content\/uploads\/2017\/09\/16113544.jpeg","contentUrl":"https:\/\/acrimat.org.br\/portal\/wp-content\/uploads\/2017\/09\/16113544.jpeg","width":620,"height":409,"caption":"Roberto Rodrigues, ex-ministro da Agricultura"},{"@type":"BreadcrumbList","@id":"https:\/\/acrimat.org.br\/portal\/agropecuaria-vai-passar-por-onda-de-rejuvenescimento-diz-ex-ministro\/#breadcrumb","itemListElement":[{"@type":"ListItem","position":1,"name":"In\u00edcio","item":"https:\/\/acrimat.org.br\/portal\/"},{"@type":"ListItem","position":2,"name":"Agropecu\u00e1ria vai passar por onda de rejuvenescimento, diz ex-ministro"}]},{"@type":"WebSite","@id":"https:\/\/acrimat.org.br\/portal\/#website","url":"https:\/\/acrimat.org.br\/portal\/","name":"Acrimat","description":"Associa\u00e7\u00e3o dos Criadores de Mato Grosso","publisher":{"@id":"https:\/\/acrimat.org.br\/portal\/#organization"},"potentialAction":[{"@type":"SearchAction","target":{"@type":"EntryPoint","urlTemplate":"https:\/\/acrimat.org.br\/portal\/?s={search_term_string}"},"query-input":{"@type":"PropertyValueSpecification","valueRequired":true,"valueName":"search_term_string"}}],"inLanguage":"pt-BR"},{"@type":"Organization","@id":"https:\/\/acrimat.org.br\/portal\/#organization","name":"Associa\u00e7\u00e3o dos Criadores de Mato Grosso","url":"https:\/\/acrimat.org.br\/portal\/","logo":{"@type":"ImageObject","inLanguage":"pt-BR","@id":"https:\/\/acrimat.org.br\/portal\/#\/schema\/logo\/image\/","url":"https:\/\/acrimat.org.br\/portal\/wp-content\/uploads\/2018\/03\/logo-peq-original.png","contentUrl":"https:\/\/acrimat.org.br\/portal\/wp-content\/uploads\/2018\/03\/logo-peq-original.png","width":174,"height":171,"caption":"Associa\u00e7\u00e3o dos Criadores de Mato Grosso"},"image":{"@id":"https:\/\/acrimat.org.br\/portal\/#\/schema\/logo\/image\/"}},{"@type":"Person","@id":"https:\/\/acrimat.org.br\/portal\/#\/schema\/person\/18df8bcf6890e924fe5d8b5afd2bec0f","name":"P\u00e9ricles C\u00e2ndido","image":{"@type":"ImageObject","inLanguage":"pt-BR","@id":"https:\/\/acrimat.org.br\/portal\/#\/schema\/person\/image\/","url":"https:\/\/secure.gravatar.com\/avatar\/33e2a2b971dc363ed2df53d0d3bfbd18?s=96&d=mm&r=g","contentUrl":"https:\/\/secure.gravatar.com\/avatar\/33e2a2b971dc363ed2df53d0d3bfbd18?s=96&d=mm&r=g","caption":"P\u00e9ricles C\u00e2ndido"},"sameAs":["ascom@acrimat.org.br"],"url":"https:\/\/acrimat.org.br\/portal\/author\/designergrafico\/"}]}},"_links":{"self":[{"href":"https:\/\/acrimat.org.br\/portal\/wp-json\/wp\/v2\/posts\/97983758","targetHints":{"allow":["GET"]}}],"collection":[{"href":"https:\/\/acrimat.org.br\/portal\/wp-json\/wp\/v2\/posts"}],"about":[{"href":"https:\/\/acrimat.org.br\/portal\/wp-json\/wp\/v2\/types\/post"}],"author":[{"embeddable":true,"href":"https:\/\/acrimat.org.br\/portal\/wp-json\/wp\/v2\/users\/11"}],"replies":[{"embeddable":true,"href":"https:\/\/acrimat.org.br\/portal\/wp-json\/wp\/v2\/comments?post=97983758"}],"version-history":[{"count":2,"href":"https:\/\/acrimat.org.br\/portal\/wp-json\/wp\/v2\/posts\/97983758\/revisions"}],"predecessor-version":[{"id":97983761,"href":"https:\/\/acrimat.org.br\/portal\/wp-json\/wp\/v2\/posts\/97983758\/revisions\/97983761"}],"wp:featuredmedia":[{"embeddable":true,"href":"https:\/\/acrimat.org.br\/portal\/wp-json\/wp\/v2\/media\/97983759"}],"wp:attachment":[{"href":"https:\/\/acrimat.org.br\/portal\/wp-json\/wp\/v2\/media?parent=97983758"}],"wp:term":[{"taxonomy":"category","embeddable":true,"href":"https:\/\/acrimat.org.br\/portal\/wp-json\/wp\/v2\/categories?post=97983758"},{"taxonomy":"post_tag","embeddable":true,"href":"https:\/\/acrimat.org.br\/portal\/wp-json\/wp\/v2\/tags?post=97983758"}],"curies":[{"name":"wp","href":"https:\/\/api.w.org\/{rel}","templated":true}]}}