{"id":97983771,"date":"2017-09-27T11:00:29","date_gmt":"2017-09-27T14:00:29","guid":{"rendered":"http:\/\/acrimat.org.br\/portal\/?p=97983771"},"modified":"2017-09-27T11:00:29","modified_gmt":"2017-09-27T14:00:29","slug":"ruralistas-pressionam-governo-para-prorrogar-a-adesao-ao-refis-rural","status":"publish","type":"post","link":"https:\/\/acrimat.org.br\/portal\/ruralistas-pressionam-governo-para-prorrogar-a-adesao-ao-refis-rural\/","title":{"rendered":"Ruralistas pressionam governo para prorrogar a ades\u00e3o ao Refis Rural"},"content":{"rendered":"<p><a href=\"http:\/\/acrimat.org.br\/portal\/wp-content\/uploads\/2017\/06\/PECUARIA.jpg\"><img fetchpriority=\"high\" decoding=\"async\" class=\"size-medium wp-image-97982106 alignright\" src=\"http:\/\/acrimat.org.br\/portal\/wp-content\/uploads\/2017\/06\/PECUARIA-300x225.jpg\" alt=\"\" width=\"300\" height=\"225\" srcset=\"https:\/\/acrimat.org.br\/portal\/wp-content\/uploads\/2017\/06\/PECUARIA-300x225.jpg 300w, https:\/\/acrimat.org.br\/portal\/wp-content\/uploads\/2017\/06\/PECUARIA-250x188.jpg 250w, https:\/\/acrimat.org.br\/portal\/wp-content\/uploads\/2017\/06\/PECUARIA-550x413.jpg 550w, https:\/\/acrimat.org.br\/portal\/wp-content\/uploads\/2017\/06\/PECUARIA-240x180.jpg 240w, https:\/\/acrimat.org.br\/portal\/wp-content\/uploads\/2017\/06\/PECUARIA-400x300.jpg 400w, https:\/\/acrimat.org.br\/portal\/wp-content\/uploads\/2017\/06\/PECUARIA.jpg 640w\" sizes=\"(max-width: 300px) 100vw, 300px\" \/><\/a>Um dos mais poderosos e fi\u00e9is grupos governistas no Congresso Nacional, a bancada ruralista pressiona o governo para ampliar &#8211; at\u00e9 dezembro, o prazo de ades\u00e3o ao programa de parcelamento de d\u00e9bitos tribut\u00e1rios do setor, o Refis Rural, que termina nesta sexta-feira, dia 29.<\/p>\n<p>Os ruralistas tamb\u00e9m querem convencer o governo a n\u00e3o ajuizar a\u00e7\u00f5es contra resolu\u00e7\u00e3o, aprovada pelo Senado, que perdoou R$ 17 bilh\u00f5es em d\u00edvidas dos produtores rurais com o Fundo de Assist\u00eancia ao Trabalhador Rural (Funrural). A resolu\u00e7\u00e3o tem base em projeto da senadora K\u00e1tia Abreu (PMDB-TO), ex-presidente da Confedera\u00e7\u00e3o Nacional da Agricultura Pecu\u00e1ria.<\/p>\n<p>A sinaliza\u00e7\u00e3o dos ruralistas foi reafirmada ontem (26), em almo\u00e7o e reuni\u00e3o da bancada. Para o presidente da FPA, as negocia\u00e7\u00f5es ainda n\u00e3o surtiram o efeito esperado e geram mais apreens\u00e3o entre os produtores rurais.<\/p>\n<p>Em troca, a Frente Parlamentar da Agropecu\u00e1ria (FPA), que re\u00fane a bancada ruralista, acena em repetir os 129 dos 263 votos (quase a metade) que contribu\u00edram para derrubar, no in\u00edcio de agosto, a primeira den\u00fancia apresentada pela Procuradoria-Geral da Rep\u00fablica contra o presidente Michel Temer.<\/p>\n<p>O DCI apurou que o governo deve ceder \u00e0s press\u00f5es porque n\u00e3o est\u00e1 disposto perder nenhum voto e quer aumentar a margem de vit\u00f3ria na segunda den\u00fancia apresentada pelo ex-procurador-geral Rodrigo Janot. Al\u00e9m de Temer, foram tamb\u00e9m denunciados os ministros Moreira Franco (Secretaria Geral) e Eliseu Padilha (Casa Civil) por organiza\u00e7\u00e3o criminosa e obstru\u00e7\u00e3o da Justi\u00e7a.<\/p>\n<p>Al\u00e9m do novo prazo para ades\u00e3o ao Refis, os ruralistas querem a redu\u00e7\u00e3o na MP do valor de entrada do pagamento da d\u00edvida de 4% para 1%. Tamb\u00e9m reivindicam apoio do governo para afrouxar as regras do licenciamento ambiental e menor tributa\u00e7\u00e3o na comercializa\u00e7\u00e3o de agrot\u00f3xicos.<\/p>\n<p>&#8220;O assunto \u00e9 complexo, necessita de todo engajamento do setor para dar seguran\u00e7a ao produtor rural. Vamos encontrar solu\u00e7\u00f5es dentro do poss\u00edvel&#8221;, disse o deputado Nilson Leit\u00e3o (PSDB-MT), presidente da FPA. No dia 18, o presidente da FPA e a deputada Tereza Cristina (PSB-MS), relatora da comiss\u00e3o especial que analisa a medida provis\u00f3ria (MP) do Refis Rural, pleitearam a prorroga\u00e7\u00e3o da data de ades\u00e3o ao programa para 30\/12, em reuni\u00e3o com o ministro da Fazenda, Henrique Meirelles.<\/p>\n<p><strong>Seguran\u00e7a jur\u00eddica<\/strong><\/p>\n<p>A MP do Refis Rural representa a renegocia\u00e7\u00e3o de um passivo tribut\u00e1rio de R$ 10 bilh\u00f5es. No encontro com Meirelles, apesar de defender a prorroga\u00e7\u00e3o da ades\u00e3o ao Refis Rural, a relatora apontou que v\u00e1rios pontos da MP que dependem de decis\u00f5es do Supremo Tribunal Federal (STF) e do projeto de resolu\u00e7\u00e3o 13\/2017, de autoria da senadora Katia Abreu.<\/p>\n<p>&#8220;Restabelecemos a seguran\u00e7a jur\u00eddica e fizemos justi\u00e7a ao acabar com tributa\u00e7\u00e3o sobre faturamento bruto&#8221;, afirmou a senadora, ao defender o projeto que concede perd\u00e3o aos produtores rurais por causa da decis\u00e3o do STF, que em mar\u00e7o deste ano mandou cobrar novamente a contribui\u00e7\u00e3o previdenci\u00e1ria patronal dos empregados rural com base no faturamento bruto.<\/p>\n<p>&#8220;Muitos produtores pequenos e m\u00e9dios n\u00e3o t\u00eam renda l\u00edquida no ano. \u00c0s vezes, renda zero. \u00c9 importante esclarecer que faturar n\u00e3o significa lucrar&#8221;, comparou. Por isso, a bancada ruralista reclamou da decis\u00e3o do governo de dar parecer pela inconstitucionalidade do Projeto de Resolu\u00e7\u00e3o 13\/2017, de Katia Abreu.<\/p>\n<p>&#8220;Os produtores est\u00e3o inseguros e, caso seja necess\u00e1rio fazer a ades\u00e3o, a far\u00e3o no escuro. Isso \u00e9 preocupante&#8221;, destacou Tereza Cristina. A deputada complementou que deve haver bom senso e responsabilidade na quest\u00e3o do Funrural. &#8220;A MP pode e deve ser melhorada. Estamos trabalhando com um prazo muito apertado para ades\u00e3o&#8221;, ponderou.<\/p>\n<p>Para Tereza Cristina, a quest\u00e3o coloca os produtores que devem ao governo numa &#8220;saia-justa&#8221; diante da &#8220;falta de seguran\u00e7a jur\u00eddica&#8221; para aderir ao parcelamento.<\/p>\n<p>Em entrevista, Tereza Cristina descartou a ideia de que o novo prazo est\u00e1 sendo usado para pressionar o governo por causa da segunda den\u00fancia contra o presidente Temer. &#8220;Este n\u00e3o \u00e9 um assunto eleitoral. Ningu\u00e9m vai p\u00f4r a faca no pesco\u00e7o, \u00e9 assunto operacional do setor agropecu\u00e1rio&#8221;, disse a deputada. Tereza Cristina classificou de &#8220;infelicidade&#8221; o fato de a resolu\u00e7\u00e3o do perd\u00e3o da d\u00edvida ter sido promulgada dias antes da nova den\u00fancia contra o presidente.<\/p>\n<p><strong>Modula\u00e7\u00e3o<\/strong><\/p>\n<p>A bancada ruralista tamb\u00e9m promete recorrer contra a decis\u00e3o do STF, que tornou v\u00e1lida a cobran\u00e7a retroativa da contribui\u00e7\u00e3o patronal previdenci\u00e1ria (Funrural), centro das d\u00edvidas tribut\u00e1rias amenizadas pelo Refis Rural.<\/p>\n<p>Hoje (27), devem ser publicados todos os votos dos ministros do STF, passando a contar o prazo corrido de cinco dias para submeter os embargos de declara\u00e7\u00e3o, at\u00e9 o dia 4 de outubro. A Uni\u00e3o tamb\u00e9m pode recorrer nesse prazo.<\/p>\n<p>Em seguida, o relator, Alexandre de Morais, precisa analisar tudo para mandar o processo novamente ao plen\u00e1rio e ent\u00e3o ocorrer a modula\u00e7\u00e3o do resultado. Ou seja, se a decis\u00e3o do Supremo tem efeito retroativo ou s\u00f3 passa a contar a partir da decis\u00e3o.<\/p>\n<p>O que a bancada pretende \u00e9 ganhar tempo para a modula\u00e7\u00e3o do julgamento no STF.<\/p>\n","protected":false},"excerpt":{"rendered":"<p>A Frente Parlamentar da Agropecu\u00e1ria (FPA) acena com a promessa de repetir os 129 dos 263 votos que contribu\u00edram para derrubar, no in\u00edcio de agosto, a primeira den\u00fancia contra Temer<\/p>\n","protected":false},"author":11,"featured_media":97982106,"comment_status":"closed","ping_status":"closed","sticky":false,"template":"","format":"standard","meta":{"footnotes":""},"categories":[6,1],"tags":[],"class_list":["post-97983771","post","type-post","status-publish","format-standard","has-post-thumbnail","hentry","category-destaque","category-noticia"],"yoast_head":"<!-- This site is optimized with the Yoast SEO plugin v24.8.1 - https:\/\/yoast.com\/wordpress\/plugins\/seo\/ -->\n<title>Ruralistas pressionam governo para prorrogar a ades\u00e3o ao Refis Rural - Acrimat<\/title>\n<meta name=\"robots\" content=\"index, follow, max-snippet:-1, max-image-preview:large, max-video-preview:-1\" \/>\n<link rel=\"canonical\" href=\"https:\/\/acrimat.org.br\/portal\/ruralistas-pressionam-governo-para-prorrogar-a-adesao-ao-refis-rural\/\" \/>\n<meta property=\"og:locale\" content=\"pt_BR\" \/>\n<meta property=\"og:type\" content=\"article\" \/>\n<meta property=\"og:title\" content=\"Ruralistas pressionam governo para prorrogar a ades\u00e3o ao Refis Rural - Acrimat\" \/>\n<meta property=\"og:description\" content=\"A Frente Parlamentar da Agropecu\u00e1ria (FPA) acena com a promessa de repetir os 129 dos 263 votos que contribu\u00edram para derrubar, no in\u00edcio de agosto, a primeira den\u00fancia contra Temer\" \/>\n<meta property=\"og:url\" content=\"https:\/\/acrimat.org.br\/portal\/ruralistas-pressionam-governo-para-prorrogar-a-adesao-ao-refis-rural\/\" \/>\n<meta property=\"og:site_name\" content=\"Acrimat\" \/>\n<meta property=\"article:published_time\" content=\"2017-09-27T14:00:29+00:00\" \/>\n<meta property=\"og:image\" content=\"https:\/\/acrimat.org.br\/portal\/wp-content\/uploads\/2017\/06\/PECUARIA.jpg\" \/>\n\t<meta property=\"og:image:width\" content=\"640\" \/>\n\t<meta property=\"og:image:height\" content=\"480\" \/>\n\t<meta property=\"og:image:type\" content=\"image\/jpeg\" \/>\n<meta name=\"author\" content=\"P\u00e9ricles C\u00e2ndido\" \/>\n<meta name=\"twitter:card\" content=\"summary_large_image\" \/>\n<meta name=\"twitter:label1\" content=\"Escrito por\" \/>\n\t<meta name=\"twitter:data1\" content=\"P\u00e9ricles C\u00e2ndido\" \/>\n\t<meta name=\"twitter:label2\" content=\"Est. tempo de leitura\" \/>\n\t<meta name=\"twitter:data2\" content=\"4 minutos\" \/>\n<script type=\"application\/ld+json\" class=\"yoast-schema-graph\">{\"@context\":\"https:\/\/schema.org\",\"@graph\":[{\"@type\":\"Article\",\"@id\":\"https:\/\/acrimat.org.br\/portal\/ruralistas-pressionam-governo-para-prorrogar-a-adesao-ao-refis-rural\/#article\",\"isPartOf\":{\"@id\":\"https:\/\/acrimat.org.br\/portal\/ruralistas-pressionam-governo-para-prorrogar-a-adesao-ao-refis-rural\/\"},\"author\":{\"name\":\"P\u00e9ricles C\u00e2ndido\",\"@id\":\"https:\/\/acrimat.org.br\/portal\/#\/schema\/person\/18df8bcf6890e924fe5d8b5afd2bec0f\"},\"headline\":\"Ruralistas pressionam governo para prorrogar a ades\u00e3o ao Refis Rural\",\"datePublished\":\"2017-09-27T14:00:29+00:00\",\"mainEntityOfPage\":{\"@id\":\"https:\/\/acrimat.org.br\/portal\/ruralistas-pressionam-governo-para-prorrogar-a-adesao-ao-refis-rural\/\"},\"wordCount\":904,\"publisher\":{\"@id\":\"https:\/\/acrimat.org.br\/portal\/#organization\"},\"image\":{\"@id\":\"https:\/\/acrimat.org.br\/portal\/ruralistas-pressionam-governo-para-prorrogar-a-adesao-ao-refis-rural\/#primaryimage\"},\"thumbnailUrl\":\"https:\/\/acrimat.org.br\/portal\/wp-content\/uploads\/2017\/06\/PECUARIA.jpg\",\"articleSection\":[\"Destaques\",\"Not\u00edcias\"],\"inLanguage\":\"pt-BR\"},{\"@type\":\"WebPage\",\"@id\":\"https:\/\/acrimat.org.br\/portal\/ruralistas-pressionam-governo-para-prorrogar-a-adesao-ao-refis-rural\/\",\"url\":\"https:\/\/acrimat.org.br\/portal\/ruralistas-pressionam-governo-para-prorrogar-a-adesao-ao-refis-rural\/\",\"name\":\"Ruralistas pressionam governo para prorrogar a ades\u00e3o ao Refis Rural - Acrimat\",\"isPartOf\":{\"@id\":\"https:\/\/acrimat.org.br\/portal\/#website\"},\"primaryImageOfPage\":{\"@id\":\"https:\/\/acrimat.org.br\/portal\/ruralistas-pressionam-governo-para-prorrogar-a-adesao-ao-refis-rural\/#primaryimage\"},\"image\":{\"@id\":\"https:\/\/acrimat.org.br\/portal\/ruralistas-pressionam-governo-para-prorrogar-a-adesao-ao-refis-rural\/#primaryimage\"},\"thumbnailUrl\":\"https:\/\/acrimat.org.br\/portal\/wp-content\/uploads\/2017\/06\/PECUARIA.jpg\",\"datePublished\":\"2017-09-27T14:00:29+00:00\",\"breadcrumb\":{\"@id\":\"https:\/\/acrimat.org.br\/portal\/ruralistas-pressionam-governo-para-prorrogar-a-adesao-ao-refis-rural\/#breadcrumb\"},\"inLanguage\":\"pt-BR\",\"potentialAction\":[{\"@type\":\"ReadAction\",\"target\":[\"https:\/\/acrimat.org.br\/portal\/ruralistas-pressionam-governo-para-prorrogar-a-adesao-ao-refis-rural\/\"]}]},{\"@type\":\"ImageObject\",\"inLanguage\":\"pt-BR\",\"@id\":\"https:\/\/acrimat.org.br\/portal\/ruralistas-pressionam-governo-para-prorrogar-a-adesao-ao-refis-rural\/#primaryimage\",\"url\":\"https:\/\/acrimat.org.br\/portal\/wp-content\/uploads\/2017\/06\/PECUARIA.jpg\",\"contentUrl\":\"https:\/\/acrimat.org.br\/portal\/wp-content\/uploads\/2017\/06\/PECUARIA.jpg\",\"width\":640,\"height\":480},{\"@type\":\"BreadcrumbList\",\"@id\":\"https:\/\/acrimat.org.br\/portal\/ruralistas-pressionam-governo-para-prorrogar-a-adesao-ao-refis-rural\/#breadcrumb\",\"itemListElement\":[{\"@type\":\"ListItem\",\"position\":1,\"name\":\"In\u00edcio\",\"item\":\"https:\/\/acrimat.org.br\/portal\/\"},{\"@type\":\"ListItem\",\"position\":2,\"name\":\"Ruralistas pressionam governo para prorrogar a ades\u00e3o ao Refis Rural\"}]},{\"@type\":\"WebSite\",\"@id\":\"https:\/\/acrimat.org.br\/portal\/#website\",\"url\":\"https:\/\/acrimat.org.br\/portal\/\",\"name\":\"Acrimat\",\"description\":\"Associa\u00e7\u00e3o dos Criadores de Mato Grosso\",\"publisher\":{\"@id\":\"https:\/\/acrimat.org.br\/portal\/#organization\"},\"potentialAction\":[{\"@type\":\"SearchAction\",\"target\":{\"@type\":\"EntryPoint\",\"urlTemplate\":\"https:\/\/acrimat.org.br\/portal\/?s={search_term_string}\"},\"query-input\":{\"@type\":\"PropertyValueSpecification\",\"valueRequired\":true,\"valueName\":\"search_term_string\"}}],\"inLanguage\":\"pt-BR\"},{\"@type\":\"Organization\",\"@id\":\"https:\/\/acrimat.org.br\/portal\/#organization\",\"name\":\"Associa\u00e7\u00e3o dos Criadores de Mato Grosso\",\"url\":\"https:\/\/acrimat.org.br\/portal\/\",\"logo\":{\"@type\":\"ImageObject\",\"inLanguage\":\"pt-BR\",\"@id\":\"https:\/\/acrimat.org.br\/portal\/#\/schema\/logo\/image\/\",\"url\":\"https:\/\/acrimat.org.br\/portal\/wp-content\/uploads\/2018\/03\/logo-peq-original.png\",\"contentUrl\":\"https:\/\/acrimat.org.br\/portal\/wp-content\/uploads\/2018\/03\/logo-peq-original.png\",\"width\":174,\"height\":171,\"caption\":\"Associa\u00e7\u00e3o dos Criadores de Mato Grosso\"},\"image\":{\"@id\":\"https:\/\/acrimat.org.br\/portal\/#\/schema\/logo\/image\/\"}},{\"@type\":\"Person\",\"@id\":\"https:\/\/acrimat.org.br\/portal\/#\/schema\/person\/18df8bcf6890e924fe5d8b5afd2bec0f\",\"name\":\"P\u00e9ricles C\u00e2ndido\",\"image\":{\"@type\":\"ImageObject\",\"inLanguage\":\"pt-BR\",\"@id\":\"https:\/\/acrimat.org.br\/portal\/#\/schema\/person\/image\/\",\"url\":\"https:\/\/secure.gravatar.com\/avatar\/33e2a2b971dc363ed2df53d0d3bfbd18?s=96&d=mm&r=g\",\"contentUrl\":\"https:\/\/secure.gravatar.com\/avatar\/33e2a2b971dc363ed2df53d0d3bfbd18?s=96&d=mm&r=g\",\"caption\":\"P\u00e9ricles C\u00e2ndido\"},\"sameAs\":[\"ascom@acrimat.org.br\"],\"url\":\"https:\/\/acrimat.org.br\/portal\/author\/designergrafico\/\"}]}<\/script>\n<!-- \/ Yoast SEO plugin. -->","yoast_head_json":{"title":"Ruralistas pressionam governo para prorrogar a ades\u00e3o ao Refis Rural - Acrimat","robots":{"index":"index","follow":"follow","max-snippet":"max-snippet:-1","max-image-preview":"max-image-preview:large","max-video-preview":"max-video-preview:-1"},"canonical":"https:\/\/acrimat.org.br\/portal\/ruralistas-pressionam-governo-para-prorrogar-a-adesao-ao-refis-rural\/","og_locale":"pt_BR","og_type":"article","og_title":"Ruralistas pressionam governo para prorrogar a ades\u00e3o ao Refis Rural - Acrimat","og_description":"A Frente Parlamentar da Agropecu\u00e1ria (FPA) acena com a promessa de repetir os 129 dos 263 votos que contribu\u00edram para derrubar, no in\u00edcio de agosto, a primeira den\u00fancia contra Temer","og_url":"https:\/\/acrimat.org.br\/portal\/ruralistas-pressionam-governo-para-prorrogar-a-adesao-ao-refis-rural\/","og_site_name":"Acrimat","article_published_time":"2017-09-27T14:00:29+00:00","og_image":[{"width":640,"height":480,"url":"https:\/\/acrimat.org.br\/portal\/wp-content\/uploads\/2017\/06\/PECUARIA.jpg","type":"image\/jpeg"}],"author":"P\u00e9ricles C\u00e2ndido","twitter_card":"summary_large_image","twitter_misc":{"Escrito por":"P\u00e9ricles C\u00e2ndido","Est. tempo de leitura":"4 minutos"},"schema":{"@context":"https:\/\/schema.org","@graph":[{"@type":"Article","@id":"https:\/\/acrimat.org.br\/portal\/ruralistas-pressionam-governo-para-prorrogar-a-adesao-ao-refis-rural\/#article","isPartOf":{"@id":"https:\/\/acrimat.org.br\/portal\/ruralistas-pressionam-governo-para-prorrogar-a-adesao-ao-refis-rural\/"},"author":{"name":"P\u00e9ricles C\u00e2ndido","@id":"https:\/\/acrimat.org.br\/portal\/#\/schema\/person\/18df8bcf6890e924fe5d8b5afd2bec0f"},"headline":"Ruralistas pressionam governo para prorrogar a ades\u00e3o ao Refis Rural","datePublished":"2017-09-27T14:00:29+00:00","mainEntityOfPage":{"@id":"https:\/\/acrimat.org.br\/portal\/ruralistas-pressionam-governo-para-prorrogar-a-adesao-ao-refis-rural\/"},"wordCount":904,"publisher":{"@id":"https:\/\/acrimat.org.br\/portal\/#organization"},"image":{"@id":"https:\/\/acrimat.org.br\/portal\/ruralistas-pressionam-governo-para-prorrogar-a-adesao-ao-refis-rural\/#primaryimage"},"thumbnailUrl":"https:\/\/acrimat.org.br\/portal\/wp-content\/uploads\/2017\/06\/PECUARIA.jpg","articleSection":["Destaques","Not\u00edcias"],"inLanguage":"pt-BR"},{"@type":"WebPage","@id":"https:\/\/acrimat.org.br\/portal\/ruralistas-pressionam-governo-para-prorrogar-a-adesao-ao-refis-rural\/","url":"https:\/\/acrimat.org.br\/portal\/ruralistas-pressionam-governo-para-prorrogar-a-adesao-ao-refis-rural\/","name":"Ruralistas pressionam governo para prorrogar a ades\u00e3o ao Refis Rural - Acrimat","isPartOf":{"@id":"https:\/\/acrimat.org.br\/portal\/#website"},"primaryImageOfPage":{"@id":"https:\/\/acrimat.org.br\/portal\/ruralistas-pressionam-governo-para-prorrogar-a-adesao-ao-refis-rural\/#primaryimage"},"image":{"@id":"https:\/\/acrimat.org.br\/portal\/ruralistas-pressionam-governo-para-prorrogar-a-adesao-ao-refis-rural\/#primaryimage"},"thumbnailUrl":"https:\/\/acrimat.org.br\/portal\/wp-content\/uploads\/2017\/06\/PECUARIA.jpg","datePublished":"2017-09-27T14:00:29+00:00","breadcrumb":{"@id":"https:\/\/acrimat.org.br\/portal\/ruralistas-pressionam-governo-para-prorrogar-a-adesao-ao-refis-rural\/#breadcrumb"},"inLanguage":"pt-BR","potentialAction":[{"@type":"ReadAction","target":["https:\/\/acrimat.org.br\/portal\/ruralistas-pressionam-governo-para-prorrogar-a-adesao-ao-refis-rural\/"]}]},{"@type":"ImageObject","inLanguage":"pt-BR","@id":"https:\/\/acrimat.org.br\/portal\/ruralistas-pressionam-governo-para-prorrogar-a-adesao-ao-refis-rural\/#primaryimage","url":"https:\/\/acrimat.org.br\/portal\/wp-content\/uploads\/2017\/06\/PECUARIA.jpg","contentUrl":"https:\/\/acrimat.org.br\/portal\/wp-content\/uploads\/2017\/06\/PECUARIA.jpg","width":640,"height":480},{"@type":"BreadcrumbList","@id":"https:\/\/acrimat.org.br\/portal\/ruralistas-pressionam-governo-para-prorrogar-a-adesao-ao-refis-rural\/#breadcrumb","itemListElement":[{"@type":"ListItem","position":1,"name":"In\u00edcio","item":"https:\/\/acrimat.org.br\/portal\/"},{"@type":"ListItem","position":2,"name":"Ruralistas pressionam governo para prorrogar a ades\u00e3o ao Refis Rural"}]},{"@type":"WebSite","@id":"https:\/\/acrimat.org.br\/portal\/#website","url":"https:\/\/acrimat.org.br\/portal\/","name":"Acrimat","description":"Associa\u00e7\u00e3o dos Criadores de Mato Grosso","publisher":{"@id":"https:\/\/acrimat.org.br\/portal\/#organization"},"potentialAction":[{"@type":"SearchAction","target":{"@type":"EntryPoint","urlTemplate":"https:\/\/acrimat.org.br\/portal\/?s={search_term_string}"},"query-input":{"@type":"PropertyValueSpecification","valueRequired":true,"valueName":"search_term_string"}}],"inLanguage":"pt-BR"},{"@type":"Organization","@id":"https:\/\/acrimat.org.br\/portal\/#organization","name":"Associa\u00e7\u00e3o dos Criadores de Mato Grosso","url":"https:\/\/acrimat.org.br\/portal\/","logo":{"@type":"ImageObject","inLanguage":"pt-BR","@id":"https:\/\/acrimat.org.br\/portal\/#\/schema\/logo\/image\/","url":"https:\/\/acrimat.org.br\/portal\/wp-content\/uploads\/2018\/03\/logo-peq-original.png","contentUrl":"https:\/\/acrimat.org.br\/portal\/wp-content\/uploads\/2018\/03\/logo-peq-original.png","width":174,"height":171,"caption":"Associa\u00e7\u00e3o dos Criadores de Mato Grosso"},"image":{"@id":"https:\/\/acrimat.org.br\/portal\/#\/schema\/logo\/image\/"}},{"@type":"Person","@id":"https:\/\/acrimat.org.br\/portal\/#\/schema\/person\/18df8bcf6890e924fe5d8b5afd2bec0f","name":"P\u00e9ricles C\u00e2ndido","image":{"@type":"ImageObject","inLanguage":"pt-BR","@id":"https:\/\/acrimat.org.br\/portal\/#\/schema\/person\/image\/","url":"https:\/\/secure.gravatar.com\/avatar\/33e2a2b971dc363ed2df53d0d3bfbd18?s=96&d=mm&r=g","contentUrl":"https:\/\/secure.gravatar.com\/avatar\/33e2a2b971dc363ed2df53d0d3bfbd18?s=96&d=mm&r=g","caption":"P\u00e9ricles C\u00e2ndido"},"sameAs":["ascom@acrimat.org.br"],"url":"https:\/\/acrimat.org.br\/portal\/author\/designergrafico\/"}]}},"_links":{"self":[{"href":"https:\/\/acrimat.org.br\/portal\/wp-json\/wp\/v2\/posts\/97983771","targetHints":{"allow":["GET"]}}],"collection":[{"href":"https:\/\/acrimat.org.br\/portal\/wp-json\/wp\/v2\/posts"}],"about":[{"href":"https:\/\/acrimat.org.br\/portal\/wp-json\/wp\/v2\/types\/post"}],"author":[{"embeddable":true,"href":"https:\/\/acrimat.org.br\/portal\/wp-json\/wp\/v2\/users\/11"}],"replies":[{"embeddable":true,"href":"https:\/\/acrimat.org.br\/portal\/wp-json\/wp\/v2\/comments?post=97983771"}],"version-history":[{"count":1,"href":"https:\/\/acrimat.org.br\/portal\/wp-json\/wp\/v2\/posts\/97983771\/revisions"}],"predecessor-version":[{"id":97983772,"href":"https:\/\/acrimat.org.br\/portal\/wp-json\/wp\/v2\/posts\/97983771\/revisions\/97983772"}],"wp:featuredmedia":[{"embeddable":true,"href":"https:\/\/acrimat.org.br\/portal\/wp-json\/wp\/v2\/media\/97982106"}],"wp:attachment":[{"href":"https:\/\/acrimat.org.br\/portal\/wp-json\/wp\/v2\/media?parent=97983771"}],"wp:term":[{"taxonomy":"category","embeddable":true,"href":"https:\/\/acrimat.org.br\/portal\/wp-json\/wp\/v2\/categories?post=97983771"},{"taxonomy":"post_tag","embeddable":true,"href":"https:\/\/acrimat.org.br\/portal\/wp-json\/wp\/v2\/tags?post=97983771"}],"curies":[{"name":"wp","href":"https:\/\/api.w.org\/{rel}","templated":true}]}}