{"id":97983773,"date":"2017-09-27T10:58:35","date_gmt":"2017-09-27T13:58:35","guid":{"rendered":"http:\/\/acrimat.org.br\/portal\/?p=97983773"},"modified":"2017-09-27T11:02:02","modified_gmt":"2017-09-27T14:02:02","slug":"funrural-tera-prazo-prorrogado-por-meio-de-nova-mp","status":"publish","type":"post","link":"https:\/\/acrimat.org.br\/portal\/funrural-tera-prazo-prorrogado-por-meio-de-nova-mp\/","title":{"rendered":"Funrural ter\u00e1 prazo prorrogado por meio de nova MP"},"content":{"rendered":"<p>O Presidente da Rep\u00fablica, Michel Temer, assumiu o compromisso com o presidente da Frente Parlamentar da Agropecu\u00e1ria (FPA), deputado Nilson Leit\u00e3o (PSDB-MT) e com a relatora da medida provis\u00f3ria que trata sobre o Funrural, deputada Tereza Cristina (PSB-MS), na noite desta ter\u00e7a-feira, de prorrogar o prazo de ades\u00e3o ao Programa de Regulariza\u00e7\u00e3o referente ao FUNRURAL (MP 793\/2017) para o dia 30 de novembro deste ano.<\/p>\n<p>Uma nova MP dever\u00e1 ser editada para garantir a extens\u00e3o do prazo, sem interferir na atual tramita\u00e7\u00e3o da MP 793\/2017. \u201cO importante \u00e9 garantir seguran\u00e7a jur\u00eddica ao produtor rural para que ele possa escolher a melhor op\u00e7\u00e3o de pagamento da d\u00edvida\u201d, disse Nilson Leit\u00e3o.<\/p>\n","protected":false},"excerpt":{"rendered":"<p>Uma nova MP dever\u00e1 ser editada para garantir a extens\u00e3o do prazo, sem interferir na atual tramita\u00e7\u00e3o da MP 793\/2017<\/p>\n","protected":false},"author":11,"featured_media":97983774,"comment_status":"closed","ping_status":"closed","sticky":false,"template":"","format":"standard","meta":{"footnotes":""},"categories":[6,1],"tags":[],"class_list":["post-97983773","post","type-post","status-publish","format-standard","has-post-thumbnail","hentry","category-destaque","category-noticia"],"yoast_head":"<!-- This site is optimized with the Yoast SEO plugin v24.8.1 - https:\/\/yoast.com\/wordpress\/plugins\/seo\/ -->\n<title>Funrural ter\u00e1 prazo prorrogado por meio de nova MP - Acrimat<\/title>\n<meta name=\"robots\" content=\"index, follow, max-snippet:-1, max-image-preview:large, max-video-preview:-1\" \/>\n<link rel=\"canonical\" href=\"https:\/\/acrimat.org.br\/portal\/funrural-tera-prazo-prorrogado-por-meio-de-nova-mp\/\" \/>\n<meta property=\"og:locale\" content=\"pt_BR\" \/>\n<meta property=\"og:type\" content=\"article\" \/>\n<meta property=\"og:title\" content=\"Funrural ter\u00e1 prazo prorrogado por meio de nova MP - Acrimat\" \/>\n<meta property=\"og:description\" content=\"Uma nova MP dever\u00e1 ser editada para garantir a extens\u00e3o do prazo, sem interferir na atual tramita\u00e7\u00e3o da MP 793\/2017\" \/>\n<meta property=\"og:url\" content=\"https:\/\/acrimat.org.br\/portal\/funrural-tera-prazo-prorrogado-por-meio-de-nova-mp\/\" \/>\n<meta property=\"og:site_name\" content=\"Acrimat\" \/>\n<meta property=\"article:published_time\" content=\"2017-09-27T13:58:35+00:00\" \/>\n<meta property=\"article:modified_time\" content=\"2017-09-27T14:02:02+00:00\" \/>\n<meta property=\"og:image\" content=\"https:\/\/acrimat.org.br\/portal\/wp-content\/uploads\/2017\/09\/IMG_1268-620x330.jpg\" \/>\n\t<meta property=\"og:image:width\" content=\"620\" \/>\n\t<meta property=\"og:image:height\" content=\"330\" \/>\n\t<meta property=\"og:image:type\" content=\"image\/jpeg\" \/>\n<meta name=\"author\" content=\"P\u00e9ricles C\u00e2ndido\" \/>\n<meta name=\"twitter:card\" content=\"summary_large_image\" \/>\n<meta name=\"twitter:label1\" content=\"Escrito por\" \/>\n\t<meta name=\"twitter:data1\" content=\"P\u00e9ricles C\u00e2ndido\" \/>\n\t<meta name=\"twitter:label2\" content=\"Est. tempo de leitura\" \/>\n\t<meta name=\"twitter:data2\" content=\"1 minuto\" \/>\n<script type=\"application\/ld+json\" class=\"yoast-schema-graph\">{\"@context\":\"https:\/\/schema.org\",\"@graph\":[{\"@type\":\"Article\",\"@id\":\"https:\/\/acrimat.org.br\/portal\/funrural-tera-prazo-prorrogado-por-meio-de-nova-mp\/#article\",\"isPartOf\":{\"@id\":\"https:\/\/acrimat.org.br\/portal\/funrural-tera-prazo-prorrogado-por-meio-de-nova-mp\/\"},\"author\":{\"name\":\"P\u00e9ricles C\u00e2ndido\",\"@id\":\"https:\/\/acrimat.org.br\/portal\/#\/schema\/person\/18df8bcf6890e924fe5d8b5afd2bec0f\"},\"headline\":\"Funrural ter\u00e1 prazo prorrogado por meio de nova MP\",\"datePublished\":\"2017-09-27T13:58:35+00:00\",\"dateModified\":\"2017-09-27T14:02:02+00:00\",\"mainEntityOfPage\":{\"@id\":\"https:\/\/acrimat.org.br\/portal\/funrural-tera-prazo-prorrogado-por-meio-de-nova-mp\/\"},\"wordCount\":128,\"publisher\":{\"@id\":\"https:\/\/acrimat.org.br\/portal\/#organization\"},\"image\":{\"@id\":\"https:\/\/acrimat.org.br\/portal\/funrural-tera-prazo-prorrogado-por-meio-de-nova-mp\/#primaryimage\"},\"thumbnailUrl\":\"https:\/\/acrimat.org.br\/portal\/wp-content\/uploads\/2017\/09\/IMG_1268-620x330.jpg\",\"articleSection\":[\"Destaques\",\"Not\u00edcias\"],\"inLanguage\":\"pt-BR\"},{\"@type\":\"WebPage\",\"@id\":\"https:\/\/acrimat.org.br\/portal\/funrural-tera-prazo-prorrogado-por-meio-de-nova-mp\/\",\"url\":\"https:\/\/acrimat.org.br\/portal\/funrural-tera-prazo-prorrogado-por-meio-de-nova-mp\/\",\"name\":\"Funrural ter\u00e1 prazo prorrogado por meio de nova MP - Acrimat\",\"isPartOf\":{\"@id\":\"https:\/\/acrimat.org.br\/portal\/#website\"},\"primaryImageOfPage\":{\"@id\":\"https:\/\/acrimat.org.br\/portal\/funrural-tera-prazo-prorrogado-por-meio-de-nova-mp\/#primaryimage\"},\"image\":{\"@id\":\"https:\/\/acrimat.org.br\/portal\/funrural-tera-prazo-prorrogado-por-meio-de-nova-mp\/#primaryimage\"},\"thumbnailUrl\":\"https:\/\/acrimat.org.br\/portal\/wp-content\/uploads\/2017\/09\/IMG_1268-620x330.jpg\",\"datePublished\":\"2017-09-27T13:58:35+00:00\",\"dateModified\":\"2017-09-27T14:02:02+00:00\",\"breadcrumb\":{\"@id\":\"https:\/\/acrimat.org.br\/portal\/funrural-tera-prazo-prorrogado-por-meio-de-nova-mp\/#breadcrumb\"},\"inLanguage\":\"pt-BR\",\"potentialAction\":[{\"@type\":\"ReadAction\",\"target\":[\"https:\/\/acrimat.org.br\/portal\/funrural-tera-prazo-prorrogado-por-meio-de-nova-mp\/\"]}]},{\"@type\":\"ImageObject\",\"inLanguage\":\"pt-BR\",\"@id\":\"https:\/\/acrimat.org.br\/portal\/funrural-tera-prazo-prorrogado-por-meio-de-nova-mp\/#primaryimage\",\"url\":\"https:\/\/acrimat.org.br\/portal\/wp-content\/uploads\/2017\/09\/IMG_1268-620x330.jpg\",\"contentUrl\":\"https:\/\/acrimat.org.br\/portal\/wp-content\/uploads\/2017\/09\/IMG_1268-620x330.jpg\",\"width\":620,\"height\":330},{\"@type\":\"BreadcrumbList\",\"@id\":\"https:\/\/acrimat.org.br\/portal\/funrural-tera-prazo-prorrogado-por-meio-de-nova-mp\/#breadcrumb\",\"itemListElement\":[{\"@type\":\"ListItem\",\"position\":1,\"name\":\"In\u00edcio\",\"item\":\"https:\/\/acrimat.org.br\/portal\/\"},{\"@type\":\"ListItem\",\"position\":2,\"name\":\"Funrural ter\u00e1 prazo prorrogado por meio de nova MP\"}]},{\"@type\":\"WebSite\",\"@id\":\"https:\/\/acrimat.org.br\/portal\/#website\",\"url\":\"https:\/\/acrimat.org.br\/portal\/\",\"name\":\"Acrimat\",\"description\":\"Associa\u00e7\u00e3o dos Criadores de Mato Grosso\",\"publisher\":{\"@id\":\"https:\/\/acrimat.org.br\/portal\/#organization\"},\"potentialAction\":[{\"@type\":\"SearchAction\",\"target\":{\"@type\":\"EntryPoint\",\"urlTemplate\":\"https:\/\/acrimat.org.br\/portal\/?s={search_term_string}\"},\"query-input\":{\"@type\":\"PropertyValueSpecification\",\"valueRequired\":true,\"valueName\":\"search_term_string\"}}],\"inLanguage\":\"pt-BR\"},{\"@type\":\"Organization\",\"@id\":\"https:\/\/acrimat.org.br\/portal\/#organization\",\"name\":\"Associa\u00e7\u00e3o dos Criadores de Mato Grosso\",\"url\":\"https:\/\/acrimat.org.br\/portal\/\",\"logo\":{\"@type\":\"ImageObject\",\"inLanguage\":\"pt-BR\",\"@id\":\"https:\/\/acrimat.org.br\/portal\/#\/schema\/logo\/image\/\",\"url\":\"https:\/\/acrimat.org.br\/portal\/wp-content\/uploads\/2018\/03\/logo-peq-original.png\",\"contentUrl\":\"https:\/\/acrimat.org.br\/portal\/wp-content\/uploads\/2018\/03\/logo-peq-original.png\",\"width\":174,\"height\":171,\"caption\":\"Associa\u00e7\u00e3o dos Criadores de Mato Grosso\"},\"image\":{\"@id\":\"https:\/\/acrimat.org.br\/portal\/#\/schema\/logo\/image\/\"}},{\"@type\":\"Person\",\"@id\":\"https:\/\/acrimat.org.br\/portal\/#\/schema\/person\/18df8bcf6890e924fe5d8b5afd2bec0f\",\"name\":\"P\u00e9ricles C\u00e2ndido\",\"image\":{\"@type\":\"ImageObject\",\"inLanguage\":\"pt-BR\",\"@id\":\"https:\/\/acrimat.org.br\/portal\/#\/schema\/person\/image\/\",\"url\":\"https:\/\/secure.gravatar.com\/avatar\/33e2a2b971dc363ed2df53d0d3bfbd18?s=96&d=mm&r=g\",\"contentUrl\":\"https:\/\/secure.gravatar.com\/avatar\/33e2a2b971dc363ed2df53d0d3bfbd18?s=96&d=mm&r=g\",\"caption\":\"P\u00e9ricles C\u00e2ndido\"},\"sameAs\":[\"ascom@acrimat.org.br\"],\"url\":\"https:\/\/acrimat.org.br\/portal\/author\/designergrafico\/\"}]}<\/script>\n<!-- \/ Yoast SEO plugin. -->","yoast_head_json":{"title":"Funrural ter\u00e1 prazo prorrogado por meio de nova MP - Acrimat","robots":{"index":"index","follow":"follow","max-snippet":"max-snippet:-1","max-image-preview":"max-image-preview:large","max-video-preview":"max-video-preview:-1"},"canonical":"https:\/\/acrimat.org.br\/portal\/funrural-tera-prazo-prorrogado-por-meio-de-nova-mp\/","og_locale":"pt_BR","og_type":"article","og_title":"Funrural ter\u00e1 prazo prorrogado por meio de nova MP - Acrimat","og_description":"Uma nova MP dever\u00e1 ser editada para garantir a extens\u00e3o do prazo, sem interferir na atual tramita\u00e7\u00e3o da MP 793\/2017","og_url":"https:\/\/acrimat.org.br\/portal\/funrural-tera-prazo-prorrogado-por-meio-de-nova-mp\/","og_site_name":"Acrimat","article_published_time":"2017-09-27T13:58:35+00:00","article_modified_time":"2017-09-27T14:02:02+00:00","og_image":[{"width":620,"height":330,"url":"https:\/\/acrimat.org.br\/portal\/wp-content\/uploads\/2017\/09\/IMG_1268-620x330.jpg","type":"image\/jpeg"}],"author":"P\u00e9ricles C\u00e2ndido","twitter_card":"summary_large_image","twitter_misc":{"Escrito por":"P\u00e9ricles C\u00e2ndido","Est. tempo de leitura":"1 minuto"},"schema":{"@context":"https:\/\/schema.org","@graph":[{"@type":"Article","@id":"https:\/\/acrimat.org.br\/portal\/funrural-tera-prazo-prorrogado-por-meio-de-nova-mp\/#article","isPartOf":{"@id":"https:\/\/acrimat.org.br\/portal\/funrural-tera-prazo-prorrogado-por-meio-de-nova-mp\/"},"author":{"name":"P\u00e9ricles C\u00e2ndido","@id":"https:\/\/acrimat.org.br\/portal\/#\/schema\/person\/18df8bcf6890e924fe5d8b5afd2bec0f"},"headline":"Funrural ter\u00e1 prazo prorrogado por meio de nova MP","datePublished":"2017-09-27T13:58:35+00:00","dateModified":"2017-09-27T14:02:02+00:00","mainEntityOfPage":{"@id":"https:\/\/acrimat.org.br\/portal\/funrural-tera-prazo-prorrogado-por-meio-de-nova-mp\/"},"wordCount":128,"publisher":{"@id":"https:\/\/acrimat.org.br\/portal\/#organization"},"image":{"@id":"https:\/\/acrimat.org.br\/portal\/funrural-tera-prazo-prorrogado-por-meio-de-nova-mp\/#primaryimage"},"thumbnailUrl":"https:\/\/acrimat.org.br\/portal\/wp-content\/uploads\/2017\/09\/IMG_1268-620x330.jpg","articleSection":["Destaques","Not\u00edcias"],"inLanguage":"pt-BR"},{"@type":"WebPage","@id":"https:\/\/acrimat.org.br\/portal\/funrural-tera-prazo-prorrogado-por-meio-de-nova-mp\/","url":"https:\/\/acrimat.org.br\/portal\/funrural-tera-prazo-prorrogado-por-meio-de-nova-mp\/","name":"Funrural ter\u00e1 prazo prorrogado por meio de nova MP - Acrimat","isPartOf":{"@id":"https:\/\/acrimat.org.br\/portal\/#website"},"primaryImageOfPage":{"@id":"https:\/\/acrimat.org.br\/portal\/funrural-tera-prazo-prorrogado-por-meio-de-nova-mp\/#primaryimage"},"image":{"@id":"https:\/\/acrimat.org.br\/portal\/funrural-tera-prazo-prorrogado-por-meio-de-nova-mp\/#primaryimage"},"thumbnailUrl":"https:\/\/acrimat.org.br\/portal\/wp-content\/uploads\/2017\/09\/IMG_1268-620x330.jpg","datePublished":"2017-09-27T13:58:35+00:00","dateModified":"2017-09-27T14:02:02+00:00","breadcrumb":{"@id":"https:\/\/acrimat.org.br\/portal\/funrural-tera-prazo-prorrogado-por-meio-de-nova-mp\/#breadcrumb"},"inLanguage":"pt-BR","potentialAction":[{"@type":"ReadAction","target":["https:\/\/acrimat.org.br\/portal\/funrural-tera-prazo-prorrogado-por-meio-de-nova-mp\/"]}]},{"@type":"ImageObject","inLanguage":"pt-BR","@id":"https:\/\/acrimat.org.br\/portal\/funrural-tera-prazo-prorrogado-por-meio-de-nova-mp\/#primaryimage","url":"https:\/\/acrimat.org.br\/portal\/wp-content\/uploads\/2017\/09\/IMG_1268-620x330.jpg","contentUrl":"https:\/\/acrimat.org.br\/portal\/wp-content\/uploads\/2017\/09\/IMG_1268-620x330.jpg","width":620,"height":330},{"@type":"BreadcrumbList","@id":"https:\/\/acrimat.org.br\/portal\/funrural-tera-prazo-prorrogado-por-meio-de-nova-mp\/#breadcrumb","itemListElement":[{"@type":"ListItem","position":1,"name":"In\u00edcio","item":"https:\/\/acrimat.org.br\/portal\/"},{"@type":"ListItem","position":2,"name":"Funrural ter\u00e1 prazo prorrogado por meio de nova MP"}]},{"@type":"WebSite","@id":"https:\/\/acrimat.org.br\/portal\/#website","url":"https:\/\/acrimat.org.br\/portal\/","name":"Acrimat","description":"Associa\u00e7\u00e3o dos Criadores de Mato Grosso","publisher":{"@id":"https:\/\/acrimat.org.br\/portal\/#organization"},"potentialAction":[{"@type":"SearchAction","target":{"@type":"EntryPoint","urlTemplate":"https:\/\/acrimat.org.br\/portal\/?s={search_term_string}"},"query-input":{"@type":"PropertyValueSpecification","valueRequired":true,"valueName":"search_term_string"}}],"inLanguage":"pt-BR"},{"@type":"Organization","@id":"https:\/\/acrimat.org.br\/portal\/#organization","name":"Associa\u00e7\u00e3o dos Criadores de Mato Grosso","url":"https:\/\/acrimat.org.br\/portal\/","logo":{"@type":"ImageObject","inLanguage":"pt-BR","@id":"https:\/\/acrimat.org.br\/portal\/#\/schema\/logo\/image\/","url":"https:\/\/acrimat.org.br\/portal\/wp-content\/uploads\/2018\/03\/logo-peq-original.png","contentUrl":"https:\/\/acrimat.org.br\/portal\/wp-content\/uploads\/2018\/03\/logo-peq-original.png","width":174,"height":171,"caption":"Associa\u00e7\u00e3o dos Criadores de Mato Grosso"},"image":{"@id":"https:\/\/acrimat.org.br\/portal\/#\/schema\/logo\/image\/"}},{"@type":"Person","@id":"https:\/\/acrimat.org.br\/portal\/#\/schema\/person\/18df8bcf6890e924fe5d8b5afd2bec0f","name":"P\u00e9ricles C\u00e2ndido","image":{"@type":"ImageObject","inLanguage":"pt-BR","@id":"https:\/\/acrimat.org.br\/portal\/#\/schema\/person\/image\/","url":"https:\/\/secure.gravatar.com\/avatar\/33e2a2b971dc363ed2df53d0d3bfbd18?s=96&d=mm&r=g","contentUrl":"https:\/\/secure.gravatar.com\/avatar\/33e2a2b971dc363ed2df53d0d3bfbd18?s=96&d=mm&r=g","caption":"P\u00e9ricles C\u00e2ndido"},"sameAs":["ascom@acrimat.org.br"],"url":"https:\/\/acrimat.org.br\/portal\/author\/designergrafico\/"}]}},"_links":{"self":[{"href":"https:\/\/acrimat.org.br\/portal\/wp-json\/wp\/v2\/posts\/97983773","targetHints":{"allow":["GET"]}}],"collection":[{"href":"https:\/\/acrimat.org.br\/portal\/wp-json\/wp\/v2\/posts"}],"about":[{"href":"https:\/\/acrimat.org.br\/portal\/wp-json\/wp\/v2\/types\/post"}],"author":[{"embeddable":true,"href":"https:\/\/acrimat.org.br\/portal\/wp-json\/wp\/v2\/users\/11"}],"replies":[{"embeddable":true,"href":"https:\/\/acrimat.org.br\/portal\/wp-json\/wp\/v2\/comments?post=97983773"}],"version-history":[{"count":1,"href":"https:\/\/acrimat.org.br\/portal\/wp-json\/wp\/v2\/posts\/97983773\/revisions"}],"predecessor-version":[{"id":97983775,"href":"https:\/\/acrimat.org.br\/portal\/wp-json\/wp\/v2\/posts\/97983773\/revisions\/97983775"}],"wp:featuredmedia":[{"embeddable":true,"href":"https:\/\/acrimat.org.br\/portal\/wp-json\/wp\/v2\/media\/97983774"}],"wp:attachment":[{"href":"https:\/\/acrimat.org.br\/portal\/wp-json\/wp\/v2\/media?parent=97983773"}],"wp:term":[{"taxonomy":"category","embeddable":true,"href":"https:\/\/acrimat.org.br\/portal\/wp-json\/wp\/v2\/categories?post=97983773"},{"taxonomy":"post_tag","embeddable":true,"href":"https:\/\/acrimat.org.br\/portal\/wp-json\/wp\/v2\/tags?post=97983773"}],"curies":[{"name":"wp","href":"https:\/\/api.w.org\/{rel}","templated":true}]}}