{"id":97983780,"date":"2017-09-28T10:46:42","date_gmt":"2017-09-28T13:46:42","guid":{"rendered":"http:\/\/acrimat.org.br\/portal\/?p=97983780"},"modified":"2017-09-28T10:46:42","modified_gmt":"2017-09-28T13:46:42","slug":"mais-de-700-animais-disputam-premio-da-raca-nelore","status":"publish","type":"post","link":"https:\/\/acrimat.org.br\/portal\/mais-de-700-animais-disputam-premio-da-raca-nelore\/","title":{"rendered":"Mais de 700 animais disputam pr\u00eamio da ra\u00e7a nelore"},"content":{"rendered":"<div id=\"attachment_97983781\" style=\"width: 310px\" class=\"wp-caption alignleft\"><a href=\"http:\/\/acrimat.org.br\/portal\/wp-content\/uploads\/2017\/09\/1416230076267.jpg\"><img fetchpriority=\"high\" decoding=\"async\" aria-describedby=\"caption-attachment-97983781\" class=\"size-medium wp-image-97983781\" src=\"http:\/\/acrimat.org.br\/portal\/wp-content\/uploads\/2017\/09\/1416230076267-300x206.jpg\" alt=\"\" width=\"300\" height=\"206\" srcset=\"https:\/\/acrimat.org.br\/portal\/wp-content\/uploads\/2017\/09\/1416230076267-300x206.jpg 300w, https:\/\/acrimat.org.br\/portal\/wp-content\/uploads\/2017\/09\/1416230076267-250x172.jpg 250w, https:\/\/acrimat.org.br\/portal\/wp-content\/uploads\/2017\/09\/1416230076267-550x378.jpg 550w, https:\/\/acrimat.org.br\/portal\/wp-content\/uploads\/2017\/09\/1416230076267-262x180.jpg 262w, https:\/\/acrimat.org.br\/portal\/wp-content\/uploads\/2017\/09\/1416230076267-436x300.jpg 436w, https:\/\/acrimat.org.br\/portal\/wp-content\/uploads\/2017\/09\/1416230076267.jpg 720w\" sizes=\"(max-width: 300px) 100vw, 300px\" \/><\/a><p id=\"caption-attachment-97983781\" class=\"wp-caption-text\">Divulga\u00e7\u00e3o<\/p><\/div>\n<p>A Expoinel Nacional 2017, que acontece em Uberaba (MG), recebeu 770 inscri\u00e7\u00f5es de animais nelore, que disputar\u00e3o o pr\u00eamio de grande campe\u00e3o da ra\u00e7a. As competi\u00e7\u00f5es come\u00e7aram na segunda, dia 25, com o campeonato de prog\u00eanies. As provas ocorrem at\u00e9 o fim de semana e o resultado sai no domingo<\/p>\n<p>Este ano, uma das novidades \u00e9 a implanta\u00e7\u00e3o do cron\u00f4metro nas provas, estabelecendo tempo m\u00e1ximo de 30 minutos para o julgamento de cada categoria.<\/p>\n<p>\u201cA ideia \u00e9 que isso se consolide ao longo do tempo para que a gente possa ter programa\u00e7\u00f5es exatas. O criador ou p\u00fablico que quer assistir algum julgamento espec\u00edfico ter\u00e3o uma precis\u00e3o maior para ver de perto o que mais interessa\u201d, explica o gerente-executivo da Associa\u00e7\u00e3o dos Criadores de Nelore do Brasil (ACNB), Andr\u00e9 Locateli.<\/p>\n<p>Gabriel Belli, do Grupo Carthago, participa pelo 5\u00ba consecutivo e trouxe nove animais para a competi\u00e7\u00e3o. Para ele, a ideia de estabelecer um limite de tempo para o julgamento trar\u00e1 mais din\u00e2mica \u00e0 prova.<\/p>\n<p>\u201cSe voc\u00ea tem um animal em uma determinada categoria, como novilha, por exemplo, pode calcular a hora em que esse animal entrar\u00e1 na pista. Facilita para acompanharmos os animais na pista de julgamento\u201d diz Belli.<\/p>\n<p><strong>Sobre a feira<\/strong><\/p>\n<p>A Expoinel \u00e9 uma das principais vitrinas de gado elite do pa\u00eds e uma oportunidade para fazer neg\u00f3cios. Nesta edi\u00e7\u00e3o, est\u00e3o programados seis leil\u00f5es oficiais e um shopping de touros. Al\u00e9m disso, est\u00e1 previsto o encontro t\u00e9cnico sobre bovinocultura de corte.<\/p>\n<p>\u201cN\u00f3s estamos no in\u00edcio da primavera. Em breve, vamos ter a esta\u00e7\u00e3o de monta na maioria das regi\u00f5es pecu\u00e1rias do pa\u00eds, e \u00e9 um momento oportuno para que os criadores abaste\u00e7am os plant\u00e9is e busquem os reprodutores\u201d, afirma Locateli.<\/p>\n","protected":false},"excerpt":{"rendered":"<p>Este ano, a competi\u00e7\u00e3o ter\u00e1 limite de tempo para os julgamentos. O grande campe\u00e3o ser\u00e1 escolhido no domingo<\/p>\n","protected":false},"author":11,"featured_media":97983781,"comment_status":"closed","ping_status":"closed","sticky":false,"template":"","format":"standard","meta":{"footnotes":""},"categories":[6,1],"tags":[],"class_list":["post-97983780","post","type-post","status-publish","format-standard","has-post-thumbnail","hentry","category-destaque","category-noticia"],"yoast_head":"<!-- This site is optimized with the Yoast SEO plugin v24.8.1 - https:\/\/yoast.com\/wordpress\/plugins\/seo\/ -->\n<title>Mais de 700 animais disputam pr\u00eamio da ra\u00e7a nelore - Acrimat<\/title>\n<meta name=\"robots\" content=\"index, follow, max-snippet:-1, max-image-preview:large, max-video-preview:-1\" \/>\n<link rel=\"canonical\" href=\"https:\/\/acrimat.org.br\/portal\/mais-de-700-animais-disputam-premio-da-raca-nelore\/\" \/>\n<meta property=\"og:locale\" content=\"pt_BR\" \/>\n<meta property=\"og:type\" content=\"article\" \/>\n<meta property=\"og:title\" content=\"Mais de 700 animais disputam pr\u00eamio da ra\u00e7a nelore - Acrimat\" \/>\n<meta property=\"og:description\" content=\"Este ano, a competi\u00e7\u00e3o ter\u00e1 limite de tempo para os julgamentos. O grande campe\u00e3o ser\u00e1 escolhido no domingo\" \/>\n<meta property=\"og:url\" content=\"https:\/\/acrimat.org.br\/portal\/mais-de-700-animais-disputam-premio-da-raca-nelore\/\" \/>\n<meta property=\"og:site_name\" content=\"Acrimat\" \/>\n<meta property=\"article:published_time\" content=\"2017-09-28T13:46:42+00:00\" \/>\n<meta property=\"og:image\" content=\"https:\/\/acrimat.org.br\/portal\/wp-content\/uploads\/2017\/09\/1416230076267.jpg\" \/>\n\t<meta property=\"og:image:width\" content=\"720\" \/>\n\t<meta property=\"og:image:height\" content=\"495\" \/>\n\t<meta property=\"og:image:type\" content=\"image\/jpeg\" \/>\n<meta name=\"author\" content=\"P\u00e9ricles C\u00e2ndido\" \/>\n<meta name=\"twitter:card\" content=\"summary_large_image\" \/>\n<meta name=\"twitter:label1\" content=\"Escrito por\" \/>\n\t<meta name=\"twitter:data1\" content=\"P\u00e9ricles C\u00e2ndido\" \/>\n\t<meta name=\"twitter:label2\" content=\"Est. tempo de leitura\" \/>\n\t<meta name=\"twitter:data2\" content=\"2 minutos\" \/>\n<script type=\"application\/ld+json\" class=\"yoast-schema-graph\">{\"@context\":\"https:\/\/schema.org\",\"@graph\":[{\"@type\":\"Article\",\"@id\":\"https:\/\/acrimat.org.br\/portal\/mais-de-700-animais-disputam-premio-da-raca-nelore\/#article\",\"isPartOf\":{\"@id\":\"https:\/\/acrimat.org.br\/portal\/mais-de-700-animais-disputam-premio-da-raca-nelore\/\"},\"author\":{\"name\":\"P\u00e9ricles C\u00e2ndido\",\"@id\":\"https:\/\/acrimat.org.br\/portal\/#\/schema\/person\/18df8bcf6890e924fe5d8b5afd2bec0f\"},\"headline\":\"Mais de 700 animais disputam pr\u00eamio da ra\u00e7a nelore\",\"datePublished\":\"2017-09-28T13:46:42+00:00\",\"mainEntityOfPage\":{\"@id\":\"https:\/\/acrimat.org.br\/portal\/mais-de-700-animais-disputam-premio-da-raca-nelore\/\"},\"wordCount\":324,\"publisher\":{\"@id\":\"https:\/\/acrimat.org.br\/portal\/#organization\"},\"image\":{\"@id\":\"https:\/\/acrimat.org.br\/portal\/mais-de-700-animais-disputam-premio-da-raca-nelore\/#primaryimage\"},\"thumbnailUrl\":\"https:\/\/acrimat.org.br\/portal\/wp-content\/uploads\/2017\/09\/1416230076267.jpg\",\"articleSection\":[\"Destaques\",\"Not\u00edcias\"],\"inLanguage\":\"pt-BR\"},{\"@type\":\"WebPage\",\"@id\":\"https:\/\/acrimat.org.br\/portal\/mais-de-700-animais-disputam-premio-da-raca-nelore\/\",\"url\":\"https:\/\/acrimat.org.br\/portal\/mais-de-700-animais-disputam-premio-da-raca-nelore\/\",\"name\":\"Mais de 700 animais disputam pr\u00eamio da ra\u00e7a nelore - Acrimat\",\"isPartOf\":{\"@id\":\"https:\/\/acrimat.org.br\/portal\/#website\"},\"primaryImageOfPage\":{\"@id\":\"https:\/\/acrimat.org.br\/portal\/mais-de-700-animais-disputam-premio-da-raca-nelore\/#primaryimage\"},\"image\":{\"@id\":\"https:\/\/acrimat.org.br\/portal\/mais-de-700-animais-disputam-premio-da-raca-nelore\/#primaryimage\"},\"thumbnailUrl\":\"https:\/\/acrimat.org.br\/portal\/wp-content\/uploads\/2017\/09\/1416230076267.jpg\",\"datePublished\":\"2017-09-28T13:46:42+00:00\",\"breadcrumb\":{\"@id\":\"https:\/\/acrimat.org.br\/portal\/mais-de-700-animais-disputam-premio-da-raca-nelore\/#breadcrumb\"},\"inLanguage\":\"pt-BR\",\"potentialAction\":[{\"@type\":\"ReadAction\",\"target\":[\"https:\/\/acrimat.org.br\/portal\/mais-de-700-animais-disputam-premio-da-raca-nelore\/\"]}]},{\"@type\":\"ImageObject\",\"inLanguage\":\"pt-BR\",\"@id\":\"https:\/\/acrimat.org.br\/portal\/mais-de-700-animais-disputam-premio-da-raca-nelore\/#primaryimage\",\"url\":\"https:\/\/acrimat.org.br\/portal\/wp-content\/uploads\/2017\/09\/1416230076267.jpg\",\"contentUrl\":\"https:\/\/acrimat.org.br\/portal\/wp-content\/uploads\/2017\/09\/1416230076267.jpg\",\"width\":720,\"height\":495,\"caption\":\"Divulga\u00e7\u00e3o\"},{\"@type\":\"BreadcrumbList\",\"@id\":\"https:\/\/acrimat.org.br\/portal\/mais-de-700-animais-disputam-premio-da-raca-nelore\/#breadcrumb\",\"itemListElement\":[{\"@type\":\"ListItem\",\"position\":1,\"name\":\"In\u00edcio\",\"item\":\"https:\/\/acrimat.org.br\/portal\/\"},{\"@type\":\"ListItem\",\"position\":2,\"name\":\"Mais de 700 animais disputam pr\u00eamio da ra\u00e7a nelore\"}]},{\"@type\":\"WebSite\",\"@id\":\"https:\/\/acrimat.org.br\/portal\/#website\",\"url\":\"https:\/\/acrimat.org.br\/portal\/\",\"name\":\"Acrimat\",\"description\":\"Associa\u00e7\u00e3o dos Criadores de Mato Grosso\",\"publisher\":{\"@id\":\"https:\/\/acrimat.org.br\/portal\/#organization\"},\"potentialAction\":[{\"@type\":\"SearchAction\",\"target\":{\"@type\":\"EntryPoint\",\"urlTemplate\":\"https:\/\/acrimat.org.br\/portal\/?s={search_term_string}\"},\"query-input\":{\"@type\":\"PropertyValueSpecification\",\"valueRequired\":true,\"valueName\":\"search_term_string\"}}],\"inLanguage\":\"pt-BR\"},{\"@type\":\"Organization\",\"@id\":\"https:\/\/acrimat.org.br\/portal\/#organization\",\"name\":\"Associa\u00e7\u00e3o dos Criadores de Mato Grosso\",\"url\":\"https:\/\/acrimat.org.br\/portal\/\",\"logo\":{\"@type\":\"ImageObject\",\"inLanguage\":\"pt-BR\",\"@id\":\"https:\/\/acrimat.org.br\/portal\/#\/schema\/logo\/image\/\",\"url\":\"https:\/\/acrimat.org.br\/portal\/wp-content\/uploads\/2018\/03\/logo-peq-original.png\",\"contentUrl\":\"https:\/\/acrimat.org.br\/portal\/wp-content\/uploads\/2018\/03\/logo-peq-original.png\",\"width\":174,\"height\":171,\"caption\":\"Associa\u00e7\u00e3o dos Criadores de Mato Grosso\"},\"image\":{\"@id\":\"https:\/\/acrimat.org.br\/portal\/#\/schema\/logo\/image\/\"}},{\"@type\":\"Person\",\"@id\":\"https:\/\/acrimat.org.br\/portal\/#\/schema\/person\/18df8bcf6890e924fe5d8b5afd2bec0f\",\"name\":\"P\u00e9ricles C\u00e2ndido\",\"image\":{\"@type\":\"ImageObject\",\"inLanguage\":\"pt-BR\",\"@id\":\"https:\/\/acrimat.org.br\/portal\/#\/schema\/person\/image\/\",\"url\":\"https:\/\/secure.gravatar.com\/avatar\/33e2a2b971dc363ed2df53d0d3bfbd18?s=96&d=mm&r=g\",\"contentUrl\":\"https:\/\/secure.gravatar.com\/avatar\/33e2a2b971dc363ed2df53d0d3bfbd18?s=96&d=mm&r=g\",\"caption\":\"P\u00e9ricles C\u00e2ndido\"},\"sameAs\":[\"ascom@acrimat.org.br\"],\"url\":\"https:\/\/acrimat.org.br\/portal\/author\/designergrafico\/\"}]}<\/script>\n<!-- \/ Yoast SEO plugin. -->","yoast_head_json":{"title":"Mais de 700 animais disputam pr\u00eamio da ra\u00e7a nelore - Acrimat","robots":{"index":"index","follow":"follow","max-snippet":"max-snippet:-1","max-image-preview":"max-image-preview:large","max-video-preview":"max-video-preview:-1"},"canonical":"https:\/\/acrimat.org.br\/portal\/mais-de-700-animais-disputam-premio-da-raca-nelore\/","og_locale":"pt_BR","og_type":"article","og_title":"Mais de 700 animais disputam pr\u00eamio da ra\u00e7a nelore - Acrimat","og_description":"Este ano, a competi\u00e7\u00e3o ter\u00e1 limite de tempo para os julgamentos. O grande campe\u00e3o ser\u00e1 escolhido no domingo","og_url":"https:\/\/acrimat.org.br\/portal\/mais-de-700-animais-disputam-premio-da-raca-nelore\/","og_site_name":"Acrimat","article_published_time":"2017-09-28T13:46:42+00:00","og_image":[{"width":720,"height":495,"url":"https:\/\/acrimat.org.br\/portal\/wp-content\/uploads\/2017\/09\/1416230076267.jpg","type":"image\/jpeg"}],"author":"P\u00e9ricles C\u00e2ndido","twitter_card":"summary_large_image","twitter_misc":{"Escrito por":"P\u00e9ricles C\u00e2ndido","Est. tempo de leitura":"2 minutos"},"schema":{"@context":"https:\/\/schema.org","@graph":[{"@type":"Article","@id":"https:\/\/acrimat.org.br\/portal\/mais-de-700-animais-disputam-premio-da-raca-nelore\/#article","isPartOf":{"@id":"https:\/\/acrimat.org.br\/portal\/mais-de-700-animais-disputam-premio-da-raca-nelore\/"},"author":{"name":"P\u00e9ricles C\u00e2ndido","@id":"https:\/\/acrimat.org.br\/portal\/#\/schema\/person\/18df8bcf6890e924fe5d8b5afd2bec0f"},"headline":"Mais de 700 animais disputam pr\u00eamio da ra\u00e7a nelore","datePublished":"2017-09-28T13:46:42+00:00","mainEntityOfPage":{"@id":"https:\/\/acrimat.org.br\/portal\/mais-de-700-animais-disputam-premio-da-raca-nelore\/"},"wordCount":324,"publisher":{"@id":"https:\/\/acrimat.org.br\/portal\/#organization"},"image":{"@id":"https:\/\/acrimat.org.br\/portal\/mais-de-700-animais-disputam-premio-da-raca-nelore\/#primaryimage"},"thumbnailUrl":"https:\/\/acrimat.org.br\/portal\/wp-content\/uploads\/2017\/09\/1416230076267.jpg","articleSection":["Destaques","Not\u00edcias"],"inLanguage":"pt-BR"},{"@type":"WebPage","@id":"https:\/\/acrimat.org.br\/portal\/mais-de-700-animais-disputam-premio-da-raca-nelore\/","url":"https:\/\/acrimat.org.br\/portal\/mais-de-700-animais-disputam-premio-da-raca-nelore\/","name":"Mais de 700 animais disputam pr\u00eamio da ra\u00e7a nelore - Acrimat","isPartOf":{"@id":"https:\/\/acrimat.org.br\/portal\/#website"},"primaryImageOfPage":{"@id":"https:\/\/acrimat.org.br\/portal\/mais-de-700-animais-disputam-premio-da-raca-nelore\/#primaryimage"},"image":{"@id":"https:\/\/acrimat.org.br\/portal\/mais-de-700-animais-disputam-premio-da-raca-nelore\/#primaryimage"},"thumbnailUrl":"https:\/\/acrimat.org.br\/portal\/wp-content\/uploads\/2017\/09\/1416230076267.jpg","datePublished":"2017-09-28T13:46:42+00:00","breadcrumb":{"@id":"https:\/\/acrimat.org.br\/portal\/mais-de-700-animais-disputam-premio-da-raca-nelore\/#breadcrumb"},"inLanguage":"pt-BR","potentialAction":[{"@type":"ReadAction","target":["https:\/\/acrimat.org.br\/portal\/mais-de-700-animais-disputam-premio-da-raca-nelore\/"]}]},{"@type":"ImageObject","inLanguage":"pt-BR","@id":"https:\/\/acrimat.org.br\/portal\/mais-de-700-animais-disputam-premio-da-raca-nelore\/#primaryimage","url":"https:\/\/acrimat.org.br\/portal\/wp-content\/uploads\/2017\/09\/1416230076267.jpg","contentUrl":"https:\/\/acrimat.org.br\/portal\/wp-content\/uploads\/2017\/09\/1416230076267.jpg","width":720,"height":495,"caption":"Divulga\u00e7\u00e3o"},{"@type":"BreadcrumbList","@id":"https:\/\/acrimat.org.br\/portal\/mais-de-700-animais-disputam-premio-da-raca-nelore\/#breadcrumb","itemListElement":[{"@type":"ListItem","position":1,"name":"In\u00edcio","item":"https:\/\/acrimat.org.br\/portal\/"},{"@type":"ListItem","position":2,"name":"Mais de 700 animais disputam pr\u00eamio da ra\u00e7a nelore"}]},{"@type":"WebSite","@id":"https:\/\/acrimat.org.br\/portal\/#website","url":"https:\/\/acrimat.org.br\/portal\/","name":"Acrimat","description":"Associa\u00e7\u00e3o dos Criadores de Mato Grosso","publisher":{"@id":"https:\/\/acrimat.org.br\/portal\/#organization"},"potentialAction":[{"@type":"SearchAction","target":{"@type":"EntryPoint","urlTemplate":"https:\/\/acrimat.org.br\/portal\/?s={search_term_string}"},"query-input":{"@type":"PropertyValueSpecification","valueRequired":true,"valueName":"search_term_string"}}],"inLanguage":"pt-BR"},{"@type":"Organization","@id":"https:\/\/acrimat.org.br\/portal\/#organization","name":"Associa\u00e7\u00e3o dos Criadores de Mato Grosso","url":"https:\/\/acrimat.org.br\/portal\/","logo":{"@type":"ImageObject","inLanguage":"pt-BR","@id":"https:\/\/acrimat.org.br\/portal\/#\/schema\/logo\/image\/","url":"https:\/\/acrimat.org.br\/portal\/wp-content\/uploads\/2018\/03\/logo-peq-original.png","contentUrl":"https:\/\/acrimat.org.br\/portal\/wp-content\/uploads\/2018\/03\/logo-peq-original.png","width":174,"height":171,"caption":"Associa\u00e7\u00e3o dos Criadores de Mato Grosso"},"image":{"@id":"https:\/\/acrimat.org.br\/portal\/#\/schema\/logo\/image\/"}},{"@type":"Person","@id":"https:\/\/acrimat.org.br\/portal\/#\/schema\/person\/18df8bcf6890e924fe5d8b5afd2bec0f","name":"P\u00e9ricles C\u00e2ndido","image":{"@type":"ImageObject","inLanguage":"pt-BR","@id":"https:\/\/acrimat.org.br\/portal\/#\/schema\/person\/image\/","url":"https:\/\/secure.gravatar.com\/avatar\/33e2a2b971dc363ed2df53d0d3bfbd18?s=96&d=mm&r=g","contentUrl":"https:\/\/secure.gravatar.com\/avatar\/33e2a2b971dc363ed2df53d0d3bfbd18?s=96&d=mm&r=g","caption":"P\u00e9ricles C\u00e2ndido"},"sameAs":["ascom@acrimat.org.br"],"url":"https:\/\/acrimat.org.br\/portal\/author\/designergrafico\/"}]}},"_links":{"self":[{"href":"https:\/\/acrimat.org.br\/portal\/wp-json\/wp\/v2\/posts\/97983780","targetHints":{"allow":["GET"]}}],"collection":[{"href":"https:\/\/acrimat.org.br\/portal\/wp-json\/wp\/v2\/posts"}],"about":[{"href":"https:\/\/acrimat.org.br\/portal\/wp-json\/wp\/v2\/types\/post"}],"author":[{"embeddable":true,"href":"https:\/\/acrimat.org.br\/portal\/wp-json\/wp\/v2\/users\/11"}],"replies":[{"embeddable":true,"href":"https:\/\/acrimat.org.br\/portal\/wp-json\/wp\/v2\/comments?post=97983780"}],"version-history":[{"count":1,"href":"https:\/\/acrimat.org.br\/portal\/wp-json\/wp\/v2\/posts\/97983780\/revisions"}],"predecessor-version":[{"id":97983782,"href":"https:\/\/acrimat.org.br\/portal\/wp-json\/wp\/v2\/posts\/97983780\/revisions\/97983782"}],"wp:featuredmedia":[{"embeddable":true,"href":"https:\/\/acrimat.org.br\/portal\/wp-json\/wp\/v2\/media\/97983781"}],"wp:attachment":[{"href":"https:\/\/acrimat.org.br\/portal\/wp-json\/wp\/v2\/media?parent=97983780"}],"wp:term":[{"taxonomy":"category","embeddable":true,"href":"https:\/\/acrimat.org.br\/portal\/wp-json\/wp\/v2\/categories?post=97983780"},{"taxonomy":"post_tag","embeddable":true,"href":"https:\/\/acrimat.org.br\/portal\/wp-json\/wp\/v2\/tags?post=97983780"}],"curies":[{"name":"wp","href":"https:\/\/api.w.org\/{rel}","templated":true}]}}