{"id":97983783,"date":"2017-09-28T10:49:26","date_gmt":"2017-09-28T13:49:26","guid":{"rendered":"http:\/\/acrimat.org.br\/portal\/?p=97983783"},"modified":"2017-09-28T10:49:26","modified_gmt":"2017-09-28T13:49:26","slug":"fracionamento-da-propriedade-rural-no-regime-de-afetacao-avanca-na-camara","status":"publish","type":"post","link":"https:\/\/acrimat.org.br\/portal\/fracionamento-da-propriedade-rural-no-regime-de-afetacao-avanca-na-camara\/","title":{"rendered":"Fracionamento da propriedade rural no regime de afeta\u00e7\u00e3o avan\u00e7a na C\u00e2mara"},"content":{"rendered":"<div id=\"attachment_97983784\" style=\"width: 310px\" class=\"wp-caption alignright\"><a href=\"http:\/\/acrimat.org.br\/portal\/wp-content\/uploads\/2017\/09\/Roberto-Balestra-620x350-620x330.jpg\"><img decoding=\"async\" aria-describedby=\"caption-attachment-97983784\" class=\"wp-image-97983784 size-medium\" title=\"Deputado federal Roberto Balestra (PP\/GO), vice-presidente do Centro-Oeste da Frente Parlamentar da Agropecu\u00e1ria (FPA)\" src=\"http:\/\/acrimat.org.br\/portal\/wp-content\/uploads\/2017\/09\/Roberto-Balestra-620x350-620x330-300x160.jpg\" alt=\"\" width=\"300\" height=\"160\" srcset=\"https:\/\/acrimat.org.br\/portal\/wp-content\/uploads\/2017\/09\/Roberto-Balestra-620x350-620x330-300x160.jpg 300w, https:\/\/acrimat.org.br\/portal\/wp-content\/uploads\/2017\/09\/Roberto-Balestra-620x350-620x330-250x133.jpg 250w, https:\/\/acrimat.org.br\/portal\/wp-content\/uploads\/2017\/09\/Roberto-Balestra-620x350-620x330-550x293.jpg 550w, https:\/\/acrimat.org.br\/portal\/wp-content\/uploads\/2017\/09\/Roberto-Balestra-620x350-620x330-338x180.jpg 338w, https:\/\/acrimat.org.br\/portal\/wp-content\/uploads\/2017\/09\/Roberto-Balestra-620x350-620x330-564x300.jpg 564w, https:\/\/acrimat.org.br\/portal\/wp-content\/uploads\/2017\/09\/Roberto-Balestra-620x350-620x330.jpg 620w\" sizes=\"(max-width: 300px) 100vw, 300px\" \/><\/a><p id=\"caption-attachment-97983784\" class=\"wp-caption-text\">Divulga\u00e7\u00e3o<\/p><\/div>\n<p>Aprovado, nesta quarta-feira (27), na Comiss\u00e3o da Agricultura, Pecu\u00e1ria e Abastecimento (CAPADR), o projeto de lei (<a href=\"http:\/\/www.camara.gov.br\/proposicoesWeb\/prop_mostrarintegra;jsessionid=84D041B8370D744E7D5E68AF559BC707.proposicoesWebExterno2?codteor=1352196&amp;filename=PL+2053\/2015\" data-saferedirecturl=\"https:\/\/www.google.com\/url?hl=pt-BR&amp;q=http:\/\/www.camara.gov.br\/proposicoesWeb\/prop_mostrarintegra;jsessionid%3D84D041B8370D744E7D5E68AF559BC707.proposicoesWebExterno2?codteor%3D1352196%26filename%3DPL%2B2053\/2015&amp;source=gmail&amp;ust=1506632662133000&amp;usg=AFQjCNHnCVe0-yN3JB0flFzPBj46-_xZjw\">PL 2053\/15<\/a>) do deputado federal Roberto Balestra (PP\/GO), vice-presidente do Centro-Oeste da Frente Parlamentar da Agropecu\u00e1ria (FPA), que trata da constitui\u00e7\u00e3o de im\u00f3vel rural ou fra\u00e7\u00e3o como patrim\u00f4nio de afeta\u00e7\u00e3o e institui a c\u00e9dula imobili\u00e1ria rural. O parecer, pela aprova\u00e7\u00e3o, foi do deputado federal L\u00e1zaro Botelho (PP\/TO), relator da mat\u00e9ria.<\/p>\n<p>A proposta autoriza o produtor rural a submeter seu im\u00f3vel rural ou fra\u00e7\u00e3o deste ao regime da afeta\u00e7\u00e3o, pelo qual o terreno e constru\u00e7\u00f5es, maquinismos, instala\u00e7\u00f5es e benfeitorias nele fixados s\u00e3o mantidos separados do restante do patrim\u00f4nio do propriet\u00e1rio. Desta forma, o dono do im\u00f3vel fica desimpedido para realizar novos empr\u00e9stimos, por conta do fracionamento da sua propriedade. \u201cUm patrim\u00f4nio, por exemplo, no valor de R$ 100.000,00, que anteriormente seria comprometido na tomada de um empr\u00e9stimo de R$ 50.000,00, poder\u00e1 ser utilizado na tomada de dois empr\u00e9stimos de R$ 50.000,00\u201d, explica o autor do projeto, o deputado Roberto Balestra.<\/p>\n<p>O objetivo \u00e9 simplificar, agilizar e ampliar o acesso ao cr\u00e9dito por parte do produtor rural, bem como criar alternativas ao sistema tradicional de financiamento das atividades desenvolvidas no campo. \u201cCom o PL, \u00e9 esperado que a demanda por cr\u00e9ditos e investimentos aumente no agroneg\u00f3cio brasileiro, uma vez que o fracionamento do patrim\u00f4nio afetado possibilitar\u00e1 a tomada de novos empr\u00e9stimos. Al\u00e9m disso, a proposta visa garantir a seguran\u00e7a econ\u00f4mica e jur\u00eddica para os credores, que ainda receber\u00e3o garantias para os valores emprestados\u201d, destaca Balestra.<\/p>\n<p><strong>CIR \u2013\u00a0<\/strong>O projeto cria a C\u00e9dula Imobili\u00e1ria Rural (CIR), t\u00edtulo de cr\u00e9dito civil, l\u00edquido, certo, pass\u00edvel de execu\u00e7\u00e3o extrajudicial. A ideia \u00e9 que ela sirva de garantia da fra\u00e7\u00e3o oferecida para retirada do empr\u00e9stimo e dever\u00e1 ser registrada em sistema de liquida\u00e7\u00e3o financeira de ativos administrado por entidade autorizada pelo Banco Central.<\/p>\n","protected":false},"excerpt":{"rendered":"<p>Proposta pretende ampliar o acesso ao cr\u00e9dito a partir do mesmo bem dado em garantia de empr\u00e9stimos<\/p>\n","protected":false},"author":11,"featured_media":97983784,"comment_status":"closed","ping_status":"closed","sticky":false,"template":"","format":"standard","meta":{"footnotes":""},"categories":[6,1],"tags":[],"class_list":["post-97983783","post","type-post","status-publish","format-standard","has-post-thumbnail","hentry","category-destaque","category-noticia"],"yoast_head":"<!-- This site is optimized with the Yoast SEO plugin v24.8.1 - https:\/\/yoast.com\/wordpress\/plugins\/seo\/ -->\n<title>Fracionamento da propriedade rural no regime de afeta\u00e7\u00e3o avan\u00e7a na C\u00e2mara - Acrimat<\/title>\n<meta name=\"robots\" content=\"index, follow, max-snippet:-1, max-image-preview:large, max-video-preview:-1\" \/>\n<link rel=\"canonical\" href=\"https:\/\/acrimat.org.br\/portal\/fracionamento-da-propriedade-rural-no-regime-de-afetacao-avanca-na-camara\/\" \/>\n<meta property=\"og:locale\" content=\"pt_BR\" \/>\n<meta property=\"og:type\" content=\"article\" \/>\n<meta property=\"og:title\" content=\"Fracionamento da propriedade rural no regime de afeta\u00e7\u00e3o avan\u00e7a na C\u00e2mara - Acrimat\" \/>\n<meta property=\"og:description\" content=\"Proposta pretende ampliar o acesso ao cr\u00e9dito a partir do mesmo bem dado em garantia de empr\u00e9stimos\" \/>\n<meta property=\"og:url\" content=\"https:\/\/acrimat.org.br\/portal\/fracionamento-da-propriedade-rural-no-regime-de-afetacao-avanca-na-camara\/\" \/>\n<meta property=\"og:site_name\" content=\"Acrimat\" \/>\n<meta property=\"article:published_time\" content=\"2017-09-28T13:49:26+00:00\" \/>\n<meta property=\"og:image\" content=\"https:\/\/acrimat.org.br\/portal\/wp-content\/uploads\/2017\/09\/Roberto-Balestra-620x350-620x330.jpg\" \/>\n\t<meta property=\"og:image:width\" content=\"620\" \/>\n\t<meta property=\"og:image:height\" content=\"330\" \/>\n\t<meta property=\"og:image:type\" content=\"image\/jpeg\" \/>\n<meta name=\"author\" content=\"P\u00e9ricles C\u00e2ndido\" \/>\n<meta name=\"twitter:card\" content=\"summary_large_image\" \/>\n<meta name=\"twitter:label1\" content=\"Escrito por\" \/>\n\t<meta name=\"twitter:data1\" content=\"P\u00e9ricles C\u00e2ndido\" \/>\n\t<meta name=\"twitter:label2\" content=\"Est. tempo de leitura\" \/>\n\t<meta name=\"twitter:data2\" content=\"2 minutos\" \/>\n<script type=\"application\/ld+json\" class=\"yoast-schema-graph\">{\"@context\":\"https:\/\/schema.org\",\"@graph\":[{\"@type\":\"Article\",\"@id\":\"https:\/\/acrimat.org.br\/portal\/fracionamento-da-propriedade-rural-no-regime-de-afetacao-avanca-na-camara\/#article\",\"isPartOf\":{\"@id\":\"https:\/\/acrimat.org.br\/portal\/fracionamento-da-propriedade-rural-no-regime-de-afetacao-avanca-na-camara\/\"},\"author\":{\"name\":\"P\u00e9ricles C\u00e2ndido\",\"@id\":\"https:\/\/acrimat.org.br\/portal\/#\/schema\/person\/18df8bcf6890e924fe5d8b5afd2bec0f\"},\"headline\":\"Fracionamento da propriedade rural no regime de afeta\u00e7\u00e3o avan\u00e7a na C\u00e2mara\",\"datePublished\":\"2017-09-28T13:49:26+00:00\",\"mainEntityOfPage\":{\"@id\":\"https:\/\/acrimat.org.br\/portal\/fracionamento-da-propriedade-rural-no-regime-de-afetacao-avanca-na-camara\/\"},\"wordCount\":364,\"publisher\":{\"@id\":\"https:\/\/acrimat.org.br\/portal\/#organization\"},\"image\":{\"@id\":\"https:\/\/acrimat.org.br\/portal\/fracionamento-da-propriedade-rural-no-regime-de-afetacao-avanca-na-camara\/#primaryimage\"},\"thumbnailUrl\":\"https:\/\/acrimat.org.br\/portal\/wp-content\/uploads\/2017\/09\/Roberto-Balestra-620x350-620x330.jpg\",\"articleSection\":[\"Destaques\",\"Not\u00edcias\"],\"inLanguage\":\"pt-BR\"},{\"@type\":\"WebPage\",\"@id\":\"https:\/\/acrimat.org.br\/portal\/fracionamento-da-propriedade-rural-no-regime-de-afetacao-avanca-na-camara\/\",\"url\":\"https:\/\/acrimat.org.br\/portal\/fracionamento-da-propriedade-rural-no-regime-de-afetacao-avanca-na-camara\/\",\"name\":\"Fracionamento da propriedade rural no regime de afeta\u00e7\u00e3o avan\u00e7a na C\u00e2mara - Acrimat\",\"isPartOf\":{\"@id\":\"https:\/\/acrimat.org.br\/portal\/#website\"},\"primaryImageOfPage\":{\"@id\":\"https:\/\/acrimat.org.br\/portal\/fracionamento-da-propriedade-rural-no-regime-de-afetacao-avanca-na-camara\/#primaryimage\"},\"image\":{\"@id\":\"https:\/\/acrimat.org.br\/portal\/fracionamento-da-propriedade-rural-no-regime-de-afetacao-avanca-na-camara\/#primaryimage\"},\"thumbnailUrl\":\"https:\/\/acrimat.org.br\/portal\/wp-content\/uploads\/2017\/09\/Roberto-Balestra-620x350-620x330.jpg\",\"datePublished\":\"2017-09-28T13:49:26+00:00\",\"breadcrumb\":{\"@id\":\"https:\/\/acrimat.org.br\/portal\/fracionamento-da-propriedade-rural-no-regime-de-afetacao-avanca-na-camara\/#breadcrumb\"},\"inLanguage\":\"pt-BR\",\"potentialAction\":[{\"@type\":\"ReadAction\",\"target\":[\"https:\/\/acrimat.org.br\/portal\/fracionamento-da-propriedade-rural-no-regime-de-afetacao-avanca-na-camara\/\"]}]},{\"@type\":\"ImageObject\",\"inLanguage\":\"pt-BR\",\"@id\":\"https:\/\/acrimat.org.br\/portal\/fracionamento-da-propriedade-rural-no-regime-de-afetacao-avanca-na-camara\/#primaryimage\",\"url\":\"https:\/\/acrimat.org.br\/portal\/wp-content\/uploads\/2017\/09\/Roberto-Balestra-620x350-620x330.jpg\",\"contentUrl\":\"https:\/\/acrimat.org.br\/portal\/wp-content\/uploads\/2017\/09\/Roberto-Balestra-620x350-620x330.jpg\",\"width\":620,\"height\":330,\"caption\":\"Divulga\u00e7\u00e3o\"},{\"@type\":\"BreadcrumbList\",\"@id\":\"https:\/\/acrimat.org.br\/portal\/fracionamento-da-propriedade-rural-no-regime-de-afetacao-avanca-na-camara\/#breadcrumb\",\"itemListElement\":[{\"@type\":\"ListItem\",\"position\":1,\"name\":\"In\u00edcio\",\"item\":\"https:\/\/acrimat.org.br\/portal\/\"},{\"@type\":\"ListItem\",\"position\":2,\"name\":\"Fracionamento da propriedade rural no regime de afeta\u00e7\u00e3o avan\u00e7a na C\u00e2mara\"}]},{\"@type\":\"WebSite\",\"@id\":\"https:\/\/acrimat.org.br\/portal\/#website\",\"url\":\"https:\/\/acrimat.org.br\/portal\/\",\"name\":\"Acrimat\",\"description\":\"Associa\u00e7\u00e3o dos Criadores de Mato Grosso\",\"publisher\":{\"@id\":\"https:\/\/acrimat.org.br\/portal\/#organization\"},\"potentialAction\":[{\"@type\":\"SearchAction\",\"target\":{\"@type\":\"EntryPoint\",\"urlTemplate\":\"https:\/\/acrimat.org.br\/portal\/?s={search_term_string}\"},\"query-input\":{\"@type\":\"PropertyValueSpecification\",\"valueRequired\":true,\"valueName\":\"search_term_string\"}}],\"inLanguage\":\"pt-BR\"},{\"@type\":\"Organization\",\"@id\":\"https:\/\/acrimat.org.br\/portal\/#organization\",\"name\":\"Associa\u00e7\u00e3o dos Criadores de Mato Grosso\",\"url\":\"https:\/\/acrimat.org.br\/portal\/\",\"logo\":{\"@type\":\"ImageObject\",\"inLanguage\":\"pt-BR\",\"@id\":\"https:\/\/acrimat.org.br\/portal\/#\/schema\/logo\/image\/\",\"url\":\"https:\/\/acrimat.org.br\/portal\/wp-content\/uploads\/2018\/03\/logo-peq-original.png\",\"contentUrl\":\"https:\/\/acrimat.org.br\/portal\/wp-content\/uploads\/2018\/03\/logo-peq-original.png\",\"width\":174,\"height\":171,\"caption\":\"Associa\u00e7\u00e3o dos Criadores de Mato Grosso\"},\"image\":{\"@id\":\"https:\/\/acrimat.org.br\/portal\/#\/schema\/logo\/image\/\"}},{\"@type\":\"Person\",\"@id\":\"https:\/\/acrimat.org.br\/portal\/#\/schema\/person\/18df8bcf6890e924fe5d8b5afd2bec0f\",\"name\":\"P\u00e9ricles C\u00e2ndido\",\"image\":{\"@type\":\"ImageObject\",\"inLanguage\":\"pt-BR\",\"@id\":\"https:\/\/acrimat.org.br\/portal\/#\/schema\/person\/image\/\",\"url\":\"https:\/\/secure.gravatar.com\/avatar\/33e2a2b971dc363ed2df53d0d3bfbd18?s=96&d=mm&r=g\",\"contentUrl\":\"https:\/\/secure.gravatar.com\/avatar\/33e2a2b971dc363ed2df53d0d3bfbd18?s=96&d=mm&r=g\",\"caption\":\"P\u00e9ricles C\u00e2ndido\"},\"sameAs\":[\"ascom@acrimat.org.br\"],\"url\":\"https:\/\/acrimat.org.br\/portal\/author\/designergrafico\/\"}]}<\/script>\n<!-- \/ Yoast SEO plugin. -->","yoast_head_json":{"title":"Fracionamento da propriedade rural no regime de afeta\u00e7\u00e3o avan\u00e7a na C\u00e2mara - Acrimat","robots":{"index":"index","follow":"follow","max-snippet":"max-snippet:-1","max-image-preview":"max-image-preview:large","max-video-preview":"max-video-preview:-1"},"canonical":"https:\/\/acrimat.org.br\/portal\/fracionamento-da-propriedade-rural-no-regime-de-afetacao-avanca-na-camara\/","og_locale":"pt_BR","og_type":"article","og_title":"Fracionamento da propriedade rural no regime de afeta\u00e7\u00e3o avan\u00e7a na C\u00e2mara - Acrimat","og_description":"Proposta pretende ampliar o acesso ao cr\u00e9dito a partir do mesmo bem dado em garantia de empr\u00e9stimos","og_url":"https:\/\/acrimat.org.br\/portal\/fracionamento-da-propriedade-rural-no-regime-de-afetacao-avanca-na-camara\/","og_site_name":"Acrimat","article_published_time":"2017-09-28T13:49:26+00:00","og_image":[{"width":620,"height":330,"url":"https:\/\/acrimat.org.br\/portal\/wp-content\/uploads\/2017\/09\/Roberto-Balestra-620x350-620x330.jpg","type":"image\/jpeg"}],"author":"P\u00e9ricles C\u00e2ndido","twitter_card":"summary_large_image","twitter_misc":{"Escrito por":"P\u00e9ricles C\u00e2ndido","Est. tempo de leitura":"2 minutos"},"schema":{"@context":"https:\/\/schema.org","@graph":[{"@type":"Article","@id":"https:\/\/acrimat.org.br\/portal\/fracionamento-da-propriedade-rural-no-regime-de-afetacao-avanca-na-camara\/#article","isPartOf":{"@id":"https:\/\/acrimat.org.br\/portal\/fracionamento-da-propriedade-rural-no-regime-de-afetacao-avanca-na-camara\/"},"author":{"name":"P\u00e9ricles C\u00e2ndido","@id":"https:\/\/acrimat.org.br\/portal\/#\/schema\/person\/18df8bcf6890e924fe5d8b5afd2bec0f"},"headline":"Fracionamento da propriedade rural no regime de afeta\u00e7\u00e3o avan\u00e7a na C\u00e2mara","datePublished":"2017-09-28T13:49:26+00:00","mainEntityOfPage":{"@id":"https:\/\/acrimat.org.br\/portal\/fracionamento-da-propriedade-rural-no-regime-de-afetacao-avanca-na-camara\/"},"wordCount":364,"publisher":{"@id":"https:\/\/acrimat.org.br\/portal\/#organization"},"image":{"@id":"https:\/\/acrimat.org.br\/portal\/fracionamento-da-propriedade-rural-no-regime-de-afetacao-avanca-na-camara\/#primaryimage"},"thumbnailUrl":"https:\/\/acrimat.org.br\/portal\/wp-content\/uploads\/2017\/09\/Roberto-Balestra-620x350-620x330.jpg","articleSection":["Destaques","Not\u00edcias"],"inLanguage":"pt-BR"},{"@type":"WebPage","@id":"https:\/\/acrimat.org.br\/portal\/fracionamento-da-propriedade-rural-no-regime-de-afetacao-avanca-na-camara\/","url":"https:\/\/acrimat.org.br\/portal\/fracionamento-da-propriedade-rural-no-regime-de-afetacao-avanca-na-camara\/","name":"Fracionamento da propriedade rural no regime de afeta\u00e7\u00e3o avan\u00e7a na C\u00e2mara - Acrimat","isPartOf":{"@id":"https:\/\/acrimat.org.br\/portal\/#website"},"primaryImageOfPage":{"@id":"https:\/\/acrimat.org.br\/portal\/fracionamento-da-propriedade-rural-no-regime-de-afetacao-avanca-na-camara\/#primaryimage"},"image":{"@id":"https:\/\/acrimat.org.br\/portal\/fracionamento-da-propriedade-rural-no-regime-de-afetacao-avanca-na-camara\/#primaryimage"},"thumbnailUrl":"https:\/\/acrimat.org.br\/portal\/wp-content\/uploads\/2017\/09\/Roberto-Balestra-620x350-620x330.jpg","datePublished":"2017-09-28T13:49:26+00:00","breadcrumb":{"@id":"https:\/\/acrimat.org.br\/portal\/fracionamento-da-propriedade-rural-no-regime-de-afetacao-avanca-na-camara\/#breadcrumb"},"inLanguage":"pt-BR","potentialAction":[{"@type":"ReadAction","target":["https:\/\/acrimat.org.br\/portal\/fracionamento-da-propriedade-rural-no-regime-de-afetacao-avanca-na-camara\/"]}]},{"@type":"ImageObject","inLanguage":"pt-BR","@id":"https:\/\/acrimat.org.br\/portal\/fracionamento-da-propriedade-rural-no-regime-de-afetacao-avanca-na-camara\/#primaryimage","url":"https:\/\/acrimat.org.br\/portal\/wp-content\/uploads\/2017\/09\/Roberto-Balestra-620x350-620x330.jpg","contentUrl":"https:\/\/acrimat.org.br\/portal\/wp-content\/uploads\/2017\/09\/Roberto-Balestra-620x350-620x330.jpg","width":620,"height":330,"caption":"Divulga\u00e7\u00e3o"},{"@type":"BreadcrumbList","@id":"https:\/\/acrimat.org.br\/portal\/fracionamento-da-propriedade-rural-no-regime-de-afetacao-avanca-na-camara\/#breadcrumb","itemListElement":[{"@type":"ListItem","position":1,"name":"In\u00edcio","item":"https:\/\/acrimat.org.br\/portal\/"},{"@type":"ListItem","position":2,"name":"Fracionamento da propriedade rural no regime de afeta\u00e7\u00e3o avan\u00e7a na C\u00e2mara"}]},{"@type":"WebSite","@id":"https:\/\/acrimat.org.br\/portal\/#website","url":"https:\/\/acrimat.org.br\/portal\/","name":"Acrimat","description":"Associa\u00e7\u00e3o dos Criadores de Mato Grosso","publisher":{"@id":"https:\/\/acrimat.org.br\/portal\/#organization"},"potentialAction":[{"@type":"SearchAction","target":{"@type":"EntryPoint","urlTemplate":"https:\/\/acrimat.org.br\/portal\/?s={search_term_string}"},"query-input":{"@type":"PropertyValueSpecification","valueRequired":true,"valueName":"search_term_string"}}],"inLanguage":"pt-BR"},{"@type":"Organization","@id":"https:\/\/acrimat.org.br\/portal\/#organization","name":"Associa\u00e7\u00e3o dos Criadores de Mato Grosso","url":"https:\/\/acrimat.org.br\/portal\/","logo":{"@type":"ImageObject","inLanguage":"pt-BR","@id":"https:\/\/acrimat.org.br\/portal\/#\/schema\/logo\/image\/","url":"https:\/\/acrimat.org.br\/portal\/wp-content\/uploads\/2018\/03\/logo-peq-original.png","contentUrl":"https:\/\/acrimat.org.br\/portal\/wp-content\/uploads\/2018\/03\/logo-peq-original.png","width":174,"height":171,"caption":"Associa\u00e7\u00e3o dos Criadores de Mato Grosso"},"image":{"@id":"https:\/\/acrimat.org.br\/portal\/#\/schema\/logo\/image\/"}},{"@type":"Person","@id":"https:\/\/acrimat.org.br\/portal\/#\/schema\/person\/18df8bcf6890e924fe5d8b5afd2bec0f","name":"P\u00e9ricles C\u00e2ndido","image":{"@type":"ImageObject","inLanguage":"pt-BR","@id":"https:\/\/acrimat.org.br\/portal\/#\/schema\/person\/image\/","url":"https:\/\/secure.gravatar.com\/avatar\/33e2a2b971dc363ed2df53d0d3bfbd18?s=96&d=mm&r=g","contentUrl":"https:\/\/secure.gravatar.com\/avatar\/33e2a2b971dc363ed2df53d0d3bfbd18?s=96&d=mm&r=g","caption":"P\u00e9ricles C\u00e2ndido"},"sameAs":["ascom@acrimat.org.br"],"url":"https:\/\/acrimat.org.br\/portal\/author\/designergrafico\/"}]}},"_links":{"self":[{"href":"https:\/\/acrimat.org.br\/portal\/wp-json\/wp\/v2\/posts\/97983783","targetHints":{"allow":["GET"]}}],"collection":[{"href":"https:\/\/acrimat.org.br\/portal\/wp-json\/wp\/v2\/posts"}],"about":[{"href":"https:\/\/acrimat.org.br\/portal\/wp-json\/wp\/v2\/types\/post"}],"author":[{"embeddable":true,"href":"https:\/\/acrimat.org.br\/portal\/wp-json\/wp\/v2\/users\/11"}],"replies":[{"embeddable":true,"href":"https:\/\/acrimat.org.br\/portal\/wp-json\/wp\/v2\/comments?post=97983783"}],"version-history":[{"count":5,"href":"https:\/\/acrimat.org.br\/portal\/wp-json\/wp\/v2\/posts\/97983783\/revisions"}],"predecessor-version":[{"id":97983789,"href":"https:\/\/acrimat.org.br\/portal\/wp-json\/wp\/v2\/posts\/97983783\/revisions\/97983789"}],"wp:featuredmedia":[{"embeddable":true,"href":"https:\/\/acrimat.org.br\/portal\/wp-json\/wp\/v2\/media\/97983784"}],"wp:attachment":[{"href":"https:\/\/acrimat.org.br\/portal\/wp-json\/wp\/v2\/media?parent=97983783"}],"wp:term":[{"taxonomy":"category","embeddable":true,"href":"https:\/\/acrimat.org.br\/portal\/wp-json\/wp\/v2\/categories?post=97983783"},{"taxonomy":"post_tag","embeddable":true,"href":"https:\/\/acrimat.org.br\/portal\/wp-json\/wp\/v2\/tags?post=97983783"}],"curies":[{"name":"wp","href":"https:\/\/api.w.org\/{rel}","templated":true}]}}