{"id":97983790,"date":"2017-09-28T10:53:52","date_gmt":"2017-09-28T13:53:52","guid":{"rendered":"http:\/\/acrimat.org.br\/portal\/?p=97983790"},"modified":"2017-09-28T10:58:53","modified_gmt":"2017-09-28T13:58:53","slug":"conselho-aprova-linha-para-custeio-agropecuario","status":"publish","type":"post","link":"https:\/\/acrimat.org.br\/portal\/conselho-aprova-linha-para-custeio-agropecuario\/","title":{"rendered":"Conselho aprova linha para custeio agropecu\u00e1rio"},"content":{"rendered":"<div id=\"attachment_97983792\" style=\"width: 310px\" class=\"wp-caption alignright\"><a href=\"http:\/\/acrimat.org.br\/portal\/wp-content\/uploads\/2017\/09\/Audi\u00eancia-Lei-Kandir1.jpg\"><img fetchpriority=\"high\" decoding=\"async\" aria-describedby=\"caption-attachment-97983792\" class=\"wp-image-97983792 size-medium\" title=\"Foto: Fernando Rodrigues\" src=\"http:\/\/acrimat.org.br\/portal\/wp-content\/uploads\/2017\/09\/Audi\u00eancia-Lei-Kandir1-300x200.jpg\" alt=\"\" width=\"300\" height=\"200\" srcset=\"https:\/\/acrimat.org.br\/portal\/wp-content\/uploads\/2017\/09\/Audi\u00eancia-Lei-Kandir1-300x200.jpg 300w, https:\/\/acrimat.org.br\/portal\/wp-content\/uploads\/2017\/09\/Audi\u00eancia-Lei-Kandir1-768x512.jpg 768w, https:\/\/acrimat.org.br\/portal\/wp-content\/uploads\/2017\/09\/Audi\u00eancia-Lei-Kandir1.jpg 1024w, https:\/\/acrimat.org.br\/portal\/wp-content\/uploads\/2017\/09\/Audi\u00eancia-Lei-Kandir1-250x167.jpg 250w, https:\/\/acrimat.org.br\/portal\/wp-content\/uploads\/2017\/09\/Audi\u00eancia-Lei-Kandir1-550x366.jpg 550w, https:\/\/acrimat.org.br\/portal\/wp-content\/uploads\/2017\/09\/Audi\u00eancia-Lei-Kandir1-800x533.jpg 800w, https:\/\/acrimat.org.br\/portal\/wp-content\/uploads\/2017\/09\/Audi\u00eancia-Lei-Kandir1-270x180.jpg 270w, https:\/\/acrimat.org.br\/portal\/wp-content\/uploads\/2017\/09\/Audi\u00eancia-Lei-Kandir1-450x300.jpg 450w, https:\/\/acrimat.org.br\/portal\/wp-content\/uploads\/2017\/09\/Audi\u00eancia-Lei-Kandir1-751x500.jpg 751w, https:\/\/acrimat.org.br\/portal\/wp-content\/uploads\/2017\/09\/Audi\u00eancia-Lei-Kandir1-272x182.jpg 272w\" sizes=\"(max-width: 300px) 100vw, 300px\" \/><\/a><p id=\"caption-attachment-97983792\" class=\"wp-caption-text\">Divulga\u00e7\u00e3o<\/p><\/div>\n<p>Uma s\u00e9rie de medidas foram aprovadas, nesta quarta-feira (27), para ampliar o acesso a cr\u00e9dito para empreendedores por meio do Fundo Constitucional do Centro-Oeste (FCO), administrado pelo Minist\u00e9rio da Integra\u00e7\u00e3o Nacional. As mudan\u00e7as foram definidas durante reuni\u00e3o do Conselho Deliberativo da Superintend\u00eancia do Desenvolvimento do Centro-Oeste (Condel\/Sudeco), em Bras\u00edlia. O vice-governador Carlos F\u00e1varo e o secret\u00e1rio de Estado de Desenvolvimento Econ\u00f4mico, Carlos Avalone, participaram das discuss\u00f5es, representando o Estado.<\/p>\n<p>Segundo F\u00e1varo, duas medidas aprovadas foram propostas pelo Governo de Mato Grosso. &#8220;Uma refere-se ao aumento do limite de financiamento para capital de giro para micros, pequenas, m\u00e9dias e grandes empresas e outra beneficiar\u00e1 o setor pecu\u00e1rio, dobrando o limite de recursos para aquisi\u00e7\u00e3o de bovinos, assim como de matrizes bovinas e ovinas, de R$ 1 milh\u00e3o para R$ 2 milh\u00f5es&#8221;, explicou ele.<\/p>\n<p>O ministro da Defesa, Raul Jungmann, tamb\u00e9m participou da reuni\u00e3o e discorreu sobre a medida que permite o financiamento da ind\u00fastria de defesa com recursos do FCO. Segundo Avalone, existem duas ind\u00fastrias da \u00e1rea de ve\u00edculos para as For\u00e7as Armadas que t\u00eam interesse em se instalar em Mato Grosso. &#8220;Com certeza, a procura dessas ind\u00fastrias para se estabelecerem em Mato Grosso j\u00e1 sofre influ\u00eancia dessa sinaliza\u00e7\u00e3o dos recursos advindos do FCO&#8221;, afirmou o gestor.<\/p>\n<p>Entre outras medidas, tamb\u00e9m foram aprovadas a proposta de clarificar o apoio aos projetos que utilizem fontes alternativas de energia e a de equiparar os prazos de financiamento de custeio agropecu\u00e1rio associado a projetos de investimentos aos mesmos prazos concedidos ao capital de giro associado nas Linhas de Financiamento de Desenvolvimento Rural, do FCO Verde e de Integra\u00e7\u00e3o Lavoura-Pecu\u00e1ria Floresta.<\/p>\n<p>Durante a reuni\u00e3o, o vice-governador tamb\u00e9m apresentou a proposta do Governo de Mato Grosso para dispor 20% dos repasses anuais do FCO para o Centro-Oeste \u00e0s ag\u00eancias de fomento e cooperativas de cr\u00e9dito. De acordo com ele, a proposta visa ampliar a oferta dos financiamentos por meio de outras institui\u00e7\u00f5es financeiras, aumentando a escolha dos beneficiados com os recursos. Essa proposta ser\u00e1 avaliada na pr\u00f3xima reuni\u00e3o do Condel.<\/p>\n<p><strong>Lei Kandir<\/strong><\/p>\n<p>No per\u00edodo da tarde, o vice-governador e o secret\u00e1rio de Desenvolvimento Econ\u00f4mico tamb\u00e9m participaram da segunda audi\u00eancia que debateu a regulamenta\u00e7\u00e3o da Lei Complementar 87\/1996, no Senado Federal. Segundo F\u00e1varo, Mato Grosso deixa de arrecadar por ano aproximadamente R$ 6 bilh\u00f5es com a desonera\u00e7\u00e3o do Imposto sobre Circula\u00e7\u00e3o de Mercadorias e Servi\u00e7os (ICMS) das exporta\u00e7\u00f5es, prevista pela Lei Kandir.<\/p>\n<p>\u201cO nosso estado recebe somente quando o Governo Federal pode e na quantidade que quer repassar, algo em torno de R$ 400 milh\u00f5es. Isso \u00e9 insustent\u00e1vel para economia de Mato Grosso. Por isso, \u00e9 t\u00e3o importante essa discuss\u00e3o no Senado e no Congresso Nacional\u201d.<\/p>\n<p>F\u00e1varo lembrou que, em 2016, o Supremo Tribunal Federal (STF) estabeleceu prazo at\u00e9 30 de novembro de 2017 para que o Congresso Nacional regulamente a Lei Kandir. Se at\u00e9 essa data n\u00e3o for aprovada uma norma com esse objetivo, o Tribunal de Contas da Uni\u00e3o (TCU) ficar\u00e1 respons\u00e1vel por fazer os c\u00e1lculos da compensa\u00e7\u00e3o. Ele acredita que seja votado at\u00e9 novembro.<\/p>\n<p>\u201cO Congresso n\u00e3o pode perder essa oportunidade at\u00e9 pelo fato da crise pol\u00edtica que o Brasil vive, crise de credibilidade dos nossos pol\u00edticos. Para o parlamentar poder andar de cabe\u00e7a erguida nas elei\u00e7\u00f5es de 2018, precisa dar respostas \u00e0 sociedade. Parabenizo os membros dessa comiss\u00e3o que est\u00e3o tratando desse tema de grande relev\u00e2ncia para o pa\u00eds\u201d.<\/p>\n<p>A comiss\u00e3o teve como relator o senador por Mato Grosso Wellington Fagundes (PR-MT). Tamb\u00e9m participaram da reuni\u00e3o o senador Jos\u00e9 Medeiros, os deputados federais Nilson Leit\u00e3o e F\u00e1bio Garcia, e o presidente da Associa\u00e7\u00e3o Mato-grossense dos Munic\u00edpios (AMM), Neurilan Fraga.<\/p>\n","protected":false},"excerpt":{"rendered":"<p>Uma s\u00e9rie de medidas foram aprovadas, nesta quarta-feira (27), para ampliar o acesso a cr\u00e9dito para empreendedores por meio do Fundo Constitucional do Centro-Oeste (FCO)<\/p>\n","protected":false},"author":11,"featured_media":97983792,"comment_status":"closed","ping_status":"closed","sticky":false,"template":"","format":"standard","meta":{"footnotes":""},"categories":[6,1],"tags":[],"class_list":["post-97983790","post","type-post","status-publish","format-standard","has-post-thumbnail","hentry","category-destaque","category-noticia"],"yoast_head":"<!-- This site is optimized with the Yoast SEO plugin v24.8.1 - https:\/\/yoast.com\/wordpress\/plugins\/seo\/ -->\n<title>Conselho aprova linha para custeio agropecu\u00e1rio - Acrimat<\/title>\n<meta name=\"robots\" content=\"index, follow, max-snippet:-1, max-image-preview:large, max-video-preview:-1\" \/>\n<link rel=\"canonical\" href=\"https:\/\/acrimat.org.br\/portal\/conselho-aprova-linha-para-custeio-agropecuario\/\" \/>\n<meta property=\"og:locale\" content=\"pt_BR\" \/>\n<meta property=\"og:type\" content=\"article\" \/>\n<meta property=\"og:title\" content=\"Conselho aprova linha para custeio agropecu\u00e1rio - Acrimat\" \/>\n<meta property=\"og:description\" content=\"Uma s\u00e9rie de medidas foram aprovadas, nesta quarta-feira (27), para ampliar o acesso a cr\u00e9dito para empreendedores por meio do Fundo Constitucional do Centro-Oeste (FCO)\" \/>\n<meta property=\"og:url\" content=\"https:\/\/acrimat.org.br\/portal\/conselho-aprova-linha-para-custeio-agropecuario\/\" \/>\n<meta property=\"og:site_name\" content=\"Acrimat\" \/>\n<meta property=\"article:published_time\" content=\"2017-09-28T13:53:52+00:00\" \/>\n<meta property=\"article:modified_time\" content=\"2017-09-28T13:58:53+00:00\" \/>\n<meta property=\"og:image\" content=\"https:\/\/acrimat.org.br\/portal\/wp-content\/uploads\/2017\/09\/Audi\u00eancia-Lei-Kandir1.jpg\" \/>\n\t<meta property=\"og:image:width\" content=\"1024\" \/>\n\t<meta property=\"og:image:height\" content=\"682\" \/>\n\t<meta property=\"og:image:type\" content=\"image\/jpeg\" \/>\n<meta name=\"author\" content=\"P\u00e9ricles C\u00e2ndido\" \/>\n<meta name=\"twitter:card\" content=\"summary_large_image\" \/>\n<meta name=\"twitter:label1\" content=\"Escrito por\" \/>\n\t<meta name=\"twitter:data1\" content=\"P\u00e9ricles C\u00e2ndido\" \/>\n\t<meta name=\"twitter:label2\" content=\"Est. tempo de leitura\" \/>\n\t<meta name=\"twitter:data2\" content=\"3 minutos\" \/>\n<script type=\"application\/ld+json\" class=\"yoast-schema-graph\">{\"@context\":\"https:\/\/schema.org\",\"@graph\":[{\"@type\":\"Article\",\"@id\":\"https:\/\/acrimat.org.br\/portal\/conselho-aprova-linha-para-custeio-agropecuario\/#article\",\"isPartOf\":{\"@id\":\"https:\/\/acrimat.org.br\/portal\/conselho-aprova-linha-para-custeio-agropecuario\/\"},\"author\":{\"name\":\"P\u00e9ricles C\u00e2ndido\",\"@id\":\"https:\/\/acrimat.org.br\/portal\/#\/schema\/person\/18df8bcf6890e924fe5d8b5afd2bec0f\"},\"headline\":\"Conselho aprova linha para custeio agropecu\u00e1rio\",\"datePublished\":\"2017-09-28T13:53:52+00:00\",\"dateModified\":\"2017-09-28T13:58:53+00:00\",\"mainEntityOfPage\":{\"@id\":\"https:\/\/acrimat.org.br\/portal\/conselho-aprova-linha-para-custeio-agropecuario\/\"},\"wordCount\":676,\"publisher\":{\"@id\":\"https:\/\/acrimat.org.br\/portal\/#organization\"},\"image\":{\"@id\":\"https:\/\/acrimat.org.br\/portal\/conselho-aprova-linha-para-custeio-agropecuario\/#primaryimage\"},\"thumbnailUrl\":\"https:\/\/acrimat.org.br\/portal\/wp-content\/uploads\/2017\/09\/Audi\u00eancia-Lei-Kandir1.jpg\",\"articleSection\":[\"Destaques\",\"Not\u00edcias\"],\"inLanguage\":\"pt-BR\"},{\"@type\":\"WebPage\",\"@id\":\"https:\/\/acrimat.org.br\/portal\/conselho-aprova-linha-para-custeio-agropecuario\/\",\"url\":\"https:\/\/acrimat.org.br\/portal\/conselho-aprova-linha-para-custeio-agropecuario\/\",\"name\":\"Conselho aprova linha para custeio agropecu\u00e1rio - Acrimat\",\"isPartOf\":{\"@id\":\"https:\/\/acrimat.org.br\/portal\/#website\"},\"primaryImageOfPage\":{\"@id\":\"https:\/\/acrimat.org.br\/portal\/conselho-aprova-linha-para-custeio-agropecuario\/#primaryimage\"},\"image\":{\"@id\":\"https:\/\/acrimat.org.br\/portal\/conselho-aprova-linha-para-custeio-agropecuario\/#primaryimage\"},\"thumbnailUrl\":\"https:\/\/acrimat.org.br\/portal\/wp-content\/uploads\/2017\/09\/Audi\u00eancia-Lei-Kandir1.jpg\",\"datePublished\":\"2017-09-28T13:53:52+00:00\",\"dateModified\":\"2017-09-28T13:58:53+00:00\",\"breadcrumb\":{\"@id\":\"https:\/\/acrimat.org.br\/portal\/conselho-aprova-linha-para-custeio-agropecuario\/#breadcrumb\"},\"inLanguage\":\"pt-BR\",\"potentialAction\":[{\"@type\":\"ReadAction\",\"target\":[\"https:\/\/acrimat.org.br\/portal\/conselho-aprova-linha-para-custeio-agropecuario\/\"]}]},{\"@type\":\"ImageObject\",\"inLanguage\":\"pt-BR\",\"@id\":\"https:\/\/acrimat.org.br\/portal\/conselho-aprova-linha-para-custeio-agropecuario\/#primaryimage\",\"url\":\"https:\/\/acrimat.org.br\/portal\/wp-content\/uploads\/2017\/09\/Audi\u00eancia-Lei-Kandir1.jpg\",\"contentUrl\":\"https:\/\/acrimat.org.br\/portal\/wp-content\/uploads\/2017\/09\/Audi\u00eancia-Lei-Kandir1.jpg\",\"width\":1024,\"height\":682,\"caption\":\"Foto: Fernando Rodrigues\"},{\"@type\":\"BreadcrumbList\",\"@id\":\"https:\/\/acrimat.org.br\/portal\/conselho-aprova-linha-para-custeio-agropecuario\/#breadcrumb\",\"itemListElement\":[{\"@type\":\"ListItem\",\"position\":1,\"name\":\"In\u00edcio\",\"item\":\"https:\/\/acrimat.org.br\/portal\/\"},{\"@type\":\"ListItem\",\"position\":2,\"name\":\"Conselho aprova linha para custeio agropecu\u00e1rio\"}]},{\"@type\":\"WebSite\",\"@id\":\"https:\/\/acrimat.org.br\/portal\/#website\",\"url\":\"https:\/\/acrimat.org.br\/portal\/\",\"name\":\"Acrimat\",\"description\":\"Associa\u00e7\u00e3o dos Criadores de Mato Grosso\",\"publisher\":{\"@id\":\"https:\/\/acrimat.org.br\/portal\/#organization\"},\"potentialAction\":[{\"@type\":\"SearchAction\",\"target\":{\"@type\":\"EntryPoint\",\"urlTemplate\":\"https:\/\/acrimat.org.br\/portal\/?s={search_term_string}\"},\"query-input\":{\"@type\":\"PropertyValueSpecification\",\"valueRequired\":true,\"valueName\":\"search_term_string\"}}],\"inLanguage\":\"pt-BR\"},{\"@type\":\"Organization\",\"@id\":\"https:\/\/acrimat.org.br\/portal\/#organization\",\"name\":\"Associa\u00e7\u00e3o dos Criadores de Mato Grosso\",\"url\":\"https:\/\/acrimat.org.br\/portal\/\",\"logo\":{\"@type\":\"ImageObject\",\"inLanguage\":\"pt-BR\",\"@id\":\"https:\/\/acrimat.org.br\/portal\/#\/schema\/logo\/image\/\",\"url\":\"https:\/\/acrimat.org.br\/portal\/wp-content\/uploads\/2018\/03\/logo-peq-original.png\",\"contentUrl\":\"https:\/\/acrimat.org.br\/portal\/wp-content\/uploads\/2018\/03\/logo-peq-original.png\",\"width\":174,\"height\":171,\"caption\":\"Associa\u00e7\u00e3o dos Criadores de Mato Grosso\"},\"image\":{\"@id\":\"https:\/\/acrimat.org.br\/portal\/#\/schema\/logo\/image\/\"}},{\"@type\":\"Person\",\"@id\":\"https:\/\/acrimat.org.br\/portal\/#\/schema\/person\/18df8bcf6890e924fe5d8b5afd2bec0f\",\"name\":\"P\u00e9ricles C\u00e2ndido\",\"image\":{\"@type\":\"ImageObject\",\"inLanguage\":\"pt-BR\",\"@id\":\"https:\/\/acrimat.org.br\/portal\/#\/schema\/person\/image\/\",\"url\":\"https:\/\/secure.gravatar.com\/avatar\/33e2a2b971dc363ed2df53d0d3bfbd18?s=96&d=mm&r=g\",\"contentUrl\":\"https:\/\/secure.gravatar.com\/avatar\/33e2a2b971dc363ed2df53d0d3bfbd18?s=96&d=mm&r=g\",\"caption\":\"P\u00e9ricles C\u00e2ndido\"},\"sameAs\":[\"ascom@acrimat.org.br\"],\"url\":\"https:\/\/acrimat.org.br\/portal\/author\/designergrafico\/\"}]}<\/script>\n<!-- \/ Yoast SEO plugin. -->","yoast_head_json":{"title":"Conselho aprova linha para custeio agropecu\u00e1rio - Acrimat","robots":{"index":"index","follow":"follow","max-snippet":"max-snippet:-1","max-image-preview":"max-image-preview:large","max-video-preview":"max-video-preview:-1"},"canonical":"https:\/\/acrimat.org.br\/portal\/conselho-aprova-linha-para-custeio-agropecuario\/","og_locale":"pt_BR","og_type":"article","og_title":"Conselho aprova linha para custeio agropecu\u00e1rio - Acrimat","og_description":"Uma s\u00e9rie de medidas foram aprovadas, nesta quarta-feira (27), para ampliar o acesso a cr\u00e9dito para empreendedores por meio do Fundo Constitucional do Centro-Oeste (FCO)","og_url":"https:\/\/acrimat.org.br\/portal\/conselho-aprova-linha-para-custeio-agropecuario\/","og_site_name":"Acrimat","article_published_time":"2017-09-28T13:53:52+00:00","article_modified_time":"2017-09-28T13:58:53+00:00","og_image":[{"width":1024,"height":682,"url":"https:\/\/acrimat.org.br\/portal\/wp-content\/uploads\/2017\/09\/Audi\u00eancia-Lei-Kandir1.jpg","type":"image\/jpeg"}],"author":"P\u00e9ricles C\u00e2ndido","twitter_card":"summary_large_image","twitter_misc":{"Escrito por":"P\u00e9ricles C\u00e2ndido","Est. tempo de leitura":"3 minutos"},"schema":{"@context":"https:\/\/schema.org","@graph":[{"@type":"Article","@id":"https:\/\/acrimat.org.br\/portal\/conselho-aprova-linha-para-custeio-agropecuario\/#article","isPartOf":{"@id":"https:\/\/acrimat.org.br\/portal\/conselho-aprova-linha-para-custeio-agropecuario\/"},"author":{"name":"P\u00e9ricles C\u00e2ndido","@id":"https:\/\/acrimat.org.br\/portal\/#\/schema\/person\/18df8bcf6890e924fe5d8b5afd2bec0f"},"headline":"Conselho aprova linha para custeio agropecu\u00e1rio","datePublished":"2017-09-28T13:53:52+00:00","dateModified":"2017-09-28T13:58:53+00:00","mainEntityOfPage":{"@id":"https:\/\/acrimat.org.br\/portal\/conselho-aprova-linha-para-custeio-agropecuario\/"},"wordCount":676,"publisher":{"@id":"https:\/\/acrimat.org.br\/portal\/#organization"},"image":{"@id":"https:\/\/acrimat.org.br\/portal\/conselho-aprova-linha-para-custeio-agropecuario\/#primaryimage"},"thumbnailUrl":"https:\/\/acrimat.org.br\/portal\/wp-content\/uploads\/2017\/09\/Audi\u00eancia-Lei-Kandir1.jpg","articleSection":["Destaques","Not\u00edcias"],"inLanguage":"pt-BR"},{"@type":"WebPage","@id":"https:\/\/acrimat.org.br\/portal\/conselho-aprova-linha-para-custeio-agropecuario\/","url":"https:\/\/acrimat.org.br\/portal\/conselho-aprova-linha-para-custeio-agropecuario\/","name":"Conselho aprova linha para custeio agropecu\u00e1rio - Acrimat","isPartOf":{"@id":"https:\/\/acrimat.org.br\/portal\/#website"},"primaryImageOfPage":{"@id":"https:\/\/acrimat.org.br\/portal\/conselho-aprova-linha-para-custeio-agropecuario\/#primaryimage"},"image":{"@id":"https:\/\/acrimat.org.br\/portal\/conselho-aprova-linha-para-custeio-agropecuario\/#primaryimage"},"thumbnailUrl":"https:\/\/acrimat.org.br\/portal\/wp-content\/uploads\/2017\/09\/Audi\u00eancia-Lei-Kandir1.jpg","datePublished":"2017-09-28T13:53:52+00:00","dateModified":"2017-09-28T13:58:53+00:00","breadcrumb":{"@id":"https:\/\/acrimat.org.br\/portal\/conselho-aprova-linha-para-custeio-agropecuario\/#breadcrumb"},"inLanguage":"pt-BR","potentialAction":[{"@type":"ReadAction","target":["https:\/\/acrimat.org.br\/portal\/conselho-aprova-linha-para-custeio-agropecuario\/"]}]},{"@type":"ImageObject","inLanguage":"pt-BR","@id":"https:\/\/acrimat.org.br\/portal\/conselho-aprova-linha-para-custeio-agropecuario\/#primaryimage","url":"https:\/\/acrimat.org.br\/portal\/wp-content\/uploads\/2017\/09\/Audi\u00eancia-Lei-Kandir1.jpg","contentUrl":"https:\/\/acrimat.org.br\/portal\/wp-content\/uploads\/2017\/09\/Audi\u00eancia-Lei-Kandir1.jpg","width":1024,"height":682,"caption":"Foto: Fernando Rodrigues"},{"@type":"BreadcrumbList","@id":"https:\/\/acrimat.org.br\/portal\/conselho-aprova-linha-para-custeio-agropecuario\/#breadcrumb","itemListElement":[{"@type":"ListItem","position":1,"name":"In\u00edcio","item":"https:\/\/acrimat.org.br\/portal\/"},{"@type":"ListItem","position":2,"name":"Conselho aprova linha para custeio agropecu\u00e1rio"}]},{"@type":"WebSite","@id":"https:\/\/acrimat.org.br\/portal\/#website","url":"https:\/\/acrimat.org.br\/portal\/","name":"Acrimat","description":"Associa\u00e7\u00e3o dos Criadores de Mato Grosso","publisher":{"@id":"https:\/\/acrimat.org.br\/portal\/#organization"},"potentialAction":[{"@type":"SearchAction","target":{"@type":"EntryPoint","urlTemplate":"https:\/\/acrimat.org.br\/portal\/?s={search_term_string}"},"query-input":{"@type":"PropertyValueSpecification","valueRequired":true,"valueName":"search_term_string"}}],"inLanguage":"pt-BR"},{"@type":"Organization","@id":"https:\/\/acrimat.org.br\/portal\/#organization","name":"Associa\u00e7\u00e3o dos Criadores de Mato Grosso","url":"https:\/\/acrimat.org.br\/portal\/","logo":{"@type":"ImageObject","inLanguage":"pt-BR","@id":"https:\/\/acrimat.org.br\/portal\/#\/schema\/logo\/image\/","url":"https:\/\/acrimat.org.br\/portal\/wp-content\/uploads\/2018\/03\/logo-peq-original.png","contentUrl":"https:\/\/acrimat.org.br\/portal\/wp-content\/uploads\/2018\/03\/logo-peq-original.png","width":174,"height":171,"caption":"Associa\u00e7\u00e3o dos Criadores de Mato Grosso"},"image":{"@id":"https:\/\/acrimat.org.br\/portal\/#\/schema\/logo\/image\/"}},{"@type":"Person","@id":"https:\/\/acrimat.org.br\/portal\/#\/schema\/person\/18df8bcf6890e924fe5d8b5afd2bec0f","name":"P\u00e9ricles C\u00e2ndido","image":{"@type":"ImageObject","inLanguage":"pt-BR","@id":"https:\/\/acrimat.org.br\/portal\/#\/schema\/person\/image\/","url":"https:\/\/secure.gravatar.com\/avatar\/33e2a2b971dc363ed2df53d0d3bfbd18?s=96&d=mm&r=g","contentUrl":"https:\/\/secure.gravatar.com\/avatar\/33e2a2b971dc363ed2df53d0d3bfbd18?s=96&d=mm&r=g","caption":"P\u00e9ricles C\u00e2ndido"},"sameAs":["ascom@acrimat.org.br"],"url":"https:\/\/acrimat.org.br\/portal\/author\/designergrafico\/"}]}},"_links":{"self":[{"href":"https:\/\/acrimat.org.br\/portal\/wp-json\/wp\/v2\/posts\/97983790","targetHints":{"allow":["GET"]}}],"collection":[{"href":"https:\/\/acrimat.org.br\/portal\/wp-json\/wp\/v2\/posts"}],"about":[{"href":"https:\/\/acrimat.org.br\/portal\/wp-json\/wp\/v2\/types\/post"}],"author":[{"embeddable":true,"href":"https:\/\/acrimat.org.br\/portal\/wp-json\/wp\/v2\/users\/11"}],"replies":[{"embeddable":true,"href":"https:\/\/acrimat.org.br\/portal\/wp-json\/wp\/v2\/comments?post=97983790"}],"version-history":[{"count":4,"href":"https:\/\/acrimat.org.br\/portal\/wp-json\/wp\/v2\/posts\/97983790\/revisions"}],"predecessor-version":[{"id":97983799,"href":"https:\/\/acrimat.org.br\/portal\/wp-json\/wp\/v2\/posts\/97983790\/revisions\/97983799"}],"wp:featuredmedia":[{"embeddable":true,"href":"https:\/\/acrimat.org.br\/portal\/wp-json\/wp\/v2\/media\/97983792"}],"wp:attachment":[{"href":"https:\/\/acrimat.org.br\/portal\/wp-json\/wp\/v2\/media?parent=97983790"}],"wp:term":[{"taxonomy":"category","embeddable":true,"href":"https:\/\/acrimat.org.br\/portal\/wp-json\/wp\/v2\/categories?post=97983790"},{"taxonomy":"post_tag","embeddable":true,"href":"https:\/\/acrimat.org.br\/portal\/wp-json\/wp\/v2\/tags?post=97983790"}],"curies":[{"name":"wp","href":"https:\/\/api.w.org\/{rel}","templated":true}]}}