{"id":97983795,"date":"2017-09-28T10:57:02","date_gmt":"2017-09-28T13:57:02","guid":{"rendered":"http:\/\/acrimat.org.br\/portal\/?p=97983795"},"modified":"2017-09-28T10:57:02","modified_gmt":"2017-09-28T13:57:02","slug":"comitiva-do-catar-se-reune-com-empresas-brasileiras","status":"publish","type":"post","link":"https:\/\/acrimat.org.br\/portal\/comitiva-do-catar-se-reune-com-empresas-brasileiras\/","title":{"rendered":"Comitiva do Catar se re\u00fane com empresas brasileiras"},"content":{"rendered":"<div id=\"attachment_97983796\" style=\"width: 310px\" class=\"wp-caption alignleft\"><a href=\"http:\/\/acrimat.org.br\/portal\/wp-content\/uploads\/2017\/09\/carne-bovina-exporta\u00e7\u00e3o-672x372.jpg\"><img decoding=\"async\" aria-describedby=\"caption-attachment-97983796\" class=\"wp-image-97983796 size-medium\" src=\"http:\/\/acrimat.org.br\/portal\/wp-content\/uploads\/2017\/09\/carne-bovina-exporta\u00e7\u00e3o-672x372-300x166.jpg\" alt=\"\" width=\"300\" height=\"166\" \/><\/a><p id=\"caption-attachment-97983796\" class=\"wp-caption-text\">Divulga\u00e7\u00e3o<\/p><\/div>\n<p>A C\u00e2mara de Com\u00e9rcio \u00c1rabe Brasileira promoveu em sua sede, em S\u00e3o Paulo, um encontro de uma comitiva do Catar com empresas brasileiras. A miss\u00e3o do pa\u00eds do Oriente M\u00e9dio foi liderada por Hassan Khalifa Al Mansoori, diretor-executivo da ag\u00eancia de desenvolvimento de exporta\u00e7\u00f5es, que integra o Banco de Desenvolvimento do Catar, e foi formada por outros representantes do governo e de nove empresas. O embaixador do pa\u00eds no Brasil, Mohammed Ahmed Hassan Alhayky, tamb\u00e9m participou do encontro.<\/p>\n<p>Segundo informa\u00e7\u00f5es da C\u00e2mara \u00c1rabe, do setor de alimentos do Catar participaram do encontro a National Food Company, a Catar Meat e a Catar Flour Mills. S\u00e3o empresas interessadas em importar produtos brasileiros como carnes, a\u00e7\u00facar e \u00f3leos.<\/p>\n<p>Do lado brasileiro, informou a C\u00e2mara \u00c1rabe, participaram das rodadas de neg\u00f3cios empresas de carnes como Minerva, Frigosul e CVale.<\/p>\n<p>Salim Pathan, gerente-geral da National Food Company, o Gerente Geral, afirmou \u00e0 assessoria de imprensa da C\u00e2mara de Com\u00e9rcio \u00c1rabe Brasileira \u201cque veio ao Brasil definir fornecedores para atender \u00e0 demanda mensal de 500 toneladas de carne bovina e de frango in natura distribu\u00eddas no Catar por meio das marcas Ala Arabia e International\u201d.<\/p>\n<p>Segundo ele, at\u00e9 pouco tempo atr\u00e1s a empresa importava carne brasileira via Ar\u00e1bia Saudita e Emirados \u00c1rabes.<\/p>\n<p>\u201cNossa inten\u00e7\u00e3o agora \u00e9 importar diretamente dos frigor\u00edficos brasileiros os volumes que necessitamos para fazer frente ao mercado interno\u201d, disse ele \u00e0 assessoria.<\/p>\n<p>Em comunicado, o diretor-geral da C\u00e2mara \u00c1rabe, Michel Alaby, afirmou que esta comitiva do Catar \u00e9 a maior do pa\u00eds \u00e1rabe que j\u00e1 veio ao Brasil. E lembrou que, no ano passado, o Brasil exportou o equivalente a US$ 378 milh\u00f5es para o Catar e importou US$ 532 milh\u00f5es.<\/p>\n<p><strong>Fonte: Valor Econ\u00f4mico, resumida e adaptada pela Equipe BeefPoint.<\/strong><\/p>\n","protected":false},"excerpt":{"rendered":"<p>C\u00e2mara de Com\u00e9rcio \u00c1rabe Brasileira promoveu em sua sede, em S\u00e3o Paulo, um encontro de uma comitiva do Catar com empresas brasileiras<\/p>\n","protected":false},"author":11,"featured_media":0,"comment_status":"closed","ping_status":"closed","sticky":false,"template":"","format":"standard","meta":{"footnotes":""},"categories":[6,1],"tags":[],"class_list":["post-97983795","post","type-post","status-publish","format-standard","hentry","category-destaque","category-noticia"],"yoast_head":"<!-- This site is optimized with the Yoast SEO plugin v24.8.1 - https:\/\/yoast.com\/wordpress\/plugins\/seo\/ -->\n<title>Comitiva do Catar se re\u00fane com empresas brasileiras - Acrimat<\/title>\n<meta name=\"robots\" content=\"index, follow, max-snippet:-1, max-image-preview:large, max-video-preview:-1\" \/>\n<link rel=\"canonical\" href=\"https:\/\/acrimat.org.br\/portal\/comitiva-do-catar-se-reune-com-empresas-brasileiras\/\" \/>\n<meta property=\"og:locale\" content=\"pt_BR\" \/>\n<meta property=\"og:type\" content=\"article\" \/>\n<meta property=\"og:title\" content=\"Comitiva do Catar se re\u00fane com empresas brasileiras - Acrimat\" \/>\n<meta property=\"og:description\" content=\"C\u00e2mara de Com\u00e9rcio \u00c1rabe Brasileira promoveu em sua sede, em S\u00e3o Paulo, um encontro de uma comitiva do Catar com empresas brasileiras\" \/>\n<meta property=\"og:url\" content=\"https:\/\/acrimat.org.br\/portal\/comitiva-do-catar-se-reune-com-empresas-brasileiras\/\" \/>\n<meta property=\"og:site_name\" content=\"Acrimat\" \/>\n<meta property=\"article:published_time\" content=\"2017-09-28T13:57:02+00:00\" \/>\n<meta name=\"author\" content=\"P\u00e9ricles C\u00e2ndido\" \/>\n<meta name=\"twitter:card\" content=\"summary_large_image\" \/>\n<meta name=\"twitter:label1\" content=\"Escrito por\" \/>\n\t<meta name=\"twitter:data1\" content=\"P\u00e9ricles C\u00e2ndido\" \/>\n\t<meta name=\"twitter:label2\" content=\"Est. tempo de leitura\" \/>\n\t<meta name=\"twitter:data2\" content=\"2 minutos\" \/>\n<script type=\"application\/ld+json\" class=\"yoast-schema-graph\">{\"@context\":\"https:\/\/schema.org\",\"@graph\":[{\"@type\":\"Article\",\"@id\":\"https:\/\/acrimat.org.br\/portal\/comitiva-do-catar-se-reune-com-empresas-brasileiras\/#article\",\"isPartOf\":{\"@id\":\"https:\/\/acrimat.org.br\/portal\/comitiva-do-catar-se-reune-com-empresas-brasileiras\/\"},\"author\":{\"name\":\"P\u00e9ricles C\u00e2ndido\",\"@id\":\"https:\/\/acrimat.org.br\/portal\/#\/schema\/person\/18df8bcf6890e924fe5d8b5afd2bec0f\"},\"headline\":\"Comitiva do Catar se re\u00fane com empresas brasileiras\",\"datePublished\":\"2017-09-28T13:57:02+00:00\",\"mainEntityOfPage\":{\"@id\":\"https:\/\/acrimat.org.br\/portal\/comitiva-do-catar-se-reune-com-empresas-brasileiras\/\"},\"wordCount\":326,\"publisher\":{\"@id\":\"https:\/\/acrimat.org.br\/portal\/#organization\"},\"articleSection\":[\"Destaques\",\"Not\u00edcias\"],\"inLanguage\":\"pt-BR\"},{\"@type\":\"WebPage\",\"@id\":\"https:\/\/acrimat.org.br\/portal\/comitiva-do-catar-se-reune-com-empresas-brasileiras\/\",\"url\":\"https:\/\/acrimat.org.br\/portal\/comitiva-do-catar-se-reune-com-empresas-brasileiras\/\",\"name\":\"Comitiva do Catar se re\u00fane com empresas brasileiras - Acrimat\",\"isPartOf\":{\"@id\":\"https:\/\/acrimat.org.br\/portal\/#website\"},\"datePublished\":\"2017-09-28T13:57:02+00:00\",\"breadcrumb\":{\"@id\":\"https:\/\/acrimat.org.br\/portal\/comitiva-do-catar-se-reune-com-empresas-brasileiras\/#breadcrumb\"},\"inLanguage\":\"pt-BR\",\"potentialAction\":[{\"@type\":\"ReadAction\",\"target\":[\"https:\/\/acrimat.org.br\/portal\/comitiva-do-catar-se-reune-com-empresas-brasileiras\/\"]}]},{\"@type\":\"BreadcrumbList\",\"@id\":\"https:\/\/acrimat.org.br\/portal\/comitiva-do-catar-se-reune-com-empresas-brasileiras\/#breadcrumb\",\"itemListElement\":[{\"@type\":\"ListItem\",\"position\":1,\"name\":\"In\u00edcio\",\"item\":\"https:\/\/acrimat.org.br\/portal\/\"},{\"@type\":\"ListItem\",\"position\":2,\"name\":\"Comitiva do Catar se re\u00fane com empresas brasileiras\"}]},{\"@type\":\"WebSite\",\"@id\":\"https:\/\/acrimat.org.br\/portal\/#website\",\"url\":\"https:\/\/acrimat.org.br\/portal\/\",\"name\":\"Acrimat\",\"description\":\"Associa\u00e7\u00e3o dos Criadores de Mato Grosso\",\"publisher\":{\"@id\":\"https:\/\/acrimat.org.br\/portal\/#organization\"},\"potentialAction\":[{\"@type\":\"SearchAction\",\"target\":{\"@type\":\"EntryPoint\",\"urlTemplate\":\"https:\/\/acrimat.org.br\/portal\/?s={search_term_string}\"},\"query-input\":{\"@type\":\"PropertyValueSpecification\",\"valueRequired\":true,\"valueName\":\"search_term_string\"}}],\"inLanguage\":\"pt-BR\"},{\"@type\":\"Organization\",\"@id\":\"https:\/\/acrimat.org.br\/portal\/#organization\",\"name\":\"Associa\u00e7\u00e3o dos Criadores de Mato Grosso\",\"url\":\"https:\/\/acrimat.org.br\/portal\/\",\"logo\":{\"@type\":\"ImageObject\",\"inLanguage\":\"pt-BR\",\"@id\":\"https:\/\/acrimat.org.br\/portal\/#\/schema\/logo\/image\/\",\"url\":\"https:\/\/acrimat.org.br\/portal\/wp-content\/uploads\/2018\/03\/logo-peq-original.png\",\"contentUrl\":\"https:\/\/acrimat.org.br\/portal\/wp-content\/uploads\/2018\/03\/logo-peq-original.png\",\"width\":174,\"height\":171,\"caption\":\"Associa\u00e7\u00e3o dos Criadores de Mato Grosso\"},\"image\":{\"@id\":\"https:\/\/acrimat.org.br\/portal\/#\/schema\/logo\/image\/\"}},{\"@type\":\"Person\",\"@id\":\"https:\/\/acrimat.org.br\/portal\/#\/schema\/person\/18df8bcf6890e924fe5d8b5afd2bec0f\",\"name\":\"P\u00e9ricles C\u00e2ndido\",\"image\":{\"@type\":\"ImageObject\",\"inLanguage\":\"pt-BR\",\"@id\":\"https:\/\/acrimat.org.br\/portal\/#\/schema\/person\/image\/\",\"url\":\"https:\/\/secure.gravatar.com\/avatar\/33e2a2b971dc363ed2df53d0d3bfbd18?s=96&d=mm&r=g\",\"contentUrl\":\"https:\/\/secure.gravatar.com\/avatar\/33e2a2b971dc363ed2df53d0d3bfbd18?s=96&d=mm&r=g\",\"caption\":\"P\u00e9ricles C\u00e2ndido\"},\"sameAs\":[\"ascom@acrimat.org.br\"],\"url\":\"https:\/\/acrimat.org.br\/portal\/author\/designergrafico\/\"}]}<\/script>\n<!-- \/ Yoast SEO plugin. -->","yoast_head_json":{"title":"Comitiva do Catar se re\u00fane com empresas brasileiras - Acrimat","robots":{"index":"index","follow":"follow","max-snippet":"max-snippet:-1","max-image-preview":"max-image-preview:large","max-video-preview":"max-video-preview:-1"},"canonical":"https:\/\/acrimat.org.br\/portal\/comitiva-do-catar-se-reune-com-empresas-brasileiras\/","og_locale":"pt_BR","og_type":"article","og_title":"Comitiva do Catar se re\u00fane com empresas brasileiras - Acrimat","og_description":"C\u00e2mara de Com\u00e9rcio \u00c1rabe Brasileira promoveu em sua sede, em S\u00e3o Paulo, um encontro de uma comitiva do Catar com empresas brasileiras","og_url":"https:\/\/acrimat.org.br\/portal\/comitiva-do-catar-se-reune-com-empresas-brasileiras\/","og_site_name":"Acrimat","article_published_time":"2017-09-28T13:57:02+00:00","author":"P\u00e9ricles C\u00e2ndido","twitter_card":"summary_large_image","twitter_misc":{"Escrito por":"P\u00e9ricles C\u00e2ndido","Est. tempo de leitura":"2 minutos"},"schema":{"@context":"https:\/\/schema.org","@graph":[{"@type":"Article","@id":"https:\/\/acrimat.org.br\/portal\/comitiva-do-catar-se-reune-com-empresas-brasileiras\/#article","isPartOf":{"@id":"https:\/\/acrimat.org.br\/portal\/comitiva-do-catar-se-reune-com-empresas-brasileiras\/"},"author":{"name":"P\u00e9ricles C\u00e2ndido","@id":"https:\/\/acrimat.org.br\/portal\/#\/schema\/person\/18df8bcf6890e924fe5d8b5afd2bec0f"},"headline":"Comitiva do Catar se re\u00fane com empresas brasileiras","datePublished":"2017-09-28T13:57:02+00:00","mainEntityOfPage":{"@id":"https:\/\/acrimat.org.br\/portal\/comitiva-do-catar-se-reune-com-empresas-brasileiras\/"},"wordCount":326,"publisher":{"@id":"https:\/\/acrimat.org.br\/portal\/#organization"},"articleSection":["Destaques","Not\u00edcias"],"inLanguage":"pt-BR"},{"@type":"WebPage","@id":"https:\/\/acrimat.org.br\/portal\/comitiva-do-catar-se-reune-com-empresas-brasileiras\/","url":"https:\/\/acrimat.org.br\/portal\/comitiva-do-catar-se-reune-com-empresas-brasileiras\/","name":"Comitiva do Catar se re\u00fane com empresas brasileiras - Acrimat","isPartOf":{"@id":"https:\/\/acrimat.org.br\/portal\/#website"},"datePublished":"2017-09-28T13:57:02+00:00","breadcrumb":{"@id":"https:\/\/acrimat.org.br\/portal\/comitiva-do-catar-se-reune-com-empresas-brasileiras\/#breadcrumb"},"inLanguage":"pt-BR","potentialAction":[{"@type":"ReadAction","target":["https:\/\/acrimat.org.br\/portal\/comitiva-do-catar-se-reune-com-empresas-brasileiras\/"]}]},{"@type":"BreadcrumbList","@id":"https:\/\/acrimat.org.br\/portal\/comitiva-do-catar-se-reune-com-empresas-brasileiras\/#breadcrumb","itemListElement":[{"@type":"ListItem","position":1,"name":"In\u00edcio","item":"https:\/\/acrimat.org.br\/portal\/"},{"@type":"ListItem","position":2,"name":"Comitiva do Catar se re\u00fane com empresas brasileiras"}]},{"@type":"WebSite","@id":"https:\/\/acrimat.org.br\/portal\/#website","url":"https:\/\/acrimat.org.br\/portal\/","name":"Acrimat","description":"Associa\u00e7\u00e3o dos Criadores de Mato Grosso","publisher":{"@id":"https:\/\/acrimat.org.br\/portal\/#organization"},"potentialAction":[{"@type":"SearchAction","target":{"@type":"EntryPoint","urlTemplate":"https:\/\/acrimat.org.br\/portal\/?s={search_term_string}"},"query-input":{"@type":"PropertyValueSpecification","valueRequired":true,"valueName":"search_term_string"}}],"inLanguage":"pt-BR"},{"@type":"Organization","@id":"https:\/\/acrimat.org.br\/portal\/#organization","name":"Associa\u00e7\u00e3o dos Criadores de Mato Grosso","url":"https:\/\/acrimat.org.br\/portal\/","logo":{"@type":"ImageObject","inLanguage":"pt-BR","@id":"https:\/\/acrimat.org.br\/portal\/#\/schema\/logo\/image\/","url":"https:\/\/acrimat.org.br\/portal\/wp-content\/uploads\/2018\/03\/logo-peq-original.png","contentUrl":"https:\/\/acrimat.org.br\/portal\/wp-content\/uploads\/2018\/03\/logo-peq-original.png","width":174,"height":171,"caption":"Associa\u00e7\u00e3o dos Criadores de Mato Grosso"},"image":{"@id":"https:\/\/acrimat.org.br\/portal\/#\/schema\/logo\/image\/"}},{"@type":"Person","@id":"https:\/\/acrimat.org.br\/portal\/#\/schema\/person\/18df8bcf6890e924fe5d8b5afd2bec0f","name":"P\u00e9ricles C\u00e2ndido","image":{"@type":"ImageObject","inLanguage":"pt-BR","@id":"https:\/\/acrimat.org.br\/portal\/#\/schema\/person\/image\/","url":"https:\/\/secure.gravatar.com\/avatar\/33e2a2b971dc363ed2df53d0d3bfbd18?s=96&d=mm&r=g","contentUrl":"https:\/\/secure.gravatar.com\/avatar\/33e2a2b971dc363ed2df53d0d3bfbd18?s=96&d=mm&r=g","caption":"P\u00e9ricles C\u00e2ndido"},"sameAs":["ascom@acrimat.org.br"],"url":"https:\/\/acrimat.org.br\/portal\/author\/designergrafico\/"}]}},"_links":{"self":[{"href":"https:\/\/acrimat.org.br\/portal\/wp-json\/wp\/v2\/posts\/97983795","targetHints":{"allow":["GET"]}}],"collection":[{"href":"https:\/\/acrimat.org.br\/portal\/wp-json\/wp\/v2\/posts"}],"about":[{"href":"https:\/\/acrimat.org.br\/portal\/wp-json\/wp\/v2\/types\/post"}],"author":[{"embeddable":true,"href":"https:\/\/acrimat.org.br\/portal\/wp-json\/wp\/v2\/users\/11"}],"replies":[{"embeddable":true,"href":"https:\/\/acrimat.org.br\/portal\/wp-json\/wp\/v2\/comments?post=97983795"}],"version-history":[{"count":2,"href":"https:\/\/acrimat.org.br\/portal\/wp-json\/wp\/v2\/posts\/97983795\/revisions"}],"predecessor-version":[{"id":97983798,"href":"https:\/\/acrimat.org.br\/portal\/wp-json\/wp\/v2\/posts\/97983795\/revisions\/97983798"}],"wp:attachment":[{"href":"https:\/\/acrimat.org.br\/portal\/wp-json\/wp\/v2\/media?parent=97983795"}],"wp:term":[{"taxonomy":"category","embeddable":true,"href":"https:\/\/acrimat.org.br\/portal\/wp-json\/wp\/v2\/categories?post=97983795"},{"taxonomy":"post_tag","embeddable":true,"href":"https:\/\/acrimat.org.br\/portal\/wp-json\/wp\/v2\/tags?post=97983795"}],"curies":[{"name":"wp","href":"https:\/\/api.w.org\/{rel}","templated":true}]}}