{"id":97983804,"date":"2017-09-29T09:30:59","date_gmt":"2017-09-29T12:30:59","guid":{"rendered":"http:\/\/acrimat.org.br\/portal\/?p=97983804"},"modified":"2017-09-29T09:30:59","modified_gmt":"2017-09-29T12:30:59","slug":"festival-braseiro-beneficiara-8-entidades-sociais-de-mt","status":"publish","type":"post","link":"https:\/\/acrimat.org.br\/portal\/festival-braseiro-beneficiara-8-entidades-sociais-de-mt\/","title":{"rendered":"Festival Braseiro beneficiar\u00e1 8 entidades sociais de MT"},"content":{"rendered":"<p>O prop\u00f3sito social do Festival Braseiro, maior festival de carnes nobres do Brasil, se fortalece nesta nova edi\u00e7\u00e3o, que ser\u00e1 realizada no dia 7 de outubro, em Rondon\u00f3polis. Foram selecionadas oito entidades sociais, destino certo do lucro do evento. Os recursos viabilizar\u00e3o a aquisi\u00e7\u00e3o de equipamentos e a implanta\u00e7\u00e3o de melhorias nas sedes de institui\u00e7\u00f5es, beneficiando diretamente centenas de pessoas assistidas.<\/p>\n<p>Foram escolhidas as seguintes entidades: Santa Casa de Rondon\u00f3polis, Casa do Adolescente Sagrada Fam\u00edlia, Associa\u00e7\u00e3o Creche Santa L\u00facia, Casa de Apoio Amor em A\u00e7\u00e3o, C\u00e1ritas Diocesana de Rondon\u00f3polis, Funda\u00e7\u00e3o Lar Crist\u00e3o, Lar dos Idosos Paul Percis Harris e Associa\u00e7\u00e3o Rondonopolitana de Pessoas com Transtorno Autista. Os pedidos de aux\u00edlio foram formalizados em projetos, cadastrados junto \u00e0 organiza\u00e7\u00e3o do Festival, e a sele\u00e7\u00e3o atendeu a crit\u00e9rios t\u00e9cnicos, com visitas in loco \u00e0s entidades.<\/p>\n<p>A causa social \u00e9 fim e tamb\u00e9m meio no festival. Todos os assadores que garantir\u00e3o a farta e saborosa variedade de carnes s\u00e3o volunt\u00e1rios, reunidos numa equipe de 180 profissionais. S\u00e3o esperadas mais de 2 mil pessoas no evento, p\u00fablico que contar\u00e1 com tr\u00eas toneladas de carne, servidas em 30 diferentes esta\u00e7\u00f5es de churrasco.<\/p>\n<p>Os ingressos custam R$ 200 (segundo lote), passaporte a um completo dia de entretenimento. Crian\u00e7as de at\u00e9 nove anos tem acesso gratuito e as de 10 a 13 anos pagam apenas meia entrada. Ingressos podem ser adquiridos no site www.festivalbraseiro.com.br, nas unidades da Celeiro Carnes Especiais em Rondon\u00f3polis e Cuiab\u00e1 e na Casa de Festas.<\/p>\n<p><strong>Confira o card\u00e1pio do Festival Braseiro:<\/strong><\/p>\n<p>Dry aged, tomahawk, picanha angus, ancho, carne de sol bovina, janela da costela, pintado, carne de sol de cordeiro, lingui\u00e7as, chorizo, T-bone, flinston, leit\u00e3o na estaca, cordeiro na estaca, chuck beef, porqueta, varal de aves, costela de tira, brisket, dry aged, wagyu, cupim, nelore marmoreio, assado de tiras, maminha angus, fraldinha angus e caldo boiadeiro.<\/p>\n","protected":false},"excerpt":{"rendered":"<p>Os recursos viabilizar\u00e3o a aquisi\u00e7\u00e3o de equipamentos e a implanta\u00e7\u00e3o de melhorias nas sedes de institui\u00e7\u00f5es, beneficiando diretamente centenas de pessoas assistidas<\/p>\n","protected":false},"author":11,"featured_media":97983805,"comment_status":"closed","ping_status":"closed","sticky":false,"template":"","format":"standard","meta":{"footnotes":""},"categories":[6,1],"tags":[],"class_list":["post-97983804","post","type-post","status-publish","format-standard","has-post-thumbnail","hentry","category-destaque","category-noticia"],"yoast_head":"<!-- This site is optimized with the Yoast SEO plugin v24.8.1 - https:\/\/yoast.com\/wordpress\/plugins\/seo\/ -->\n<title>Festival Braseiro beneficiar\u00e1 8 entidades sociais de MT - Acrimat<\/title>\n<meta name=\"robots\" content=\"index, follow, max-snippet:-1, max-image-preview:large, max-video-preview:-1\" \/>\n<link rel=\"canonical\" href=\"https:\/\/acrimat.org.br\/portal\/festival-braseiro-beneficiara-8-entidades-sociais-de-mt\/\" \/>\n<meta property=\"og:locale\" content=\"pt_BR\" \/>\n<meta property=\"og:type\" content=\"article\" \/>\n<meta property=\"og:title\" content=\"Festival Braseiro beneficiar\u00e1 8 entidades sociais de MT - Acrimat\" \/>\n<meta property=\"og:description\" content=\"Os recursos viabilizar\u00e3o a aquisi\u00e7\u00e3o de equipamentos e a implanta\u00e7\u00e3o de melhorias nas sedes de institui\u00e7\u00f5es, beneficiando diretamente centenas de pessoas assistidas\" \/>\n<meta property=\"og:url\" content=\"https:\/\/acrimat.org.br\/portal\/festival-braseiro-beneficiara-8-entidades-sociais-de-mt\/\" \/>\n<meta property=\"og:site_name\" content=\"Acrimat\" \/>\n<meta property=\"article:published_time\" content=\"2017-09-29T12:30:59+00:00\" \/>\n<meta property=\"og:image\" content=\"https:\/\/acrimat.org.br\/portal\/wp-content\/uploads\/2017\/09\/Festival-Braseiro-2.docx-640x655.png\" \/>\n\t<meta property=\"og:image:width\" content=\"640\" \/>\n\t<meta property=\"og:image:height\" content=\"655\" \/>\n\t<meta property=\"og:image:type\" content=\"image\/png\" \/>\n<meta name=\"author\" content=\"P\u00e9ricles C\u00e2ndido\" \/>\n<meta name=\"twitter:card\" content=\"summary_large_image\" \/>\n<meta name=\"twitter:label1\" content=\"Escrito por\" \/>\n\t<meta name=\"twitter:data1\" content=\"P\u00e9ricles C\u00e2ndido\" \/>\n\t<meta name=\"twitter:label2\" content=\"Est. tempo de leitura\" \/>\n\t<meta name=\"twitter:data2\" content=\"2 minutos\" \/>\n<script type=\"application\/ld+json\" class=\"yoast-schema-graph\">{\"@context\":\"https:\/\/schema.org\",\"@graph\":[{\"@type\":\"Article\",\"@id\":\"https:\/\/acrimat.org.br\/portal\/festival-braseiro-beneficiara-8-entidades-sociais-de-mt\/#article\",\"isPartOf\":{\"@id\":\"https:\/\/acrimat.org.br\/portal\/festival-braseiro-beneficiara-8-entidades-sociais-de-mt\/\"},\"author\":{\"name\":\"P\u00e9ricles C\u00e2ndido\",\"@id\":\"https:\/\/acrimat.org.br\/portal\/#\/schema\/person\/18df8bcf6890e924fe5d8b5afd2bec0f\"},\"headline\":\"Festival Braseiro beneficiar\u00e1 8 entidades sociais de MT\",\"datePublished\":\"2017-09-29T12:30:59+00:00\",\"mainEntityOfPage\":{\"@id\":\"https:\/\/acrimat.org.br\/portal\/festival-braseiro-beneficiara-8-entidades-sociais-de-mt\/\"},\"wordCount\":339,\"publisher\":{\"@id\":\"https:\/\/acrimat.org.br\/portal\/#organization\"},\"image\":{\"@id\":\"https:\/\/acrimat.org.br\/portal\/festival-braseiro-beneficiara-8-entidades-sociais-de-mt\/#primaryimage\"},\"thumbnailUrl\":\"https:\/\/acrimat.org.br\/portal\/wp-content\/uploads\/2017\/09\/Festival-Braseiro-2.docx-640x655.png\",\"articleSection\":[\"Destaques\",\"Not\u00edcias\"],\"inLanguage\":\"pt-BR\"},{\"@type\":\"WebPage\",\"@id\":\"https:\/\/acrimat.org.br\/portal\/festival-braseiro-beneficiara-8-entidades-sociais-de-mt\/\",\"url\":\"https:\/\/acrimat.org.br\/portal\/festival-braseiro-beneficiara-8-entidades-sociais-de-mt\/\",\"name\":\"Festival Braseiro beneficiar\u00e1 8 entidades sociais de MT - Acrimat\",\"isPartOf\":{\"@id\":\"https:\/\/acrimat.org.br\/portal\/#website\"},\"primaryImageOfPage\":{\"@id\":\"https:\/\/acrimat.org.br\/portal\/festival-braseiro-beneficiara-8-entidades-sociais-de-mt\/#primaryimage\"},\"image\":{\"@id\":\"https:\/\/acrimat.org.br\/portal\/festival-braseiro-beneficiara-8-entidades-sociais-de-mt\/#primaryimage\"},\"thumbnailUrl\":\"https:\/\/acrimat.org.br\/portal\/wp-content\/uploads\/2017\/09\/Festival-Braseiro-2.docx-640x655.png\",\"datePublished\":\"2017-09-29T12:30:59+00:00\",\"breadcrumb\":{\"@id\":\"https:\/\/acrimat.org.br\/portal\/festival-braseiro-beneficiara-8-entidades-sociais-de-mt\/#breadcrumb\"},\"inLanguage\":\"pt-BR\",\"potentialAction\":[{\"@type\":\"ReadAction\",\"target\":[\"https:\/\/acrimat.org.br\/portal\/festival-braseiro-beneficiara-8-entidades-sociais-de-mt\/\"]}]},{\"@type\":\"ImageObject\",\"inLanguage\":\"pt-BR\",\"@id\":\"https:\/\/acrimat.org.br\/portal\/festival-braseiro-beneficiara-8-entidades-sociais-de-mt\/#primaryimage\",\"url\":\"https:\/\/acrimat.org.br\/portal\/wp-content\/uploads\/2017\/09\/Festival-Braseiro-2.docx-640x655.png\",\"contentUrl\":\"https:\/\/acrimat.org.br\/portal\/wp-content\/uploads\/2017\/09\/Festival-Braseiro-2.docx-640x655.png\",\"width\":640,\"height\":655,\"caption\":\"Divulga\u00e7\u00e3o\"},{\"@type\":\"BreadcrumbList\",\"@id\":\"https:\/\/acrimat.org.br\/portal\/festival-braseiro-beneficiara-8-entidades-sociais-de-mt\/#breadcrumb\",\"itemListElement\":[{\"@type\":\"ListItem\",\"position\":1,\"name\":\"In\u00edcio\",\"item\":\"https:\/\/acrimat.org.br\/portal\/\"},{\"@type\":\"ListItem\",\"position\":2,\"name\":\"Festival Braseiro beneficiar\u00e1 8 entidades sociais de MT\"}]},{\"@type\":\"WebSite\",\"@id\":\"https:\/\/acrimat.org.br\/portal\/#website\",\"url\":\"https:\/\/acrimat.org.br\/portal\/\",\"name\":\"Acrimat\",\"description\":\"Associa\u00e7\u00e3o dos Criadores de Mato Grosso\",\"publisher\":{\"@id\":\"https:\/\/acrimat.org.br\/portal\/#organization\"},\"potentialAction\":[{\"@type\":\"SearchAction\",\"target\":{\"@type\":\"EntryPoint\",\"urlTemplate\":\"https:\/\/acrimat.org.br\/portal\/?s={search_term_string}\"},\"query-input\":{\"@type\":\"PropertyValueSpecification\",\"valueRequired\":true,\"valueName\":\"search_term_string\"}}],\"inLanguage\":\"pt-BR\"},{\"@type\":\"Organization\",\"@id\":\"https:\/\/acrimat.org.br\/portal\/#organization\",\"name\":\"Associa\u00e7\u00e3o dos Criadores de Mato Grosso\",\"url\":\"https:\/\/acrimat.org.br\/portal\/\",\"logo\":{\"@type\":\"ImageObject\",\"inLanguage\":\"pt-BR\",\"@id\":\"https:\/\/acrimat.org.br\/portal\/#\/schema\/logo\/image\/\",\"url\":\"https:\/\/acrimat.org.br\/portal\/wp-content\/uploads\/2018\/03\/logo-peq-original.png\",\"contentUrl\":\"https:\/\/acrimat.org.br\/portal\/wp-content\/uploads\/2018\/03\/logo-peq-original.png\",\"width\":174,\"height\":171,\"caption\":\"Associa\u00e7\u00e3o dos Criadores de Mato Grosso\"},\"image\":{\"@id\":\"https:\/\/acrimat.org.br\/portal\/#\/schema\/logo\/image\/\"}},{\"@type\":\"Person\",\"@id\":\"https:\/\/acrimat.org.br\/portal\/#\/schema\/person\/18df8bcf6890e924fe5d8b5afd2bec0f\",\"name\":\"P\u00e9ricles C\u00e2ndido\",\"image\":{\"@type\":\"ImageObject\",\"inLanguage\":\"pt-BR\",\"@id\":\"https:\/\/acrimat.org.br\/portal\/#\/schema\/person\/image\/\",\"url\":\"https:\/\/secure.gravatar.com\/avatar\/33e2a2b971dc363ed2df53d0d3bfbd18?s=96&d=mm&r=g\",\"contentUrl\":\"https:\/\/secure.gravatar.com\/avatar\/33e2a2b971dc363ed2df53d0d3bfbd18?s=96&d=mm&r=g\",\"caption\":\"P\u00e9ricles C\u00e2ndido\"},\"sameAs\":[\"ascom@acrimat.org.br\"],\"url\":\"https:\/\/acrimat.org.br\/portal\/author\/designergrafico\/\"}]}<\/script>\n<!-- \/ Yoast SEO plugin. -->","yoast_head_json":{"title":"Festival Braseiro beneficiar\u00e1 8 entidades sociais de MT - Acrimat","robots":{"index":"index","follow":"follow","max-snippet":"max-snippet:-1","max-image-preview":"max-image-preview:large","max-video-preview":"max-video-preview:-1"},"canonical":"https:\/\/acrimat.org.br\/portal\/festival-braseiro-beneficiara-8-entidades-sociais-de-mt\/","og_locale":"pt_BR","og_type":"article","og_title":"Festival Braseiro beneficiar\u00e1 8 entidades sociais de MT - Acrimat","og_description":"Os recursos viabilizar\u00e3o a aquisi\u00e7\u00e3o de equipamentos e a implanta\u00e7\u00e3o de melhorias nas sedes de institui\u00e7\u00f5es, beneficiando diretamente centenas de pessoas assistidas","og_url":"https:\/\/acrimat.org.br\/portal\/festival-braseiro-beneficiara-8-entidades-sociais-de-mt\/","og_site_name":"Acrimat","article_published_time":"2017-09-29T12:30:59+00:00","og_image":[{"width":640,"height":655,"url":"https:\/\/acrimat.org.br\/portal\/wp-content\/uploads\/2017\/09\/Festival-Braseiro-2.docx-640x655.png","type":"image\/png"}],"author":"P\u00e9ricles C\u00e2ndido","twitter_card":"summary_large_image","twitter_misc":{"Escrito por":"P\u00e9ricles C\u00e2ndido","Est. tempo de leitura":"2 minutos"},"schema":{"@context":"https:\/\/schema.org","@graph":[{"@type":"Article","@id":"https:\/\/acrimat.org.br\/portal\/festival-braseiro-beneficiara-8-entidades-sociais-de-mt\/#article","isPartOf":{"@id":"https:\/\/acrimat.org.br\/portal\/festival-braseiro-beneficiara-8-entidades-sociais-de-mt\/"},"author":{"name":"P\u00e9ricles C\u00e2ndido","@id":"https:\/\/acrimat.org.br\/portal\/#\/schema\/person\/18df8bcf6890e924fe5d8b5afd2bec0f"},"headline":"Festival Braseiro beneficiar\u00e1 8 entidades sociais de MT","datePublished":"2017-09-29T12:30:59+00:00","mainEntityOfPage":{"@id":"https:\/\/acrimat.org.br\/portal\/festival-braseiro-beneficiara-8-entidades-sociais-de-mt\/"},"wordCount":339,"publisher":{"@id":"https:\/\/acrimat.org.br\/portal\/#organization"},"image":{"@id":"https:\/\/acrimat.org.br\/portal\/festival-braseiro-beneficiara-8-entidades-sociais-de-mt\/#primaryimage"},"thumbnailUrl":"https:\/\/acrimat.org.br\/portal\/wp-content\/uploads\/2017\/09\/Festival-Braseiro-2.docx-640x655.png","articleSection":["Destaques","Not\u00edcias"],"inLanguage":"pt-BR"},{"@type":"WebPage","@id":"https:\/\/acrimat.org.br\/portal\/festival-braseiro-beneficiara-8-entidades-sociais-de-mt\/","url":"https:\/\/acrimat.org.br\/portal\/festival-braseiro-beneficiara-8-entidades-sociais-de-mt\/","name":"Festival Braseiro beneficiar\u00e1 8 entidades sociais de MT - Acrimat","isPartOf":{"@id":"https:\/\/acrimat.org.br\/portal\/#website"},"primaryImageOfPage":{"@id":"https:\/\/acrimat.org.br\/portal\/festival-braseiro-beneficiara-8-entidades-sociais-de-mt\/#primaryimage"},"image":{"@id":"https:\/\/acrimat.org.br\/portal\/festival-braseiro-beneficiara-8-entidades-sociais-de-mt\/#primaryimage"},"thumbnailUrl":"https:\/\/acrimat.org.br\/portal\/wp-content\/uploads\/2017\/09\/Festival-Braseiro-2.docx-640x655.png","datePublished":"2017-09-29T12:30:59+00:00","breadcrumb":{"@id":"https:\/\/acrimat.org.br\/portal\/festival-braseiro-beneficiara-8-entidades-sociais-de-mt\/#breadcrumb"},"inLanguage":"pt-BR","potentialAction":[{"@type":"ReadAction","target":["https:\/\/acrimat.org.br\/portal\/festival-braseiro-beneficiara-8-entidades-sociais-de-mt\/"]}]},{"@type":"ImageObject","inLanguage":"pt-BR","@id":"https:\/\/acrimat.org.br\/portal\/festival-braseiro-beneficiara-8-entidades-sociais-de-mt\/#primaryimage","url":"https:\/\/acrimat.org.br\/portal\/wp-content\/uploads\/2017\/09\/Festival-Braseiro-2.docx-640x655.png","contentUrl":"https:\/\/acrimat.org.br\/portal\/wp-content\/uploads\/2017\/09\/Festival-Braseiro-2.docx-640x655.png","width":640,"height":655,"caption":"Divulga\u00e7\u00e3o"},{"@type":"BreadcrumbList","@id":"https:\/\/acrimat.org.br\/portal\/festival-braseiro-beneficiara-8-entidades-sociais-de-mt\/#breadcrumb","itemListElement":[{"@type":"ListItem","position":1,"name":"In\u00edcio","item":"https:\/\/acrimat.org.br\/portal\/"},{"@type":"ListItem","position":2,"name":"Festival Braseiro beneficiar\u00e1 8 entidades sociais de MT"}]},{"@type":"WebSite","@id":"https:\/\/acrimat.org.br\/portal\/#website","url":"https:\/\/acrimat.org.br\/portal\/","name":"Acrimat","description":"Associa\u00e7\u00e3o dos Criadores de Mato Grosso","publisher":{"@id":"https:\/\/acrimat.org.br\/portal\/#organization"},"potentialAction":[{"@type":"SearchAction","target":{"@type":"EntryPoint","urlTemplate":"https:\/\/acrimat.org.br\/portal\/?s={search_term_string}"},"query-input":{"@type":"PropertyValueSpecification","valueRequired":true,"valueName":"search_term_string"}}],"inLanguage":"pt-BR"},{"@type":"Organization","@id":"https:\/\/acrimat.org.br\/portal\/#organization","name":"Associa\u00e7\u00e3o dos Criadores de Mato Grosso","url":"https:\/\/acrimat.org.br\/portal\/","logo":{"@type":"ImageObject","inLanguage":"pt-BR","@id":"https:\/\/acrimat.org.br\/portal\/#\/schema\/logo\/image\/","url":"https:\/\/acrimat.org.br\/portal\/wp-content\/uploads\/2018\/03\/logo-peq-original.png","contentUrl":"https:\/\/acrimat.org.br\/portal\/wp-content\/uploads\/2018\/03\/logo-peq-original.png","width":174,"height":171,"caption":"Associa\u00e7\u00e3o dos Criadores de Mato Grosso"},"image":{"@id":"https:\/\/acrimat.org.br\/portal\/#\/schema\/logo\/image\/"}},{"@type":"Person","@id":"https:\/\/acrimat.org.br\/portal\/#\/schema\/person\/18df8bcf6890e924fe5d8b5afd2bec0f","name":"P\u00e9ricles C\u00e2ndido","image":{"@type":"ImageObject","inLanguage":"pt-BR","@id":"https:\/\/acrimat.org.br\/portal\/#\/schema\/person\/image\/","url":"https:\/\/secure.gravatar.com\/avatar\/33e2a2b971dc363ed2df53d0d3bfbd18?s=96&d=mm&r=g","contentUrl":"https:\/\/secure.gravatar.com\/avatar\/33e2a2b971dc363ed2df53d0d3bfbd18?s=96&d=mm&r=g","caption":"P\u00e9ricles C\u00e2ndido"},"sameAs":["ascom@acrimat.org.br"],"url":"https:\/\/acrimat.org.br\/portal\/author\/designergrafico\/"}]}},"_links":{"self":[{"href":"https:\/\/acrimat.org.br\/portal\/wp-json\/wp\/v2\/posts\/97983804","targetHints":{"allow":["GET"]}}],"collection":[{"href":"https:\/\/acrimat.org.br\/portal\/wp-json\/wp\/v2\/posts"}],"about":[{"href":"https:\/\/acrimat.org.br\/portal\/wp-json\/wp\/v2\/types\/post"}],"author":[{"embeddable":true,"href":"https:\/\/acrimat.org.br\/portal\/wp-json\/wp\/v2\/users\/11"}],"replies":[{"embeddable":true,"href":"https:\/\/acrimat.org.br\/portal\/wp-json\/wp\/v2\/comments?post=97983804"}],"version-history":[{"count":1,"href":"https:\/\/acrimat.org.br\/portal\/wp-json\/wp\/v2\/posts\/97983804\/revisions"}],"predecessor-version":[{"id":97983806,"href":"https:\/\/acrimat.org.br\/portal\/wp-json\/wp\/v2\/posts\/97983804\/revisions\/97983806"}],"wp:featuredmedia":[{"embeddable":true,"href":"https:\/\/acrimat.org.br\/portal\/wp-json\/wp\/v2\/media\/97983805"}],"wp:attachment":[{"href":"https:\/\/acrimat.org.br\/portal\/wp-json\/wp\/v2\/media?parent=97983804"}],"wp:term":[{"taxonomy":"category","embeddable":true,"href":"https:\/\/acrimat.org.br\/portal\/wp-json\/wp\/v2\/categories?post=97983804"},{"taxonomy":"post_tag","embeddable":true,"href":"https:\/\/acrimat.org.br\/portal\/wp-json\/wp\/v2\/tags?post=97983804"}],"curies":[{"name":"wp","href":"https:\/\/api.w.org\/{rel}","templated":true}]}}