{"id":97983807,"date":"2017-09-29T09:33:45","date_gmt":"2017-09-29T12:33:45","guid":{"rendered":"http:\/\/acrimat.org.br\/portal\/?p=97983807"},"modified":"2017-09-29T09:33:45","modified_gmt":"2017-09-29T12:33:45","slug":"abiec-vai-a-china-para-consolidar-referencia-brasileira-no-mercado-global-de-carne-bovina","status":"publish","type":"post","link":"https:\/\/acrimat.org.br\/portal\/abiec-vai-a-china-para-consolidar-referencia-brasileira-no-mercado-global-de-carne-bovina\/","title":{"rendered":"ABIEC vai \u00e0 China para consolidar refer\u00eancia brasileira no mercado global de carne bovina"},"content":{"rendered":"<p>Para refor\u00e7ar o posicionamento do Brasil como um parceiro s\u00f3lido no com\u00e9rcio internacional de carne bovina para pa\u00edses asi\u00e1ticos e de outras regi\u00f5es do mundo, a ABIEC (Associa\u00e7\u00e3o Brasileira da Ind\u00fastria Exportadora de Carne) participou da China International Food, Meat and Aquatic Products Exhibition (FMA 2017), realizada em Cant\u00e3o, capital da prov\u00edncia chinesa de Guangzhou, entre os dias 19 e 21 de setembro. A a\u00e7\u00e3o faz parte do projeto setorial Brazilian Beef, desenvolvido em parceria entre a ABIEC e a Ag\u00eancia Brasileira de Promo\u00e7\u00e3o de Exporta\u00e7\u00f5es e Investimentos (Apex-Brasil).<\/p>\n<p>Al\u00e9m de estreitar o relacionamento comercial com autoridades, empres\u00e1rios e outros p\u00fablicos estrat\u00e9gicos para ampliar a presen\u00e7a brasileira no mercado global, a entidade tamb\u00e9m participou da terceira edi\u00e7\u00e3o do International Import &amp; Export Food Policy, Laws and Regulation Summit, semin\u00e1rio que ocorreu um dia antes \u00e0 abertura da feira e que teve como principal objetivo discutir quest\u00f5es legislativas ligadas \u00e0s exporta\u00e7\u00f5es de prote\u00edna animal em \u00e2mbito mundial.<\/p>\n<p>A ocasi\u00e3o reuniu representantes de associa\u00e7\u00f5es industriais de pa\u00edses como China, EUA, Alemanha, Fran\u00e7a, Dinamarca, Espanha, Jap\u00e3o, Coreia do Sul, Tail\u00e2ndia, Austr\u00e1lia e Nova Zel\u00e2ndia.<\/p>\n<p>Ainda durante o semin\u00e1rio, a ABIEC realizou encontros com membros de \u00f3rg\u00e3os regulat\u00f3rios e governamentais da China, como AQSIQ (Administration of Quality Supervision, Inspection and Quarantine), CIQA (China Entry-Exit Inspection and Quarantine Association) e da CNCA (Certification and Accreditation Administration).<\/p>\n<p>Nas reuni\u00f5es, brasileiros e chineses puderam compartilhar experi\u00eancias a fim de aprimorar as rela\u00e7\u00f5es bilaterais e contribuir com o desenvolvimento do com\u00e9rcio internacional em diferentes setores da economia, discutindo processos de fiscaliza\u00e7\u00e3o, entre outros temas de interesse de toda a cadeia produtiva e exportadora.<\/p>\n<p><strong>Exporta\u00e7\u00f5es para a China<\/strong><\/p>\n<p>O Brasil \u00e9 o maior fornecedor de carne bovina para a China, pa\u00eds que ocupa o segundo lugar no ranking de pa\u00edses e regi\u00f5es importadoras de carne bovina brasileira (considerando o faturamento obtido com as negocia\u00e7\u00f5es). Entre janeiro e agosto deste ano, os chineses importaram mais de US$ 551 milh\u00f5es, resultado obtido ap\u00f3s o embarque de 129.065 toneladas do produto.<\/p>\n<p><a href=\"http:\/\/acrimat.org.br\/portal\/wp-content\/uploads\/2017\/09\/14f614d7d0aa70d24bdaec6fdad0b211.jpg\"><img decoding=\"async\" class=\"alignnone wp-image-97983808 size-full\" src=\"http:\/\/acrimat.org.br\/portal\/wp-content\/uploads\/2017\/09\/14f614d7d0aa70d24bdaec6fdad0b211.jpg\" alt=\"\" width=\"372\" height=\"120\" srcset=\"https:\/\/acrimat.org.br\/portal\/wp-content\/uploads\/2017\/09\/14f614d7d0aa70d24bdaec6fdad0b211.jpg 372w, https:\/\/acrimat.org.br\/portal\/wp-content\/uploads\/2017\/09\/14f614d7d0aa70d24bdaec6fdad0b211-300x97.jpg 300w, https:\/\/acrimat.org.br\/portal\/wp-content\/uploads\/2017\/09\/14f614d7d0aa70d24bdaec6fdad0b211-250x81.jpg 250w\" sizes=\"(max-width: 372px) 100vw, 372px\" \/><\/a><\/p>\n<p><strong>Fonte: Abiec<\/strong><\/p>\n","protected":false},"excerpt":{"rendered":"<p>Quest\u00f5es referentes \u00e0 legisla\u00e7\u00e3o e fiscaliza\u00e7\u00e3o foram discutidas com representantes de diversos pa\u00edses em evento do setor aliment\u00edcio<\/p>\n","protected":false},"author":11,"featured_media":0,"comment_status":"closed","ping_status":"closed","sticky":false,"template":"","format":"standard","meta":{"footnotes":""},"categories":[6,1],"tags":[],"class_list":["post-97983807","post","type-post","status-publish","format-standard","hentry","category-destaque","category-noticia"],"yoast_head":"<!-- This site is optimized with the Yoast SEO plugin v24.8.1 - https:\/\/yoast.com\/wordpress\/plugins\/seo\/ -->\n<title>ABIEC vai \u00e0 China para consolidar refer\u00eancia brasileira no mercado global de carne bovina - Acrimat<\/title>\n<meta name=\"robots\" content=\"index, follow, max-snippet:-1, max-image-preview:large, max-video-preview:-1\" \/>\n<link rel=\"canonical\" href=\"https:\/\/acrimat.org.br\/portal\/abiec-vai-a-china-para-consolidar-referencia-brasileira-no-mercado-global-de-carne-bovina\/\" \/>\n<meta property=\"og:locale\" content=\"pt_BR\" \/>\n<meta property=\"og:type\" content=\"article\" \/>\n<meta property=\"og:title\" content=\"ABIEC vai \u00e0 China para consolidar refer\u00eancia brasileira no mercado global de carne bovina - Acrimat\" \/>\n<meta property=\"og:description\" content=\"Quest\u00f5es referentes \u00e0 legisla\u00e7\u00e3o e fiscaliza\u00e7\u00e3o foram discutidas com representantes de diversos pa\u00edses em evento do setor aliment\u00edcio\" \/>\n<meta property=\"og:url\" content=\"https:\/\/acrimat.org.br\/portal\/abiec-vai-a-china-para-consolidar-referencia-brasileira-no-mercado-global-de-carne-bovina\/\" \/>\n<meta property=\"og:site_name\" content=\"Acrimat\" \/>\n<meta property=\"article:published_time\" content=\"2017-09-29T12:33:45+00:00\" \/>\n<meta property=\"og:image\" content=\"http:\/\/acrimat.org.br\/portal\/wp-content\/uploads\/2017\/09\/14f614d7d0aa70d24bdaec6fdad0b211.jpg\" \/>\n<meta name=\"author\" content=\"P\u00e9ricles C\u00e2ndido\" \/>\n<meta name=\"twitter:card\" content=\"summary_large_image\" \/>\n<meta name=\"twitter:label1\" content=\"Escrito por\" \/>\n\t<meta name=\"twitter:data1\" content=\"P\u00e9ricles C\u00e2ndido\" \/>\n\t<meta name=\"twitter:label2\" content=\"Est. tempo de leitura\" \/>\n\t<meta name=\"twitter:data2\" content=\"2 minutos\" \/>\n<script type=\"application\/ld+json\" class=\"yoast-schema-graph\">{\"@context\":\"https:\/\/schema.org\",\"@graph\":[{\"@type\":\"Article\",\"@id\":\"https:\/\/acrimat.org.br\/portal\/abiec-vai-a-china-para-consolidar-referencia-brasileira-no-mercado-global-de-carne-bovina\/#article\",\"isPartOf\":{\"@id\":\"https:\/\/acrimat.org.br\/portal\/abiec-vai-a-china-para-consolidar-referencia-brasileira-no-mercado-global-de-carne-bovina\/\"},\"author\":{\"name\":\"P\u00e9ricles C\u00e2ndido\",\"@id\":\"https:\/\/acrimat.org.br\/portal\/#\/schema\/person\/18df8bcf6890e924fe5d8b5afd2bec0f\"},\"headline\":\"ABIEC vai \u00e0 China para consolidar refer\u00eancia brasileira no mercado global de carne bovina\",\"datePublished\":\"2017-09-29T12:33:45+00:00\",\"mainEntityOfPage\":{\"@id\":\"https:\/\/acrimat.org.br\/portal\/abiec-vai-a-china-para-consolidar-referencia-brasileira-no-mercado-global-de-carne-bovina\/\"},\"wordCount\":386,\"publisher\":{\"@id\":\"https:\/\/acrimat.org.br\/portal\/#organization\"},\"image\":{\"@id\":\"https:\/\/acrimat.org.br\/portal\/abiec-vai-a-china-para-consolidar-referencia-brasileira-no-mercado-global-de-carne-bovina\/#primaryimage\"},\"thumbnailUrl\":\"http:\/\/acrimat.org.br\/portal\/wp-content\/uploads\/2017\/09\/14f614d7d0aa70d24bdaec6fdad0b211.jpg\",\"articleSection\":[\"Destaques\",\"Not\u00edcias\"],\"inLanguage\":\"pt-BR\"},{\"@type\":\"WebPage\",\"@id\":\"https:\/\/acrimat.org.br\/portal\/abiec-vai-a-china-para-consolidar-referencia-brasileira-no-mercado-global-de-carne-bovina\/\",\"url\":\"https:\/\/acrimat.org.br\/portal\/abiec-vai-a-china-para-consolidar-referencia-brasileira-no-mercado-global-de-carne-bovina\/\",\"name\":\"ABIEC vai \u00e0 China para consolidar refer\u00eancia brasileira no mercado global de carne bovina - Acrimat\",\"isPartOf\":{\"@id\":\"https:\/\/acrimat.org.br\/portal\/#website\"},\"primaryImageOfPage\":{\"@id\":\"https:\/\/acrimat.org.br\/portal\/abiec-vai-a-china-para-consolidar-referencia-brasileira-no-mercado-global-de-carne-bovina\/#primaryimage\"},\"image\":{\"@id\":\"https:\/\/acrimat.org.br\/portal\/abiec-vai-a-china-para-consolidar-referencia-brasileira-no-mercado-global-de-carne-bovina\/#primaryimage\"},\"thumbnailUrl\":\"http:\/\/acrimat.org.br\/portal\/wp-content\/uploads\/2017\/09\/14f614d7d0aa70d24bdaec6fdad0b211.jpg\",\"datePublished\":\"2017-09-29T12:33:45+00:00\",\"breadcrumb\":{\"@id\":\"https:\/\/acrimat.org.br\/portal\/abiec-vai-a-china-para-consolidar-referencia-brasileira-no-mercado-global-de-carne-bovina\/#breadcrumb\"},\"inLanguage\":\"pt-BR\",\"potentialAction\":[{\"@type\":\"ReadAction\",\"target\":[\"https:\/\/acrimat.org.br\/portal\/abiec-vai-a-china-para-consolidar-referencia-brasileira-no-mercado-global-de-carne-bovina\/\"]}]},{\"@type\":\"ImageObject\",\"inLanguage\":\"pt-BR\",\"@id\":\"https:\/\/acrimat.org.br\/portal\/abiec-vai-a-china-para-consolidar-referencia-brasileira-no-mercado-global-de-carne-bovina\/#primaryimage\",\"url\":\"http:\/\/acrimat.org.br\/portal\/wp-content\/uploads\/2017\/09\/14f614d7d0aa70d24bdaec6fdad0b211.jpg\",\"contentUrl\":\"http:\/\/acrimat.org.br\/portal\/wp-content\/uploads\/2017\/09\/14f614d7d0aa70d24bdaec6fdad0b211.jpg\"},{\"@type\":\"BreadcrumbList\",\"@id\":\"https:\/\/acrimat.org.br\/portal\/abiec-vai-a-china-para-consolidar-referencia-brasileira-no-mercado-global-de-carne-bovina\/#breadcrumb\",\"itemListElement\":[{\"@type\":\"ListItem\",\"position\":1,\"name\":\"In\u00edcio\",\"item\":\"https:\/\/acrimat.org.br\/portal\/\"},{\"@type\":\"ListItem\",\"position\":2,\"name\":\"ABIEC vai \u00e0 China para consolidar refer\u00eancia brasileira no mercado global de carne bovina\"}]},{\"@type\":\"WebSite\",\"@id\":\"https:\/\/acrimat.org.br\/portal\/#website\",\"url\":\"https:\/\/acrimat.org.br\/portal\/\",\"name\":\"Acrimat\",\"description\":\"Associa\u00e7\u00e3o dos Criadores de Mato Grosso\",\"publisher\":{\"@id\":\"https:\/\/acrimat.org.br\/portal\/#organization\"},\"potentialAction\":[{\"@type\":\"SearchAction\",\"target\":{\"@type\":\"EntryPoint\",\"urlTemplate\":\"https:\/\/acrimat.org.br\/portal\/?s={search_term_string}\"},\"query-input\":{\"@type\":\"PropertyValueSpecification\",\"valueRequired\":true,\"valueName\":\"search_term_string\"}}],\"inLanguage\":\"pt-BR\"},{\"@type\":\"Organization\",\"@id\":\"https:\/\/acrimat.org.br\/portal\/#organization\",\"name\":\"Associa\u00e7\u00e3o dos Criadores de Mato Grosso\",\"url\":\"https:\/\/acrimat.org.br\/portal\/\",\"logo\":{\"@type\":\"ImageObject\",\"inLanguage\":\"pt-BR\",\"@id\":\"https:\/\/acrimat.org.br\/portal\/#\/schema\/logo\/image\/\",\"url\":\"https:\/\/acrimat.org.br\/portal\/wp-content\/uploads\/2018\/03\/logo-peq-original.png\",\"contentUrl\":\"https:\/\/acrimat.org.br\/portal\/wp-content\/uploads\/2018\/03\/logo-peq-original.png\",\"width\":174,\"height\":171,\"caption\":\"Associa\u00e7\u00e3o dos Criadores de Mato Grosso\"},\"image\":{\"@id\":\"https:\/\/acrimat.org.br\/portal\/#\/schema\/logo\/image\/\"}},{\"@type\":\"Person\",\"@id\":\"https:\/\/acrimat.org.br\/portal\/#\/schema\/person\/18df8bcf6890e924fe5d8b5afd2bec0f\",\"name\":\"P\u00e9ricles C\u00e2ndido\",\"image\":{\"@type\":\"ImageObject\",\"inLanguage\":\"pt-BR\",\"@id\":\"https:\/\/acrimat.org.br\/portal\/#\/schema\/person\/image\/\",\"url\":\"https:\/\/secure.gravatar.com\/avatar\/33e2a2b971dc363ed2df53d0d3bfbd18?s=96&d=mm&r=g\",\"contentUrl\":\"https:\/\/secure.gravatar.com\/avatar\/33e2a2b971dc363ed2df53d0d3bfbd18?s=96&d=mm&r=g\",\"caption\":\"P\u00e9ricles C\u00e2ndido\"},\"sameAs\":[\"ascom@acrimat.org.br\"],\"url\":\"https:\/\/acrimat.org.br\/portal\/author\/designergrafico\/\"}]}<\/script>\n<!-- \/ Yoast SEO plugin. -->","yoast_head_json":{"title":"ABIEC vai \u00e0 China para consolidar refer\u00eancia brasileira no mercado global de carne bovina - Acrimat","robots":{"index":"index","follow":"follow","max-snippet":"max-snippet:-1","max-image-preview":"max-image-preview:large","max-video-preview":"max-video-preview:-1"},"canonical":"https:\/\/acrimat.org.br\/portal\/abiec-vai-a-china-para-consolidar-referencia-brasileira-no-mercado-global-de-carne-bovina\/","og_locale":"pt_BR","og_type":"article","og_title":"ABIEC vai \u00e0 China para consolidar refer\u00eancia brasileira no mercado global de carne bovina - Acrimat","og_description":"Quest\u00f5es referentes \u00e0 legisla\u00e7\u00e3o e fiscaliza\u00e7\u00e3o foram discutidas com representantes de diversos pa\u00edses em evento do setor aliment\u00edcio","og_url":"https:\/\/acrimat.org.br\/portal\/abiec-vai-a-china-para-consolidar-referencia-brasileira-no-mercado-global-de-carne-bovina\/","og_site_name":"Acrimat","article_published_time":"2017-09-29T12:33:45+00:00","og_image":[{"url":"http:\/\/acrimat.org.br\/portal\/wp-content\/uploads\/2017\/09\/14f614d7d0aa70d24bdaec6fdad0b211.jpg","type":"","width":"","height":""}],"author":"P\u00e9ricles C\u00e2ndido","twitter_card":"summary_large_image","twitter_misc":{"Escrito por":"P\u00e9ricles C\u00e2ndido","Est. tempo de leitura":"2 minutos"},"schema":{"@context":"https:\/\/schema.org","@graph":[{"@type":"Article","@id":"https:\/\/acrimat.org.br\/portal\/abiec-vai-a-china-para-consolidar-referencia-brasileira-no-mercado-global-de-carne-bovina\/#article","isPartOf":{"@id":"https:\/\/acrimat.org.br\/portal\/abiec-vai-a-china-para-consolidar-referencia-brasileira-no-mercado-global-de-carne-bovina\/"},"author":{"name":"P\u00e9ricles C\u00e2ndido","@id":"https:\/\/acrimat.org.br\/portal\/#\/schema\/person\/18df8bcf6890e924fe5d8b5afd2bec0f"},"headline":"ABIEC vai \u00e0 China para consolidar refer\u00eancia brasileira no mercado global de carne bovina","datePublished":"2017-09-29T12:33:45+00:00","mainEntityOfPage":{"@id":"https:\/\/acrimat.org.br\/portal\/abiec-vai-a-china-para-consolidar-referencia-brasileira-no-mercado-global-de-carne-bovina\/"},"wordCount":386,"publisher":{"@id":"https:\/\/acrimat.org.br\/portal\/#organization"},"image":{"@id":"https:\/\/acrimat.org.br\/portal\/abiec-vai-a-china-para-consolidar-referencia-brasileira-no-mercado-global-de-carne-bovina\/#primaryimage"},"thumbnailUrl":"http:\/\/acrimat.org.br\/portal\/wp-content\/uploads\/2017\/09\/14f614d7d0aa70d24bdaec6fdad0b211.jpg","articleSection":["Destaques","Not\u00edcias"],"inLanguage":"pt-BR"},{"@type":"WebPage","@id":"https:\/\/acrimat.org.br\/portal\/abiec-vai-a-china-para-consolidar-referencia-brasileira-no-mercado-global-de-carne-bovina\/","url":"https:\/\/acrimat.org.br\/portal\/abiec-vai-a-china-para-consolidar-referencia-brasileira-no-mercado-global-de-carne-bovina\/","name":"ABIEC vai \u00e0 China para consolidar refer\u00eancia brasileira no mercado global de carne bovina - Acrimat","isPartOf":{"@id":"https:\/\/acrimat.org.br\/portal\/#website"},"primaryImageOfPage":{"@id":"https:\/\/acrimat.org.br\/portal\/abiec-vai-a-china-para-consolidar-referencia-brasileira-no-mercado-global-de-carne-bovina\/#primaryimage"},"image":{"@id":"https:\/\/acrimat.org.br\/portal\/abiec-vai-a-china-para-consolidar-referencia-brasileira-no-mercado-global-de-carne-bovina\/#primaryimage"},"thumbnailUrl":"http:\/\/acrimat.org.br\/portal\/wp-content\/uploads\/2017\/09\/14f614d7d0aa70d24bdaec6fdad0b211.jpg","datePublished":"2017-09-29T12:33:45+00:00","breadcrumb":{"@id":"https:\/\/acrimat.org.br\/portal\/abiec-vai-a-china-para-consolidar-referencia-brasileira-no-mercado-global-de-carne-bovina\/#breadcrumb"},"inLanguage":"pt-BR","potentialAction":[{"@type":"ReadAction","target":["https:\/\/acrimat.org.br\/portal\/abiec-vai-a-china-para-consolidar-referencia-brasileira-no-mercado-global-de-carne-bovina\/"]}]},{"@type":"ImageObject","inLanguage":"pt-BR","@id":"https:\/\/acrimat.org.br\/portal\/abiec-vai-a-china-para-consolidar-referencia-brasileira-no-mercado-global-de-carne-bovina\/#primaryimage","url":"http:\/\/acrimat.org.br\/portal\/wp-content\/uploads\/2017\/09\/14f614d7d0aa70d24bdaec6fdad0b211.jpg","contentUrl":"http:\/\/acrimat.org.br\/portal\/wp-content\/uploads\/2017\/09\/14f614d7d0aa70d24bdaec6fdad0b211.jpg"},{"@type":"BreadcrumbList","@id":"https:\/\/acrimat.org.br\/portal\/abiec-vai-a-china-para-consolidar-referencia-brasileira-no-mercado-global-de-carne-bovina\/#breadcrumb","itemListElement":[{"@type":"ListItem","position":1,"name":"In\u00edcio","item":"https:\/\/acrimat.org.br\/portal\/"},{"@type":"ListItem","position":2,"name":"ABIEC vai \u00e0 China para consolidar refer\u00eancia brasileira no mercado global de carne bovina"}]},{"@type":"WebSite","@id":"https:\/\/acrimat.org.br\/portal\/#website","url":"https:\/\/acrimat.org.br\/portal\/","name":"Acrimat","description":"Associa\u00e7\u00e3o dos Criadores de Mato Grosso","publisher":{"@id":"https:\/\/acrimat.org.br\/portal\/#organization"},"potentialAction":[{"@type":"SearchAction","target":{"@type":"EntryPoint","urlTemplate":"https:\/\/acrimat.org.br\/portal\/?s={search_term_string}"},"query-input":{"@type":"PropertyValueSpecification","valueRequired":true,"valueName":"search_term_string"}}],"inLanguage":"pt-BR"},{"@type":"Organization","@id":"https:\/\/acrimat.org.br\/portal\/#organization","name":"Associa\u00e7\u00e3o dos Criadores de Mato Grosso","url":"https:\/\/acrimat.org.br\/portal\/","logo":{"@type":"ImageObject","inLanguage":"pt-BR","@id":"https:\/\/acrimat.org.br\/portal\/#\/schema\/logo\/image\/","url":"https:\/\/acrimat.org.br\/portal\/wp-content\/uploads\/2018\/03\/logo-peq-original.png","contentUrl":"https:\/\/acrimat.org.br\/portal\/wp-content\/uploads\/2018\/03\/logo-peq-original.png","width":174,"height":171,"caption":"Associa\u00e7\u00e3o dos Criadores de Mato Grosso"},"image":{"@id":"https:\/\/acrimat.org.br\/portal\/#\/schema\/logo\/image\/"}},{"@type":"Person","@id":"https:\/\/acrimat.org.br\/portal\/#\/schema\/person\/18df8bcf6890e924fe5d8b5afd2bec0f","name":"P\u00e9ricles C\u00e2ndido","image":{"@type":"ImageObject","inLanguage":"pt-BR","@id":"https:\/\/acrimat.org.br\/portal\/#\/schema\/person\/image\/","url":"https:\/\/secure.gravatar.com\/avatar\/33e2a2b971dc363ed2df53d0d3bfbd18?s=96&d=mm&r=g","contentUrl":"https:\/\/secure.gravatar.com\/avatar\/33e2a2b971dc363ed2df53d0d3bfbd18?s=96&d=mm&r=g","caption":"P\u00e9ricles C\u00e2ndido"},"sameAs":["ascom@acrimat.org.br"],"url":"https:\/\/acrimat.org.br\/portal\/author\/designergrafico\/"}]}},"_links":{"self":[{"href":"https:\/\/acrimat.org.br\/portal\/wp-json\/wp\/v2\/posts\/97983807","targetHints":{"allow":["GET"]}}],"collection":[{"href":"https:\/\/acrimat.org.br\/portal\/wp-json\/wp\/v2\/posts"}],"about":[{"href":"https:\/\/acrimat.org.br\/portal\/wp-json\/wp\/v2\/types\/post"}],"author":[{"embeddable":true,"href":"https:\/\/acrimat.org.br\/portal\/wp-json\/wp\/v2\/users\/11"}],"replies":[{"embeddable":true,"href":"https:\/\/acrimat.org.br\/portal\/wp-json\/wp\/v2\/comments?post=97983807"}],"version-history":[{"count":2,"href":"https:\/\/acrimat.org.br\/portal\/wp-json\/wp\/v2\/posts\/97983807\/revisions"}],"predecessor-version":[{"id":97983810,"href":"https:\/\/acrimat.org.br\/portal\/wp-json\/wp\/v2\/posts\/97983807\/revisions\/97983810"}],"wp:attachment":[{"href":"https:\/\/acrimat.org.br\/portal\/wp-json\/wp\/v2\/media?parent=97983807"}],"wp:term":[{"taxonomy":"category","embeddable":true,"href":"https:\/\/acrimat.org.br\/portal\/wp-json\/wp\/v2\/categories?post=97983807"},{"taxonomy":"post_tag","embeddable":true,"href":"https:\/\/acrimat.org.br\/portal\/wp-json\/wp\/v2\/tags?post=97983807"}],"curies":[{"name":"wp","href":"https:\/\/api.w.org\/{rel}","templated":true}]}}