{"id":97983818,"date":"2017-09-29T15:10:50","date_gmt":"2017-09-29T18:10:50","guid":{"rendered":"http:\/\/acrimat.org.br\/portal\/?p=97983818"},"modified":"2017-10-03T13:01:05","modified_gmt":"2017-10-03T16:01:05","slug":"prazo-de-adesao-ao-funrural-e-adiado-para-30-de-novembro","status":"publish","type":"post","link":"https:\/\/acrimat.org.br\/portal\/prazo-de-adesao-ao-funrural-e-adiado-para-30-de-novembro\/","title":{"rendered":"Prazo de ades\u00e3o ao Funrural \u00e9 adiado para 30 de novembro"},"content":{"rendered":"<p>Governo adia prazo de ades\u00e3o \u00e0 Medida Provis\u00f3ria 793\/2017 do Fundo de Regulariza\u00e7\u00e3o Tribut\u00e1ria Rural (Funrural) para 30 de novembro deste ano. Altera\u00e7\u00e3o foi publicada em edi\u00e7\u00e3o extra do Di\u00e1rio Oficial da Uni\u00e3o (DOU) desta sexta-feira, 29 de setembro, por meio de nova MP (803\/2017).<\/p>\n<p>Para o presidente da Frente Parlamentar da Agropecu\u00e1ria (FPA), deputado federal Nilson Leit\u00e3o (PSDB\/MT), a prorroga\u00e7\u00e3o garante seguran\u00e7a\u00a0jur\u00eddica ao produtor rural. \u201c\u00c9 uma conquista para o setor agropecu\u00e1rio. Agora, h\u00e1 tempo para que se escolha a melhor op\u00e7\u00e3o de pagamento da d\u00edvida, com responsabilidade constitucional e jur\u00eddica\u201d, afirma o presidente.<\/p>\n<p>Acesse MP 803\/2017 na \u00edntegra\u00a0<strong><span style=\"color: #0000ff;\"><a href=\"http:\/\/fpagropecuaria.us11.list-manage.com\/track\/click?u=f32ce36947d382beade64b8c5&amp;id=5259d2f483&amp;e=77fee5628a\" target=\"_blank\" rel=\"noopener\" data-saferedirecturl=\"https:\/\/www.google.com\/url?hl=pt-BR&amp;q=http:\/\/fpagropecuaria.us11.list-manage.com\/track\/click?u%3Df32ce36947d382beade64b8c5%26id%3D5259d2f483%26e%3D77fee5628a&amp;source=gmail&amp;ust=1506793175151000&amp;usg=AFQjCNEtRjPvEQsEHHHIerOUYJttjgBUHA\">aqui<\/a><\/span><\/strong>.<\/p>\n","protected":false},"excerpt":{"rendered":"<p>Mudan\u00e7a foi publicada na edi\u00e7\u00e3o extra do Di\u00e1rio Oficial da Uni\u00e3o desta sexta-feira (29) em nova medida provis\u00f3ria<\/p>\n","protected":false},"author":11,"featured_media":97983328,"comment_status":"closed","ping_status":"closed","sticky":false,"template":"","format":"standard","meta":{"footnotes":""},"categories":[6,1],"tags":[],"class_list":["post-97983818","post","type-post","status-publish","format-standard","has-post-thumbnail","hentry","category-destaque","category-noticia"],"yoast_head":"<!-- This site is optimized with the Yoast SEO plugin v24.8.1 - https:\/\/yoast.com\/wordpress\/plugins\/seo\/ -->\n<title>Prazo de ades\u00e3o ao Funrural \u00e9 adiado para 30 de novembro - Acrimat<\/title>\n<meta name=\"robots\" content=\"index, follow, max-snippet:-1, max-image-preview:large, max-video-preview:-1\" \/>\n<link rel=\"canonical\" href=\"https:\/\/acrimat.org.br\/portal\/prazo-de-adesao-ao-funrural-e-adiado-para-30-de-novembro\/\" \/>\n<meta property=\"og:locale\" content=\"pt_BR\" \/>\n<meta property=\"og:type\" content=\"article\" \/>\n<meta property=\"og:title\" content=\"Prazo de ades\u00e3o ao Funrural \u00e9 adiado para 30 de novembro - Acrimat\" \/>\n<meta property=\"og:description\" content=\"Mudan\u00e7a foi publicada na edi\u00e7\u00e3o extra do Di\u00e1rio Oficial da Uni\u00e3o desta sexta-feira (29) em nova medida provis\u00f3ria\" \/>\n<meta property=\"og:url\" content=\"https:\/\/acrimat.org.br\/portal\/prazo-de-adesao-ao-funrural-e-adiado-para-30-de-novembro\/\" \/>\n<meta property=\"og:site_name\" content=\"Acrimat\" \/>\n<meta property=\"article:published_time\" content=\"2017-09-29T18:10:50+00:00\" \/>\n<meta property=\"article:modified_time\" content=\"2017-10-03T16:01:05+00:00\" \/>\n<meta property=\"og:image\" content=\"https:\/\/acrimat.org.br\/portal\/wp-content\/uploads\/2017\/08\/02-1024x576.png\" \/>\n\t<meta property=\"og:image:width\" content=\"1024\" \/>\n\t<meta property=\"og:image:height\" content=\"576\" \/>\n\t<meta property=\"og:image:type\" content=\"image\/png\" \/>\n<meta name=\"author\" content=\"P\u00e9ricles C\u00e2ndido\" \/>\n<meta name=\"twitter:card\" content=\"summary_large_image\" \/>\n<meta name=\"twitter:label1\" content=\"Escrito por\" \/>\n\t<meta name=\"twitter:data1\" content=\"P\u00e9ricles C\u00e2ndido\" \/>\n\t<meta name=\"twitter:label2\" content=\"Est. tempo de leitura\" \/>\n\t<meta name=\"twitter:data2\" content=\"1 minuto\" \/>\n<script type=\"application\/ld+json\" class=\"yoast-schema-graph\">{\"@context\":\"https:\/\/schema.org\",\"@graph\":[{\"@type\":\"Article\",\"@id\":\"https:\/\/acrimat.org.br\/portal\/prazo-de-adesao-ao-funrural-e-adiado-para-30-de-novembro\/#article\",\"isPartOf\":{\"@id\":\"https:\/\/acrimat.org.br\/portal\/prazo-de-adesao-ao-funrural-e-adiado-para-30-de-novembro\/\"},\"author\":{\"name\":\"P\u00e9ricles C\u00e2ndido\",\"@id\":\"https:\/\/acrimat.org.br\/portal\/#\/schema\/person\/18df8bcf6890e924fe5d8b5afd2bec0f\"},\"headline\":\"Prazo de ades\u00e3o ao Funrural \u00e9 adiado para 30 de novembro\",\"datePublished\":\"2017-09-29T18:10:50+00:00\",\"dateModified\":\"2017-10-03T16:01:05+00:00\",\"mainEntityOfPage\":{\"@id\":\"https:\/\/acrimat.org.br\/portal\/prazo-de-adesao-ao-funrural-e-adiado-para-30-de-novembro\/\"},\"wordCount\":123,\"publisher\":{\"@id\":\"https:\/\/acrimat.org.br\/portal\/#organization\"},\"image\":{\"@id\":\"https:\/\/acrimat.org.br\/portal\/prazo-de-adesao-ao-funrural-e-adiado-para-30-de-novembro\/#primaryimage\"},\"thumbnailUrl\":\"https:\/\/acrimat.org.br\/portal\/wp-content\/uploads\/2017\/08\/02.png\",\"articleSection\":[\"Destaques\",\"Not\u00edcias\"],\"inLanguage\":\"pt-BR\"},{\"@type\":\"WebPage\",\"@id\":\"https:\/\/acrimat.org.br\/portal\/prazo-de-adesao-ao-funrural-e-adiado-para-30-de-novembro\/\",\"url\":\"https:\/\/acrimat.org.br\/portal\/prazo-de-adesao-ao-funrural-e-adiado-para-30-de-novembro\/\",\"name\":\"Prazo de ades\u00e3o ao Funrural \u00e9 adiado para 30 de novembro - Acrimat\",\"isPartOf\":{\"@id\":\"https:\/\/acrimat.org.br\/portal\/#website\"},\"primaryImageOfPage\":{\"@id\":\"https:\/\/acrimat.org.br\/portal\/prazo-de-adesao-ao-funrural-e-adiado-para-30-de-novembro\/#primaryimage\"},\"image\":{\"@id\":\"https:\/\/acrimat.org.br\/portal\/prazo-de-adesao-ao-funrural-e-adiado-para-30-de-novembro\/#primaryimage\"},\"thumbnailUrl\":\"https:\/\/acrimat.org.br\/portal\/wp-content\/uploads\/2017\/08\/02.png\",\"datePublished\":\"2017-09-29T18:10:50+00:00\",\"dateModified\":\"2017-10-03T16:01:05+00:00\",\"breadcrumb\":{\"@id\":\"https:\/\/acrimat.org.br\/portal\/prazo-de-adesao-ao-funrural-e-adiado-para-30-de-novembro\/#breadcrumb\"},\"inLanguage\":\"pt-BR\",\"potentialAction\":[{\"@type\":\"ReadAction\",\"target\":[\"https:\/\/acrimat.org.br\/portal\/prazo-de-adesao-ao-funrural-e-adiado-para-30-de-novembro\/\"]}]},{\"@type\":\"ImageObject\",\"inLanguage\":\"pt-BR\",\"@id\":\"https:\/\/acrimat.org.br\/portal\/prazo-de-adesao-ao-funrural-e-adiado-para-30-de-novembro\/#primaryimage\",\"url\":\"https:\/\/acrimat.org.br\/portal\/wp-content\/uploads\/2017\/08\/02.png\",\"contentUrl\":\"https:\/\/acrimat.org.br\/portal\/wp-content\/uploads\/2017\/08\/02.png\",\"width\":1920,\"height\":1080},{\"@type\":\"BreadcrumbList\",\"@id\":\"https:\/\/acrimat.org.br\/portal\/prazo-de-adesao-ao-funrural-e-adiado-para-30-de-novembro\/#breadcrumb\",\"itemListElement\":[{\"@type\":\"ListItem\",\"position\":1,\"name\":\"In\u00edcio\",\"item\":\"https:\/\/acrimat.org.br\/portal\/\"},{\"@type\":\"ListItem\",\"position\":2,\"name\":\"Prazo de ades\u00e3o ao Funrural \u00e9 adiado para 30 de novembro\"}]},{\"@type\":\"WebSite\",\"@id\":\"https:\/\/acrimat.org.br\/portal\/#website\",\"url\":\"https:\/\/acrimat.org.br\/portal\/\",\"name\":\"Acrimat\",\"description\":\"Associa\u00e7\u00e3o dos Criadores de Mato Grosso\",\"publisher\":{\"@id\":\"https:\/\/acrimat.org.br\/portal\/#organization\"},\"potentialAction\":[{\"@type\":\"SearchAction\",\"target\":{\"@type\":\"EntryPoint\",\"urlTemplate\":\"https:\/\/acrimat.org.br\/portal\/?s={search_term_string}\"},\"query-input\":{\"@type\":\"PropertyValueSpecification\",\"valueRequired\":true,\"valueName\":\"search_term_string\"}}],\"inLanguage\":\"pt-BR\"},{\"@type\":\"Organization\",\"@id\":\"https:\/\/acrimat.org.br\/portal\/#organization\",\"name\":\"Associa\u00e7\u00e3o dos Criadores de Mato Grosso\",\"url\":\"https:\/\/acrimat.org.br\/portal\/\",\"logo\":{\"@type\":\"ImageObject\",\"inLanguage\":\"pt-BR\",\"@id\":\"https:\/\/acrimat.org.br\/portal\/#\/schema\/logo\/image\/\",\"url\":\"https:\/\/acrimat.org.br\/portal\/wp-content\/uploads\/2018\/03\/logo-peq-original.png\",\"contentUrl\":\"https:\/\/acrimat.org.br\/portal\/wp-content\/uploads\/2018\/03\/logo-peq-original.png\",\"width\":174,\"height\":171,\"caption\":\"Associa\u00e7\u00e3o dos Criadores de Mato Grosso\"},\"image\":{\"@id\":\"https:\/\/acrimat.org.br\/portal\/#\/schema\/logo\/image\/\"}},{\"@type\":\"Person\",\"@id\":\"https:\/\/acrimat.org.br\/portal\/#\/schema\/person\/18df8bcf6890e924fe5d8b5afd2bec0f\",\"name\":\"P\u00e9ricles C\u00e2ndido\",\"image\":{\"@type\":\"ImageObject\",\"inLanguage\":\"pt-BR\",\"@id\":\"https:\/\/acrimat.org.br\/portal\/#\/schema\/person\/image\/\",\"url\":\"https:\/\/secure.gravatar.com\/avatar\/33e2a2b971dc363ed2df53d0d3bfbd18?s=96&d=mm&r=g\",\"contentUrl\":\"https:\/\/secure.gravatar.com\/avatar\/33e2a2b971dc363ed2df53d0d3bfbd18?s=96&d=mm&r=g\",\"caption\":\"P\u00e9ricles C\u00e2ndido\"},\"sameAs\":[\"ascom@acrimat.org.br\"],\"url\":\"https:\/\/acrimat.org.br\/portal\/author\/designergrafico\/\"}]}<\/script>\n<!-- \/ Yoast SEO plugin. -->","yoast_head_json":{"title":"Prazo de ades\u00e3o ao Funrural \u00e9 adiado para 30 de novembro - Acrimat","robots":{"index":"index","follow":"follow","max-snippet":"max-snippet:-1","max-image-preview":"max-image-preview:large","max-video-preview":"max-video-preview:-1"},"canonical":"https:\/\/acrimat.org.br\/portal\/prazo-de-adesao-ao-funrural-e-adiado-para-30-de-novembro\/","og_locale":"pt_BR","og_type":"article","og_title":"Prazo de ades\u00e3o ao Funrural \u00e9 adiado para 30 de novembro - Acrimat","og_description":"Mudan\u00e7a foi publicada na edi\u00e7\u00e3o extra do Di\u00e1rio Oficial da Uni\u00e3o desta sexta-feira (29) em nova medida provis\u00f3ria","og_url":"https:\/\/acrimat.org.br\/portal\/prazo-de-adesao-ao-funrural-e-adiado-para-30-de-novembro\/","og_site_name":"Acrimat","article_published_time":"2017-09-29T18:10:50+00:00","article_modified_time":"2017-10-03T16:01:05+00:00","og_image":[{"width":1024,"height":576,"url":"https:\/\/acrimat.org.br\/portal\/wp-content\/uploads\/2017\/08\/02-1024x576.png","type":"image\/png"}],"author":"P\u00e9ricles C\u00e2ndido","twitter_card":"summary_large_image","twitter_misc":{"Escrito por":"P\u00e9ricles C\u00e2ndido","Est. tempo de leitura":"1 minuto"},"schema":{"@context":"https:\/\/schema.org","@graph":[{"@type":"Article","@id":"https:\/\/acrimat.org.br\/portal\/prazo-de-adesao-ao-funrural-e-adiado-para-30-de-novembro\/#article","isPartOf":{"@id":"https:\/\/acrimat.org.br\/portal\/prazo-de-adesao-ao-funrural-e-adiado-para-30-de-novembro\/"},"author":{"name":"P\u00e9ricles C\u00e2ndido","@id":"https:\/\/acrimat.org.br\/portal\/#\/schema\/person\/18df8bcf6890e924fe5d8b5afd2bec0f"},"headline":"Prazo de ades\u00e3o ao Funrural \u00e9 adiado para 30 de novembro","datePublished":"2017-09-29T18:10:50+00:00","dateModified":"2017-10-03T16:01:05+00:00","mainEntityOfPage":{"@id":"https:\/\/acrimat.org.br\/portal\/prazo-de-adesao-ao-funrural-e-adiado-para-30-de-novembro\/"},"wordCount":123,"publisher":{"@id":"https:\/\/acrimat.org.br\/portal\/#organization"},"image":{"@id":"https:\/\/acrimat.org.br\/portal\/prazo-de-adesao-ao-funrural-e-adiado-para-30-de-novembro\/#primaryimage"},"thumbnailUrl":"https:\/\/acrimat.org.br\/portal\/wp-content\/uploads\/2017\/08\/02.png","articleSection":["Destaques","Not\u00edcias"],"inLanguage":"pt-BR"},{"@type":"WebPage","@id":"https:\/\/acrimat.org.br\/portal\/prazo-de-adesao-ao-funrural-e-adiado-para-30-de-novembro\/","url":"https:\/\/acrimat.org.br\/portal\/prazo-de-adesao-ao-funrural-e-adiado-para-30-de-novembro\/","name":"Prazo de ades\u00e3o ao Funrural \u00e9 adiado para 30 de novembro - Acrimat","isPartOf":{"@id":"https:\/\/acrimat.org.br\/portal\/#website"},"primaryImageOfPage":{"@id":"https:\/\/acrimat.org.br\/portal\/prazo-de-adesao-ao-funrural-e-adiado-para-30-de-novembro\/#primaryimage"},"image":{"@id":"https:\/\/acrimat.org.br\/portal\/prazo-de-adesao-ao-funrural-e-adiado-para-30-de-novembro\/#primaryimage"},"thumbnailUrl":"https:\/\/acrimat.org.br\/portal\/wp-content\/uploads\/2017\/08\/02.png","datePublished":"2017-09-29T18:10:50+00:00","dateModified":"2017-10-03T16:01:05+00:00","breadcrumb":{"@id":"https:\/\/acrimat.org.br\/portal\/prazo-de-adesao-ao-funrural-e-adiado-para-30-de-novembro\/#breadcrumb"},"inLanguage":"pt-BR","potentialAction":[{"@type":"ReadAction","target":["https:\/\/acrimat.org.br\/portal\/prazo-de-adesao-ao-funrural-e-adiado-para-30-de-novembro\/"]}]},{"@type":"ImageObject","inLanguage":"pt-BR","@id":"https:\/\/acrimat.org.br\/portal\/prazo-de-adesao-ao-funrural-e-adiado-para-30-de-novembro\/#primaryimage","url":"https:\/\/acrimat.org.br\/portal\/wp-content\/uploads\/2017\/08\/02.png","contentUrl":"https:\/\/acrimat.org.br\/portal\/wp-content\/uploads\/2017\/08\/02.png","width":1920,"height":1080},{"@type":"BreadcrumbList","@id":"https:\/\/acrimat.org.br\/portal\/prazo-de-adesao-ao-funrural-e-adiado-para-30-de-novembro\/#breadcrumb","itemListElement":[{"@type":"ListItem","position":1,"name":"In\u00edcio","item":"https:\/\/acrimat.org.br\/portal\/"},{"@type":"ListItem","position":2,"name":"Prazo de ades\u00e3o ao Funrural \u00e9 adiado para 30 de novembro"}]},{"@type":"WebSite","@id":"https:\/\/acrimat.org.br\/portal\/#website","url":"https:\/\/acrimat.org.br\/portal\/","name":"Acrimat","description":"Associa\u00e7\u00e3o dos Criadores de Mato Grosso","publisher":{"@id":"https:\/\/acrimat.org.br\/portal\/#organization"},"potentialAction":[{"@type":"SearchAction","target":{"@type":"EntryPoint","urlTemplate":"https:\/\/acrimat.org.br\/portal\/?s={search_term_string}"},"query-input":{"@type":"PropertyValueSpecification","valueRequired":true,"valueName":"search_term_string"}}],"inLanguage":"pt-BR"},{"@type":"Organization","@id":"https:\/\/acrimat.org.br\/portal\/#organization","name":"Associa\u00e7\u00e3o dos Criadores de Mato Grosso","url":"https:\/\/acrimat.org.br\/portal\/","logo":{"@type":"ImageObject","inLanguage":"pt-BR","@id":"https:\/\/acrimat.org.br\/portal\/#\/schema\/logo\/image\/","url":"https:\/\/acrimat.org.br\/portal\/wp-content\/uploads\/2018\/03\/logo-peq-original.png","contentUrl":"https:\/\/acrimat.org.br\/portal\/wp-content\/uploads\/2018\/03\/logo-peq-original.png","width":174,"height":171,"caption":"Associa\u00e7\u00e3o dos Criadores de Mato Grosso"},"image":{"@id":"https:\/\/acrimat.org.br\/portal\/#\/schema\/logo\/image\/"}},{"@type":"Person","@id":"https:\/\/acrimat.org.br\/portal\/#\/schema\/person\/18df8bcf6890e924fe5d8b5afd2bec0f","name":"P\u00e9ricles C\u00e2ndido","image":{"@type":"ImageObject","inLanguage":"pt-BR","@id":"https:\/\/acrimat.org.br\/portal\/#\/schema\/person\/image\/","url":"https:\/\/secure.gravatar.com\/avatar\/33e2a2b971dc363ed2df53d0d3bfbd18?s=96&d=mm&r=g","contentUrl":"https:\/\/secure.gravatar.com\/avatar\/33e2a2b971dc363ed2df53d0d3bfbd18?s=96&d=mm&r=g","caption":"P\u00e9ricles C\u00e2ndido"},"sameAs":["ascom@acrimat.org.br"],"url":"https:\/\/acrimat.org.br\/portal\/author\/designergrafico\/"}]}},"_links":{"self":[{"href":"https:\/\/acrimat.org.br\/portal\/wp-json\/wp\/v2\/posts\/97983818","targetHints":{"allow":["GET"]}}],"collection":[{"href":"https:\/\/acrimat.org.br\/portal\/wp-json\/wp\/v2\/posts"}],"about":[{"href":"https:\/\/acrimat.org.br\/portal\/wp-json\/wp\/v2\/types\/post"}],"author":[{"embeddable":true,"href":"https:\/\/acrimat.org.br\/portal\/wp-json\/wp\/v2\/users\/11"}],"replies":[{"embeddable":true,"href":"https:\/\/acrimat.org.br\/portal\/wp-json\/wp\/v2\/comments?post=97983818"}],"version-history":[{"count":4,"href":"https:\/\/acrimat.org.br\/portal\/wp-json\/wp\/v2\/posts\/97983818\/revisions"}],"predecessor-version":[{"id":97983881,"href":"https:\/\/acrimat.org.br\/portal\/wp-json\/wp\/v2\/posts\/97983818\/revisions\/97983881"}],"wp:featuredmedia":[{"embeddable":true,"href":"https:\/\/acrimat.org.br\/portal\/wp-json\/wp\/v2\/media\/97983328"}],"wp:attachment":[{"href":"https:\/\/acrimat.org.br\/portal\/wp-json\/wp\/v2\/media?parent=97983818"}],"wp:term":[{"taxonomy":"category","embeddable":true,"href":"https:\/\/acrimat.org.br\/portal\/wp-json\/wp\/v2\/categories?post=97983818"},{"taxonomy":"post_tag","embeddable":true,"href":"https:\/\/acrimat.org.br\/portal\/wp-json\/wp\/v2\/tags?post=97983818"}],"curies":[{"name":"wp","href":"https:\/\/api.w.org\/{rel}","templated":true}]}}