{"id":97983832,"date":"2017-10-02T09:36:00","date_gmt":"2017-10-02T12:36:00","guid":{"rendered":"http:\/\/acrimat.org.br\/portal\/?p=97983832"},"modified":"2017-10-02T09:36:00","modified_gmt":"2017-10-02T12:36:00","slug":"brasil-quer-exportar-mais-carnes-para-bolivia","status":"publish","type":"post","link":"https:\/\/acrimat.org.br\/portal\/brasil-quer-exportar-mais-carnes-para-bolivia\/","title":{"rendered":"Brasil quer exportar mais carnes para Bol\u00edvia"},"content":{"rendered":"<div id=\"attachment_97983833\" style=\"width: 310px\" class=\"wp-caption alignright\"><a href=\"http:\/\/acrimat.org.br\/portal\/wp-content\/uploads\/2017\/10\/12289.jpeg\"><img fetchpriority=\"high\" decoding=\"async\" aria-describedby=\"caption-attachment-97983833\" class=\"wp-image-97983833 size-medium\" title=\"Foto:Mapa\/Divulga\u00e7\u00e3o\" src=\"http:\/\/acrimat.org.br\/portal\/wp-content\/uploads\/2017\/10\/12289-300x183.jpeg\" alt=\"\" width=\"300\" height=\"183\" srcset=\"https:\/\/acrimat.org.br\/portal\/wp-content\/uploads\/2017\/10\/12289-300x183.jpeg 300w, https:\/\/acrimat.org.br\/portal\/wp-content\/uploads\/2017\/10\/12289.jpeg 768w, https:\/\/acrimat.org.br\/portal\/wp-content\/uploads\/2017\/10\/12289-250x152.jpeg 250w, https:\/\/acrimat.org.br\/portal\/wp-content\/uploads\/2017\/10\/12289-550x335.jpeg 550w, https:\/\/acrimat.org.br\/portal\/wp-content\/uploads\/2017\/10\/12289-295x180.jpeg 295w, https:\/\/acrimat.org.br\/portal\/wp-content\/uploads\/2017\/10\/12289-492x300.jpeg 492w\" sizes=\"(max-width: 300px) 100vw, 300px\" \/><\/a><p id=\"caption-attachment-97983833\" class=\"wp-caption-text\">Ministro Blairo Maggi em reuni\u00e3o com ministro da Agricultura da Bol\u00edvia, C\u00e9sar Cocarico<\/p><\/div>\n<p>O ministro Blairo Maggi (Agricultura, Pecu\u00e1ria e Abastecimento) encontrou-se nesta quinta-feira, 28, em La Paz, com o ministro da Agricultura da Bol\u00edvia, C\u00e9sar Cocarico, para promover as rela\u00e7\u00f5es comerciais no setor de agroneg\u00f3cios entre os dois pa\u00edses. De acordo com o ministro, ficou acertado que t\u00e9cnicos brasileiros e bolivianos trocar\u00e3o informa\u00e7\u00f5es sobre prioridades a serem trabalhadas para aumentar o fluxo de com\u00e9rcio.<\/p>\n<p>Entre os pontos de interesse destacados pelo ministro da Bol\u00edvia est\u00e3o aprofundar o di\u00e1logo sobre o uso de bioinsumos no Brasil, a certifica\u00e7\u00e3o social da agricultura org\u00e2nica feita pelo Mapa (sem \u00f4nus para produtores) e o interc\u00e2mbio na \u00e1rea de ci\u00eancia e biotecnologia gen\u00e9tica desenvolvidos pela Embrapa.<\/p>\n<p>Entre os produtos da pauta de negocia\u00e7\u00f5es comerciais, do lado brasileiro h\u00e1 inten\u00e7\u00e3o de aumentar a exporta\u00e7\u00e3o de carne, enquanto a Bol\u00edvia quer ampliar as vendas de quinoa, banana e chia.<\/p>\n<p>A maior \u00e1rea de fronteira do Brasil \u00e9 com a Bol\u00edvia, somando 3.400 km quadrados. O pa\u00eds est\u00e1 ainda em fase de ades\u00e3o ao Mercosul. H\u00e1 grande interesse do ministro Blairo Maggi em estreitar rela\u00e7\u00f5es com a Bol\u00edvia e tamb\u00e9m com o Peru, onde tamb\u00e9m esteve em viagem oficial, nesta semana, com o objetivo de aproveitar a proximidade com os estados do Acre, Rond\u00f4nia e Mato Grosso.<\/p>\n<p>O ministro visitou no Peru a Expoalimentaria, maior feira de alimenta\u00e7\u00e3o e de bebidas da Am\u00e9rica Latina, reuniu-se com o ministro da Agricultura peruano, Jose Manuel Calder\u00f3n, al\u00e9m de participar, em Lima, de semin\u00e1rio empresarial que teve a representa\u00e7\u00e3o de entidades do setor e de governos de estados pr\u00f3ximos da fronteira com o pa\u00eds.<\/p>\n<p>Fonte:\u00a0<strong>Mapa<\/strong><\/p>\n","protected":false},"excerpt":{"rendered":"<p>Blairo Maggi reuniu-se com o ministro da Agricultura boliviano para estreitar parceria comercial<\/p>\n","protected":false},"author":11,"featured_media":97983833,"comment_status":"closed","ping_status":"closed","sticky":false,"template":"","format":"standard","meta":{"footnotes":""},"categories":[6,1],"tags":[],"class_list":["post-97983832","post","type-post","status-publish","format-standard","has-post-thumbnail","hentry","category-destaque","category-noticia"],"yoast_head":"<!-- This site is optimized with the Yoast SEO plugin v24.8.1 - https:\/\/yoast.com\/wordpress\/plugins\/seo\/ -->\n<title>Brasil quer exportar mais carnes para Bol\u00edvia - Acrimat<\/title>\n<meta name=\"robots\" content=\"index, follow, max-snippet:-1, max-image-preview:large, max-video-preview:-1\" \/>\n<link rel=\"canonical\" href=\"https:\/\/acrimat.org.br\/portal\/brasil-quer-exportar-mais-carnes-para-bolivia\/\" \/>\n<meta property=\"og:locale\" content=\"pt_BR\" \/>\n<meta property=\"og:type\" content=\"article\" \/>\n<meta property=\"og:title\" content=\"Brasil quer exportar mais carnes para Bol\u00edvia - Acrimat\" \/>\n<meta property=\"og:description\" content=\"Blairo Maggi reuniu-se com o ministro da Agricultura boliviano para estreitar parceria comercial\" \/>\n<meta property=\"og:url\" content=\"https:\/\/acrimat.org.br\/portal\/brasil-quer-exportar-mais-carnes-para-bolivia\/\" \/>\n<meta property=\"og:site_name\" content=\"Acrimat\" \/>\n<meta property=\"article:published_time\" content=\"2017-10-02T12:36:00+00:00\" \/>\n<meta property=\"og:image\" content=\"https:\/\/acrimat.org.br\/portal\/wp-content\/uploads\/2017\/10\/12289.jpeg\" \/>\n\t<meta property=\"og:image:width\" content=\"768\" \/>\n\t<meta property=\"og:image:height\" content=\"468\" \/>\n\t<meta property=\"og:image:type\" content=\"image\/jpeg\" \/>\n<meta name=\"author\" content=\"P\u00e9ricles C\u00e2ndido\" \/>\n<meta name=\"twitter:card\" content=\"summary_large_image\" \/>\n<meta name=\"twitter:label1\" content=\"Escrito por\" \/>\n\t<meta name=\"twitter:data1\" content=\"P\u00e9ricles C\u00e2ndido\" \/>\n\t<meta name=\"twitter:label2\" content=\"Est. tempo de leitura\" \/>\n\t<meta name=\"twitter:data2\" content=\"2 minutos\" \/>\n<script type=\"application\/ld+json\" class=\"yoast-schema-graph\">{\"@context\":\"https:\/\/schema.org\",\"@graph\":[{\"@type\":\"Article\",\"@id\":\"https:\/\/acrimat.org.br\/portal\/brasil-quer-exportar-mais-carnes-para-bolivia\/#article\",\"isPartOf\":{\"@id\":\"https:\/\/acrimat.org.br\/portal\/brasil-quer-exportar-mais-carnes-para-bolivia\/\"},\"author\":{\"name\":\"P\u00e9ricles C\u00e2ndido\",\"@id\":\"https:\/\/acrimat.org.br\/portal\/#\/schema\/person\/18df8bcf6890e924fe5d8b5afd2bec0f\"},\"headline\":\"Brasil quer exportar mais carnes para Bol\u00edvia\",\"datePublished\":\"2017-10-02T12:36:00+00:00\",\"mainEntityOfPage\":{\"@id\":\"https:\/\/acrimat.org.br\/portal\/brasil-quer-exportar-mais-carnes-para-bolivia\/\"},\"wordCount\":329,\"publisher\":{\"@id\":\"https:\/\/acrimat.org.br\/portal\/#organization\"},\"image\":{\"@id\":\"https:\/\/acrimat.org.br\/portal\/brasil-quer-exportar-mais-carnes-para-bolivia\/#primaryimage\"},\"thumbnailUrl\":\"https:\/\/acrimat.org.br\/portal\/wp-content\/uploads\/2017\/10\/12289.jpeg\",\"articleSection\":[\"Destaques\",\"Not\u00edcias\"],\"inLanguage\":\"pt-BR\"},{\"@type\":\"WebPage\",\"@id\":\"https:\/\/acrimat.org.br\/portal\/brasil-quer-exportar-mais-carnes-para-bolivia\/\",\"url\":\"https:\/\/acrimat.org.br\/portal\/brasil-quer-exportar-mais-carnes-para-bolivia\/\",\"name\":\"Brasil quer exportar mais carnes para Bol\u00edvia - Acrimat\",\"isPartOf\":{\"@id\":\"https:\/\/acrimat.org.br\/portal\/#website\"},\"primaryImageOfPage\":{\"@id\":\"https:\/\/acrimat.org.br\/portal\/brasil-quer-exportar-mais-carnes-para-bolivia\/#primaryimage\"},\"image\":{\"@id\":\"https:\/\/acrimat.org.br\/portal\/brasil-quer-exportar-mais-carnes-para-bolivia\/#primaryimage\"},\"thumbnailUrl\":\"https:\/\/acrimat.org.br\/portal\/wp-content\/uploads\/2017\/10\/12289.jpeg\",\"datePublished\":\"2017-10-02T12:36:00+00:00\",\"breadcrumb\":{\"@id\":\"https:\/\/acrimat.org.br\/portal\/brasil-quer-exportar-mais-carnes-para-bolivia\/#breadcrumb\"},\"inLanguage\":\"pt-BR\",\"potentialAction\":[{\"@type\":\"ReadAction\",\"target\":[\"https:\/\/acrimat.org.br\/portal\/brasil-quer-exportar-mais-carnes-para-bolivia\/\"]}]},{\"@type\":\"ImageObject\",\"inLanguage\":\"pt-BR\",\"@id\":\"https:\/\/acrimat.org.br\/portal\/brasil-quer-exportar-mais-carnes-para-bolivia\/#primaryimage\",\"url\":\"https:\/\/acrimat.org.br\/portal\/wp-content\/uploads\/2017\/10\/12289.jpeg\",\"contentUrl\":\"https:\/\/acrimat.org.br\/portal\/wp-content\/uploads\/2017\/10\/12289.jpeg\",\"width\":768,\"height\":468,\"caption\":\"Ministro Blairo Maggi em reuni\u00e3o com ministro da Agricultura da Bol\u00edvia, C\u00e9sar Cocarico\"},{\"@type\":\"BreadcrumbList\",\"@id\":\"https:\/\/acrimat.org.br\/portal\/brasil-quer-exportar-mais-carnes-para-bolivia\/#breadcrumb\",\"itemListElement\":[{\"@type\":\"ListItem\",\"position\":1,\"name\":\"In\u00edcio\",\"item\":\"https:\/\/acrimat.org.br\/portal\/\"},{\"@type\":\"ListItem\",\"position\":2,\"name\":\"Brasil quer exportar mais carnes para Bol\u00edvia\"}]},{\"@type\":\"WebSite\",\"@id\":\"https:\/\/acrimat.org.br\/portal\/#website\",\"url\":\"https:\/\/acrimat.org.br\/portal\/\",\"name\":\"Acrimat\",\"description\":\"Associa\u00e7\u00e3o dos Criadores de Mato Grosso\",\"publisher\":{\"@id\":\"https:\/\/acrimat.org.br\/portal\/#organization\"},\"potentialAction\":[{\"@type\":\"SearchAction\",\"target\":{\"@type\":\"EntryPoint\",\"urlTemplate\":\"https:\/\/acrimat.org.br\/portal\/?s={search_term_string}\"},\"query-input\":{\"@type\":\"PropertyValueSpecification\",\"valueRequired\":true,\"valueName\":\"search_term_string\"}}],\"inLanguage\":\"pt-BR\"},{\"@type\":\"Organization\",\"@id\":\"https:\/\/acrimat.org.br\/portal\/#organization\",\"name\":\"Associa\u00e7\u00e3o dos Criadores de Mato Grosso\",\"url\":\"https:\/\/acrimat.org.br\/portal\/\",\"logo\":{\"@type\":\"ImageObject\",\"inLanguage\":\"pt-BR\",\"@id\":\"https:\/\/acrimat.org.br\/portal\/#\/schema\/logo\/image\/\",\"url\":\"https:\/\/acrimat.org.br\/portal\/wp-content\/uploads\/2018\/03\/logo-peq-original.png\",\"contentUrl\":\"https:\/\/acrimat.org.br\/portal\/wp-content\/uploads\/2018\/03\/logo-peq-original.png\",\"width\":174,\"height\":171,\"caption\":\"Associa\u00e7\u00e3o dos Criadores de Mato Grosso\"},\"image\":{\"@id\":\"https:\/\/acrimat.org.br\/portal\/#\/schema\/logo\/image\/\"}},{\"@type\":\"Person\",\"@id\":\"https:\/\/acrimat.org.br\/portal\/#\/schema\/person\/18df8bcf6890e924fe5d8b5afd2bec0f\",\"name\":\"P\u00e9ricles C\u00e2ndido\",\"image\":{\"@type\":\"ImageObject\",\"inLanguage\":\"pt-BR\",\"@id\":\"https:\/\/acrimat.org.br\/portal\/#\/schema\/person\/image\/\",\"url\":\"https:\/\/secure.gravatar.com\/avatar\/33e2a2b971dc363ed2df53d0d3bfbd18?s=96&d=mm&r=g\",\"contentUrl\":\"https:\/\/secure.gravatar.com\/avatar\/33e2a2b971dc363ed2df53d0d3bfbd18?s=96&d=mm&r=g\",\"caption\":\"P\u00e9ricles C\u00e2ndido\"},\"sameAs\":[\"ascom@acrimat.org.br\"],\"url\":\"https:\/\/acrimat.org.br\/portal\/author\/designergrafico\/\"}]}<\/script>\n<!-- \/ Yoast SEO plugin. -->","yoast_head_json":{"title":"Brasil quer exportar mais carnes para Bol\u00edvia - Acrimat","robots":{"index":"index","follow":"follow","max-snippet":"max-snippet:-1","max-image-preview":"max-image-preview:large","max-video-preview":"max-video-preview:-1"},"canonical":"https:\/\/acrimat.org.br\/portal\/brasil-quer-exportar-mais-carnes-para-bolivia\/","og_locale":"pt_BR","og_type":"article","og_title":"Brasil quer exportar mais carnes para Bol\u00edvia - Acrimat","og_description":"Blairo Maggi reuniu-se com o ministro da Agricultura boliviano para estreitar parceria comercial","og_url":"https:\/\/acrimat.org.br\/portal\/brasil-quer-exportar-mais-carnes-para-bolivia\/","og_site_name":"Acrimat","article_published_time":"2017-10-02T12:36:00+00:00","og_image":[{"width":768,"height":468,"url":"https:\/\/acrimat.org.br\/portal\/wp-content\/uploads\/2017\/10\/12289.jpeg","type":"image\/jpeg"}],"author":"P\u00e9ricles C\u00e2ndido","twitter_card":"summary_large_image","twitter_misc":{"Escrito por":"P\u00e9ricles C\u00e2ndido","Est. tempo de leitura":"2 minutos"},"schema":{"@context":"https:\/\/schema.org","@graph":[{"@type":"Article","@id":"https:\/\/acrimat.org.br\/portal\/brasil-quer-exportar-mais-carnes-para-bolivia\/#article","isPartOf":{"@id":"https:\/\/acrimat.org.br\/portal\/brasil-quer-exportar-mais-carnes-para-bolivia\/"},"author":{"name":"P\u00e9ricles C\u00e2ndido","@id":"https:\/\/acrimat.org.br\/portal\/#\/schema\/person\/18df8bcf6890e924fe5d8b5afd2bec0f"},"headline":"Brasil quer exportar mais carnes para Bol\u00edvia","datePublished":"2017-10-02T12:36:00+00:00","mainEntityOfPage":{"@id":"https:\/\/acrimat.org.br\/portal\/brasil-quer-exportar-mais-carnes-para-bolivia\/"},"wordCount":329,"publisher":{"@id":"https:\/\/acrimat.org.br\/portal\/#organization"},"image":{"@id":"https:\/\/acrimat.org.br\/portal\/brasil-quer-exportar-mais-carnes-para-bolivia\/#primaryimage"},"thumbnailUrl":"https:\/\/acrimat.org.br\/portal\/wp-content\/uploads\/2017\/10\/12289.jpeg","articleSection":["Destaques","Not\u00edcias"],"inLanguage":"pt-BR"},{"@type":"WebPage","@id":"https:\/\/acrimat.org.br\/portal\/brasil-quer-exportar-mais-carnes-para-bolivia\/","url":"https:\/\/acrimat.org.br\/portal\/brasil-quer-exportar-mais-carnes-para-bolivia\/","name":"Brasil quer exportar mais carnes para Bol\u00edvia - Acrimat","isPartOf":{"@id":"https:\/\/acrimat.org.br\/portal\/#website"},"primaryImageOfPage":{"@id":"https:\/\/acrimat.org.br\/portal\/brasil-quer-exportar-mais-carnes-para-bolivia\/#primaryimage"},"image":{"@id":"https:\/\/acrimat.org.br\/portal\/brasil-quer-exportar-mais-carnes-para-bolivia\/#primaryimage"},"thumbnailUrl":"https:\/\/acrimat.org.br\/portal\/wp-content\/uploads\/2017\/10\/12289.jpeg","datePublished":"2017-10-02T12:36:00+00:00","breadcrumb":{"@id":"https:\/\/acrimat.org.br\/portal\/brasil-quer-exportar-mais-carnes-para-bolivia\/#breadcrumb"},"inLanguage":"pt-BR","potentialAction":[{"@type":"ReadAction","target":["https:\/\/acrimat.org.br\/portal\/brasil-quer-exportar-mais-carnes-para-bolivia\/"]}]},{"@type":"ImageObject","inLanguage":"pt-BR","@id":"https:\/\/acrimat.org.br\/portal\/brasil-quer-exportar-mais-carnes-para-bolivia\/#primaryimage","url":"https:\/\/acrimat.org.br\/portal\/wp-content\/uploads\/2017\/10\/12289.jpeg","contentUrl":"https:\/\/acrimat.org.br\/portal\/wp-content\/uploads\/2017\/10\/12289.jpeg","width":768,"height":468,"caption":"Ministro Blairo Maggi em reuni\u00e3o com ministro da Agricultura da Bol\u00edvia, C\u00e9sar Cocarico"},{"@type":"BreadcrumbList","@id":"https:\/\/acrimat.org.br\/portal\/brasil-quer-exportar-mais-carnes-para-bolivia\/#breadcrumb","itemListElement":[{"@type":"ListItem","position":1,"name":"In\u00edcio","item":"https:\/\/acrimat.org.br\/portal\/"},{"@type":"ListItem","position":2,"name":"Brasil quer exportar mais carnes para Bol\u00edvia"}]},{"@type":"WebSite","@id":"https:\/\/acrimat.org.br\/portal\/#website","url":"https:\/\/acrimat.org.br\/portal\/","name":"Acrimat","description":"Associa\u00e7\u00e3o dos Criadores de Mato Grosso","publisher":{"@id":"https:\/\/acrimat.org.br\/portal\/#organization"},"potentialAction":[{"@type":"SearchAction","target":{"@type":"EntryPoint","urlTemplate":"https:\/\/acrimat.org.br\/portal\/?s={search_term_string}"},"query-input":{"@type":"PropertyValueSpecification","valueRequired":true,"valueName":"search_term_string"}}],"inLanguage":"pt-BR"},{"@type":"Organization","@id":"https:\/\/acrimat.org.br\/portal\/#organization","name":"Associa\u00e7\u00e3o dos Criadores de Mato Grosso","url":"https:\/\/acrimat.org.br\/portal\/","logo":{"@type":"ImageObject","inLanguage":"pt-BR","@id":"https:\/\/acrimat.org.br\/portal\/#\/schema\/logo\/image\/","url":"https:\/\/acrimat.org.br\/portal\/wp-content\/uploads\/2018\/03\/logo-peq-original.png","contentUrl":"https:\/\/acrimat.org.br\/portal\/wp-content\/uploads\/2018\/03\/logo-peq-original.png","width":174,"height":171,"caption":"Associa\u00e7\u00e3o dos Criadores de Mato Grosso"},"image":{"@id":"https:\/\/acrimat.org.br\/portal\/#\/schema\/logo\/image\/"}},{"@type":"Person","@id":"https:\/\/acrimat.org.br\/portal\/#\/schema\/person\/18df8bcf6890e924fe5d8b5afd2bec0f","name":"P\u00e9ricles C\u00e2ndido","image":{"@type":"ImageObject","inLanguage":"pt-BR","@id":"https:\/\/acrimat.org.br\/portal\/#\/schema\/person\/image\/","url":"https:\/\/secure.gravatar.com\/avatar\/33e2a2b971dc363ed2df53d0d3bfbd18?s=96&d=mm&r=g","contentUrl":"https:\/\/secure.gravatar.com\/avatar\/33e2a2b971dc363ed2df53d0d3bfbd18?s=96&d=mm&r=g","caption":"P\u00e9ricles C\u00e2ndido"},"sameAs":["ascom@acrimat.org.br"],"url":"https:\/\/acrimat.org.br\/portal\/author\/designergrafico\/"}]}},"_links":{"self":[{"href":"https:\/\/acrimat.org.br\/portal\/wp-json\/wp\/v2\/posts\/97983832","targetHints":{"allow":["GET"]}}],"collection":[{"href":"https:\/\/acrimat.org.br\/portal\/wp-json\/wp\/v2\/posts"}],"about":[{"href":"https:\/\/acrimat.org.br\/portal\/wp-json\/wp\/v2\/types\/post"}],"author":[{"embeddable":true,"href":"https:\/\/acrimat.org.br\/portal\/wp-json\/wp\/v2\/users\/11"}],"replies":[{"embeddable":true,"href":"https:\/\/acrimat.org.br\/portal\/wp-json\/wp\/v2\/comments?post=97983832"}],"version-history":[{"count":3,"href":"https:\/\/acrimat.org.br\/portal\/wp-json\/wp\/v2\/posts\/97983832\/revisions"}],"predecessor-version":[{"id":97983836,"href":"https:\/\/acrimat.org.br\/portal\/wp-json\/wp\/v2\/posts\/97983832\/revisions\/97983836"}],"wp:featuredmedia":[{"embeddable":true,"href":"https:\/\/acrimat.org.br\/portal\/wp-json\/wp\/v2\/media\/97983833"}],"wp:attachment":[{"href":"https:\/\/acrimat.org.br\/portal\/wp-json\/wp\/v2\/media?parent=97983832"}],"wp:term":[{"taxonomy":"category","embeddable":true,"href":"https:\/\/acrimat.org.br\/portal\/wp-json\/wp\/v2\/categories?post=97983832"},{"taxonomy":"post_tag","embeddable":true,"href":"https:\/\/acrimat.org.br\/portal\/wp-json\/wp\/v2\/tags?post=97983832"}],"curies":[{"name":"wp","href":"https:\/\/api.w.org\/{rel}","templated":true}]}}