{"id":97983837,"date":"2017-10-02T09:43:18","date_gmt":"2017-10-02T12:43:18","guid":{"rendered":"http:\/\/acrimat.org.br\/portal\/?p=97983837"},"modified":"2017-10-02T09:54:47","modified_gmt":"2017-10-02T12:54:47","slug":"oferta-insuficiente-poe-acordo-em-risco-ve-mercosul","status":"publish","type":"post","link":"https:\/\/acrimat.org.br\/portal\/oferta-insuficiente-poe-acordo-em-risco-ve-mercosul\/","title":{"rendered":"Oferta insuficiente p\u00f5e acordo em risco, v\u00ea Mercosul"},"content":{"rendered":"<p><a href=\"http:\/\/acrimat.org.br\/portal\/wp-content\/uploads\/2017\/10\/foto10opin-201-col_op1-a14_0_274_748_488.jpg\"><img fetchpriority=\"high\" decoding=\"async\" class=\"size-medium wp-image-97983838 alignleft\" src=\"http:\/\/acrimat.org.br\/portal\/wp-content\/uploads\/2017\/10\/foto10opin-201-col_op1-a14_0_274_748_488-300x196.jpg\" alt=\"\" width=\"300\" height=\"196\" srcset=\"https:\/\/acrimat.org.br\/portal\/wp-content\/uploads\/2017\/10\/foto10opin-201-col_op1-a14_0_274_748_488-300x196.jpg 300w, https:\/\/acrimat.org.br\/portal\/wp-content\/uploads\/2017\/10\/foto10opin-201-col_op1-a14_0_274_748_488-250x163.jpg 250w, https:\/\/acrimat.org.br\/portal\/wp-content\/uploads\/2017\/10\/foto10opin-201-col_op1-a14_0_274_748_488-550x358.jpg 550w, https:\/\/acrimat.org.br\/portal\/wp-content\/uploads\/2017\/10\/foto10opin-201-col_op1-a14_0_274_748_488-276x180.jpg 276w, https:\/\/acrimat.org.br\/portal\/wp-content\/uploads\/2017\/10\/foto10opin-201-col_op1-a14_0_274_748_488-460x300.jpg 460w, https:\/\/acrimat.org.br\/portal\/wp-content\/uploads\/2017\/10\/foto10opin-201-col_op1-a14_0_274_748_488.jpg 560w\" sizes=\"(max-width: 300px) 100vw, 300px\" \/><\/a>O Mercosul vai advertir a Uni\u00e3o Europeia (UE) hoje, em Bras\u00edlia, que uma oferta insuficiente europeia na \u00e1rea agr\u00edcola descumpre o que foi acertado e coloca um alto risco de n\u00e3o se concluir o acordo de livre com\u00e9rcio em dezembro. O ambiente \u00e0 v\u00e9spera das discuss\u00f5es era de incerteza. O Mercosul n\u00e3o recebeu sequer indica\u00e7\u00e3o de que a UE apresentar\u00e1 as concess\u00f5es, mesmo modestas, para os dois produtos sens\u00edveis que faltam na oferta agr\u00edcola, que s\u00e3o carne bovina e etanol. O porta-voz de com\u00e9rcio da UE n\u00e3o respondeu \u00e0s quest\u00f5es sobre o tema, algo inusual.<\/p>\n<p>A UE receber\u00e1 um recha\u00e7o do Brasil, Argentina, Paraguai e Uruguai se apostar que vai fechar um acordo oferecendo cotas de 70 mil toneladas para carne bovina e de 600 mil toneladas para etanol, livre de tarifas &#8211; cifras m\u00ednimas e que, ainda assim, provocam revolta de protecionistas, em Bruxelas. Negociadores do Mercosul v\u00e3o cobrar dos europeus que o combinado entre os dois blocos, na retomada da negocia\u00e7\u00e3o, em 2010, foi de que fariam ofertas de acesso ao mercado melhores que aquelas apresentadas em 2004, quando quase foi fechada a barganha final. Significa que, para a carne bovina, o Brasil e seus s\u00f3cios do Mercosul esperavam cota de mais de 100 mil toneladas, e para etanol de mais de 1 milh\u00e3o &#8211; muito al\u00e9m do que Bruxelas quer propor agora.<\/p>\n<p>A concess\u00e3o que a Comiss\u00e3o Europeia, bra\u00e7o executivo da UE, preparou para a carne bovina do Mercosul, al\u00e9m de insuficiente, \u00e9 um exemplo de como os detalhes escondem ganhos ainda menores. A cota seria de 70 mil toneladas para a carne bovina, mas o volume \u00e9 dividido em duas subcotas: uma para carne congelada, com valor comercial bem menor, e outra para carne fresca. Essas duas subcotas s\u00e3o divididas ainda em outras categorias de cortes. Assim, naquela de carne fresca, s\u00f3 uma parte \u00e9 para a Cota Hilton, composta por produto de maior qualidade e melhor pre\u00e7o. E na outra, deve ter uma parte de carne cozida, de menor valor.<\/p>\n<p>Para se ter uma ideia, o Brasil exportou para a UE em 2016 cerca de 27 mil toneladas de carne bovina fresca, pelo valor de US$ 260 milh\u00f5es. J\u00e1 a carne congelada teve volume bem maior, de 37 mil toneladas, mas valor menor, US$ 228 milh\u00f5es. Foram exportadas 42 mil toneladas de carne para maior uso industrial, valendo US$ 197 milh\u00f5es. S\u00e3o detalhes que v\u00e3o pesar na barganha final, se \u00e9 que a Comiss\u00e3o Europeia ter\u00e1 condi\u00e7\u00f5es de ir adiante, considerando a mobiliza\u00e7\u00e3o dos protecionistas. Amanh\u00e3, negociadores v\u00e3o dar entrevista coletiva em Bras\u00edlia.<\/p>\n<p>O representante da Uni\u00e3o Europeia no Brasil, embaixador Jo\u00e3o Cravinho, ponderou que a rodada come\u00e7a hoje, e portanto, neste n\u00e3o faria sentido antecipar-se ao processo negocial. Mas admitiu que \u00e9 preciso avan\u00e7ar mais: &#8220;Tamb\u00e9m do lado europeu temos a ideia de que o progresso \u00e9 insuficiente, mas \u00e9 por isso mesmo que vamos sentar juntos ao longo desta semana para ver se podemos aproximar posi\u00e7\u00f5es&#8221;, disse.<\/p>\n<p>Na avalia\u00e7\u00e3o dentro do Mercosul, ao desenhar oferta bastante piorada para dois produtos-chave, e em cima da hora, a UE coloca em risco o que est\u00e1 mesmo prop\u00f4s, que \u00e9 anunciar um pr\u00e9-acordo \u00e0 margem da confer\u00eancia ministerial da Organiza\u00e7\u00e3o Mundial do Com\u00e9rcio (OMC) em dezembro, em Buenos Aires.<\/p>\n<p>Na sexta-feira, o grupo protecionista de 11 pa\u00edses liderados pela Fran\u00e7a avisou a Comiss\u00e3o Europeia que n\u00e3o estavam em condi\u00e7\u00f5es de autorizar a apresenta\u00e7\u00e3o da oferta com as cotas para produtos sens\u00edveis como carne bovina e etanol.<\/p>\n<p>J\u00e1 o grupo de oito pa\u00edses favor\u00e1veis ao acordo, incluindo Alemanha, It\u00e1lia, Espanha, Portugal, Reino Unido, Dinamarca, Su\u00e9cia e Rep\u00fablica Checa, insistiu que a Europa n\u00e3o pode perder a oportunidade de fechar a negocia\u00e7\u00e3o birregional at\u00e9 o fim do ano e deve apresentar a oferta ao Mercosul, em troca de ganhos em outros setores. Para negociadores, \u00e9 rid\u00edculo o que est\u00e1 acontecendo. O valor das duas concess\u00f5es agr\u00edcolas n\u00e3o tem compara\u00e7\u00e3o com o que empresas europeias v\u00e3o ganhar com maior acesso ao Mercosul.<\/p>\n<p>Normalmente, a rodada de discuss\u00f5es a partir de hoje deveria ser a largada das barganhas finais. Ou seja, \u00e9 preciso haver margem para aumentar as ofertas. Mas a UE deve alergar que tem margem de manobra muito curta. Apesar da percep\u00e7\u00e3o na Europa de que o Brasil, sobretudo, quer fechar o acordo a qualquer pre\u00e7o, negociadores dizem que dentro do bloco a decis\u00e3o \u00e9 de continuar negociando at\u00e9 obter concess\u00f5es satisfat\u00f3rias. No ano passado, quando os dois blocos voltaram a trocar ofertas, o Mercosul aumentou a abertura do mercado para produtos industriais, servi\u00e7os e em outros setores para os europeus.<\/p>\n<p>A UE por sua vez tirou da mesa concess\u00f5es para carne bovina e etanol, enquanto ofereceu melhora na cota para carne de frango &#8211; de 75 mil toneladas em 2004 para 78 mil toneladas. Para carne su\u00edna, que o Brasil n\u00e3o consegue exportar hoje para a Europa, tamb\u00e9m houve acerto de uma cota pequena com al\u00edquota menor. Os europeus prometeram eliminar uma s\u00e9rie de tarifas de importa\u00e7\u00e3o principalmente para produtos industriais. Um ganho vem com a restitui\u00e7\u00e3o parcial da redu\u00e7\u00e3o tarif\u00e1ria que o Brasil tinha perdido com o novo Sistema Geral de Prefer\u00eancias (SGP) europeu.<\/p>\n<p>(colaborou Cristiano Zaia, de Bras\u00edlia)<\/p>\n","protected":false},"excerpt":{"rendered":"<p>O Mercosul vai advertir a Uni\u00e3o Europeia (UE) hoje, em Bras\u00edlia, que uma oferta insuficiente europeia na \u00e1rea agr\u00edcola descumpre o que foi acertado e coloca um alto risco de n\u00e3o se concluir o acordo de livre com\u00e9rcio em dezembro<\/p>\n","protected":false},"author":11,"featured_media":97983838,"comment_status":"closed","ping_status":"closed","sticky":false,"template":"","format":"standard","meta":{"footnotes":""},"categories":[6,1],"tags":[],"class_list":["post-97983837","post","type-post","status-publish","format-standard","has-post-thumbnail","hentry","category-destaque","category-noticia"],"yoast_head":"<!-- This site is optimized with the Yoast SEO plugin v24.8.1 - https:\/\/yoast.com\/wordpress\/plugins\/seo\/ -->\n<title>Oferta insuficiente p\u00f5e acordo em risco, v\u00ea Mercosul - Acrimat<\/title>\n<meta name=\"robots\" content=\"index, follow, max-snippet:-1, max-image-preview:large, max-video-preview:-1\" \/>\n<link rel=\"canonical\" href=\"https:\/\/acrimat.org.br\/portal\/oferta-insuficiente-poe-acordo-em-risco-ve-mercosul\/\" \/>\n<meta property=\"og:locale\" content=\"pt_BR\" \/>\n<meta property=\"og:type\" content=\"article\" \/>\n<meta property=\"og:title\" content=\"Oferta insuficiente p\u00f5e acordo em risco, v\u00ea Mercosul - Acrimat\" \/>\n<meta property=\"og:description\" content=\"O Mercosul vai advertir a Uni\u00e3o Europeia (UE) hoje, em Bras\u00edlia, que uma oferta insuficiente europeia na \u00e1rea agr\u00edcola descumpre o que foi acertado e coloca um alto risco de n\u00e3o se concluir o acordo de livre com\u00e9rcio em dezembro\" \/>\n<meta property=\"og:url\" content=\"https:\/\/acrimat.org.br\/portal\/oferta-insuficiente-poe-acordo-em-risco-ve-mercosul\/\" \/>\n<meta property=\"og:site_name\" content=\"Acrimat\" \/>\n<meta property=\"article:published_time\" content=\"2017-10-02T12:43:18+00:00\" \/>\n<meta property=\"article:modified_time\" content=\"2017-10-02T12:54:47+00:00\" \/>\n<meta property=\"og:image\" content=\"https:\/\/acrimat.org.br\/portal\/wp-content\/uploads\/2017\/10\/foto10opin-201-col_op1-a14_0_274_748_488.jpg\" \/>\n\t<meta property=\"og:image:width\" content=\"560\" \/>\n\t<meta property=\"og:image:height\" content=\"365\" \/>\n\t<meta property=\"og:image:type\" content=\"image\/jpeg\" \/>\n<meta name=\"author\" content=\"P\u00e9ricles C\u00e2ndido\" \/>\n<meta name=\"twitter:card\" content=\"summary_large_image\" \/>\n<meta name=\"twitter:label1\" content=\"Escrito por\" \/>\n\t<meta name=\"twitter:data1\" content=\"P\u00e9ricles C\u00e2ndido\" \/>\n\t<meta name=\"twitter:label2\" content=\"Est. tempo de leitura\" \/>\n\t<meta name=\"twitter:data2\" content=\"5 minutos\" \/>\n<script type=\"application\/ld+json\" class=\"yoast-schema-graph\">{\"@context\":\"https:\/\/schema.org\",\"@graph\":[{\"@type\":\"Article\",\"@id\":\"https:\/\/acrimat.org.br\/portal\/oferta-insuficiente-poe-acordo-em-risco-ve-mercosul\/#article\",\"isPartOf\":{\"@id\":\"https:\/\/acrimat.org.br\/portal\/oferta-insuficiente-poe-acordo-em-risco-ve-mercosul\/\"},\"author\":{\"name\":\"P\u00e9ricles C\u00e2ndido\",\"@id\":\"https:\/\/acrimat.org.br\/portal\/#\/schema\/person\/18df8bcf6890e924fe5d8b5afd2bec0f\"},\"headline\":\"Oferta insuficiente p\u00f5e acordo em risco, v\u00ea Mercosul\",\"datePublished\":\"2017-10-02T12:43:18+00:00\",\"dateModified\":\"2017-10-02T12:54:47+00:00\",\"mainEntityOfPage\":{\"@id\":\"https:\/\/acrimat.org.br\/portal\/oferta-insuficiente-poe-acordo-em-risco-ve-mercosul\/\"},\"wordCount\":932,\"publisher\":{\"@id\":\"https:\/\/acrimat.org.br\/portal\/#organization\"},\"image\":{\"@id\":\"https:\/\/acrimat.org.br\/portal\/oferta-insuficiente-poe-acordo-em-risco-ve-mercosul\/#primaryimage\"},\"thumbnailUrl\":\"https:\/\/acrimat.org.br\/portal\/wp-content\/uploads\/2017\/10\/foto10opin-201-col_op1-a14_0_274_748_488.jpg\",\"articleSection\":[\"Destaques\",\"Not\u00edcias\"],\"inLanguage\":\"pt-BR\"},{\"@type\":\"WebPage\",\"@id\":\"https:\/\/acrimat.org.br\/portal\/oferta-insuficiente-poe-acordo-em-risco-ve-mercosul\/\",\"url\":\"https:\/\/acrimat.org.br\/portal\/oferta-insuficiente-poe-acordo-em-risco-ve-mercosul\/\",\"name\":\"Oferta insuficiente p\u00f5e acordo em risco, v\u00ea Mercosul - Acrimat\",\"isPartOf\":{\"@id\":\"https:\/\/acrimat.org.br\/portal\/#website\"},\"primaryImageOfPage\":{\"@id\":\"https:\/\/acrimat.org.br\/portal\/oferta-insuficiente-poe-acordo-em-risco-ve-mercosul\/#primaryimage\"},\"image\":{\"@id\":\"https:\/\/acrimat.org.br\/portal\/oferta-insuficiente-poe-acordo-em-risco-ve-mercosul\/#primaryimage\"},\"thumbnailUrl\":\"https:\/\/acrimat.org.br\/portal\/wp-content\/uploads\/2017\/10\/foto10opin-201-col_op1-a14_0_274_748_488.jpg\",\"datePublished\":\"2017-10-02T12:43:18+00:00\",\"dateModified\":\"2017-10-02T12:54:47+00:00\",\"breadcrumb\":{\"@id\":\"https:\/\/acrimat.org.br\/portal\/oferta-insuficiente-poe-acordo-em-risco-ve-mercosul\/#breadcrumb\"},\"inLanguage\":\"pt-BR\",\"potentialAction\":[{\"@type\":\"ReadAction\",\"target\":[\"https:\/\/acrimat.org.br\/portal\/oferta-insuficiente-poe-acordo-em-risco-ve-mercosul\/\"]}]},{\"@type\":\"ImageObject\",\"inLanguage\":\"pt-BR\",\"@id\":\"https:\/\/acrimat.org.br\/portal\/oferta-insuficiente-poe-acordo-em-risco-ve-mercosul\/#primaryimage\",\"url\":\"https:\/\/acrimat.org.br\/portal\/wp-content\/uploads\/2017\/10\/foto10opin-201-col_op1-a14_0_274_748_488.jpg\",\"contentUrl\":\"https:\/\/acrimat.org.br\/portal\/wp-content\/uploads\/2017\/10\/foto10opin-201-col_op1-a14_0_274_748_488.jpg\",\"width\":560,\"height\":365},{\"@type\":\"BreadcrumbList\",\"@id\":\"https:\/\/acrimat.org.br\/portal\/oferta-insuficiente-poe-acordo-em-risco-ve-mercosul\/#breadcrumb\",\"itemListElement\":[{\"@type\":\"ListItem\",\"position\":1,\"name\":\"In\u00edcio\",\"item\":\"https:\/\/acrimat.org.br\/portal\/\"},{\"@type\":\"ListItem\",\"position\":2,\"name\":\"Oferta insuficiente p\u00f5e acordo em risco, v\u00ea Mercosul\"}]},{\"@type\":\"WebSite\",\"@id\":\"https:\/\/acrimat.org.br\/portal\/#website\",\"url\":\"https:\/\/acrimat.org.br\/portal\/\",\"name\":\"Acrimat\",\"description\":\"Associa\u00e7\u00e3o dos Criadores de Mato Grosso\",\"publisher\":{\"@id\":\"https:\/\/acrimat.org.br\/portal\/#organization\"},\"potentialAction\":[{\"@type\":\"SearchAction\",\"target\":{\"@type\":\"EntryPoint\",\"urlTemplate\":\"https:\/\/acrimat.org.br\/portal\/?s={search_term_string}\"},\"query-input\":{\"@type\":\"PropertyValueSpecification\",\"valueRequired\":true,\"valueName\":\"search_term_string\"}}],\"inLanguage\":\"pt-BR\"},{\"@type\":\"Organization\",\"@id\":\"https:\/\/acrimat.org.br\/portal\/#organization\",\"name\":\"Associa\u00e7\u00e3o dos Criadores de Mato Grosso\",\"url\":\"https:\/\/acrimat.org.br\/portal\/\",\"logo\":{\"@type\":\"ImageObject\",\"inLanguage\":\"pt-BR\",\"@id\":\"https:\/\/acrimat.org.br\/portal\/#\/schema\/logo\/image\/\",\"url\":\"https:\/\/acrimat.org.br\/portal\/wp-content\/uploads\/2018\/03\/logo-peq-original.png\",\"contentUrl\":\"https:\/\/acrimat.org.br\/portal\/wp-content\/uploads\/2018\/03\/logo-peq-original.png\",\"width\":174,\"height\":171,\"caption\":\"Associa\u00e7\u00e3o dos Criadores de Mato Grosso\"},\"image\":{\"@id\":\"https:\/\/acrimat.org.br\/portal\/#\/schema\/logo\/image\/\"}},{\"@type\":\"Person\",\"@id\":\"https:\/\/acrimat.org.br\/portal\/#\/schema\/person\/18df8bcf6890e924fe5d8b5afd2bec0f\",\"name\":\"P\u00e9ricles C\u00e2ndido\",\"image\":{\"@type\":\"ImageObject\",\"inLanguage\":\"pt-BR\",\"@id\":\"https:\/\/acrimat.org.br\/portal\/#\/schema\/person\/image\/\",\"url\":\"https:\/\/secure.gravatar.com\/avatar\/33e2a2b971dc363ed2df53d0d3bfbd18?s=96&d=mm&r=g\",\"contentUrl\":\"https:\/\/secure.gravatar.com\/avatar\/33e2a2b971dc363ed2df53d0d3bfbd18?s=96&d=mm&r=g\",\"caption\":\"P\u00e9ricles C\u00e2ndido\"},\"sameAs\":[\"ascom@acrimat.org.br\"],\"url\":\"https:\/\/acrimat.org.br\/portal\/author\/designergrafico\/\"}]}<\/script>\n<!-- \/ Yoast SEO plugin. -->","yoast_head_json":{"title":"Oferta insuficiente p\u00f5e acordo em risco, v\u00ea Mercosul - Acrimat","robots":{"index":"index","follow":"follow","max-snippet":"max-snippet:-1","max-image-preview":"max-image-preview:large","max-video-preview":"max-video-preview:-1"},"canonical":"https:\/\/acrimat.org.br\/portal\/oferta-insuficiente-poe-acordo-em-risco-ve-mercosul\/","og_locale":"pt_BR","og_type":"article","og_title":"Oferta insuficiente p\u00f5e acordo em risco, v\u00ea Mercosul - Acrimat","og_description":"O Mercosul vai advertir a Uni\u00e3o Europeia (UE) hoje, em Bras\u00edlia, que uma oferta insuficiente europeia na \u00e1rea agr\u00edcola descumpre o que foi acertado e coloca um alto risco de n\u00e3o se concluir o acordo de livre com\u00e9rcio em dezembro","og_url":"https:\/\/acrimat.org.br\/portal\/oferta-insuficiente-poe-acordo-em-risco-ve-mercosul\/","og_site_name":"Acrimat","article_published_time":"2017-10-02T12:43:18+00:00","article_modified_time":"2017-10-02T12:54:47+00:00","og_image":[{"width":560,"height":365,"url":"https:\/\/acrimat.org.br\/portal\/wp-content\/uploads\/2017\/10\/foto10opin-201-col_op1-a14_0_274_748_488.jpg","type":"image\/jpeg"}],"author":"P\u00e9ricles C\u00e2ndido","twitter_card":"summary_large_image","twitter_misc":{"Escrito por":"P\u00e9ricles C\u00e2ndido","Est. tempo de leitura":"5 minutos"},"schema":{"@context":"https:\/\/schema.org","@graph":[{"@type":"Article","@id":"https:\/\/acrimat.org.br\/portal\/oferta-insuficiente-poe-acordo-em-risco-ve-mercosul\/#article","isPartOf":{"@id":"https:\/\/acrimat.org.br\/portal\/oferta-insuficiente-poe-acordo-em-risco-ve-mercosul\/"},"author":{"name":"P\u00e9ricles C\u00e2ndido","@id":"https:\/\/acrimat.org.br\/portal\/#\/schema\/person\/18df8bcf6890e924fe5d8b5afd2bec0f"},"headline":"Oferta insuficiente p\u00f5e acordo em risco, v\u00ea Mercosul","datePublished":"2017-10-02T12:43:18+00:00","dateModified":"2017-10-02T12:54:47+00:00","mainEntityOfPage":{"@id":"https:\/\/acrimat.org.br\/portal\/oferta-insuficiente-poe-acordo-em-risco-ve-mercosul\/"},"wordCount":932,"publisher":{"@id":"https:\/\/acrimat.org.br\/portal\/#organization"},"image":{"@id":"https:\/\/acrimat.org.br\/portal\/oferta-insuficiente-poe-acordo-em-risco-ve-mercosul\/#primaryimage"},"thumbnailUrl":"https:\/\/acrimat.org.br\/portal\/wp-content\/uploads\/2017\/10\/foto10opin-201-col_op1-a14_0_274_748_488.jpg","articleSection":["Destaques","Not\u00edcias"],"inLanguage":"pt-BR"},{"@type":"WebPage","@id":"https:\/\/acrimat.org.br\/portal\/oferta-insuficiente-poe-acordo-em-risco-ve-mercosul\/","url":"https:\/\/acrimat.org.br\/portal\/oferta-insuficiente-poe-acordo-em-risco-ve-mercosul\/","name":"Oferta insuficiente p\u00f5e acordo em risco, v\u00ea Mercosul - Acrimat","isPartOf":{"@id":"https:\/\/acrimat.org.br\/portal\/#website"},"primaryImageOfPage":{"@id":"https:\/\/acrimat.org.br\/portal\/oferta-insuficiente-poe-acordo-em-risco-ve-mercosul\/#primaryimage"},"image":{"@id":"https:\/\/acrimat.org.br\/portal\/oferta-insuficiente-poe-acordo-em-risco-ve-mercosul\/#primaryimage"},"thumbnailUrl":"https:\/\/acrimat.org.br\/portal\/wp-content\/uploads\/2017\/10\/foto10opin-201-col_op1-a14_0_274_748_488.jpg","datePublished":"2017-10-02T12:43:18+00:00","dateModified":"2017-10-02T12:54:47+00:00","breadcrumb":{"@id":"https:\/\/acrimat.org.br\/portal\/oferta-insuficiente-poe-acordo-em-risco-ve-mercosul\/#breadcrumb"},"inLanguage":"pt-BR","potentialAction":[{"@type":"ReadAction","target":["https:\/\/acrimat.org.br\/portal\/oferta-insuficiente-poe-acordo-em-risco-ve-mercosul\/"]}]},{"@type":"ImageObject","inLanguage":"pt-BR","@id":"https:\/\/acrimat.org.br\/portal\/oferta-insuficiente-poe-acordo-em-risco-ve-mercosul\/#primaryimage","url":"https:\/\/acrimat.org.br\/portal\/wp-content\/uploads\/2017\/10\/foto10opin-201-col_op1-a14_0_274_748_488.jpg","contentUrl":"https:\/\/acrimat.org.br\/portal\/wp-content\/uploads\/2017\/10\/foto10opin-201-col_op1-a14_0_274_748_488.jpg","width":560,"height":365},{"@type":"BreadcrumbList","@id":"https:\/\/acrimat.org.br\/portal\/oferta-insuficiente-poe-acordo-em-risco-ve-mercosul\/#breadcrumb","itemListElement":[{"@type":"ListItem","position":1,"name":"In\u00edcio","item":"https:\/\/acrimat.org.br\/portal\/"},{"@type":"ListItem","position":2,"name":"Oferta insuficiente p\u00f5e acordo em risco, v\u00ea Mercosul"}]},{"@type":"WebSite","@id":"https:\/\/acrimat.org.br\/portal\/#website","url":"https:\/\/acrimat.org.br\/portal\/","name":"Acrimat","description":"Associa\u00e7\u00e3o dos Criadores de Mato Grosso","publisher":{"@id":"https:\/\/acrimat.org.br\/portal\/#organization"},"potentialAction":[{"@type":"SearchAction","target":{"@type":"EntryPoint","urlTemplate":"https:\/\/acrimat.org.br\/portal\/?s={search_term_string}"},"query-input":{"@type":"PropertyValueSpecification","valueRequired":true,"valueName":"search_term_string"}}],"inLanguage":"pt-BR"},{"@type":"Organization","@id":"https:\/\/acrimat.org.br\/portal\/#organization","name":"Associa\u00e7\u00e3o dos Criadores de Mato Grosso","url":"https:\/\/acrimat.org.br\/portal\/","logo":{"@type":"ImageObject","inLanguage":"pt-BR","@id":"https:\/\/acrimat.org.br\/portal\/#\/schema\/logo\/image\/","url":"https:\/\/acrimat.org.br\/portal\/wp-content\/uploads\/2018\/03\/logo-peq-original.png","contentUrl":"https:\/\/acrimat.org.br\/portal\/wp-content\/uploads\/2018\/03\/logo-peq-original.png","width":174,"height":171,"caption":"Associa\u00e7\u00e3o dos Criadores de Mato Grosso"},"image":{"@id":"https:\/\/acrimat.org.br\/portal\/#\/schema\/logo\/image\/"}},{"@type":"Person","@id":"https:\/\/acrimat.org.br\/portal\/#\/schema\/person\/18df8bcf6890e924fe5d8b5afd2bec0f","name":"P\u00e9ricles C\u00e2ndido","image":{"@type":"ImageObject","inLanguage":"pt-BR","@id":"https:\/\/acrimat.org.br\/portal\/#\/schema\/person\/image\/","url":"https:\/\/secure.gravatar.com\/avatar\/33e2a2b971dc363ed2df53d0d3bfbd18?s=96&d=mm&r=g","contentUrl":"https:\/\/secure.gravatar.com\/avatar\/33e2a2b971dc363ed2df53d0d3bfbd18?s=96&d=mm&r=g","caption":"P\u00e9ricles C\u00e2ndido"},"sameAs":["ascom@acrimat.org.br"],"url":"https:\/\/acrimat.org.br\/portal\/author\/designergrafico\/"}]}},"_links":{"self":[{"href":"https:\/\/acrimat.org.br\/portal\/wp-json\/wp\/v2\/posts\/97983837","targetHints":{"allow":["GET"]}}],"collection":[{"href":"https:\/\/acrimat.org.br\/portal\/wp-json\/wp\/v2\/posts"}],"about":[{"href":"https:\/\/acrimat.org.br\/portal\/wp-json\/wp\/v2\/types\/post"}],"author":[{"embeddable":true,"href":"https:\/\/acrimat.org.br\/portal\/wp-json\/wp\/v2\/users\/11"}],"replies":[{"embeddable":true,"href":"https:\/\/acrimat.org.br\/portal\/wp-json\/wp\/v2\/comments?post=97983837"}],"version-history":[{"count":2,"href":"https:\/\/acrimat.org.br\/portal\/wp-json\/wp\/v2\/posts\/97983837\/revisions"}],"predecessor-version":[{"id":97983851,"href":"https:\/\/acrimat.org.br\/portal\/wp-json\/wp\/v2\/posts\/97983837\/revisions\/97983851"}],"wp:featuredmedia":[{"embeddable":true,"href":"https:\/\/acrimat.org.br\/portal\/wp-json\/wp\/v2\/media\/97983838"}],"wp:attachment":[{"href":"https:\/\/acrimat.org.br\/portal\/wp-json\/wp\/v2\/media?parent=97983837"}],"wp:term":[{"taxonomy":"category","embeddable":true,"href":"https:\/\/acrimat.org.br\/portal\/wp-json\/wp\/v2\/categories?post=97983837"},{"taxonomy":"post_tag","embeddable":true,"href":"https:\/\/acrimat.org.br\/portal\/wp-json\/wp\/v2\/tags?post=97983837"}],"curies":[{"name":"wp","href":"https:\/\/api.w.org\/{rel}","templated":true}]}}