{"id":97983840,"date":"2017-10-02T09:51:25","date_gmt":"2017-10-02T12:51:25","guid":{"rendered":"http:\/\/acrimat.org.br\/portal\/?p=97983840"},"modified":"2017-10-02T09:54:15","modified_gmt":"2017-10-02T12:54:15","slug":"ibge-rebanho-de-bovinos-tinha-21823-milhoes-de-cabecas-em-2016-2","status":"publish","type":"post","link":"https:\/\/acrimat.org.br\/portal\/ibge-rebanho-de-bovinos-tinha-21823-milhoes-de-cabecas-em-2016-2\/","title":{"rendered":"IBGE: rebanho de bovinos tinha 218,23 milh\u00f5es de cabe\u00e7as em 2016"},"content":{"rendered":"<p>Em 2016, o Produto Interno Bruto \u2013 PIB caiu 3,6%, e o valor adicionado da agropecu\u00e1ria teve retra\u00e7\u00e3o de 6,6%, conforme indicaram as Contas Nacionais Trimestrais do IBGE. A retra\u00e7\u00e3o na agropecu\u00e1ria foi ocasionada principalmente pela quebra na safra de gr\u00e3os devido a problemas clim\u00e1ticos, afetando tamb\u00e9m os custos de produ\u00e7\u00e3o das atividades da pecu\u00e1ria.<\/p>\n<p>O efetivo de bovinos atingiu a marca recorde de 218,23 milh\u00f5es de cabe\u00e7as, por\u00e9m houve nova redu\u00e7\u00e3o no abate da esp\u00e9cie e queda nas exporta\u00e7\u00f5es. A oferta de animais prontos para o abate e para reposi\u00e7\u00e3o continuou restrita em fun\u00e7\u00e3o do grande abate de matrizes nos anos anteriores, elevando o pre\u00e7o da arroba e do bezerro.<\/p>\n<p>A pecu\u00e1ria leiteira registrou nova queda do n\u00famero de vacas ordenhadas e da produ\u00e7\u00e3o de leite. A baixa oferta de leite no campo reduziu a capta\u00e7\u00e3o pelas ind\u00fastrias e impulsionou o pre\u00e7o do litro do produto pago ao produtor.<\/p>\n<p>Apesar dos custos de produ\u00e7\u00e3o em alta, os efetivos de galin\u00e1ceos e su\u00ednos apresentaram aumentos em rela\u00e7\u00e3o ao ano anterior, alcan\u00e7ando tamb\u00e9m o recorde na s\u00e9rie hist\u00f3rica do abate de frangos e su\u00ednos. As exporta\u00e7\u00f5es de carne dessas esp\u00e9cies tamb\u00e9m foram maiores que em 2015. A maior demanda por carne de frango e su\u00edna refletiu a op\u00e7\u00e3o do consumidor por prote\u00ednas de origem animal mais em conta comparada \u00e0 carne bovina.<\/p>\n<p><strong>Efetivos e produ\u00e7\u00e3o pecu\u00e1ria Bovinos<\/strong><\/p>\n<p>Em 2016, o efetivo brasileiro de bovinos foi de 218,23 milh\u00f5es de cabe\u00e7as, representando um aumento de 1,4% em compara\u00e7\u00e3o com o ano anterior.<\/p>\n<p>No Gr\u00e1fico 1, pode-se observar a varia\u00e7\u00e3o anual do efetivo de bovinos no per\u00edodo de 1985 a 2016. A \u00faltima queda ocorreu em 2012 (-0,7%), ano em que a agropecu\u00e1ria passou por cen\u00e1rio desfavor\u00e1vel, principalmente em fun\u00e7\u00e3o das varia\u00e7\u00f5es clim\u00e1ticas.<\/p>\n<p><a href=\"http:\/\/acrimat.org.br\/portal\/wp-content\/uploads\/2017\/10\/Captura-de-Tela-2017-09-29-\u00e0s-10.42.16.jpg\"><img fetchpriority=\"high\" decoding=\"async\" class=\"alignnone wp-image-97983841\" src=\"http:\/\/acrimat.org.br\/portal\/wp-content\/uploads\/2017\/10\/Captura-de-Tela-2017-09-29-\u00e0s-10.42.16-300x182.jpg\" alt=\"\" width=\"600\" height=\"364\" srcset=\"https:\/\/acrimat.org.br\/portal\/wp-content\/uploads\/2017\/10\/Captura-de-Tela-2017-09-29-\u00e0s-10.42.16-300x182.jpg 300w, https:\/\/acrimat.org.br\/portal\/wp-content\/uploads\/2017\/10\/Captura-de-Tela-2017-09-29-\u00e0s-10.42.16-768x465.jpg 768w, https:\/\/acrimat.org.br\/portal\/wp-content\/uploads\/2017\/10\/Captura-de-Tela-2017-09-29-\u00e0s-10.42.16-250x152.jpg 250w, https:\/\/acrimat.org.br\/portal\/wp-content\/uploads\/2017\/10\/Captura-de-Tela-2017-09-29-\u00e0s-10.42.16-550x333.jpg 550w, https:\/\/acrimat.org.br\/portal\/wp-content\/uploads\/2017\/10\/Captura-de-Tela-2017-09-29-\u00e0s-10.42.16-800x485.jpg 800w, https:\/\/acrimat.org.br\/portal\/wp-content\/uploads\/2017\/10\/Captura-de-Tela-2017-09-29-\u00e0s-10.42.16-297x180.jpg 297w, https:\/\/acrimat.org.br\/portal\/wp-content\/uploads\/2017\/10\/Captura-de-Tela-2017-09-29-\u00e0s-10.42.16-495x300.jpg 495w, https:\/\/acrimat.org.br\/portal\/wp-content\/uploads\/2017\/10\/Captura-de-Tela-2017-09-29-\u00e0s-10.42.16-825x500.jpg 825w, https:\/\/acrimat.org.br\/portal\/wp-content\/uploads\/2017\/10\/Captura-de-Tela-2017-09-29-\u00e0s-10.42.16.jpg 863w\" sizes=\"(max-width: 600px) 100vw, 600px\" \/><\/a><\/p>\n<p>O Centro-Oeste continuou a liderar o plantel de bovinos entre as Grandes Regi\u00f5es, com 34,4% do total nacional e crescimento de 3,3% em rela\u00e7\u00e3o ao ano anterior. A presen\u00e7a de \u00e1reas favor\u00e1veis \u00e0 cria\u00e7\u00e3o extensiva, aliada \u00e0 proximidade de grandes centros de produ\u00e7\u00e3o de gr\u00e3os e agroind\u00fastrias favorece tanto a cria\u00e7\u00e3o de animais a pasto, como a instala\u00e7\u00e3o de confinamentos orientados para o per\u00edodo de engorda dos animais. A instala\u00e7\u00e3o de frigor\u00edficos na regi\u00e3o facilita o escoamento da produ\u00e7\u00e3o de carne para outros estados e para a exporta\u00e7\u00e3o. O Cartograma 1 ilustra a rela\u00e7\u00e3o entre o efetivo e o abate de bovinos nas 27 Unidades da Federa\u00e7\u00e3o.<\/p>\n<p>A Regi\u00e3o Norte registrou 47,98 milh\u00f5es de cabe\u00e7as de gado, o segundo maior efetivo do Pa\u00eds, com varia\u00e7\u00e3o positiva de 1,7% em rela\u00e7\u00e3o a 2015. O Sudeste e o Sul apresentaram crescimentos no efetivo de, respectivamente, 0,8% e 0,5%, enquanto a Regi\u00e3o Nordeste foi a \u00fanica que sofreu redu\u00e7\u00e3o (2,1%).<\/p>\n<p>Mato Grosso foi o estado com o maior plantel bovino, abrigando 13,9% do total brasileiro. O estado registrou um somat\u00f3rio de 30,30 milh\u00f5es de cabe\u00e7as de gado, aumento de 3,2% em compara\u00e7\u00e3o com o ano anterior. Minas Gerais, Goi\u00e1s e Mato Grosso do Sul contribu\u00edram, nesta ordem, com 10,8%, 10,5% e 10,0% do efetivo nacional.<\/p>\n<p><a href=\"http:\/\/acrimat.org.br\/portal\/wp-content\/uploads\/2017\/10\/Captura-de-Tela-2017-09-29-\u00e0s-10.43.41.jpg\"><img decoding=\"async\" class=\"alignnone wp-image-97983842\" src=\"http:\/\/acrimat.org.br\/portal\/wp-content\/uploads\/2017\/10\/Captura-de-Tela-2017-09-29-\u00e0s-10.43.41-300x218.jpg\" alt=\"\" width=\"600\" height=\"436\" srcset=\"https:\/\/acrimat.org.br\/portal\/wp-content\/uploads\/2017\/10\/Captura-de-Tela-2017-09-29-\u00e0s-10.43.41-300x218.jpg 300w, https:\/\/acrimat.org.br\/portal\/wp-content\/uploads\/2017\/10\/Captura-de-Tela-2017-09-29-\u00e0s-10.43.41-768x558.jpg 768w, https:\/\/acrimat.org.br\/portal\/wp-content\/uploads\/2017\/10\/Captura-de-Tela-2017-09-29-\u00e0s-10.43.41-250x182.jpg 250w, https:\/\/acrimat.org.br\/portal\/wp-content\/uploads\/2017\/10\/Captura-de-Tela-2017-09-29-\u00e0s-10.43.41-550x400.jpg 550w, https:\/\/acrimat.org.br\/portal\/wp-content\/uploads\/2017\/10\/Captura-de-Tela-2017-09-29-\u00e0s-10.43.41-800x582.jpg 800w, https:\/\/acrimat.org.br\/portal\/wp-content\/uploads\/2017\/10\/Captura-de-Tela-2017-09-29-\u00e0s-10.43.41-248x180.jpg 248w, https:\/\/acrimat.org.br\/portal\/wp-content\/uploads\/2017\/10\/Captura-de-Tela-2017-09-29-\u00e0s-10.43.41-413x300.jpg 413w, https:\/\/acrimat.org.br\/portal\/wp-content\/uploads\/2017\/10\/Captura-de-Tela-2017-09-29-\u00e0s-10.43.41-688x500.jpg 688w, https:\/\/acrimat.org.br\/portal\/wp-content\/uploads\/2017\/10\/Captura-de-Tela-2017-09-29-\u00e0s-10.43.41.jpg 828w\" sizes=\"(max-width: 600px) 100vw, 600px\" \/><\/a><\/p>\n<p>Nos \u00faltimos anos, \u00e9 poss\u00edvel observar um deslocamento da produ\u00e7\u00e3o de bovinos para o Norte do Pa\u00eds, o que se deve, em parte, aos baixos pre\u00e7os das terras, disponibilidade h\u00eddrica, clima favor\u00e1vel e abertura de grandes plantas frigor\u00edficas. Em contrapartida, tem-se verificado estagna\u00e7\u00e3o da bovinocultura de corte nas Regi\u00f5es Sul e Sudeste, contribuindo para o deslocamento desta para as demais regi\u00f5es (Gr\u00e1fico 2).<\/p>\n<p><a href=\"http:\/\/acrimat.org.br\/portal\/wp-content\/uploads\/2017\/10\/Captura-de-Tela-2017-09-29-\u00e0s-10.44.20.jpg\"><img decoding=\"async\" class=\"alignnone wp-image-97983843\" src=\"http:\/\/acrimat.org.br\/portal\/wp-content\/uploads\/2017\/10\/Captura-de-Tela-2017-09-29-\u00e0s-10.44.20-300x198.jpg\" alt=\"\" width=\"600\" height=\"396\" srcset=\"https:\/\/acrimat.org.br\/portal\/wp-content\/uploads\/2017\/10\/Captura-de-Tela-2017-09-29-\u00e0s-10.44.20-300x198.jpg 300w, https:\/\/acrimat.org.br\/portal\/wp-content\/uploads\/2017\/10\/Captura-de-Tela-2017-09-29-\u00e0s-10.44.20-768x507.jpg 768w, https:\/\/acrimat.org.br\/portal\/wp-content\/uploads\/2017\/10\/Captura-de-Tela-2017-09-29-\u00e0s-10.44.20-250x165.jpg 250w, https:\/\/acrimat.org.br\/portal\/wp-content\/uploads\/2017\/10\/Captura-de-Tela-2017-09-29-\u00e0s-10.44.20-550x363.jpg 550w, https:\/\/acrimat.org.br\/portal\/wp-content\/uploads\/2017\/10\/Captura-de-Tela-2017-09-29-\u00e0s-10.44.20-800x528.jpg 800w, https:\/\/acrimat.org.br\/portal\/wp-content\/uploads\/2017\/10\/Captura-de-Tela-2017-09-29-\u00e0s-10.44.20-273x180.jpg 273w, https:\/\/acrimat.org.br\/portal\/wp-content\/uploads\/2017\/10\/Captura-de-Tela-2017-09-29-\u00e0s-10.44.20-454x300.jpg 454w, https:\/\/acrimat.org.br\/portal\/wp-content\/uploads\/2017\/10\/Captura-de-Tela-2017-09-29-\u00e0s-10.44.20-757x500.jpg 757w, https:\/\/acrimat.org.br\/portal\/wp-content\/uploads\/2017\/10\/Captura-de-Tela-2017-09-29-\u00e0s-10.44.20.jpg 848w\" sizes=\"(max-width: 600px) 100vw, 600px\" \/><\/a><\/p>\n<p>Em n\u00edvel municipal, os maiores efetivos estavam localizados em S\u00e3o F\u00e9lix do Xingu (PA), Corumb\u00e1 (MS), Ribas do Rio Pardo (MS), C\u00e1ceres (MT) e Marab\u00e1 (PA). Dentre os 20 munic\u00edpios com os maiores efetivos, 13 situavam-se no Centro-Oeste; seis no Norte; e um no Sul do Pa\u00eds. Em 2016, 5 531 munic\u00edpios apresentaram cria\u00e7\u00e3o de bovinos.<\/p>\n<p>Dados do Departamento de Agricultura dos Estados Unidos (United States Department of Agriculture \u2013 USDA) apontam o Brasil como o detentor do segundo maior efetivo de bovinos do mundo, sendo respons\u00e1vel por 22,2% do rebanho mundial, atr\u00e1s apenas da \u00cdndia. O Pa\u00eds foi tamb\u00e9m o segundo maior produtor de carne bovina, respons\u00e1vel por 15,4% da produ\u00e7\u00e3o global. Os Estados Unidos (maior produtor mundial), o Brasil e a Uni\u00e3o Europeia, juntos, representaram quase metade de toda a carne produzida no mundo em 2016.<\/p>\n<p>De acordo com o Minist\u00e9rio da Ind\u00fastria, Com\u00e9rcio Exterior e Servi\u00e7os, em 2016 as exporta\u00e7\u00f5es de carne bovina brasileira in natura somaram 1,08 milh\u00e3o de toneladas com um valor de R$ 4,35 bilh\u00f5es, representando queda de 0,1% em volume e 6,7% em faturamento.<\/p>\n<p><strong>Bubalinos<\/strong><\/p>\n<p>Em 2016, o efetivo brasileiro de bubalinos foi de 1,37 milh\u00e3o de cabe\u00e7as, se mantendo est\u00e1vel em rela\u00e7\u00e3o ao ano anterior.<\/p>\n<p>A Regi\u00e3o Norte concentrou 66,2% da cria\u00e7\u00e3o de b\u00fafalos nacional, enquanto o restante do efetivo ficou distribu\u00eddo entre as Regi\u00f5es Sudeste (12,7%), Nordeste (9,5%), Sul (7,4%) e Centro-Oeste (4,4%).<\/p>\n<p>O Par\u00e1 foi respons\u00e1vel por 37,9% de todo o efetivo do Pa\u00eds, seguido pelo Amap\u00e1 (21,6%), representando juntos 89,9% do rebanho da Regi\u00e3o Norte e 59,5% do rebanho nacional. Dos dez munic\u00edpios com os maiores efetivos, seis est\u00e3o no Par\u00e1 e quatro no Amap\u00e1.<\/p>\n<p>Em termos municipais, a primeira posi\u00e7\u00e3o ficou novamente com o Munic\u00edpio de Chaves (PA), com 160,85 mil animais, seguido por Cutias (AP) e Soure (PA). No total, 2 735 munic\u00edpios apresentaram cria\u00e7\u00e3o de bubalinos em 2016.<\/p>\n<p><span style=\"color: #0000ff;\"><a href=\"https:\/\/biblioteca.ibge.gov.br\/visualizacao\/periodicos\/84\/ppm_2016_v44_br.pdf\"><em>Confira o relat\u00f3rio completo do IBGE.<\/em><\/a><\/span><\/p>\n<p><strong><em>Fonte: IBGE.<\/em><\/strong><\/p>\n","protected":false},"excerpt":{"rendered":"<p>Efetivo de bovinos atingiu a marca recorde de 218,23 milh\u00f5es de cabe\u00e7as, por\u00e9m houve nova redu\u00e7\u00e3o no abate da esp\u00e9cie e queda nas exporta\u00e7\u00f5es<\/p>\n","protected":false},"author":11,"featured_media":97975778,"comment_status":"closed","ping_status":"closed","sticky":false,"template":"","format":"standard","meta":{"footnotes":""},"categories":[6,1],"tags":[],"class_list":["post-97983840","post","type-post","status-publish","format-standard","has-post-thumbnail","hentry","category-destaque","category-noticia"],"yoast_head":"<!-- This site is optimized with the Yoast SEO plugin v24.8.1 - https:\/\/yoast.com\/wordpress\/plugins\/seo\/ -->\n<title>IBGE: rebanho de bovinos tinha 218,23 milh\u00f5es de cabe\u00e7as em 2016 - Acrimat<\/title>\n<meta name=\"robots\" content=\"index, follow, max-snippet:-1, max-image-preview:large, max-video-preview:-1\" \/>\n<link rel=\"canonical\" href=\"https:\/\/acrimat.org.br\/portal\/ibge-rebanho-de-bovinos-tinha-21823-milhoes-de-cabecas-em-2016-2\/\" \/>\n<meta property=\"og:locale\" content=\"pt_BR\" \/>\n<meta property=\"og:type\" content=\"article\" \/>\n<meta property=\"og:title\" content=\"IBGE: rebanho de bovinos tinha 218,23 milh\u00f5es de cabe\u00e7as em 2016 - Acrimat\" \/>\n<meta property=\"og:description\" content=\"Efetivo de bovinos atingiu a marca recorde de 218,23 milh\u00f5es de cabe\u00e7as, por\u00e9m houve nova redu\u00e7\u00e3o no abate da esp\u00e9cie e queda nas exporta\u00e7\u00f5es\" \/>\n<meta property=\"og:url\" content=\"https:\/\/acrimat.org.br\/portal\/ibge-rebanho-de-bovinos-tinha-21823-milhoes-de-cabecas-em-2016-2\/\" \/>\n<meta property=\"og:site_name\" content=\"Acrimat\" \/>\n<meta property=\"article:published_time\" content=\"2017-10-02T12:51:25+00:00\" \/>\n<meta property=\"article:modified_time\" content=\"2017-10-02T12:54:15+00:00\" \/>\n<meta property=\"og:image\" content=\"https:\/\/acrimat.org.br\/portal\/wp-content\/uploads\/2016\/06\/gado-1-foto-assessoria-acrimat5.jpg\" \/>\n\t<meta property=\"og:image:width\" content=\"550\" \/>\n\t<meta property=\"og:image:height\" content=\"413\" \/>\n\t<meta property=\"og:image:type\" content=\"image\/jpeg\" \/>\n<meta name=\"author\" content=\"P\u00e9ricles C\u00e2ndido\" \/>\n<meta name=\"twitter:card\" content=\"summary_large_image\" \/>\n<meta name=\"twitter:label1\" content=\"Escrito por\" \/>\n\t<meta name=\"twitter:data1\" content=\"P\u00e9ricles C\u00e2ndido\" \/>\n\t<meta name=\"twitter:label2\" content=\"Est. tempo de leitura\" \/>\n\t<meta name=\"twitter:data2\" content=\"5 minutos\" \/>\n<script type=\"application\/ld+json\" class=\"yoast-schema-graph\">{\"@context\":\"https:\/\/schema.org\",\"@graph\":[{\"@type\":\"Article\",\"@id\":\"https:\/\/acrimat.org.br\/portal\/ibge-rebanho-de-bovinos-tinha-21823-milhoes-de-cabecas-em-2016-2\/#article\",\"isPartOf\":{\"@id\":\"https:\/\/acrimat.org.br\/portal\/ibge-rebanho-de-bovinos-tinha-21823-milhoes-de-cabecas-em-2016-2\/\"},\"author\":{\"name\":\"P\u00e9ricles C\u00e2ndido\",\"@id\":\"https:\/\/acrimat.org.br\/portal\/#\/schema\/person\/18df8bcf6890e924fe5d8b5afd2bec0f\"},\"headline\":\"IBGE: rebanho de bovinos tinha 218,23 milh\u00f5es de cabe\u00e7as em 2016\",\"datePublished\":\"2017-10-02T12:51:25+00:00\",\"dateModified\":\"2017-10-02T12:54:15+00:00\",\"mainEntityOfPage\":{\"@id\":\"https:\/\/acrimat.org.br\/portal\/ibge-rebanho-de-bovinos-tinha-21823-milhoes-de-cabecas-em-2016-2\/\"},\"wordCount\":970,\"publisher\":{\"@id\":\"https:\/\/acrimat.org.br\/portal\/#organization\"},\"image\":{\"@id\":\"https:\/\/acrimat.org.br\/portal\/ibge-rebanho-de-bovinos-tinha-21823-milhoes-de-cabecas-em-2016-2\/#primaryimage\"},\"thumbnailUrl\":\"https:\/\/acrimat.org.br\/portal\/wp-content\/uploads\/2016\/06\/gado-1-foto-assessoria-acrimat5.jpg\",\"articleSection\":[\"Destaques\",\"Not\u00edcias\"],\"inLanguage\":\"pt-BR\"},{\"@type\":\"WebPage\",\"@id\":\"https:\/\/acrimat.org.br\/portal\/ibge-rebanho-de-bovinos-tinha-21823-milhoes-de-cabecas-em-2016-2\/\",\"url\":\"https:\/\/acrimat.org.br\/portal\/ibge-rebanho-de-bovinos-tinha-21823-milhoes-de-cabecas-em-2016-2\/\",\"name\":\"IBGE: rebanho de bovinos tinha 218,23 milh\u00f5es de cabe\u00e7as em 2016 - Acrimat\",\"isPartOf\":{\"@id\":\"https:\/\/acrimat.org.br\/portal\/#website\"},\"primaryImageOfPage\":{\"@id\":\"https:\/\/acrimat.org.br\/portal\/ibge-rebanho-de-bovinos-tinha-21823-milhoes-de-cabecas-em-2016-2\/#primaryimage\"},\"image\":{\"@id\":\"https:\/\/acrimat.org.br\/portal\/ibge-rebanho-de-bovinos-tinha-21823-milhoes-de-cabecas-em-2016-2\/#primaryimage\"},\"thumbnailUrl\":\"https:\/\/acrimat.org.br\/portal\/wp-content\/uploads\/2016\/06\/gado-1-foto-assessoria-acrimat5.jpg\",\"datePublished\":\"2017-10-02T12:51:25+00:00\",\"dateModified\":\"2017-10-02T12:54:15+00:00\",\"breadcrumb\":{\"@id\":\"https:\/\/acrimat.org.br\/portal\/ibge-rebanho-de-bovinos-tinha-21823-milhoes-de-cabecas-em-2016-2\/#breadcrumb\"},\"inLanguage\":\"pt-BR\",\"potentialAction\":[{\"@type\":\"ReadAction\",\"target\":[\"https:\/\/acrimat.org.br\/portal\/ibge-rebanho-de-bovinos-tinha-21823-milhoes-de-cabecas-em-2016-2\/\"]}]},{\"@type\":\"ImageObject\",\"inLanguage\":\"pt-BR\",\"@id\":\"https:\/\/acrimat.org.br\/portal\/ibge-rebanho-de-bovinos-tinha-21823-milhoes-de-cabecas-em-2016-2\/#primaryimage\",\"url\":\"https:\/\/acrimat.org.br\/portal\/wp-content\/uploads\/2016\/06\/gado-1-foto-assessoria-acrimat5.jpg\",\"contentUrl\":\"https:\/\/acrimat.org.br\/portal\/wp-content\/uploads\/2016\/06\/gado-1-foto-assessoria-acrimat5.jpg\",\"width\":550,\"height\":413},{\"@type\":\"BreadcrumbList\",\"@id\":\"https:\/\/acrimat.org.br\/portal\/ibge-rebanho-de-bovinos-tinha-21823-milhoes-de-cabecas-em-2016-2\/#breadcrumb\",\"itemListElement\":[{\"@type\":\"ListItem\",\"position\":1,\"name\":\"In\u00edcio\",\"item\":\"https:\/\/acrimat.org.br\/portal\/\"},{\"@type\":\"ListItem\",\"position\":2,\"name\":\"IBGE: rebanho de bovinos tinha 218,23 milh\u00f5es de cabe\u00e7as em 2016\"}]},{\"@type\":\"WebSite\",\"@id\":\"https:\/\/acrimat.org.br\/portal\/#website\",\"url\":\"https:\/\/acrimat.org.br\/portal\/\",\"name\":\"Acrimat\",\"description\":\"Associa\u00e7\u00e3o dos Criadores de Mato Grosso\",\"publisher\":{\"@id\":\"https:\/\/acrimat.org.br\/portal\/#organization\"},\"potentialAction\":[{\"@type\":\"SearchAction\",\"target\":{\"@type\":\"EntryPoint\",\"urlTemplate\":\"https:\/\/acrimat.org.br\/portal\/?s={search_term_string}\"},\"query-input\":{\"@type\":\"PropertyValueSpecification\",\"valueRequired\":true,\"valueName\":\"search_term_string\"}}],\"inLanguage\":\"pt-BR\"},{\"@type\":\"Organization\",\"@id\":\"https:\/\/acrimat.org.br\/portal\/#organization\",\"name\":\"Associa\u00e7\u00e3o dos Criadores de Mato Grosso\",\"url\":\"https:\/\/acrimat.org.br\/portal\/\",\"logo\":{\"@type\":\"ImageObject\",\"inLanguage\":\"pt-BR\",\"@id\":\"https:\/\/acrimat.org.br\/portal\/#\/schema\/logo\/image\/\",\"url\":\"https:\/\/acrimat.org.br\/portal\/wp-content\/uploads\/2018\/03\/logo-peq-original.png\",\"contentUrl\":\"https:\/\/acrimat.org.br\/portal\/wp-content\/uploads\/2018\/03\/logo-peq-original.png\",\"width\":174,\"height\":171,\"caption\":\"Associa\u00e7\u00e3o dos Criadores de Mato Grosso\"},\"image\":{\"@id\":\"https:\/\/acrimat.org.br\/portal\/#\/schema\/logo\/image\/\"}},{\"@type\":\"Person\",\"@id\":\"https:\/\/acrimat.org.br\/portal\/#\/schema\/person\/18df8bcf6890e924fe5d8b5afd2bec0f\",\"name\":\"P\u00e9ricles C\u00e2ndido\",\"image\":{\"@type\":\"ImageObject\",\"inLanguage\":\"pt-BR\",\"@id\":\"https:\/\/acrimat.org.br\/portal\/#\/schema\/person\/image\/\",\"url\":\"https:\/\/secure.gravatar.com\/avatar\/33e2a2b971dc363ed2df53d0d3bfbd18?s=96&d=mm&r=g\",\"contentUrl\":\"https:\/\/secure.gravatar.com\/avatar\/33e2a2b971dc363ed2df53d0d3bfbd18?s=96&d=mm&r=g\",\"caption\":\"P\u00e9ricles C\u00e2ndido\"},\"sameAs\":[\"ascom@acrimat.org.br\"],\"url\":\"https:\/\/acrimat.org.br\/portal\/author\/designergrafico\/\"}]}<\/script>\n<!-- \/ Yoast SEO plugin. -->","yoast_head_json":{"title":"IBGE: rebanho de bovinos tinha 218,23 milh\u00f5es de cabe\u00e7as em 2016 - Acrimat","robots":{"index":"index","follow":"follow","max-snippet":"max-snippet:-1","max-image-preview":"max-image-preview:large","max-video-preview":"max-video-preview:-1"},"canonical":"https:\/\/acrimat.org.br\/portal\/ibge-rebanho-de-bovinos-tinha-21823-milhoes-de-cabecas-em-2016-2\/","og_locale":"pt_BR","og_type":"article","og_title":"IBGE: rebanho de bovinos tinha 218,23 milh\u00f5es de cabe\u00e7as em 2016 - Acrimat","og_description":"Efetivo de bovinos atingiu a marca recorde de 218,23 milh\u00f5es de cabe\u00e7as, por\u00e9m houve nova redu\u00e7\u00e3o no abate da esp\u00e9cie e queda nas exporta\u00e7\u00f5es","og_url":"https:\/\/acrimat.org.br\/portal\/ibge-rebanho-de-bovinos-tinha-21823-milhoes-de-cabecas-em-2016-2\/","og_site_name":"Acrimat","article_published_time":"2017-10-02T12:51:25+00:00","article_modified_time":"2017-10-02T12:54:15+00:00","og_image":[{"width":550,"height":413,"url":"https:\/\/acrimat.org.br\/portal\/wp-content\/uploads\/2016\/06\/gado-1-foto-assessoria-acrimat5.jpg","type":"image\/jpeg"}],"author":"P\u00e9ricles C\u00e2ndido","twitter_card":"summary_large_image","twitter_misc":{"Escrito por":"P\u00e9ricles C\u00e2ndido","Est. tempo de leitura":"5 minutos"},"schema":{"@context":"https:\/\/schema.org","@graph":[{"@type":"Article","@id":"https:\/\/acrimat.org.br\/portal\/ibge-rebanho-de-bovinos-tinha-21823-milhoes-de-cabecas-em-2016-2\/#article","isPartOf":{"@id":"https:\/\/acrimat.org.br\/portal\/ibge-rebanho-de-bovinos-tinha-21823-milhoes-de-cabecas-em-2016-2\/"},"author":{"name":"P\u00e9ricles C\u00e2ndido","@id":"https:\/\/acrimat.org.br\/portal\/#\/schema\/person\/18df8bcf6890e924fe5d8b5afd2bec0f"},"headline":"IBGE: rebanho de bovinos tinha 218,23 milh\u00f5es de cabe\u00e7as em 2016","datePublished":"2017-10-02T12:51:25+00:00","dateModified":"2017-10-02T12:54:15+00:00","mainEntityOfPage":{"@id":"https:\/\/acrimat.org.br\/portal\/ibge-rebanho-de-bovinos-tinha-21823-milhoes-de-cabecas-em-2016-2\/"},"wordCount":970,"publisher":{"@id":"https:\/\/acrimat.org.br\/portal\/#organization"},"image":{"@id":"https:\/\/acrimat.org.br\/portal\/ibge-rebanho-de-bovinos-tinha-21823-milhoes-de-cabecas-em-2016-2\/#primaryimage"},"thumbnailUrl":"https:\/\/acrimat.org.br\/portal\/wp-content\/uploads\/2016\/06\/gado-1-foto-assessoria-acrimat5.jpg","articleSection":["Destaques","Not\u00edcias"],"inLanguage":"pt-BR"},{"@type":"WebPage","@id":"https:\/\/acrimat.org.br\/portal\/ibge-rebanho-de-bovinos-tinha-21823-milhoes-de-cabecas-em-2016-2\/","url":"https:\/\/acrimat.org.br\/portal\/ibge-rebanho-de-bovinos-tinha-21823-milhoes-de-cabecas-em-2016-2\/","name":"IBGE: rebanho de bovinos tinha 218,23 milh\u00f5es de cabe\u00e7as em 2016 - Acrimat","isPartOf":{"@id":"https:\/\/acrimat.org.br\/portal\/#website"},"primaryImageOfPage":{"@id":"https:\/\/acrimat.org.br\/portal\/ibge-rebanho-de-bovinos-tinha-21823-milhoes-de-cabecas-em-2016-2\/#primaryimage"},"image":{"@id":"https:\/\/acrimat.org.br\/portal\/ibge-rebanho-de-bovinos-tinha-21823-milhoes-de-cabecas-em-2016-2\/#primaryimage"},"thumbnailUrl":"https:\/\/acrimat.org.br\/portal\/wp-content\/uploads\/2016\/06\/gado-1-foto-assessoria-acrimat5.jpg","datePublished":"2017-10-02T12:51:25+00:00","dateModified":"2017-10-02T12:54:15+00:00","breadcrumb":{"@id":"https:\/\/acrimat.org.br\/portal\/ibge-rebanho-de-bovinos-tinha-21823-milhoes-de-cabecas-em-2016-2\/#breadcrumb"},"inLanguage":"pt-BR","potentialAction":[{"@type":"ReadAction","target":["https:\/\/acrimat.org.br\/portal\/ibge-rebanho-de-bovinos-tinha-21823-milhoes-de-cabecas-em-2016-2\/"]}]},{"@type":"ImageObject","inLanguage":"pt-BR","@id":"https:\/\/acrimat.org.br\/portal\/ibge-rebanho-de-bovinos-tinha-21823-milhoes-de-cabecas-em-2016-2\/#primaryimage","url":"https:\/\/acrimat.org.br\/portal\/wp-content\/uploads\/2016\/06\/gado-1-foto-assessoria-acrimat5.jpg","contentUrl":"https:\/\/acrimat.org.br\/portal\/wp-content\/uploads\/2016\/06\/gado-1-foto-assessoria-acrimat5.jpg","width":550,"height":413},{"@type":"BreadcrumbList","@id":"https:\/\/acrimat.org.br\/portal\/ibge-rebanho-de-bovinos-tinha-21823-milhoes-de-cabecas-em-2016-2\/#breadcrumb","itemListElement":[{"@type":"ListItem","position":1,"name":"In\u00edcio","item":"https:\/\/acrimat.org.br\/portal\/"},{"@type":"ListItem","position":2,"name":"IBGE: rebanho de bovinos tinha 218,23 milh\u00f5es de cabe\u00e7as em 2016"}]},{"@type":"WebSite","@id":"https:\/\/acrimat.org.br\/portal\/#website","url":"https:\/\/acrimat.org.br\/portal\/","name":"Acrimat","description":"Associa\u00e7\u00e3o dos Criadores de Mato Grosso","publisher":{"@id":"https:\/\/acrimat.org.br\/portal\/#organization"},"potentialAction":[{"@type":"SearchAction","target":{"@type":"EntryPoint","urlTemplate":"https:\/\/acrimat.org.br\/portal\/?s={search_term_string}"},"query-input":{"@type":"PropertyValueSpecification","valueRequired":true,"valueName":"search_term_string"}}],"inLanguage":"pt-BR"},{"@type":"Organization","@id":"https:\/\/acrimat.org.br\/portal\/#organization","name":"Associa\u00e7\u00e3o dos Criadores de Mato Grosso","url":"https:\/\/acrimat.org.br\/portal\/","logo":{"@type":"ImageObject","inLanguage":"pt-BR","@id":"https:\/\/acrimat.org.br\/portal\/#\/schema\/logo\/image\/","url":"https:\/\/acrimat.org.br\/portal\/wp-content\/uploads\/2018\/03\/logo-peq-original.png","contentUrl":"https:\/\/acrimat.org.br\/portal\/wp-content\/uploads\/2018\/03\/logo-peq-original.png","width":174,"height":171,"caption":"Associa\u00e7\u00e3o dos Criadores de Mato Grosso"},"image":{"@id":"https:\/\/acrimat.org.br\/portal\/#\/schema\/logo\/image\/"}},{"@type":"Person","@id":"https:\/\/acrimat.org.br\/portal\/#\/schema\/person\/18df8bcf6890e924fe5d8b5afd2bec0f","name":"P\u00e9ricles C\u00e2ndido","image":{"@type":"ImageObject","inLanguage":"pt-BR","@id":"https:\/\/acrimat.org.br\/portal\/#\/schema\/person\/image\/","url":"https:\/\/secure.gravatar.com\/avatar\/33e2a2b971dc363ed2df53d0d3bfbd18?s=96&d=mm&r=g","contentUrl":"https:\/\/secure.gravatar.com\/avatar\/33e2a2b971dc363ed2df53d0d3bfbd18?s=96&d=mm&r=g","caption":"P\u00e9ricles C\u00e2ndido"},"sameAs":["ascom@acrimat.org.br"],"url":"https:\/\/acrimat.org.br\/portal\/author\/designergrafico\/"}]}},"_links":{"self":[{"href":"https:\/\/acrimat.org.br\/portal\/wp-json\/wp\/v2\/posts\/97983840","targetHints":{"allow":["GET"]}}],"collection":[{"href":"https:\/\/acrimat.org.br\/portal\/wp-json\/wp\/v2\/posts"}],"about":[{"href":"https:\/\/acrimat.org.br\/portal\/wp-json\/wp\/v2\/types\/post"}],"author":[{"embeddable":true,"href":"https:\/\/acrimat.org.br\/portal\/wp-json\/wp\/v2\/users\/11"}],"replies":[{"embeddable":true,"href":"https:\/\/acrimat.org.br\/portal\/wp-json\/wp\/v2\/comments?post=97983840"}],"version-history":[{"count":4,"href":"https:\/\/acrimat.org.br\/portal\/wp-json\/wp\/v2\/posts\/97983840\/revisions"}],"predecessor-version":[{"id":97983850,"href":"https:\/\/acrimat.org.br\/portal\/wp-json\/wp\/v2\/posts\/97983840\/revisions\/97983850"}],"wp:featuredmedia":[{"embeddable":true,"href":"https:\/\/acrimat.org.br\/portal\/wp-json\/wp\/v2\/media\/97975778"}],"wp:attachment":[{"href":"https:\/\/acrimat.org.br\/portal\/wp-json\/wp\/v2\/media?parent=97983840"}],"wp:term":[{"taxonomy":"category","embeddable":true,"href":"https:\/\/acrimat.org.br\/portal\/wp-json\/wp\/v2\/categories?post=97983840"},{"taxonomy":"post_tag","embeddable":true,"href":"https:\/\/acrimat.org.br\/portal\/wp-json\/wp\/v2\/tags?post=97983840"}],"curies":[{"name":"wp","href":"https:\/\/api.w.org\/{rel}","templated":true}]}}