{"id":97983846,"date":"2017-10-02T09:52:35","date_gmt":"2017-10-02T12:52:35","guid":{"rendered":"http:\/\/acrimat.org.br\/portal\/?p=97983846"},"modified":"2017-10-02T09:56:00","modified_gmt":"2017-10-02T12:56:00","slug":"periodo-proibitivo-de-queimadas-e-prorrogado-ate-o-dia-15-de-outubro","status":"publish","type":"post","link":"https:\/\/acrimat.org.br\/portal\/periodo-proibitivo-de-queimadas-e-prorrogado-ate-o-dia-15-de-outubro\/","title":{"rendered":"Per\u00edodo proibitivo de queimadas \u00e9 prorrogado at\u00e9 o dia 15 de outubro"},"content":{"rendered":"<div id=\"attachment_97983847\" style=\"width: 310px\" class=\"wp-caption alignright\"><a href=\"http:\/\/acrimat.org.br\/portal\/wp-content\/uploads\/2017\/10\/Queimada-na-aldeia-tadarimana-queimada-06-09-17-567x340.jpg\"><img fetchpriority=\"high\" decoding=\"async\" aria-describedby=\"caption-attachment-97983847\" class=\"size-medium wp-image-97983847\" src=\"http:\/\/acrimat.org.br\/portal\/wp-content\/uploads\/2017\/10\/Queimada-na-aldeia-tadarimana-queimada-06-09-17-567x340-300x180.jpg\" alt=\"\" width=\"300\" height=\"180\" srcset=\"https:\/\/acrimat.org.br\/portal\/wp-content\/uploads\/2017\/10\/Queimada-na-aldeia-tadarimana-queimada-06-09-17-567x340-300x180.jpg 300w, https:\/\/acrimat.org.br\/portal\/wp-content\/uploads\/2017\/10\/Queimada-na-aldeia-tadarimana-queimada-06-09-17-567x340-250x150.jpg 250w, https:\/\/acrimat.org.br\/portal\/wp-content\/uploads\/2017\/10\/Queimada-na-aldeia-tadarimana-queimada-06-09-17-567x340-550x330.jpg 550w, https:\/\/acrimat.org.br\/portal\/wp-content\/uploads\/2017\/10\/Queimada-na-aldeia-tadarimana-queimada-06-09-17-567x340-500x300.jpg 500w, https:\/\/acrimat.org.br\/portal\/wp-content\/uploads\/2017\/10\/Queimada-na-aldeia-tadarimana-queimada-06-09-17-567x340.jpg 567w\" sizes=\"(max-width: 300px) 100vw, 300px\" \/><\/a><p id=\"caption-attachment-97983847\" class=\"wp-caption-text\">Foto: Arquivo\/18\u00ba GAC<\/p><\/div>\n<p>A Secret\u00e1ria de Estado de Meio Ambiente (Sema) vai prorrogar o per\u00edodo proibitivo de queimadas, segundo a Federa\u00e7\u00e3o da Agricultura e Pecu\u00e1ria de Mato Grosso (Famato). A proibi\u00e7\u00e3o que iniciou no dia 15 de julho, por meio do Decreto 1.092, terminaria neste s\u00e1bado (30\/09). O novo decreto ser\u00e1 publicado estendendo a proibi\u00e7\u00e3o at\u00e9 o dia 15 de outubro.<\/p>\n<p>A Sema levou em considera\u00e7\u00e3o a escassez de chuva e a baixa umidade relativa do ar em grande parte dos 141 munic\u00edpios do estado.<\/p>\n<p>A Famato orienta os produtores a ficarem atentos ao novo prazo e tomar medidas necess\u00e1rias para prevenir inc\u00eandios florestais. \u201cN\u00f3s orientamos aos produtores rurais que adotem t\u00e9cnicas de preven\u00e7\u00e3o, como a constru\u00e7\u00e3o de aceiros, a\u00e7udes e cortinas de seguran\u00e7a, essa \u00e9 a melhor forma de impedir que inc\u00eandios aconte\u00e7am\u201d, disse a gestora do N\u00facleo T\u00e9cnico da Famato Luc\u00e9lia Avi.<\/p>\n<p>Durante o per\u00edodo proibitivo, utilizar o fogo para limpeza e manejo nas \u00e1reas rurais \u00e9 crime pass\u00edvel de seis meses a quatro anos de pris\u00e3o, com autua\u00e7\u00f5es que podem variar entre R$ 7,5 mil a R$ 1 mil (pastagem e agricultura) por hectare. Nas \u00e1reas urbanas o uso do fogo para limpeza do quintal \u00e9 crime o ano inteiro.<\/p>\n","protected":false},"excerpt":{"rendered":"<p>A Sema levou em considera\u00e7\u00e3o a escassez de chuva e a baixa umidade relativa do ar em grande parte dos 141 munic\u00edpios do estado<\/p>\n","protected":false},"author":11,"featured_media":97983847,"comment_status":"closed","ping_status":"closed","sticky":false,"template":"","format":"standard","meta":{"footnotes":""},"categories":[6,1],"tags":[],"class_list":["post-97983846","post","type-post","status-publish","format-standard","has-post-thumbnail","hentry","category-destaque","category-noticia"],"yoast_head":"<!-- This site is optimized with the Yoast SEO plugin v24.8.1 - https:\/\/yoast.com\/wordpress\/plugins\/seo\/ -->\n<title>Per\u00edodo proibitivo de queimadas \u00e9 prorrogado at\u00e9 o dia 15 de outubro - Acrimat<\/title>\n<meta name=\"robots\" content=\"index, follow, max-snippet:-1, max-image-preview:large, max-video-preview:-1\" \/>\n<link rel=\"canonical\" href=\"https:\/\/acrimat.org.br\/portal\/periodo-proibitivo-de-queimadas-e-prorrogado-ate-o-dia-15-de-outubro\/\" \/>\n<meta property=\"og:locale\" content=\"pt_BR\" \/>\n<meta property=\"og:type\" content=\"article\" \/>\n<meta property=\"og:title\" content=\"Per\u00edodo proibitivo de queimadas \u00e9 prorrogado at\u00e9 o dia 15 de outubro - Acrimat\" \/>\n<meta property=\"og:description\" content=\"A Sema levou em considera\u00e7\u00e3o a escassez de chuva e a baixa umidade relativa do ar em grande parte dos 141 munic\u00edpios do estado\" \/>\n<meta property=\"og:url\" content=\"https:\/\/acrimat.org.br\/portal\/periodo-proibitivo-de-queimadas-e-prorrogado-ate-o-dia-15-de-outubro\/\" \/>\n<meta property=\"og:site_name\" content=\"Acrimat\" \/>\n<meta property=\"article:published_time\" content=\"2017-10-02T12:52:35+00:00\" \/>\n<meta property=\"article:modified_time\" content=\"2017-10-02T12:56:00+00:00\" \/>\n<meta property=\"og:image\" content=\"https:\/\/acrimat.org.br\/portal\/wp-content\/uploads\/2017\/10\/Queimada-na-aldeia-tadarimana-queimada-06-09-17-567x340.jpg\" \/>\n\t<meta property=\"og:image:width\" content=\"567\" \/>\n\t<meta property=\"og:image:height\" content=\"340\" \/>\n\t<meta property=\"og:image:type\" content=\"image\/jpeg\" \/>\n<meta name=\"author\" content=\"P\u00e9ricles C\u00e2ndido\" \/>\n<meta name=\"twitter:card\" content=\"summary_large_image\" \/>\n<meta name=\"twitter:label1\" content=\"Escrito por\" \/>\n\t<meta name=\"twitter:data1\" content=\"P\u00e9ricles C\u00e2ndido\" \/>\n\t<meta name=\"twitter:label2\" content=\"Est. tempo de leitura\" \/>\n\t<meta name=\"twitter:data2\" content=\"1 minuto\" \/>\n<script type=\"application\/ld+json\" class=\"yoast-schema-graph\">{\"@context\":\"https:\/\/schema.org\",\"@graph\":[{\"@type\":\"Article\",\"@id\":\"https:\/\/acrimat.org.br\/portal\/periodo-proibitivo-de-queimadas-e-prorrogado-ate-o-dia-15-de-outubro\/#article\",\"isPartOf\":{\"@id\":\"https:\/\/acrimat.org.br\/portal\/periodo-proibitivo-de-queimadas-e-prorrogado-ate-o-dia-15-de-outubro\/\"},\"author\":{\"name\":\"P\u00e9ricles C\u00e2ndido\",\"@id\":\"https:\/\/acrimat.org.br\/portal\/#\/schema\/person\/18df8bcf6890e924fe5d8b5afd2bec0f\"},\"headline\":\"Per\u00edodo proibitivo de queimadas \u00e9 prorrogado at\u00e9 o dia 15 de outubro\",\"datePublished\":\"2017-10-02T12:52:35+00:00\",\"dateModified\":\"2017-10-02T12:56:00+00:00\",\"mainEntityOfPage\":{\"@id\":\"https:\/\/acrimat.org.br\/portal\/periodo-proibitivo-de-queimadas-e-prorrogado-ate-o-dia-15-de-outubro\/\"},\"wordCount\":237,\"publisher\":{\"@id\":\"https:\/\/acrimat.org.br\/portal\/#organization\"},\"image\":{\"@id\":\"https:\/\/acrimat.org.br\/portal\/periodo-proibitivo-de-queimadas-e-prorrogado-ate-o-dia-15-de-outubro\/#primaryimage\"},\"thumbnailUrl\":\"https:\/\/acrimat.org.br\/portal\/wp-content\/uploads\/2017\/10\/Queimada-na-aldeia-tadarimana-queimada-06-09-17-567x340.jpg\",\"articleSection\":[\"Destaques\",\"Not\u00edcias\"],\"inLanguage\":\"pt-BR\"},{\"@type\":\"WebPage\",\"@id\":\"https:\/\/acrimat.org.br\/portal\/periodo-proibitivo-de-queimadas-e-prorrogado-ate-o-dia-15-de-outubro\/\",\"url\":\"https:\/\/acrimat.org.br\/portal\/periodo-proibitivo-de-queimadas-e-prorrogado-ate-o-dia-15-de-outubro\/\",\"name\":\"Per\u00edodo proibitivo de queimadas \u00e9 prorrogado at\u00e9 o dia 15 de outubro - Acrimat\",\"isPartOf\":{\"@id\":\"https:\/\/acrimat.org.br\/portal\/#website\"},\"primaryImageOfPage\":{\"@id\":\"https:\/\/acrimat.org.br\/portal\/periodo-proibitivo-de-queimadas-e-prorrogado-ate-o-dia-15-de-outubro\/#primaryimage\"},\"image\":{\"@id\":\"https:\/\/acrimat.org.br\/portal\/periodo-proibitivo-de-queimadas-e-prorrogado-ate-o-dia-15-de-outubro\/#primaryimage\"},\"thumbnailUrl\":\"https:\/\/acrimat.org.br\/portal\/wp-content\/uploads\/2017\/10\/Queimada-na-aldeia-tadarimana-queimada-06-09-17-567x340.jpg\",\"datePublished\":\"2017-10-02T12:52:35+00:00\",\"dateModified\":\"2017-10-02T12:56:00+00:00\",\"breadcrumb\":{\"@id\":\"https:\/\/acrimat.org.br\/portal\/periodo-proibitivo-de-queimadas-e-prorrogado-ate-o-dia-15-de-outubro\/#breadcrumb\"},\"inLanguage\":\"pt-BR\",\"potentialAction\":[{\"@type\":\"ReadAction\",\"target\":[\"https:\/\/acrimat.org.br\/portal\/periodo-proibitivo-de-queimadas-e-prorrogado-ate-o-dia-15-de-outubro\/\"]}]},{\"@type\":\"ImageObject\",\"inLanguage\":\"pt-BR\",\"@id\":\"https:\/\/acrimat.org.br\/portal\/periodo-proibitivo-de-queimadas-e-prorrogado-ate-o-dia-15-de-outubro\/#primaryimage\",\"url\":\"https:\/\/acrimat.org.br\/portal\/wp-content\/uploads\/2017\/10\/Queimada-na-aldeia-tadarimana-queimada-06-09-17-567x340.jpg\",\"contentUrl\":\"https:\/\/acrimat.org.br\/portal\/wp-content\/uploads\/2017\/10\/Queimada-na-aldeia-tadarimana-queimada-06-09-17-567x340.jpg\",\"width\":567,\"height\":340,\"caption\":\"Foto: Arquivo\/18\u00ba GAC\"},{\"@type\":\"BreadcrumbList\",\"@id\":\"https:\/\/acrimat.org.br\/portal\/periodo-proibitivo-de-queimadas-e-prorrogado-ate-o-dia-15-de-outubro\/#breadcrumb\",\"itemListElement\":[{\"@type\":\"ListItem\",\"position\":1,\"name\":\"In\u00edcio\",\"item\":\"https:\/\/acrimat.org.br\/portal\/\"},{\"@type\":\"ListItem\",\"position\":2,\"name\":\"Per\u00edodo proibitivo de queimadas \u00e9 prorrogado at\u00e9 o dia 15 de outubro\"}]},{\"@type\":\"WebSite\",\"@id\":\"https:\/\/acrimat.org.br\/portal\/#website\",\"url\":\"https:\/\/acrimat.org.br\/portal\/\",\"name\":\"Acrimat\",\"description\":\"Associa\u00e7\u00e3o dos Criadores de Mato Grosso\",\"publisher\":{\"@id\":\"https:\/\/acrimat.org.br\/portal\/#organization\"},\"potentialAction\":[{\"@type\":\"SearchAction\",\"target\":{\"@type\":\"EntryPoint\",\"urlTemplate\":\"https:\/\/acrimat.org.br\/portal\/?s={search_term_string}\"},\"query-input\":{\"@type\":\"PropertyValueSpecification\",\"valueRequired\":true,\"valueName\":\"search_term_string\"}}],\"inLanguage\":\"pt-BR\"},{\"@type\":\"Organization\",\"@id\":\"https:\/\/acrimat.org.br\/portal\/#organization\",\"name\":\"Associa\u00e7\u00e3o dos Criadores de Mato Grosso\",\"url\":\"https:\/\/acrimat.org.br\/portal\/\",\"logo\":{\"@type\":\"ImageObject\",\"inLanguage\":\"pt-BR\",\"@id\":\"https:\/\/acrimat.org.br\/portal\/#\/schema\/logo\/image\/\",\"url\":\"https:\/\/acrimat.org.br\/portal\/wp-content\/uploads\/2018\/03\/logo-peq-original.png\",\"contentUrl\":\"https:\/\/acrimat.org.br\/portal\/wp-content\/uploads\/2018\/03\/logo-peq-original.png\",\"width\":174,\"height\":171,\"caption\":\"Associa\u00e7\u00e3o dos Criadores de Mato Grosso\"},\"image\":{\"@id\":\"https:\/\/acrimat.org.br\/portal\/#\/schema\/logo\/image\/\"}},{\"@type\":\"Person\",\"@id\":\"https:\/\/acrimat.org.br\/portal\/#\/schema\/person\/18df8bcf6890e924fe5d8b5afd2bec0f\",\"name\":\"P\u00e9ricles C\u00e2ndido\",\"image\":{\"@type\":\"ImageObject\",\"inLanguage\":\"pt-BR\",\"@id\":\"https:\/\/acrimat.org.br\/portal\/#\/schema\/person\/image\/\",\"url\":\"https:\/\/secure.gravatar.com\/avatar\/33e2a2b971dc363ed2df53d0d3bfbd18?s=96&d=mm&r=g\",\"contentUrl\":\"https:\/\/secure.gravatar.com\/avatar\/33e2a2b971dc363ed2df53d0d3bfbd18?s=96&d=mm&r=g\",\"caption\":\"P\u00e9ricles C\u00e2ndido\"},\"sameAs\":[\"ascom@acrimat.org.br\"],\"url\":\"https:\/\/acrimat.org.br\/portal\/author\/designergrafico\/\"}]}<\/script>\n<!-- \/ Yoast SEO plugin. -->","yoast_head_json":{"title":"Per\u00edodo proibitivo de queimadas \u00e9 prorrogado at\u00e9 o dia 15 de outubro - Acrimat","robots":{"index":"index","follow":"follow","max-snippet":"max-snippet:-1","max-image-preview":"max-image-preview:large","max-video-preview":"max-video-preview:-1"},"canonical":"https:\/\/acrimat.org.br\/portal\/periodo-proibitivo-de-queimadas-e-prorrogado-ate-o-dia-15-de-outubro\/","og_locale":"pt_BR","og_type":"article","og_title":"Per\u00edodo proibitivo de queimadas \u00e9 prorrogado at\u00e9 o dia 15 de outubro - Acrimat","og_description":"A Sema levou em considera\u00e7\u00e3o a escassez de chuva e a baixa umidade relativa do ar em grande parte dos 141 munic\u00edpios do estado","og_url":"https:\/\/acrimat.org.br\/portal\/periodo-proibitivo-de-queimadas-e-prorrogado-ate-o-dia-15-de-outubro\/","og_site_name":"Acrimat","article_published_time":"2017-10-02T12:52:35+00:00","article_modified_time":"2017-10-02T12:56:00+00:00","og_image":[{"width":567,"height":340,"url":"https:\/\/acrimat.org.br\/portal\/wp-content\/uploads\/2017\/10\/Queimada-na-aldeia-tadarimana-queimada-06-09-17-567x340.jpg","type":"image\/jpeg"}],"author":"P\u00e9ricles C\u00e2ndido","twitter_card":"summary_large_image","twitter_misc":{"Escrito por":"P\u00e9ricles C\u00e2ndido","Est. tempo de leitura":"1 minuto"},"schema":{"@context":"https:\/\/schema.org","@graph":[{"@type":"Article","@id":"https:\/\/acrimat.org.br\/portal\/periodo-proibitivo-de-queimadas-e-prorrogado-ate-o-dia-15-de-outubro\/#article","isPartOf":{"@id":"https:\/\/acrimat.org.br\/portal\/periodo-proibitivo-de-queimadas-e-prorrogado-ate-o-dia-15-de-outubro\/"},"author":{"name":"P\u00e9ricles C\u00e2ndido","@id":"https:\/\/acrimat.org.br\/portal\/#\/schema\/person\/18df8bcf6890e924fe5d8b5afd2bec0f"},"headline":"Per\u00edodo proibitivo de queimadas \u00e9 prorrogado at\u00e9 o dia 15 de outubro","datePublished":"2017-10-02T12:52:35+00:00","dateModified":"2017-10-02T12:56:00+00:00","mainEntityOfPage":{"@id":"https:\/\/acrimat.org.br\/portal\/periodo-proibitivo-de-queimadas-e-prorrogado-ate-o-dia-15-de-outubro\/"},"wordCount":237,"publisher":{"@id":"https:\/\/acrimat.org.br\/portal\/#organization"},"image":{"@id":"https:\/\/acrimat.org.br\/portal\/periodo-proibitivo-de-queimadas-e-prorrogado-ate-o-dia-15-de-outubro\/#primaryimage"},"thumbnailUrl":"https:\/\/acrimat.org.br\/portal\/wp-content\/uploads\/2017\/10\/Queimada-na-aldeia-tadarimana-queimada-06-09-17-567x340.jpg","articleSection":["Destaques","Not\u00edcias"],"inLanguage":"pt-BR"},{"@type":"WebPage","@id":"https:\/\/acrimat.org.br\/portal\/periodo-proibitivo-de-queimadas-e-prorrogado-ate-o-dia-15-de-outubro\/","url":"https:\/\/acrimat.org.br\/portal\/periodo-proibitivo-de-queimadas-e-prorrogado-ate-o-dia-15-de-outubro\/","name":"Per\u00edodo proibitivo de queimadas \u00e9 prorrogado at\u00e9 o dia 15 de outubro - Acrimat","isPartOf":{"@id":"https:\/\/acrimat.org.br\/portal\/#website"},"primaryImageOfPage":{"@id":"https:\/\/acrimat.org.br\/portal\/periodo-proibitivo-de-queimadas-e-prorrogado-ate-o-dia-15-de-outubro\/#primaryimage"},"image":{"@id":"https:\/\/acrimat.org.br\/portal\/periodo-proibitivo-de-queimadas-e-prorrogado-ate-o-dia-15-de-outubro\/#primaryimage"},"thumbnailUrl":"https:\/\/acrimat.org.br\/portal\/wp-content\/uploads\/2017\/10\/Queimada-na-aldeia-tadarimana-queimada-06-09-17-567x340.jpg","datePublished":"2017-10-02T12:52:35+00:00","dateModified":"2017-10-02T12:56:00+00:00","breadcrumb":{"@id":"https:\/\/acrimat.org.br\/portal\/periodo-proibitivo-de-queimadas-e-prorrogado-ate-o-dia-15-de-outubro\/#breadcrumb"},"inLanguage":"pt-BR","potentialAction":[{"@type":"ReadAction","target":["https:\/\/acrimat.org.br\/portal\/periodo-proibitivo-de-queimadas-e-prorrogado-ate-o-dia-15-de-outubro\/"]}]},{"@type":"ImageObject","inLanguage":"pt-BR","@id":"https:\/\/acrimat.org.br\/portal\/periodo-proibitivo-de-queimadas-e-prorrogado-ate-o-dia-15-de-outubro\/#primaryimage","url":"https:\/\/acrimat.org.br\/portal\/wp-content\/uploads\/2017\/10\/Queimada-na-aldeia-tadarimana-queimada-06-09-17-567x340.jpg","contentUrl":"https:\/\/acrimat.org.br\/portal\/wp-content\/uploads\/2017\/10\/Queimada-na-aldeia-tadarimana-queimada-06-09-17-567x340.jpg","width":567,"height":340,"caption":"Foto: Arquivo\/18\u00ba GAC"},{"@type":"BreadcrumbList","@id":"https:\/\/acrimat.org.br\/portal\/periodo-proibitivo-de-queimadas-e-prorrogado-ate-o-dia-15-de-outubro\/#breadcrumb","itemListElement":[{"@type":"ListItem","position":1,"name":"In\u00edcio","item":"https:\/\/acrimat.org.br\/portal\/"},{"@type":"ListItem","position":2,"name":"Per\u00edodo proibitivo de queimadas \u00e9 prorrogado at\u00e9 o dia 15 de outubro"}]},{"@type":"WebSite","@id":"https:\/\/acrimat.org.br\/portal\/#website","url":"https:\/\/acrimat.org.br\/portal\/","name":"Acrimat","description":"Associa\u00e7\u00e3o dos Criadores de Mato Grosso","publisher":{"@id":"https:\/\/acrimat.org.br\/portal\/#organization"},"potentialAction":[{"@type":"SearchAction","target":{"@type":"EntryPoint","urlTemplate":"https:\/\/acrimat.org.br\/portal\/?s={search_term_string}"},"query-input":{"@type":"PropertyValueSpecification","valueRequired":true,"valueName":"search_term_string"}}],"inLanguage":"pt-BR"},{"@type":"Organization","@id":"https:\/\/acrimat.org.br\/portal\/#organization","name":"Associa\u00e7\u00e3o dos Criadores de Mato Grosso","url":"https:\/\/acrimat.org.br\/portal\/","logo":{"@type":"ImageObject","inLanguage":"pt-BR","@id":"https:\/\/acrimat.org.br\/portal\/#\/schema\/logo\/image\/","url":"https:\/\/acrimat.org.br\/portal\/wp-content\/uploads\/2018\/03\/logo-peq-original.png","contentUrl":"https:\/\/acrimat.org.br\/portal\/wp-content\/uploads\/2018\/03\/logo-peq-original.png","width":174,"height":171,"caption":"Associa\u00e7\u00e3o dos Criadores de Mato Grosso"},"image":{"@id":"https:\/\/acrimat.org.br\/portal\/#\/schema\/logo\/image\/"}},{"@type":"Person","@id":"https:\/\/acrimat.org.br\/portal\/#\/schema\/person\/18df8bcf6890e924fe5d8b5afd2bec0f","name":"P\u00e9ricles C\u00e2ndido","image":{"@type":"ImageObject","inLanguage":"pt-BR","@id":"https:\/\/acrimat.org.br\/portal\/#\/schema\/person\/image\/","url":"https:\/\/secure.gravatar.com\/avatar\/33e2a2b971dc363ed2df53d0d3bfbd18?s=96&d=mm&r=g","contentUrl":"https:\/\/secure.gravatar.com\/avatar\/33e2a2b971dc363ed2df53d0d3bfbd18?s=96&d=mm&r=g","caption":"P\u00e9ricles C\u00e2ndido"},"sameAs":["ascom@acrimat.org.br"],"url":"https:\/\/acrimat.org.br\/portal\/author\/designergrafico\/"}]}},"_links":{"self":[{"href":"https:\/\/acrimat.org.br\/portal\/wp-json\/wp\/v2\/posts\/97983846","targetHints":{"allow":["GET"]}}],"collection":[{"href":"https:\/\/acrimat.org.br\/portal\/wp-json\/wp\/v2\/posts"}],"about":[{"href":"https:\/\/acrimat.org.br\/portal\/wp-json\/wp\/v2\/types\/post"}],"author":[{"embeddable":true,"href":"https:\/\/acrimat.org.br\/portal\/wp-json\/wp\/v2\/users\/11"}],"replies":[{"embeddable":true,"href":"https:\/\/acrimat.org.br\/portal\/wp-json\/wp\/v2\/comments?post=97983846"}],"version-history":[{"count":2,"href":"https:\/\/acrimat.org.br\/portal\/wp-json\/wp\/v2\/posts\/97983846\/revisions"}],"predecessor-version":[{"id":97983852,"href":"https:\/\/acrimat.org.br\/portal\/wp-json\/wp\/v2\/posts\/97983846\/revisions\/97983852"}],"wp:featuredmedia":[{"embeddable":true,"href":"https:\/\/acrimat.org.br\/portal\/wp-json\/wp\/v2\/media\/97983847"}],"wp:attachment":[{"href":"https:\/\/acrimat.org.br\/portal\/wp-json\/wp\/v2\/media?parent=97983846"}],"wp:term":[{"taxonomy":"category","embeddable":true,"href":"https:\/\/acrimat.org.br\/portal\/wp-json\/wp\/v2\/categories?post=97983846"},{"taxonomy":"post_tag","embeddable":true,"href":"https:\/\/acrimat.org.br\/portal\/wp-json\/wp\/v2\/tags?post=97983846"}],"curies":[{"name":"wp","href":"https:\/\/api.w.org\/{rel}","templated":true}]}}