{"id":97983857,"date":"2017-10-03T09:57:50","date_gmt":"2017-10-03T12:57:50","guid":{"rendered":"http:\/\/acrimat.org.br\/portal\/?p=97983857"},"modified":"2017-10-03T09:57:50","modified_gmt":"2017-10-03T12:57:50","slug":"pesquisadores-ja-estao-em-campo-para-o-censo-agropecuario-2017","status":"publish","type":"post","link":"https:\/\/acrimat.org.br\/portal\/pesquisadores-ja-estao-em-campo-para-o-censo-agropecuario-2017\/","title":{"rendered":"Pesquisadores j\u00e1 est\u00e3o em campo para o Censo Agropecu\u00e1rio 2017"},"content":{"rendered":"<div class=\"materia-cabecalho\"><\/div>\n<div id=\"materia-letra\" class=\"materia-conteudo entry-content clearfix\">\n<div id=\"6189888\" class=\"video componente_materia\" data-height=\"349\" data-width=\"620\">\n<div id=\"wp3-player-0\" class=\"clappr-player\" tabindex=\"9999\" data-player=\"\">\n<div class=\"container master-container pointer-enabled\" data-container=\"\" data-pip=\"\">\n<div id=\"attachment_97983858\" style=\"width: 310px\" class=\"wp-caption alignleft\"><a href=\"http:\/\/acrimat.org.br\/portal\/wp-content\/uploads\/2017\/10\/6189888_300x180.jpg\"><img fetchpriority=\"high\" decoding=\"async\" aria-describedby=\"caption-attachment-97983858\" class=\"size-medium wp-image-97983858\" src=\"http:\/\/acrimat.org.br\/portal\/wp-content\/uploads\/2017\/10\/6189888_300x180-300x180.jpg\" alt=\"\" width=\"300\" height=\"180\" srcset=\"https:\/\/acrimat.org.br\/portal\/wp-content\/uploads\/2017\/10\/6189888_300x180.jpg 300w, https:\/\/acrimat.org.br\/portal\/wp-content\/uploads\/2017\/10\/6189888_300x180-250x150.jpg 250w\" sizes=\"(max-width: 300px) 100vw, 300px\" \/><\/a><p id=\"caption-attachment-97983858\" class=\"wp-caption-text\">Divulga\u00e7\u00e3o<\/p><\/div>\n<p>Pesquisadores j\u00e1 est\u00e3o em campo para descobrir o que, em uma d\u00e9cada, mudou nas atividades rurais do Brasil. Eles participam do Censo Agropecu\u00e1rio 2017.<\/p>\n<p>O que come\u00e7a a ser desenhado \u00e9 um mapa do Brasil rural em n\u00fameros e detalhes. Qual \u00e9 a produ\u00e7\u00e3o agr\u00edcola do pa\u00eds? Quantos rebanhos? Que tipos de animais s\u00e3o criados? Quem s\u00e3o os agricultores e pecuaristas e como eles trabalham?<\/p>\n<p>Dezenove mil recenseadores do IBGE come\u00e7aram, no domingo (1\u00ba), uma coleta digital dos dados, que vai at\u00e9 fevereiro. O censo vai passar por 5,3 milh\u00f5es de propriedades agropecu\u00e1rias.<\/p>\n<p>\u201c\u00c9 uma atividade da mais alta import\u00e2ncia n\u00e3o s\u00f3 para o IBGE, mas principalmente para o pa\u00eds. O agroneg\u00f3cio influencia de maneira definitiva e muito profunda a todo desempenho da economia brasileira\u201d, disse o ministro do Planejamento, Dyogo Henrique de Oliveira.<\/p>\n<p>O IBGE n\u00e3o vai fazer distin\u00e7\u00e3o do tamanho da \u00e1rea, pode ser qualquer peda\u00e7o de terra. O que importa \u00e9 a produ\u00e7\u00e3o agr\u00edcola e a cria\u00e7\u00e3o pecu\u00e1ria, para sustento da fam\u00edlia ou para o com\u00e9rcio. E o censo j\u00e1 constatou uma tend\u00eancia: pequenos s\u00edtios, onde pais e filhos plantam e colhem para vender em feiras da regi\u00e3o. \u00c9 o crescimento da agricultura familiar.<\/p>\n<p>Jos\u00e9 Renato e o filho Ronaldo cuidam das pequenas planta\u00e7\u00f5es de frutas e legumes e da produ\u00e7\u00e3o de mel, na zona rural do Rio. \u201cO IBGE para mim \u00e9 muito importante. Ele vai nos mostrar que n\u00f3s existimos, porque \u00e9 considerado que n\u00f3s n\u00e3o existimos aqui\u201d, afirmou o agricultor Jos\u00e9 Renato Ferreira.<\/p>\n<p>No interior de Sergipe, o IBGE est\u00e1 encontrando outro tra\u00e7o da agropecu\u00e1ria brasileira. Mulheres \u00e0 frente da agricultura. A Delma capina, planta, cuida das hortali\u00e7as. \u201c\u00c9 muito importante o censo, porque eles est\u00e3o vendo o nosso trabalho e como a gente faz\u201d, disse.<\/p>\n<p>O censo tamb\u00e9m quer descobrir quantos vivem na cidade e trabalham no campo. O escrit\u00f3rio do Leomiro Costa \u00e9 ao ar livre: uma fazenda a 30 km de Sorriso, Mato Grosso. \u201c\u00c9 o que eu sei fazer e gosto, ent\u00e3o a gente faz com amor e vamos continuar nessa profiss\u00e3o a\u00ed\u201d, disse o gerente da fazenda.<\/p>\n<p>O censo vai valorizar e dar visibilidade a brasileiros que nem pensam em tirar as m\u00e3os da terra. \u201cA import\u00e2ncia \u00e9 razoavelmente simples. Se eu n\u00e3o tenho informa\u00e7\u00e3o, eu n\u00e3o consigo fazer pol\u00edtica p\u00fablica, eu n\u00e3o consigo saber como \u00e9 que \u00e9 esse meu pa\u00eds. Eu n\u00e3o consigo pensar um pa\u00eds\u201d, declarou o presidente do IBGE, Roberto Olinto.<\/p>\n<\/div>\n<\/div>\n<\/div>\n<p>&nbsp;<\/p>\n<\/div>\n","protected":false},"excerpt":{"rendered":"<p>Objetivo \u00e9 descobrir o que, em uma d\u00e9cada, mudou nas atividades rurais do Brasil. Censo vai passar por 5,3 milh\u00f5es de propriedades agropecu\u00e1rias.<\/p>\n","protected":false},"author":11,"featured_media":97983858,"comment_status":"closed","ping_status":"closed","sticky":false,"template":"","format":"standard","meta":{"footnotes":""},"categories":[6,1],"tags":[],"class_list":["post-97983857","post","type-post","status-publish","format-standard","has-post-thumbnail","hentry","category-destaque","category-noticia"],"yoast_head":"<!-- This site is optimized with the Yoast SEO plugin v24.8.1 - https:\/\/yoast.com\/wordpress\/plugins\/seo\/ -->\n<title>Pesquisadores j\u00e1 est\u00e3o em campo para o Censo Agropecu\u00e1rio 2017 - Acrimat<\/title>\n<meta name=\"robots\" content=\"index, follow, max-snippet:-1, max-image-preview:large, max-video-preview:-1\" \/>\n<link rel=\"canonical\" href=\"https:\/\/acrimat.org.br\/portal\/pesquisadores-ja-estao-em-campo-para-o-censo-agropecuario-2017\/\" \/>\n<meta property=\"og:locale\" content=\"pt_BR\" \/>\n<meta property=\"og:type\" content=\"article\" \/>\n<meta property=\"og:title\" content=\"Pesquisadores j\u00e1 est\u00e3o em campo para o Censo Agropecu\u00e1rio 2017 - Acrimat\" \/>\n<meta property=\"og:description\" content=\"Objetivo \u00e9 descobrir o que, em uma d\u00e9cada, mudou nas atividades rurais do Brasil. Censo vai passar por 5,3 milh\u00f5es de propriedades agropecu\u00e1rias.\" \/>\n<meta property=\"og:url\" content=\"https:\/\/acrimat.org.br\/portal\/pesquisadores-ja-estao-em-campo-para-o-censo-agropecuario-2017\/\" \/>\n<meta property=\"og:site_name\" content=\"Acrimat\" \/>\n<meta property=\"article:published_time\" content=\"2017-10-03T12:57:50+00:00\" \/>\n<meta property=\"og:image\" content=\"https:\/\/acrimat.org.br\/portal\/wp-content\/uploads\/2017\/10\/6189888_300x180.jpg\" \/>\n\t<meta property=\"og:image:width\" content=\"300\" \/>\n\t<meta property=\"og:image:height\" content=\"180\" \/>\n\t<meta property=\"og:image:type\" content=\"image\/jpeg\" \/>\n<meta name=\"author\" content=\"P\u00e9ricles C\u00e2ndido\" \/>\n<meta name=\"twitter:card\" content=\"summary_large_image\" \/>\n<meta name=\"twitter:label1\" content=\"Escrito por\" \/>\n\t<meta name=\"twitter:data1\" content=\"P\u00e9ricles C\u00e2ndido\" \/>\n\t<meta name=\"twitter:label2\" content=\"Est. tempo de leitura\" \/>\n\t<meta name=\"twitter:data2\" content=\"2 minutos\" \/>\n<script type=\"application\/ld+json\" class=\"yoast-schema-graph\">{\"@context\":\"https:\/\/schema.org\",\"@graph\":[{\"@type\":\"Article\",\"@id\":\"https:\/\/acrimat.org.br\/portal\/pesquisadores-ja-estao-em-campo-para-o-censo-agropecuario-2017\/#article\",\"isPartOf\":{\"@id\":\"https:\/\/acrimat.org.br\/portal\/pesquisadores-ja-estao-em-campo-para-o-censo-agropecuario-2017\/\"},\"author\":{\"name\":\"P\u00e9ricles C\u00e2ndido\",\"@id\":\"https:\/\/acrimat.org.br\/portal\/#\/schema\/person\/18df8bcf6890e924fe5d8b5afd2bec0f\"},\"headline\":\"Pesquisadores j\u00e1 est\u00e3o em campo para o Censo Agropecu\u00e1rio 2017\",\"datePublished\":\"2017-10-03T12:57:50+00:00\",\"mainEntityOfPage\":{\"@id\":\"https:\/\/acrimat.org.br\/portal\/pesquisadores-ja-estao-em-campo-para-o-censo-agropecuario-2017\/\"},\"wordCount\":462,\"publisher\":{\"@id\":\"https:\/\/acrimat.org.br\/portal\/#organization\"},\"image\":{\"@id\":\"https:\/\/acrimat.org.br\/portal\/pesquisadores-ja-estao-em-campo-para-o-censo-agropecuario-2017\/#primaryimage\"},\"thumbnailUrl\":\"https:\/\/acrimat.org.br\/portal\/wp-content\/uploads\/2017\/10\/6189888_300x180.jpg\",\"articleSection\":[\"Destaques\",\"Not\u00edcias\"],\"inLanguage\":\"pt-BR\"},{\"@type\":\"WebPage\",\"@id\":\"https:\/\/acrimat.org.br\/portal\/pesquisadores-ja-estao-em-campo-para-o-censo-agropecuario-2017\/\",\"url\":\"https:\/\/acrimat.org.br\/portal\/pesquisadores-ja-estao-em-campo-para-o-censo-agropecuario-2017\/\",\"name\":\"Pesquisadores j\u00e1 est\u00e3o em campo para o Censo Agropecu\u00e1rio 2017 - Acrimat\",\"isPartOf\":{\"@id\":\"https:\/\/acrimat.org.br\/portal\/#website\"},\"primaryImageOfPage\":{\"@id\":\"https:\/\/acrimat.org.br\/portal\/pesquisadores-ja-estao-em-campo-para-o-censo-agropecuario-2017\/#primaryimage\"},\"image\":{\"@id\":\"https:\/\/acrimat.org.br\/portal\/pesquisadores-ja-estao-em-campo-para-o-censo-agropecuario-2017\/#primaryimage\"},\"thumbnailUrl\":\"https:\/\/acrimat.org.br\/portal\/wp-content\/uploads\/2017\/10\/6189888_300x180.jpg\",\"datePublished\":\"2017-10-03T12:57:50+00:00\",\"breadcrumb\":{\"@id\":\"https:\/\/acrimat.org.br\/portal\/pesquisadores-ja-estao-em-campo-para-o-censo-agropecuario-2017\/#breadcrumb\"},\"inLanguage\":\"pt-BR\",\"potentialAction\":[{\"@type\":\"ReadAction\",\"target\":[\"https:\/\/acrimat.org.br\/portal\/pesquisadores-ja-estao-em-campo-para-o-censo-agropecuario-2017\/\"]}]},{\"@type\":\"ImageObject\",\"inLanguage\":\"pt-BR\",\"@id\":\"https:\/\/acrimat.org.br\/portal\/pesquisadores-ja-estao-em-campo-para-o-censo-agropecuario-2017\/#primaryimage\",\"url\":\"https:\/\/acrimat.org.br\/portal\/wp-content\/uploads\/2017\/10\/6189888_300x180.jpg\",\"contentUrl\":\"https:\/\/acrimat.org.br\/portal\/wp-content\/uploads\/2017\/10\/6189888_300x180.jpg\",\"width\":300,\"height\":180,\"caption\":\"Divulga\u00e7\u00e3o\"},{\"@type\":\"BreadcrumbList\",\"@id\":\"https:\/\/acrimat.org.br\/portal\/pesquisadores-ja-estao-em-campo-para-o-censo-agropecuario-2017\/#breadcrumb\",\"itemListElement\":[{\"@type\":\"ListItem\",\"position\":1,\"name\":\"In\u00edcio\",\"item\":\"https:\/\/acrimat.org.br\/portal\/\"},{\"@type\":\"ListItem\",\"position\":2,\"name\":\"Pesquisadores j\u00e1 est\u00e3o em campo para o Censo Agropecu\u00e1rio 2017\"}]},{\"@type\":\"WebSite\",\"@id\":\"https:\/\/acrimat.org.br\/portal\/#website\",\"url\":\"https:\/\/acrimat.org.br\/portal\/\",\"name\":\"Acrimat\",\"description\":\"Associa\u00e7\u00e3o dos Criadores de Mato Grosso\",\"publisher\":{\"@id\":\"https:\/\/acrimat.org.br\/portal\/#organization\"},\"potentialAction\":[{\"@type\":\"SearchAction\",\"target\":{\"@type\":\"EntryPoint\",\"urlTemplate\":\"https:\/\/acrimat.org.br\/portal\/?s={search_term_string}\"},\"query-input\":{\"@type\":\"PropertyValueSpecification\",\"valueRequired\":true,\"valueName\":\"search_term_string\"}}],\"inLanguage\":\"pt-BR\"},{\"@type\":\"Organization\",\"@id\":\"https:\/\/acrimat.org.br\/portal\/#organization\",\"name\":\"Associa\u00e7\u00e3o dos Criadores de Mato Grosso\",\"url\":\"https:\/\/acrimat.org.br\/portal\/\",\"logo\":{\"@type\":\"ImageObject\",\"inLanguage\":\"pt-BR\",\"@id\":\"https:\/\/acrimat.org.br\/portal\/#\/schema\/logo\/image\/\",\"url\":\"https:\/\/acrimat.org.br\/portal\/wp-content\/uploads\/2018\/03\/logo-peq-original.png\",\"contentUrl\":\"https:\/\/acrimat.org.br\/portal\/wp-content\/uploads\/2018\/03\/logo-peq-original.png\",\"width\":174,\"height\":171,\"caption\":\"Associa\u00e7\u00e3o dos Criadores de Mato Grosso\"},\"image\":{\"@id\":\"https:\/\/acrimat.org.br\/portal\/#\/schema\/logo\/image\/\"}},{\"@type\":\"Person\",\"@id\":\"https:\/\/acrimat.org.br\/portal\/#\/schema\/person\/18df8bcf6890e924fe5d8b5afd2bec0f\",\"name\":\"P\u00e9ricles C\u00e2ndido\",\"image\":{\"@type\":\"ImageObject\",\"inLanguage\":\"pt-BR\",\"@id\":\"https:\/\/acrimat.org.br\/portal\/#\/schema\/person\/image\/\",\"url\":\"https:\/\/secure.gravatar.com\/avatar\/33e2a2b971dc363ed2df53d0d3bfbd18?s=96&d=mm&r=g\",\"contentUrl\":\"https:\/\/secure.gravatar.com\/avatar\/33e2a2b971dc363ed2df53d0d3bfbd18?s=96&d=mm&r=g\",\"caption\":\"P\u00e9ricles C\u00e2ndido\"},\"sameAs\":[\"ascom@acrimat.org.br\"],\"url\":\"https:\/\/acrimat.org.br\/portal\/author\/designergrafico\/\"}]}<\/script>\n<!-- \/ Yoast SEO plugin. -->","yoast_head_json":{"title":"Pesquisadores j\u00e1 est\u00e3o em campo para o Censo Agropecu\u00e1rio 2017 - Acrimat","robots":{"index":"index","follow":"follow","max-snippet":"max-snippet:-1","max-image-preview":"max-image-preview:large","max-video-preview":"max-video-preview:-1"},"canonical":"https:\/\/acrimat.org.br\/portal\/pesquisadores-ja-estao-em-campo-para-o-censo-agropecuario-2017\/","og_locale":"pt_BR","og_type":"article","og_title":"Pesquisadores j\u00e1 est\u00e3o em campo para o Censo Agropecu\u00e1rio 2017 - Acrimat","og_description":"Objetivo \u00e9 descobrir o que, em uma d\u00e9cada, mudou nas atividades rurais do Brasil. Censo vai passar por 5,3 milh\u00f5es de propriedades agropecu\u00e1rias.","og_url":"https:\/\/acrimat.org.br\/portal\/pesquisadores-ja-estao-em-campo-para-o-censo-agropecuario-2017\/","og_site_name":"Acrimat","article_published_time":"2017-10-03T12:57:50+00:00","og_image":[{"width":300,"height":180,"url":"https:\/\/acrimat.org.br\/portal\/wp-content\/uploads\/2017\/10\/6189888_300x180.jpg","type":"image\/jpeg"}],"author":"P\u00e9ricles C\u00e2ndido","twitter_card":"summary_large_image","twitter_misc":{"Escrito por":"P\u00e9ricles C\u00e2ndido","Est. tempo de leitura":"2 minutos"},"schema":{"@context":"https:\/\/schema.org","@graph":[{"@type":"Article","@id":"https:\/\/acrimat.org.br\/portal\/pesquisadores-ja-estao-em-campo-para-o-censo-agropecuario-2017\/#article","isPartOf":{"@id":"https:\/\/acrimat.org.br\/portal\/pesquisadores-ja-estao-em-campo-para-o-censo-agropecuario-2017\/"},"author":{"name":"P\u00e9ricles C\u00e2ndido","@id":"https:\/\/acrimat.org.br\/portal\/#\/schema\/person\/18df8bcf6890e924fe5d8b5afd2bec0f"},"headline":"Pesquisadores j\u00e1 est\u00e3o em campo para o Censo Agropecu\u00e1rio 2017","datePublished":"2017-10-03T12:57:50+00:00","mainEntityOfPage":{"@id":"https:\/\/acrimat.org.br\/portal\/pesquisadores-ja-estao-em-campo-para-o-censo-agropecuario-2017\/"},"wordCount":462,"publisher":{"@id":"https:\/\/acrimat.org.br\/portal\/#organization"},"image":{"@id":"https:\/\/acrimat.org.br\/portal\/pesquisadores-ja-estao-em-campo-para-o-censo-agropecuario-2017\/#primaryimage"},"thumbnailUrl":"https:\/\/acrimat.org.br\/portal\/wp-content\/uploads\/2017\/10\/6189888_300x180.jpg","articleSection":["Destaques","Not\u00edcias"],"inLanguage":"pt-BR"},{"@type":"WebPage","@id":"https:\/\/acrimat.org.br\/portal\/pesquisadores-ja-estao-em-campo-para-o-censo-agropecuario-2017\/","url":"https:\/\/acrimat.org.br\/portal\/pesquisadores-ja-estao-em-campo-para-o-censo-agropecuario-2017\/","name":"Pesquisadores j\u00e1 est\u00e3o em campo para o Censo Agropecu\u00e1rio 2017 - Acrimat","isPartOf":{"@id":"https:\/\/acrimat.org.br\/portal\/#website"},"primaryImageOfPage":{"@id":"https:\/\/acrimat.org.br\/portal\/pesquisadores-ja-estao-em-campo-para-o-censo-agropecuario-2017\/#primaryimage"},"image":{"@id":"https:\/\/acrimat.org.br\/portal\/pesquisadores-ja-estao-em-campo-para-o-censo-agropecuario-2017\/#primaryimage"},"thumbnailUrl":"https:\/\/acrimat.org.br\/portal\/wp-content\/uploads\/2017\/10\/6189888_300x180.jpg","datePublished":"2017-10-03T12:57:50+00:00","breadcrumb":{"@id":"https:\/\/acrimat.org.br\/portal\/pesquisadores-ja-estao-em-campo-para-o-censo-agropecuario-2017\/#breadcrumb"},"inLanguage":"pt-BR","potentialAction":[{"@type":"ReadAction","target":["https:\/\/acrimat.org.br\/portal\/pesquisadores-ja-estao-em-campo-para-o-censo-agropecuario-2017\/"]}]},{"@type":"ImageObject","inLanguage":"pt-BR","@id":"https:\/\/acrimat.org.br\/portal\/pesquisadores-ja-estao-em-campo-para-o-censo-agropecuario-2017\/#primaryimage","url":"https:\/\/acrimat.org.br\/portal\/wp-content\/uploads\/2017\/10\/6189888_300x180.jpg","contentUrl":"https:\/\/acrimat.org.br\/portal\/wp-content\/uploads\/2017\/10\/6189888_300x180.jpg","width":300,"height":180,"caption":"Divulga\u00e7\u00e3o"},{"@type":"BreadcrumbList","@id":"https:\/\/acrimat.org.br\/portal\/pesquisadores-ja-estao-em-campo-para-o-censo-agropecuario-2017\/#breadcrumb","itemListElement":[{"@type":"ListItem","position":1,"name":"In\u00edcio","item":"https:\/\/acrimat.org.br\/portal\/"},{"@type":"ListItem","position":2,"name":"Pesquisadores j\u00e1 est\u00e3o em campo para o Censo Agropecu\u00e1rio 2017"}]},{"@type":"WebSite","@id":"https:\/\/acrimat.org.br\/portal\/#website","url":"https:\/\/acrimat.org.br\/portal\/","name":"Acrimat","description":"Associa\u00e7\u00e3o dos Criadores de Mato Grosso","publisher":{"@id":"https:\/\/acrimat.org.br\/portal\/#organization"},"potentialAction":[{"@type":"SearchAction","target":{"@type":"EntryPoint","urlTemplate":"https:\/\/acrimat.org.br\/portal\/?s={search_term_string}"},"query-input":{"@type":"PropertyValueSpecification","valueRequired":true,"valueName":"search_term_string"}}],"inLanguage":"pt-BR"},{"@type":"Organization","@id":"https:\/\/acrimat.org.br\/portal\/#organization","name":"Associa\u00e7\u00e3o dos Criadores de Mato Grosso","url":"https:\/\/acrimat.org.br\/portal\/","logo":{"@type":"ImageObject","inLanguage":"pt-BR","@id":"https:\/\/acrimat.org.br\/portal\/#\/schema\/logo\/image\/","url":"https:\/\/acrimat.org.br\/portal\/wp-content\/uploads\/2018\/03\/logo-peq-original.png","contentUrl":"https:\/\/acrimat.org.br\/portal\/wp-content\/uploads\/2018\/03\/logo-peq-original.png","width":174,"height":171,"caption":"Associa\u00e7\u00e3o dos Criadores de Mato Grosso"},"image":{"@id":"https:\/\/acrimat.org.br\/portal\/#\/schema\/logo\/image\/"}},{"@type":"Person","@id":"https:\/\/acrimat.org.br\/portal\/#\/schema\/person\/18df8bcf6890e924fe5d8b5afd2bec0f","name":"P\u00e9ricles C\u00e2ndido","image":{"@type":"ImageObject","inLanguage":"pt-BR","@id":"https:\/\/acrimat.org.br\/portal\/#\/schema\/person\/image\/","url":"https:\/\/secure.gravatar.com\/avatar\/33e2a2b971dc363ed2df53d0d3bfbd18?s=96&d=mm&r=g","contentUrl":"https:\/\/secure.gravatar.com\/avatar\/33e2a2b971dc363ed2df53d0d3bfbd18?s=96&d=mm&r=g","caption":"P\u00e9ricles C\u00e2ndido"},"sameAs":["ascom@acrimat.org.br"],"url":"https:\/\/acrimat.org.br\/portal\/author\/designergrafico\/"}]}},"_links":{"self":[{"href":"https:\/\/acrimat.org.br\/portal\/wp-json\/wp\/v2\/posts\/97983857","targetHints":{"allow":["GET"]}}],"collection":[{"href":"https:\/\/acrimat.org.br\/portal\/wp-json\/wp\/v2\/posts"}],"about":[{"href":"https:\/\/acrimat.org.br\/portal\/wp-json\/wp\/v2\/types\/post"}],"author":[{"embeddable":true,"href":"https:\/\/acrimat.org.br\/portal\/wp-json\/wp\/v2\/users\/11"}],"replies":[{"embeddable":true,"href":"https:\/\/acrimat.org.br\/portal\/wp-json\/wp\/v2\/comments?post=97983857"}],"version-history":[{"count":7,"href":"https:\/\/acrimat.org.br\/portal\/wp-json\/wp\/v2\/posts\/97983857\/revisions"}],"predecessor-version":[{"id":97983865,"href":"https:\/\/acrimat.org.br\/portal\/wp-json\/wp\/v2\/posts\/97983857\/revisions\/97983865"}],"wp:featuredmedia":[{"embeddable":true,"href":"https:\/\/acrimat.org.br\/portal\/wp-json\/wp\/v2\/media\/97983858"}],"wp:attachment":[{"href":"https:\/\/acrimat.org.br\/portal\/wp-json\/wp\/v2\/media?parent=97983857"}],"wp:term":[{"taxonomy":"category","embeddable":true,"href":"https:\/\/acrimat.org.br\/portal\/wp-json\/wp\/v2\/categories?post=97983857"},{"taxonomy":"post_tag","embeddable":true,"href":"https:\/\/acrimat.org.br\/portal\/wp-json\/wp\/v2\/tags?post=97983857"}],"curies":[{"name":"wp","href":"https:\/\/api.w.org\/{rel}","templated":true}]}}