{"id":97983866,"date":"2017-10-03T10:05:13","date_gmt":"2017-10-03T13:05:13","guid":{"rendered":"http:\/\/acrimat.org.br\/portal\/?p=97983866"},"modified":"2017-10-03T10:05:13","modified_gmt":"2017-10-03T13:05:13","slug":"exportacao-de-carne-bovina-supera-restricoes","status":"publish","type":"post","link":"https:\/\/acrimat.org.br\/portal\/exportacao-de-carne-bovina-supera-restricoes\/","title":{"rendered":"Exporta\u00e7\u00e3o de carne bovina supera restri\u00e7\u00f5es"},"content":{"rendered":"<div id=\"attachment_97979471\" style=\"width: 310px\" class=\"wp-caption alignright\"><a href=\"http:\/\/acrimat.org.br\/portal\/wp-content\/uploads\/2017\/01\/EXPORTA\u00c7\u00d5ES3.jpg\"><img fetchpriority=\"high\" decoding=\"async\" aria-describedby=\"caption-attachment-97979471\" class=\"wp-image-97979471 size-medium\" src=\"http:\/\/acrimat.org.br\/portal\/wp-content\/uploads\/2017\/01\/EXPORTA\u00c7\u00d5ES3-300x206.jpg\" alt=\"\" width=\"300\" height=\"206\" \/><\/a><p id=\"caption-attachment-97979471\" class=\"wp-caption-text\">Divulga\u00e7\u00e3o<\/p><\/div>\n<p>Os Estados Unidos acabam de liberar as importa\u00e7\u00f5es de carne termoprocessada de cinco frigor\u00edficos brasileiros que estavam embargadas em raz\u00e3o de problemas com o rompimento de embalagens. Por causa do problema, esses frigor\u00edficos foram inspecionados por t\u00e9cnicos americanos. A libera\u00e7\u00e3o vigora j\u00e1 neste m\u00eas, como informou o Minist\u00e9rio da Agricultura. Com essa decis\u00e3o, pouco a pouco, v\u00e3o sendo superadas as restri\u00e7\u00f5es externas quanto \u00e0 qualidade da carne bovina produzida no Pa\u00eds e destinada em grande parte \u00e0 exporta\u00e7\u00e3o.<\/p>\n<p>Com a repercuss\u00e3o negativa da Opera\u00e7\u00e3o Carne Fraca, da Pol\u00edcia Federal, deflagrada em mar\u00e7o, que ensejou mal-entendidos aqui e no exterior, v\u00e1rios pa\u00edses enviaram t\u00e9cnicos ao Brasil para verificar in loco como \u00e9 o processamento da carne em frigor\u00edficos diversos. Feita a inspe\u00e7\u00e3o, a importa\u00e7\u00e3o do produto brasileiro vem sendo liberada. O minist\u00e9rio espera que, dentro em breve, seja tamb\u00e9m liberada a venda de carne in natura para o mercado americano, como resultado de avalia\u00e7\u00e3o de documentos t\u00e9cnicos enviados a Washington pelo governo brasileiro.<\/p>\n<p>As vendas externas de carne bovina, fresca, congelada ou refrigerada, v\u00e3o indo muito bem. De janeiro a agosto deste ano, as exporta\u00e7\u00f5es de carne atingiram US$ 3,14 bilh\u00f5es, registrando um aumento de 8,6% em rela\u00e7\u00e3o ao mesmo per\u00edodo de 2016 (US$ 2,89 bilh\u00f5es). Com isso, a carne bovina j\u00e1 integra o grupo dos dez produtos mais exportados pelo Pa\u00eds.<\/p>\n<p>O potencial do setor pecu\u00e1rio permite avan\u00e7ar ainda mais, fortalecendo a posi\u00e7\u00e3o do Pa\u00eds como um dos maiores fornecedores de prote\u00edna animal do mundo. Levantamento h\u00e1 pouco divulgado pelo IBGE d\u00e1 conta de que o rebanho bovino brasileiro alcan\u00e7ou 218,2 milh\u00f5es de cabe\u00e7as em 2016, o maior patamar j\u00e1 registrado pela Pesquisa Pecu\u00e1ria Municipal (PPM), realizada anualmente.<\/p>\n<p>O Centro-Oeste continua figurando como a maior regi\u00e3o criadora de gado, sendo respons\u00e1vel por 34,4% de todo o rebanho, tendo apresentado um crescimento de 3,3% em 2016 na compara\u00e7\u00e3o com o ano anterior. Na regi\u00e3o, avulta o rebanho do Estado de Mato Grosso, que equivale a 13,3% do total nacional.<\/p>\n<p>Os bons pre\u00e7os da carne afetaram a produ\u00e7\u00e3o de leite, que teve uma retra\u00e7\u00e3o de 2,95%, ficando em 33,62 bilh\u00f5es de litros. Pode-se supor que essa queda ocorreu em raz\u00e3o do abate de matrizes.<\/p>\n","protected":false},"excerpt":{"rendered":"<p>Os bons pre\u00e7os da carne afetaram a produ\u00e7\u00e3o de leite, que teve uma retra\u00e7\u00e3o de 2,95%, ficando em 33,62 bilh\u00f5es de litros<\/p>\n","protected":false},"author":11,"featured_media":0,"comment_status":"closed","ping_status":"closed","sticky":false,"template":"","format":"standard","meta":{"footnotes":""},"categories":[6,1],"tags":[],"class_list":["post-97983866","post","type-post","status-publish","format-standard","hentry","category-destaque","category-noticia"],"yoast_head":"<!-- This site is optimized with the Yoast SEO plugin v24.8.1 - https:\/\/yoast.com\/wordpress\/plugins\/seo\/ -->\n<title>Exporta\u00e7\u00e3o de carne bovina supera restri\u00e7\u00f5es - Acrimat<\/title>\n<meta name=\"robots\" content=\"index, follow, max-snippet:-1, max-image-preview:large, max-video-preview:-1\" \/>\n<link rel=\"canonical\" href=\"https:\/\/acrimat.org.br\/portal\/exportacao-de-carne-bovina-supera-restricoes\/\" \/>\n<meta property=\"og:locale\" content=\"pt_BR\" \/>\n<meta property=\"og:type\" content=\"article\" \/>\n<meta property=\"og:title\" content=\"Exporta\u00e7\u00e3o de carne bovina supera restri\u00e7\u00f5es - Acrimat\" \/>\n<meta property=\"og:description\" content=\"Os bons pre\u00e7os da carne afetaram a produ\u00e7\u00e3o de leite, que teve uma retra\u00e7\u00e3o de 2,95%, ficando em 33,62 bilh\u00f5es de litros\" \/>\n<meta property=\"og:url\" content=\"https:\/\/acrimat.org.br\/portal\/exportacao-de-carne-bovina-supera-restricoes\/\" \/>\n<meta property=\"og:site_name\" content=\"Acrimat\" \/>\n<meta property=\"article:published_time\" content=\"2017-10-03T13:05:13+00:00\" \/>\n<meta name=\"author\" content=\"P\u00e9ricles C\u00e2ndido\" \/>\n<meta name=\"twitter:card\" content=\"summary_large_image\" \/>\n<meta name=\"twitter:label1\" content=\"Escrito por\" \/>\n\t<meta name=\"twitter:data1\" content=\"P\u00e9ricles C\u00e2ndido\" \/>\n\t<meta name=\"twitter:label2\" content=\"Est. tempo de leitura\" \/>\n\t<meta name=\"twitter:data2\" content=\"2 minutos\" \/>\n<script type=\"application\/ld+json\" class=\"yoast-schema-graph\">{\"@context\":\"https:\/\/schema.org\",\"@graph\":[{\"@type\":\"Article\",\"@id\":\"https:\/\/acrimat.org.br\/portal\/exportacao-de-carne-bovina-supera-restricoes\/#article\",\"isPartOf\":{\"@id\":\"https:\/\/acrimat.org.br\/portal\/exportacao-de-carne-bovina-supera-restricoes\/\"},\"author\":{\"name\":\"P\u00e9ricles C\u00e2ndido\",\"@id\":\"https:\/\/acrimat.org.br\/portal\/#\/schema\/person\/18df8bcf6890e924fe5d8b5afd2bec0f\"},\"headline\":\"Exporta\u00e7\u00e3o de carne bovina supera restri\u00e7\u00f5es\",\"datePublished\":\"2017-10-03T13:05:13+00:00\",\"mainEntityOfPage\":{\"@id\":\"https:\/\/acrimat.org.br\/portal\/exportacao-de-carne-bovina-supera-restricoes\/\"},\"wordCount\":416,\"publisher\":{\"@id\":\"https:\/\/acrimat.org.br\/portal\/#organization\"},\"articleSection\":[\"Destaques\",\"Not\u00edcias\"],\"inLanguage\":\"pt-BR\"},{\"@type\":\"WebPage\",\"@id\":\"https:\/\/acrimat.org.br\/portal\/exportacao-de-carne-bovina-supera-restricoes\/\",\"url\":\"https:\/\/acrimat.org.br\/portal\/exportacao-de-carne-bovina-supera-restricoes\/\",\"name\":\"Exporta\u00e7\u00e3o de carne bovina supera restri\u00e7\u00f5es - Acrimat\",\"isPartOf\":{\"@id\":\"https:\/\/acrimat.org.br\/portal\/#website\"},\"datePublished\":\"2017-10-03T13:05:13+00:00\",\"breadcrumb\":{\"@id\":\"https:\/\/acrimat.org.br\/portal\/exportacao-de-carne-bovina-supera-restricoes\/#breadcrumb\"},\"inLanguage\":\"pt-BR\",\"potentialAction\":[{\"@type\":\"ReadAction\",\"target\":[\"https:\/\/acrimat.org.br\/portal\/exportacao-de-carne-bovina-supera-restricoes\/\"]}]},{\"@type\":\"BreadcrumbList\",\"@id\":\"https:\/\/acrimat.org.br\/portal\/exportacao-de-carne-bovina-supera-restricoes\/#breadcrumb\",\"itemListElement\":[{\"@type\":\"ListItem\",\"position\":1,\"name\":\"In\u00edcio\",\"item\":\"https:\/\/acrimat.org.br\/portal\/\"},{\"@type\":\"ListItem\",\"position\":2,\"name\":\"Exporta\u00e7\u00e3o de carne bovina supera restri\u00e7\u00f5es\"}]},{\"@type\":\"WebSite\",\"@id\":\"https:\/\/acrimat.org.br\/portal\/#website\",\"url\":\"https:\/\/acrimat.org.br\/portal\/\",\"name\":\"Acrimat\",\"description\":\"Associa\u00e7\u00e3o dos Criadores de Mato Grosso\",\"publisher\":{\"@id\":\"https:\/\/acrimat.org.br\/portal\/#organization\"},\"potentialAction\":[{\"@type\":\"SearchAction\",\"target\":{\"@type\":\"EntryPoint\",\"urlTemplate\":\"https:\/\/acrimat.org.br\/portal\/?s={search_term_string}\"},\"query-input\":{\"@type\":\"PropertyValueSpecification\",\"valueRequired\":true,\"valueName\":\"search_term_string\"}}],\"inLanguage\":\"pt-BR\"},{\"@type\":\"Organization\",\"@id\":\"https:\/\/acrimat.org.br\/portal\/#organization\",\"name\":\"Associa\u00e7\u00e3o dos Criadores de Mato Grosso\",\"url\":\"https:\/\/acrimat.org.br\/portal\/\",\"logo\":{\"@type\":\"ImageObject\",\"inLanguage\":\"pt-BR\",\"@id\":\"https:\/\/acrimat.org.br\/portal\/#\/schema\/logo\/image\/\",\"url\":\"https:\/\/acrimat.org.br\/portal\/wp-content\/uploads\/2018\/03\/logo-peq-original.png\",\"contentUrl\":\"https:\/\/acrimat.org.br\/portal\/wp-content\/uploads\/2018\/03\/logo-peq-original.png\",\"width\":174,\"height\":171,\"caption\":\"Associa\u00e7\u00e3o dos Criadores de Mato Grosso\"},\"image\":{\"@id\":\"https:\/\/acrimat.org.br\/portal\/#\/schema\/logo\/image\/\"}},{\"@type\":\"Person\",\"@id\":\"https:\/\/acrimat.org.br\/portal\/#\/schema\/person\/18df8bcf6890e924fe5d8b5afd2bec0f\",\"name\":\"P\u00e9ricles C\u00e2ndido\",\"image\":{\"@type\":\"ImageObject\",\"inLanguage\":\"pt-BR\",\"@id\":\"https:\/\/acrimat.org.br\/portal\/#\/schema\/person\/image\/\",\"url\":\"https:\/\/secure.gravatar.com\/avatar\/33e2a2b971dc363ed2df53d0d3bfbd18?s=96&d=mm&r=g\",\"contentUrl\":\"https:\/\/secure.gravatar.com\/avatar\/33e2a2b971dc363ed2df53d0d3bfbd18?s=96&d=mm&r=g\",\"caption\":\"P\u00e9ricles C\u00e2ndido\"},\"sameAs\":[\"ascom@acrimat.org.br\"],\"url\":\"https:\/\/acrimat.org.br\/portal\/author\/designergrafico\/\"}]}<\/script>\n<!-- \/ Yoast SEO plugin. -->","yoast_head_json":{"title":"Exporta\u00e7\u00e3o de carne bovina supera restri\u00e7\u00f5es - Acrimat","robots":{"index":"index","follow":"follow","max-snippet":"max-snippet:-1","max-image-preview":"max-image-preview:large","max-video-preview":"max-video-preview:-1"},"canonical":"https:\/\/acrimat.org.br\/portal\/exportacao-de-carne-bovina-supera-restricoes\/","og_locale":"pt_BR","og_type":"article","og_title":"Exporta\u00e7\u00e3o de carne bovina supera restri\u00e7\u00f5es - Acrimat","og_description":"Os bons pre\u00e7os da carne afetaram a produ\u00e7\u00e3o de leite, que teve uma retra\u00e7\u00e3o de 2,95%, ficando em 33,62 bilh\u00f5es de litros","og_url":"https:\/\/acrimat.org.br\/portal\/exportacao-de-carne-bovina-supera-restricoes\/","og_site_name":"Acrimat","article_published_time":"2017-10-03T13:05:13+00:00","author":"P\u00e9ricles C\u00e2ndido","twitter_card":"summary_large_image","twitter_misc":{"Escrito por":"P\u00e9ricles C\u00e2ndido","Est. tempo de leitura":"2 minutos"},"schema":{"@context":"https:\/\/schema.org","@graph":[{"@type":"Article","@id":"https:\/\/acrimat.org.br\/portal\/exportacao-de-carne-bovina-supera-restricoes\/#article","isPartOf":{"@id":"https:\/\/acrimat.org.br\/portal\/exportacao-de-carne-bovina-supera-restricoes\/"},"author":{"name":"P\u00e9ricles C\u00e2ndido","@id":"https:\/\/acrimat.org.br\/portal\/#\/schema\/person\/18df8bcf6890e924fe5d8b5afd2bec0f"},"headline":"Exporta\u00e7\u00e3o de carne bovina supera restri\u00e7\u00f5es","datePublished":"2017-10-03T13:05:13+00:00","mainEntityOfPage":{"@id":"https:\/\/acrimat.org.br\/portal\/exportacao-de-carne-bovina-supera-restricoes\/"},"wordCount":416,"publisher":{"@id":"https:\/\/acrimat.org.br\/portal\/#organization"},"articleSection":["Destaques","Not\u00edcias"],"inLanguage":"pt-BR"},{"@type":"WebPage","@id":"https:\/\/acrimat.org.br\/portal\/exportacao-de-carne-bovina-supera-restricoes\/","url":"https:\/\/acrimat.org.br\/portal\/exportacao-de-carne-bovina-supera-restricoes\/","name":"Exporta\u00e7\u00e3o de carne bovina supera restri\u00e7\u00f5es - Acrimat","isPartOf":{"@id":"https:\/\/acrimat.org.br\/portal\/#website"},"datePublished":"2017-10-03T13:05:13+00:00","breadcrumb":{"@id":"https:\/\/acrimat.org.br\/portal\/exportacao-de-carne-bovina-supera-restricoes\/#breadcrumb"},"inLanguage":"pt-BR","potentialAction":[{"@type":"ReadAction","target":["https:\/\/acrimat.org.br\/portal\/exportacao-de-carne-bovina-supera-restricoes\/"]}]},{"@type":"BreadcrumbList","@id":"https:\/\/acrimat.org.br\/portal\/exportacao-de-carne-bovina-supera-restricoes\/#breadcrumb","itemListElement":[{"@type":"ListItem","position":1,"name":"In\u00edcio","item":"https:\/\/acrimat.org.br\/portal\/"},{"@type":"ListItem","position":2,"name":"Exporta\u00e7\u00e3o de carne bovina supera restri\u00e7\u00f5es"}]},{"@type":"WebSite","@id":"https:\/\/acrimat.org.br\/portal\/#website","url":"https:\/\/acrimat.org.br\/portal\/","name":"Acrimat","description":"Associa\u00e7\u00e3o dos Criadores de Mato Grosso","publisher":{"@id":"https:\/\/acrimat.org.br\/portal\/#organization"},"potentialAction":[{"@type":"SearchAction","target":{"@type":"EntryPoint","urlTemplate":"https:\/\/acrimat.org.br\/portal\/?s={search_term_string}"},"query-input":{"@type":"PropertyValueSpecification","valueRequired":true,"valueName":"search_term_string"}}],"inLanguage":"pt-BR"},{"@type":"Organization","@id":"https:\/\/acrimat.org.br\/portal\/#organization","name":"Associa\u00e7\u00e3o dos Criadores de Mato Grosso","url":"https:\/\/acrimat.org.br\/portal\/","logo":{"@type":"ImageObject","inLanguage":"pt-BR","@id":"https:\/\/acrimat.org.br\/portal\/#\/schema\/logo\/image\/","url":"https:\/\/acrimat.org.br\/portal\/wp-content\/uploads\/2018\/03\/logo-peq-original.png","contentUrl":"https:\/\/acrimat.org.br\/portal\/wp-content\/uploads\/2018\/03\/logo-peq-original.png","width":174,"height":171,"caption":"Associa\u00e7\u00e3o dos Criadores de Mato Grosso"},"image":{"@id":"https:\/\/acrimat.org.br\/portal\/#\/schema\/logo\/image\/"}},{"@type":"Person","@id":"https:\/\/acrimat.org.br\/portal\/#\/schema\/person\/18df8bcf6890e924fe5d8b5afd2bec0f","name":"P\u00e9ricles C\u00e2ndido","image":{"@type":"ImageObject","inLanguage":"pt-BR","@id":"https:\/\/acrimat.org.br\/portal\/#\/schema\/person\/image\/","url":"https:\/\/secure.gravatar.com\/avatar\/33e2a2b971dc363ed2df53d0d3bfbd18?s=96&d=mm&r=g","contentUrl":"https:\/\/secure.gravatar.com\/avatar\/33e2a2b971dc363ed2df53d0d3bfbd18?s=96&d=mm&r=g","caption":"P\u00e9ricles C\u00e2ndido"},"sameAs":["ascom@acrimat.org.br"],"url":"https:\/\/acrimat.org.br\/portal\/author\/designergrafico\/"}]}},"_links":{"self":[{"href":"https:\/\/acrimat.org.br\/portal\/wp-json\/wp\/v2\/posts\/97983866","targetHints":{"allow":["GET"]}}],"collection":[{"href":"https:\/\/acrimat.org.br\/portal\/wp-json\/wp\/v2\/posts"}],"about":[{"href":"https:\/\/acrimat.org.br\/portal\/wp-json\/wp\/v2\/types\/post"}],"author":[{"embeddable":true,"href":"https:\/\/acrimat.org.br\/portal\/wp-json\/wp\/v2\/users\/11"}],"replies":[{"embeddable":true,"href":"https:\/\/acrimat.org.br\/portal\/wp-json\/wp\/v2\/comments?post=97983866"}],"version-history":[{"count":2,"href":"https:\/\/acrimat.org.br\/portal\/wp-json\/wp\/v2\/posts\/97983866\/revisions"}],"predecessor-version":[{"id":97983868,"href":"https:\/\/acrimat.org.br\/portal\/wp-json\/wp\/v2\/posts\/97983866\/revisions\/97983868"}],"wp:attachment":[{"href":"https:\/\/acrimat.org.br\/portal\/wp-json\/wp\/v2\/media?parent=97983866"}],"wp:term":[{"taxonomy":"category","embeddable":true,"href":"https:\/\/acrimat.org.br\/portal\/wp-json\/wp\/v2\/categories?post=97983866"},{"taxonomy":"post_tag","embeddable":true,"href":"https:\/\/acrimat.org.br\/portal\/wp-json\/wp\/v2\/tags?post=97983866"}],"curies":[{"name":"wp","href":"https:\/\/api.w.org\/{rel}","templated":true}]}}