{"id":97983869,"date":"2017-10-03T10:12:11","date_gmt":"2017-10-03T13:12:11","guid":{"rendered":"http:\/\/acrimat.org.br\/portal\/?p=97983869"},"modified":"2017-10-03T10:12:20","modified_gmt":"2017-10-03T13:12:20","slug":"pnefa-preve-suspensao-da-vacinacao-em-mt","status":"publish","type":"post","link":"https:\/\/acrimat.org.br\/portal\/pnefa-preve-suspensao-da-vacinacao-em-mt\/","title":{"rendered":"Pnefa prev\u00ea suspens\u00e3o da vacina\u00e7\u00e3o em MT"},"content":{"rendered":"<div id=\"attachment_97979595\" style=\"width: 310px\" class=\"wp-caption alignright\"><a href=\"http:\/\/acrimat.org.br\/portal\/wp-content\/uploads\/2017\/01\/gado24.jpg\"><img fetchpriority=\"high\" decoding=\"async\" aria-describedby=\"caption-attachment-97979595\" class=\"size-medium wp-image-97979595\" src=\"http:\/\/acrimat.org.br\/portal\/wp-content\/uploads\/2017\/01\/gado24-300x225.jpg\" alt=\"\" width=\"300\" height=\"225\" srcset=\"https:\/\/acrimat.org.br\/portal\/wp-content\/uploads\/2017\/01\/gado24-300x225.jpg 300w, https:\/\/acrimat.org.br\/portal\/wp-content\/uploads\/2017\/01\/gado24-250x188.jpg 250w, https:\/\/acrimat.org.br\/portal\/wp-content\/uploads\/2017\/01\/gado24-550x413.jpg 550w, https:\/\/acrimat.org.br\/portal\/wp-content\/uploads\/2017\/01\/gado24-240x180.jpg 240w, https:\/\/acrimat.org.br\/portal\/wp-content\/uploads\/2017\/01\/gado24-400x300.jpg 400w, https:\/\/acrimat.org.br\/portal\/wp-content\/uploads\/2017\/01\/gado24.jpg 640w\" sizes=\"(max-width: 300px) 100vw, 300px\" \/><\/a><p id=\"caption-attachment-97979595\" class=\"wp-caption-text\">Divulga\u00e7\u00e3o<\/p><\/div>\n<p>A vacina\u00e7\u00e3o contra febre aftosa ser\u00e1 suspensa em Mato Grosso em maio de 2021. Esse prazo tamb\u00e9m foi fixado para Mato Grosso do Sul, Paran\u00e1, Rio Grande do Sul e Santa Catarina. Os 5 estados comp\u00f5em o bloco 5, conforme organiza\u00e7\u00e3o geogr\u00e1fica para zonifica\u00e7\u00e3o, estabelecida no Plano Estrat\u00e9gico do Programa Nacional de Erradica\u00e7\u00e3o e Preven\u00e7\u00e3o da Febre Aftosa (Pnefa). O Plano vigora at\u00e9 2026 e foi aprovado nesta segunda-feira (02) pelo Minist\u00e9rio da Agricultura, Pecu\u00e1ria e Abastecimento (Mapa) por meio da Portaria n\u00ba 116, publicada no Di\u00e1rio Oficial da Uni\u00e3o (D.O.U.) e que revoga a Portaria n\u00ba 194 de 29 de novembro de 1994.<\/p>\n<p>Os estados que comp\u00f5em os blocos 4 e 5 est\u00e3o entre os \u00faltimos do pa\u00eds a suspender a imuniza\u00e7\u00e3o do rebanho bovino e bubalino contra a febre aftosa, ou seja, em maio de 2021. Foram enquadrados no bloco 4 os estados da Bahia, Esp\u00edrito Santo, Goi\u00e1s, Minas Gerais, Rio de Janeiro, Sergipe, S\u00e3o Paulo e Tocantins, e Distrito Federal.<\/p>\n<p>\u201cEm 2021 ser\u00e1 feita a \u00faltima vacina\u00e7\u00e3o no Brasil e em Mato Grosso\u201d, resume o diretor do Departamento de Sa\u00fade Animal do Mapa e delegado do Brasil na Organiza\u00e7\u00e3o Mundial de Sa\u00fade Animal (OIE), Guilherme Marques.<\/p>\n<p>Um ano antes, a vacina\u00e7\u00e3o deixar\u00e1 de ser obrigat\u00f3ria nos estados que comp\u00f5em os blocos 2 (Amazonas, Amap\u00e1, Par\u00e1 e Roraima) e 3 (Alagoas, Cear\u00e1, Maranh\u00e3o, Para\u00edba, Pernambuco, Piau\u00ed e Rio Grande do Norte). Esses estados comunicar\u00e3o a OIE em maio de 2020 sobre a suspens\u00e3o da vacina\u00e7\u00e3o.<\/p>\n<p>Os estados do Acre e Rond\u00f4nia, que comp\u00f5em o bloco 1, lideram a a\u00e7\u00e3o de retirada da vacina\u00e7\u00e3o contra febre aftosa, em maio de 2019.<\/p>\n<p>Neste m\u00eas come\u00e7am a ser realizadas reuni\u00f5es para implementa\u00e7\u00e3o dos compromissos e a\u00e7\u00f5es pr\u00e9vias pactuadas pelos Estados. \u201cMato Grosso participa dessa 1\u00aa reuni\u00e3o como convidado, assim como o Amazonas, por manterem fronteiras com o Acre e Rond\u00f4nia, estados do bloco 1\u201d, explica o diretor do Departamento de Sa\u00fade Animal do Mapa. Representantes do Peru e Bol\u00edvia tamb\u00e9m foram convidados.<\/p>\n<p>De acordo com o cronograma para transi\u00e7\u00e3o de status sanit\u00e1rio, os estados dos blocos 2 e 3 come\u00e7am a implementar as a\u00e7\u00f5es nesse sentido at\u00e9 o 2\u00ba semestre de 2019. J\u00e1 os estados dos blocos 4 e 5 iniciam a transi\u00e7\u00e3o at\u00e9 o 2\u00ba semestre de 2020.<\/p>\n<p>\u201cEste novo plano vem ap\u00f3s as sugest\u00f5es feitas pelos Estados, tanto por parte dos \u00d3rg\u00e3os de Defesa como por parte das Associa\u00e7\u00f5es e Federa\u00e7\u00f5es\u201d, lembra o presidente do Instituto de Defesa Agropecu\u00e1ria de Mato Grosso (Indea), Guilherme Nolasco.<\/p>\n","protected":false},"excerpt":{"rendered":"<p>Rebanho bovino de Mato Grosso n\u00e3o vai mais precisar ser vacinado contra aftosa a partir de 2021<\/p>\n","protected":false},"author":11,"featured_media":97979595,"comment_status":"closed","ping_status":"closed","sticky":false,"template":"","format":"standard","meta":{"footnotes":""},"categories":[6,1],"tags":[],"class_list":["post-97983869","post","type-post","status-publish","format-standard","has-post-thumbnail","hentry","category-destaque","category-noticia"],"yoast_head":"<!-- This site is optimized with the Yoast SEO plugin v24.8.1 - https:\/\/yoast.com\/wordpress\/plugins\/seo\/ -->\n<title>Pnefa prev\u00ea suspens\u00e3o da vacina\u00e7\u00e3o em MT - Acrimat<\/title>\n<meta name=\"robots\" content=\"index, follow, max-snippet:-1, max-image-preview:large, max-video-preview:-1\" \/>\n<link rel=\"canonical\" href=\"https:\/\/acrimat.org.br\/portal\/pnefa-preve-suspensao-da-vacinacao-em-mt\/\" \/>\n<meta property=\"og:locale\" content=\"pt_BR\" \/>\n<meta property=\"og:type\" content=\"article\" \/>\n<meta property=\"og:title\" content=\"Pnefa prev\u00ea suspens\u00e3o da vacina\u00e7\u00e3o em MT - Acrimat\" \/>\n<meta property=\"og:description\" content=\"Rebanho bovino de Mato Grosso n\u00e3o vai mais precisar ser vacinado contra aftosa a partir de 2021\" \/>\n<meta property=\"og:url\" content=\"https:\/\/acrimat.org.br\/portal\/pnefa-preve-suspensao-da-vacinacao-em-mt\/\" \/>\n<meta property=\"og:site_name\" content=\"Acrimat\" \/>\n<meta property=\"article:published_time\" content=\"2017-10-03T13:12:11+00:00\" \/>\n<meta property=\"article:modified_time\" content=\"2017-10-03T13:12:20+00:00\" \/>\n<meta property=\"og:image\" content=\"https:\/\/acrimat.org.br\/portal\/wp-content\/uploads\/2017\/01\/gado24.jpg\" \/>\n\t<meta property=\"og:image:width\" content=\"640\" \/>\n\t<meta property=\"og:image:height\" content=\"480\" \/>\n\t<meta property=\"og:image:type\" content=\"image\/jpeg\" \/>\n<meta name=\"author\" content=\"P\u00e9ricles C\u00e2ndido\" \/>\n<meta name=\"twitter:card\" content=\"summary_large_image\" \/>\n<meta name=\"twitter:label1\" content=\"Escrito por\" \/>\n\t<meta name=\"twitter:data1\" content=\"P\u00e9ricles C\u00e2ndido\" \/>\n\t<meta name=\"twitter:label2\" content=\"Est. tempo de leitura\" \/>\n\t<meta name=\"twitter:data2\" content=\"2 minutos\" \/>\n<script type=\"application\/ld+json\" class=\"yoast-schema-graph\">{\"@context\":\"https:\/\/schema.org\",\"@graph\":[{\"@type\":\"Article\",\"@id\":\"https:\/\/acrimat.org.br\/portal\/pnefa-preve-suspensao-da-vacinacao-em-mt\/#article\",\"isPartOf\":{\"@id\":\"https:\/\/acrimat.org.br\/portal\/pnefa-preve-suspensao-da-vacinacao-em-mt\/\"},\"author\":{\"name\":\"P\u00e9ricles C\u00e2ndido\",\"@id\":\"https:\/\/acrimat.org.br\/portal\/#\/schema\/person\/18df8bcf6890e924fe5d8b5afd2bec0f\"},\"headline\":\"Pnefa prev\u00ea suspens\u00e3o da vacina\u00e7\u00e3o em MT\",\"datePublished\":\"2017-10-03T13:12:11+00:00\",\"dateModified\":\"2017-10-03T13:12:20+00:00\",\"mainEntityOfPage\":{\"@id\":\"https:\/\/acrimat.org.br\/portal\/pnefa-preve-suspensao-da-vacinacao-em-mt\/\"},\"wordCount\":465,\"publisher\":{\"@id\":\"https:\/\/acrimat.org.br\/portal\/#organization\"},\"image\":{\"@id\":\"https:\/\/acrimat.org.br\/portal\/pnefa-preve-suspensao-da-vacinacao-em-mt\/#primaryimage\"},\"thumbnailUrl\":\"https:\/\/acrimat.org.br\/portal\/wp-content\/uploads\/2017\/01\/gado24.jpg\",\"articleSection\":[\"Destaques\",\"Not\u00edcias\"],\"inLanguage\":\"pt-BR\"},{\"@type\":\"WebPage\",\"@id\":\"https:\/\/acrimat.org.br\/portal\/pnefa-preve-suspensao-da-vacinacao-em-mt\/\",\"url\":\"https:\/\/acrimat.org.br\/portal\/pnefa-preve-suspensao-da-vacinacao-em-mt\/\",\"name\":\"Pnefa prev\u00ea suspens\u00e3o da vacina\u00e7\u00e3o em MT - Acrimat\",\"isPartOf\":{\"@id\":\"https:\/\/acrimat.org.br\/portal\/#website\"},\"primaryImageOfPage\":{\"@id\":\"https:\/\/acrimat.org.br\/portal\/pnefa-preve-suspensao-da-vacinacao-em-mt\/#primaryimage\"},\"image\":{\"@id\":\"https:\/\/acrimat.org.br\/portal\/pnefa-preve-suspensao-da-vacinacao-em-mt\/#primaryimage\"},\"thumbnailUrl\":\"https:\/\/acrimat.org.br\/portal\/wp-content\/uploads\/2017\/01\/gado24.jpg\",\"datePublished\":\"2017-10-03T13:12:11+00:00\",\"dateModified\":\"2017-10-03T13:12:20+00:00\",\"breadcrumb\":{\"@id\":\"https:\/\/acrimat.org.br\/portal\/pnefa-preve-suspensao-da-vacinacao-em-mt\/#breadcrumb\"},\"inLanguage\":\"pt-BR\",\"potentialAction\":[{\"@type\":\"ReadAction\",\"target\":[\"https:\/\/acrimat.org.br\/portal\/pnefa-preve-suspensao-da-vacinacao-em-mt\/\"]}]},{\"@type\":\"ImageObject\",\"inLanguage\":\"pt-BR\",\"@id\":\"https:\/\/acrimat.org.br\/portal\/pnefa-preve-suspensao-da-vacinacao-em-mt\/#primaryimage\",\"url\":\"https:\/\/acrimat.org.br\/portal\/wp-content\/uploads\/2017\/01\/gado24.jpg\",\"contentUrl\":\"https:\/\/acrimat.org.br\/portal\/wp-content\/uploads\/2017\/01\/gado24.jpg\",\"width\":640,\"height\":480,\"caption\":\"Divulga\u00e7\u00e3o\"},{\"@type\":\"BreadcrumbList\",\"@id\":\"https:\/\/acrimat.org.br\/portal\/pnefa-preve-suspensao-da-vacinacao-em-mt\/#breadcrumb\",\"itemListElement\":[{\"@type\":\"ListItem\",\"position\":1,\"name\":\"In\u00edcio\",\"item\":\"https:\/\/acrimat.org.br\/portal\/\"},{\"@type\":\"ListItem\",\"position\":2,\"name\":\"Pnefa prev\u00ea suspens\u00e3o da vacina\u00e7\u00e3o em MT\"}]},{\"@type\":\"WebSite\",\"@id\":\"https:\/\/acrimat.org.br\/portal\/#website\",\"url\":\"https:\/\/acrimat.org.br\/portal\/\",\"name\":\"Acrimat\",\"description\":\"Associa\u00e7\u00e3o dos Criadores de Mato Grosso\",\"publisher\":{\"@id\":\"https:\/\/acrimat.org.br\/portal\/#organization\"},\"potentialAction\":[{\"@type\":\"SearchAction\",\"target\":{\"@type\":\"EntryPoint\",\"urlTemplate\":\"https:\/\/acrimat.org.br\/portal\/?s={search_term_string}\"},\"query-input\":{\"@type\":\"PropertyValueSpecification\",\"valueRequired\":true,\"valueName\":\"search_term_string\"}}],\"inLanguage\":\"pt-BR\"},{\"@type\":\"Organization\",\"@id\":\"https:\/\/acrimat.org.br\/portal\/#organization\",\"name\":\"Associa\u00e7\u00e3o dos Criadores de Mato Grosso\",\"url\":\"https:\/\/acrimat.org.br\/portal\/\",\"logo\":{\"@type\":\"ImageObject\",\"inLanguage\":\"pt-BR\",\"@id\":\"https:\/\/acrimat.org.br\/portal\/#\/schema\/logo\/image\/\",\"url\":\"https:\/\/acrimat.org.br\/portal\/wp-content\/uploads\/2018\/03\/logo-peq-original.png\",\"contentUrl\":\"https:\/\/acrimat.org.br\/portal\/wp-content\/uploads\/2018\/03\/logo-peq-original.png\",\"width\":174,\"height\":171,\"caption\":\"Associa\u00e7\u00e3o dos Criadores de Mato Grosso\"},\"image\":{\"@id\":\"https:\/\/acrimat.org.br\/portal\/#\/schema\/logo\/image\/\"}},{\"@type\":\"Person\",\"@id\":\"https:\/\/acrimat.org.br\/portal\/#\/schema\/person\/18df8bcf6890e924fe5d8b5afd2bec0f\",\"name\":\"P\u00e9ricles C\u00e2ndido\",\"image\":{\"@type\":\"ImageObject\",\"inLanguage\":\"pt-BR\",\"@id\":\"https:\/\/acrimat.org.br\/portal\/#\/schema\/person\/image\/\",\"url\":\"https:\/\/secure.gravatar.com\/avatar\/33e2a2b971dc363ed2df53d0d3bfbd18?s=96&d=mm&r=g\",\"contentUrl\":\"https:\/\/secure.gravatar.com\/avatar\/33e2a2b971dc363ed2df53d0d3bfbd18?s=96&d=mm&r=g\",\"caption\":\"P\u00e9ricles C\u00e2ndido\"},\"sameAs\":[\"ascom@acrimat.org.br\"],\"url\":\"https:\/\/acrimat.org.br\/portal\/author\/designergrafico\/\"}]}<\/script>\n<!-- \/ Yoast SEO plugin. -->","yoast_head_json":{"title":"Pnefa prev\u00ea suspens\u00e3o da vacina\u00e7\u00e3o em MT - Acrimat","robots":{"index":"index","follow":"follow","max-snippet":"max-snippet:-1","max-image-preview":"max-image-preview:large","max-video-preview":"max-video-preview:-1"},"canonical":"https:\/\/acrimat.org.br\/portal\/pnefa-preve-suspensao-da-vacinacao-em-mt\/","og_locale":"pt_BR","og_type":"article","og_title":"Pnefa prev\u00ea suspens\u00e3o da vacina\u00e7\u00e3o em MT - Acrimat","og_description":"Rebanho bovino de Mato Grosso n\u00e3o vai mais precisar ser vacinado contra aftosa a partir de 2021","og_url":"https:\/\/acrimat.org.br\/portal\/pnefa-preve-suspensao-da-vacinacao-em-mt\/","og_site_name":"Acrimat","article_published_time":"2017-10-03T13:12:11+00:00","article_modified_time":"2017-10-03T13:12:20+00:00","og_image":[{"width":640,"height":480,"url":"https:\/\/acrimat.org.br\/portal\/wp-content\/uploads\/2017\/01\/gado24.jpg","type":"image\/jpeg"}],"author":"P\u00e9ricles C\u00e2ndido","twitter_card":"summary_large_image","twitter_misc":{"Escrito por":"P\u00e9ricles C\u00e2ndido","Est. tempo de leitura":"2 minutos"},"schema":{"@context":"https:\/\/schema.org","@graph":[{"@type":"Article","@id":"https:\/\/acrimat.org.br\/portal\/pnefa-preve-suspensao-da-vacinacao-em-mt\/#article","isPartOf":{"@id":"https:\/\/acrimat.org.br\/portal\/pnefa-preve-suspensao-da-vacinacao-em-mt\/"},"author":{"name":"P\u00e9ricles C\u00e2ndido","@id":"https:\/\/acrimat.org.br\/portal\/#\/schema\/person\/18df8bcf6890e924fe5d8b5afd2bec0f"},"headline":"Pnefa prev\u00ea suspens\u00e3o da vacina\u00e7\u00e3o em MT","datePublished":"2017-10-03T13:12:11+00:00","dateModified":"2017-10-03T13:12:20+00:00","mainEntityOfPage":{"@id":"https:\/\/acrimat.org.br\/portal\/pnefa-preve-suspensao-da-vacinacao-em-mt\/"},"wordCount":465,"publisher":{"@id":"https:\/\/acrimat.org.br\/portal\/#organization"},"image":{"@id":"https:\/\/acrimat.org.br\/portal\/pnefa-preve-suspensao-da-vacinacao-em-mt\/#primaryimage"},"thumbnailUrl":"https:\/\/acrimat.org.br\/portal\/wp-content\/uploads\/2017\/01\/gado24.jpg","articleSection":["Destaques","Not\u00edcias"],"inLanguage":"pt-BR"},{"@type":"WebPage","@id":"https:\/\/acrimat.org.br\/portal\/pnefa-preve-suspensao-da-vacinacao-em-mt\/","url":"https:\/\/acrimat.org.br\/portal\/pnefa-preve-suspensao-da-vacinacao-em-mt\/","name":"Pnefa prev\u00ea suspens\u00e3o da vacina\u00e7\u00e3o em MT - Acrimat","isPartOf":{"@id":"https:\/\/acrimat.org.br\/portal\/#website"},"primaryImageOfPage":{"@id":"https:\/\/acrimat.org.br\/portal\/pnefa-preve-suspensao-da-vacinacao-em-mt\/#primaryimage"},"image":{"@id":"https:\/\/acrimat.org.br\/portal\/pnefa-preve-suspensao-da-vacinacao-em-mt\/#primaryimage"},"thumbnailUrl":"https:\/\/acrimat.org.br\/portal\/wp-content\/uploads\/2017\/01\/gado24.jpg","datePublished":"2017-10-03T13:12:11+00:00","dateModified":"2017-10-03T13:12:20+00:00","breadcrumb":{"@id":"https:\/\/acrimat.org.br\/portal\/pnefa-preve-suspensao-da-vacinacao-em-mt\/#breadcrumb"},"inLanguage":"pt-BR","potentialAction":[{"@type":"ReadAction","target":["https:\/\/acrimat.org.br\/portal\/pnefa-preve-suspensao-da-vacinacao-em-mt\/"]}]},{"@type":"ImageObject","inLanguage":"pt-BR","@id":"https:\/\/acrimat.org.br\/portal\/pnefa-preve-suspensao-da-vacinacao-em-mt\/#primaryimage","url":"https:\/\/acrimat.org.br\/portal\/wp-content\/uploads\/2017\/01\/gado24.jpg","contentUrl":"https:\/\/acrimat.org.br\/portal\/wp-content\/uploads\/2017\/01\/gado24.jpg","width":640,"height":480,"caption":"Divulga\u00e7\u00e3o"},{"@type":"BreadcrumbList","@id":"https:\/\/acrimat.org.br\/portal\/pnefa-preve-suspensao-da-vacinacao-em-mt\/#breadcrumb","itemListElement":[{"@type":"ListItem","position":1,"name":"In\u00edcio","item":"https:\/\/acrimat.org.br\/portal\/"},{"@type":"ListItem","position":2,"name":"Pnefa prev\u00ea suspens\u00e3o da vacina\u00e7\u00e3o em MT"}]},{"@type":"WebSite","@id":"https:\/\/acrimat.org.br\/portal\/#website","url":"https:\/\/acrimat.org.br\/portal\/","name":"Acrimat","description":"Associa\u00e7\u00e3o dos Criadores de Mato Grosso","publisher":{"@id":"https:\/\/acrimat.org.br\/portal\/#organization"},"potentialAction":[{"@type":"SearchAction","target":{"@type":"EntryPoint","urlTemplate":"https:\/\/acrimat.org.br\/portal\/?s={search_term_string}"},"query-input":{"@type":"PropertyValueSpecification","valueRequired":true,"valueName":"search_term_string"}}],"inLanguage":"pt-BR"},{"@type":"Organization","@id":"https:\/\/acrimat.org.br\/portal\/#organization","name":"Associa\u00e7\u00e3o dos Criadores de Mato Grosso","url":"https:\/\/acrimat.org.br\/portal\/","logo":{"@type":"ImageObject","inLanguage":"pt-BR","@id":"https:\/\/acrimat.org.br\/portal\/#\/schema\/logo\/image\/","url":"https:\/\/acrimat.org.br\/portal\/wp-content\/uploads\/2018\/03\/logo-peq-original.png","contentUrl":"https:\/\/acrimat.org.br\/portal\/wp-content\/uploads\/2018\/03\/logo-peq-original.png","width":174,"height":171,"caption":"Associa\u00e7\u00e3o dos Criadores de Mato Grosso"},"image":{"@id":"https:\/\/acrimat.org.br\/portal\/#\/schema\/logo\/image\/"}},{"@type":"Person","@id":"https:\/\/acrimat.org.br\/portal\/#\/schema\/person\/18df8bcf6890e924fe5d8b5afd2bec0f","name":"P\u00e9ricles C\u00e2ndido","image":{"@type":"ImageObject","inLanguage":"pt-BR","@id":"https:\/\/acrimat.org.br\/portal\/#\/schema\/person\/image\/","url":"https:\/\/secure.gravatar.com\/avatar\/33e2a2b971dc363ed2df53d0d3bfbd18?s=96&d=mm&r=g","contentUrl":"https:\/\/secure.gravatar.com\/avatar\/33e2a2b971dc363ed2df53d0d3bfbd18?s=96&d=mm&r=g","caption":"P\u00e9ricles C\u00e2ndido"},"sameAs":["ascom@acrimat.org.br"],"url":"https:\/\/acrimat.org.br\/portal\/author\/designergrafico\/"}]}},"_links":{"self":[{"href":"https:\/\/acrimat.org.br\/portal\/wp-json\/wp\/v2\/posts\/97983869","targetHints":{"allow":["GET"]}}],"collection":[{"href":"https:\/\/acrimat.org.br\/portal\/wp-json\/wp\/v2\/posts"}],"about":[{"href":"https:\/\/acrimat.org.br\/portal\/wp-json\/wp\/v2\/types\/post"}],"author":[{"embeddable":true,"href":"https:\/\/acrimat.org.br\/portal\/wp-json\/wp\/v2\/users\/11"}],"replies":[{"embeddable":true,"href":"https:\/\/acrimat.org.br\/portal\/wp-json\/wp\/v2\/comments?post=97983869"}],"version-history":[{"count":2,"href":"https:\/\/acrimat.org.br\/portal\/wp-json\/wp\/v2\/posts\/97983869\/revisions"}],"predecessor-version":[{"id":97983871,"href":"https:\/\/acrimat.org.br\/portal\/wp-json\/wp\/v2\/posts\/97983869\/revisions\/97983871"}],"wp:featuredmedia":[{"embeddable":true,"href":"https:\/\/acrimat.org.br\/portal\/wp-json\/wp\/v2\/media\/97979595"}],"wp:attachment":[{"href":"https:\/\/acrimat.org.br\/portal\/wp-json\/wp\/v2\/media?parent=97983869"}],"wp:term":[{"taxonomy":"category","embeddable":true,"href":"https:\/\/acrimat.org.br\/portal\/wp-json\/wp\/v2\/categories?post=97983869"},{"taxonomy":"post_tag","embeddable":true,"href":"https:\/\/acrimat.org.br\/portal\/wp-json\/wp\/v2\/tags?post=97983869"}],"curies":[{"name":"wp","href":"https:\/\/api.w.org\/{rel}","templated":true}]}}