{"id":97983872,"date":"2017-10-03T10:11:50","date_gmt":"2017-10-03T13:11:50","guid":{"rendered":"http:\/\/acrimat.org.br\/portal\/?p=97983872"},"modified":"2017-10-03T10:11:50","modified_gmt":"2017-10-03T13:11:50","slug":"faturamento-fica-acima-da-media","status":"publish","type":"post","link":"https:\/\/acrimat.org.br\/portal\/faturamento-fica-acima-da-media\/","title":{"rendered":"Faturamento fica acima da m\u00e9dia"},"content":{"rendered":"<p>O faturamento mensal proveniente das vendas de carne bovina in natura de Mato Grosso para o mercado internacional em 2017 est\u00e1 acima da m\u00e9dia verificada em 2016. Enquanto no \u00faltimo ano os neg\u00f3cios gerados com a comercializa\u00e7\u00e3o da prote\u00edna animal movimentaram cerca de US$ 74,280 milh\u00f5es por m\u00eas, este ano o patamar m\u00e9dio alcan\u00e7a U$S 86,980 milh\u00f5es. O comparativo realizado pelo Instituto Mato-grossense de Economia Agropecu\u00e1ria (Imea) indica crescimento de 17% no retorno financeiro obtido com a comercializa\u00e7\u00e3o da carne bovina. De janeiro a agosto, j\u00e1 foram movimentados US$ 695,810 milh\u00f5es com os embarques 210,030 mil toneladas equivalente carca\u00e7a (TEC) de carne in natura para o mercado externo.<\/p>\n<p>Em volume f\u00edsico, a m\u00e9dia mensal de exporta\u00e7\u00e3o est\u00e1 em 26,250 mil TEC este ano, ante 23 mil\/ TEC\/m\u00eas em 2016. De um ano para o outro, o crescimento mensal \u00e9 de 14,11%, aponta o Imea.<\/p>\n<p>Com o crescimento das vendas externas, o aproveitamento da capacidade instalada das ind\u00fastrias frigor\u00edficas saltou de uma m\u00e9dia de 43,4% em janeiro deste ano para 57% em agosto.<\/p>\n<p>Na tentativa de ampliar o mercado para os produtos brasileiros, o ministro da Agricultura, Blairo Maggi (PP) embarcou nessa segunda-feira (02) para a R\u00fassia. Ele chefia miss\u00e3o brasileira que visitar\u00e1 tamb\u00e9m a Alemanha. \u201cVou participar de uma das maiores feiras agropecu\u00e1rias da R\u00fassia, (que \u00e9) um dos principais parceiros do agro brasileiro. Tamb\u00e9m vamos tratar de ampliar as plantas frigor\u00edficas a exportar\u201d, avisou o ministro. Hoje (03), Maggi se re\u00fane com o ministro da Agricultura russo, Alexander Tkatchev, em Moscou, para tratar de temas de interesse dos dois pa\u00edses. A agenda prev\u00ea para amanh\u00e3 (04) a participa\u00e7\u00e3o na abertura oficial da Feira Agroindustrial Outono Dourado 2017 e no F\u00f3rum de Agroneg\u00f3cios.<\/p>\n","protected":false},"excerpt":{"rendered":"<p>Carne bovina in natura de MT apresenta um desempenho melhor<\/p>\n","protected":false},"author":11,"featured_media":97977355,"comment_status":"closed","ping_status":"closed","sticky":false,"template":"","format":"standard","meta":{"footnotes":""},"categories":[6,1],"tags":[],"class_list":["post-97983872","post","type-post","status-publish","format-standard","has-post-thumbnail","hentry","category-destaque","category-noticia"],"yoast_head":"<!-- This site is optimized with the Yoast SEO plugin v24.8.1 - https:\/\/yoast.com\/wordpress\/plugins\/seo\/ -->\n<title>Faturamento fica acima da m\u00e9dia - Acrimat<\/title>\n<meta name=\"robots\" content=\"index, follow, max-snippet:-1, max-image-preview:large, max-video-preview:-1\" \/>\n<link rel=\"canonical\" href=\"https:\/\/acrimat.org.br\/portal\/faturamento-fica-acima-da-media\/\" \/>\n<meta property=\"og:locale\" content=\"pt_BR\" \/>\n<meta property=\"og:type\" content=\"article\" \/>\n<meta property=\"og:title\" content=\"Faturamento fica acima da m\u00e9dia - Acrimat\" \/>\n<meta property=\"og:description\" content=\"Carne bovina in natura de MT apresenta um desempenho melhor\" \/>\n<meta property=\"og:url\" content=\"https:\/\/acrimat.org.br\/portal\/faturamento-fica-acima-da-media\/\" \/>\n<meta property=\"og:site_name\" content=\"Acrimat\" \/>\n<meta property=\"article:published_time\" content=\"2017-10-03T13:11:50+00:00\" \/>\n<meta property=\"og:image\" content=\"https:\/\/acrimat.org.br\/portal\/wp-content\/uploads\/2016\/08\/exportacoes_brasileiras1.jpeg\" \/>\n\t<meta property=\"og:image:width\" content=\"400\" \/>\n\t<meta property=\"og:image:height\" content=\"257\" \/>\n\t<meta property=\"og:image:type\" content=\"image\/jpeg\" \/>\n<meta name=\"author\" content=\"P\u00e9ricles C\u00e2ndido\" \/>\n<meta name=\"twitter:card\" content=\"summary_large_image\" \/>\n<meta name=\"twitter:label1\" content=\"Escrito por\" \/>\n\t<meta name=\"twitter:data1\" content=\"P\u00e9ricles C\u00e2ndido\" \/>\n\t<meta name=\"twitter:label2\" content=\"Est. tempo de leitura\" \/>\n\t<meta name=\"twitter:data2\" content=\"1 minuto\" \/>\n<script type=\"application\/ld+json\" class=\"yoast-schema-graph\">{\"@context\":\"https:\/\/schema.org\",\"@graph\":[{\"@type\":\"Article\",\"@id\":\"https:\/\/acrimat.org.br\/portal\/faturamento-fica-acima-da-media\/#article\",\"isPartOf\":{\"@id\":\"https:\/\/acrimat.org.br\/portal\/faturamento-fica-acima-da-media\/\"},\"author\":{\"name\":\"P\u00e9ricles C\u00e2ndido\",\"@id\":\"https:\/\/acrimat.org.br\/portal\/#\/schema\/person\/18df8bcf6890e924fe5d8b5afd2bec0f\"},\"headline\":\"Faturamento fica acima da m\u00e9dia\",\"datePublished\":\"2017-10-03T13:11:50+00:00\",\"mainEntityOfPage\":{\"@id\":\"https:\/\/acrimat.org.br\/portal\/faturamento-fica-acima-da-media\/\"},\"wordCount\":304,\"publisher\":{\"@id\":\"https:\/\/acrimat.org.br\/portal\/#organization\"},\"image\":{\"@id\":\"https:\/\/acrimat.org.br\/portal\/faturamento-fica-acima-da-media\/#primaryimage\"},\"thumbnailUrl\":\"https:\/\/acrimat.org.br\/portal\/wp-content\/uploads\/2016\/08\/exportacoes_brasileiras1.jpeg\",\"articleSection\":[\"Destaques\",\"Not\u00edcias\"],\"inLanguage\":\"pt-BR\"},{\"@type\":\"WebPage\",\"@id\":\"https:\/\/acrimat.org.br\/portal\/faturamento-fica-acima-da-media\/\",\"url\":\"https:\/\/acrimat.org.br\/portal\/faturamento-fica-acima-da-media\/\",\"name\":\"Faturamento fica acima da m\u00e9dia - Acrimat\",\"isPartOf\":{\"@id\":\"https:\/\/acrimat.org.br\/portal\/#website\"},\"primaryImageOfPage\":{\"@id\":\"https:\/\/acrimat.org.br\/portal\/faturamento-fica-acima-da-media\/#primaryimage\"},\"image\":{\"@id\":\"https:\/\/acrimat.org.br\/portal\/faturamento-fica-acima-da-media\/#primaryimage\"},\"thumbnailUrl\":\"https:\/\/acrimat.org.br\/portal\/wp-content\/uploads\/2016\/08\/exportacoes_brasileiras1.jpeg\",\"datePublished\":\"2017-10-03T13:11:50+00:00\",\"breadcrumb\":{\"@id\":\"https:\/\/acrimat.org.br\/portal\/faturamento-fica-acima-da-media\/#breadcrumb\"},\"inLanguage\":\"pt-BR\",\"potentialAction\":[{\"@type\":\"ReadAction\",\"target\":[\"https:\/\/acrimat.org.br\/portal\/faturamento-fica-acima-da-media\/\"]}]},{\"@type\":\"ImageObject\",\"inLanguage\":\"pt-BR\",\"@id\":\"https:\/\/acrimat.org.br\/portal\/faturamento-fica-acima-da-media\/#primaryimage\",\"url\":\"https:\/\/acrimat.org.br\/portal\/wp-content\/uploads\/2016\/08\/exportacoes_brasileiras1.jpeg\",\"contentUrl\":\"https:\/\/acrimat.org.br\/portal\/wp-content\/uploads\/2016\/08\/exportacoes_brasileiras1.jpeg\",\"width\":400,\"height\":257},{\"@type\":\"BreadcrumbList\",\"@id\":\"https:\/\/acrimat.org.br\/portal\/faturamento-fica-acima-da-media\/#breadcrumb\",\"itemListElement\":[{\"@type\":\"ListItem\",\"position\":1,\"name\":\"In\u00edcio\",\"item\":\"https:\/\/acrimat.org.br\/portal\/\"},{\"@type\":\"ListItem\",\"position\":2,\"name\":\"Faturamento fica acima da m\u00e9dia\"}]},{\"@type\":\"WebSite\",\"@id\":\"https:\/\/acrimat.org.br\/portal\/#website\",\"url\":\"https:\/\/acrimat.org.br\/portal\/\",\"name\":\"Acrimat\",\"description\":\"Associa\u00e7\u00e3o dos Criadores de Mato Grosso\",\"publisher\":{\"@id\":\"https:\/\/acrimat.org.br\/portal\/#organization\"},\"potentialAction\":[{\"@type\":\"SearchAction\",\"target\":{\"@type\":\"EntryPoint\",\"urlTemplate\":\"https:\/\/acrimat.org.br\/portal\/?s={search_term_string}\"},\"query-input\":{\"@type\":\"PropertyValueSpecification\",\"valueRequired\":true,\"valueName\":\"search_term_string\"}}],\"inLanguage\":\"pt-BR\"},{\"@type\":\"Organization\",\"@id\":\"https:\/\/acrimat.org.br\/portal\/#organization\",\"name\":\"Associa\u00e7\u00e3o dos Criadores de Mato Grosso\",\"url\":\"https:\/\/acrimat.org.br\/portal\/\",\"logo\":{\"@type\":\"ImageObject\",\"inLanguage\":\"pt-BR\",\"@id\":\"https:\/\/acrimat.org.br\/portal\/#\/schema\/logo\/image\/\",\"url\":\"https:\/\/acrimat.org.br\/portal\/wp-content\/uploads\/2018\/03\/logo-peq-original.png\",\"contentUrl\":\"https:\/\/acrimat.org.br\/portal\/wp-content\/uploads\/2018\/03\/logo-peq-original.png\",\"width\":174,\"height\":171,\"caption\":\"Associa\u00e7\u00e3o dos Criadores de Mato Grosso\"},\"image\":{\"@id\":\"https:\/\/acrimat.org.br\/portal\/#\/schema\/logo\/image\/\"}},{\"@type\":\"Person\",\"@id\":\"https:\/\/acrimat.org.br\/portal\/#\/schema\/person\/18df8bcf6890e924fe5d8b5afd2bec0f\",\"name\":\"P\u00e9ricles C\u00e2ndido\",\"image\":{\"@type\":\"ImageObject\",\"inLanguage\":\"pt-BR\",\"@id\":\"https:\/\/acrimat.org.br\/portal\/#\/schema\/person\/image\/\",\"url\":\"https:\/\/secure.gravatar.com\/avatar\/33e2a2b971dc363ed2df53d0d3bfbd18?s=96&d=mm&r=g\",\"contentUrl\":\"https:\/\/secure.gravatar.com\/avatar\/33e2a2b971dc363ed2df53d0d3bfbd18?s=96&d=mm&r=g\",\"caption\":\"P\u00e9ricles C\u00e2ndido\"},\"sameAs\":[\"ascom@acrimat.org.br\"],\"url\":\"https:\/\/acrimat.org.br\/portal\/author\/designergrafico\/\"}]}<\/script>\n<!-- \/ Yoast SEO plugin. -->","yoast_head_json":{"title":"Faturamento fica acima da m\u00e9dia - Acrimat","robots":{"index":"index","follow":"follow","max-snippet":"max-snippet:-1","max-image-preview":"max-image-preview:large","max-video-preview":"max-video-preview:-1"},"canonical":"https:\/\/acrimat.org.br\/portal\/faturamento-fica-acima-da-media\/","og_locale":"pt_BR","og_type":"article","og_title":"Faturamento fica acima da m\u00e9dia - Acrimat","og_description":"Carne bovina in natura de MT apresenta um desempenho melhor","og_url":"https:\/\/acrimat.org.br\/portal\/faturamento-fica-acima-da-media\/","og_site_name":"Acrimat","article_published_time":"2017-10-03T13:11:50+00:00","og_image":[{"width":400,"height":257,"url":"https:\/\/acrimat.org.br\/portal\/wp-content\/uploads\/2016\/08\/exportacoes_brasileiras1.jpeg","type":"image\/jpeg"}],"author":"P\u00e9ricles C\u00e2ndido","twitter_card":"summary_large_image","twitter_misc":{"Escrito por":"P\u00e9ricles C\u00e2ndido","Est. tempo de leitura":"1 minuto"},"schema":{"@context":"https:\/\/schema.org","@graph":[{"@type":"Article","@id":"https:\/\/acrimat.org.br\/portal\/faturamento-fica-acima-da-media\/#article","isPartOf":{"@id":"https:\/\/acrimat.org.br\/portal\/faturamento-fica-acima-da-media\/"},"author":{"name":"P\u00e9ricles C\u00e2ndido","@id":"https:\/\/acrimat.org.br\/portal\/#\/schema\/person\/18df8bcf6890e924fe5d8b5afd2bec0f"},"headline":"Faturamento fica acima da m\u00e9dia","datePublished":"2017-10-03T13:11:50+00:00","mainEntityOfPage":{"@id":"https:\/\/acrimat.org.br\/portal\/faturamento-fica-acima-da-media\/"},"wordCount":304,"publisher":{"@id":"https:\/\/acrimat.org.br\/portal\/#organization"},"image":{"@id":"https:\/\/acrimat.org.br\/portal\/faturamento-fica-acima-da-media\/#primaryimage"},"thumbnailUrl":"https:\/\/acrimat.org.br\/portal\/wp-content\/uploads\/2016\/08\/exportacoes_brasileiras1.jpeg","articleSection":["Destaques","Not\u00edcias"],"inLanguage":"pt-BR"},{"@type":"WebPage","@id":"https:\/\/acrimat.org.br\/portal\/faturamento-fica-acima-da-media\/","url":"https:\/\/acrimat.org.br\/portal\/faturamento-fica-acima-da-media\/","name":"Faturamento fica acima da m\u00e9dia - Acrimat","isPartOf":{"@id":"https:\/\/acrimat.org.br\/portal\/#website"},"primaryImageOfPage":{"@id":"https:\/\/acrimat.org.br\/portal\/faturamento-fica-acima-da-media\/#primaryimage"},"image":{"@id":"https:\/\/acrimat.org.br\/portal\/faturamento-fica-acima-da-media\/#primaryimage"},"thumbnailUrl":"https:\/\/acrimat.org.br\/portal\/wp-content\/uploads\/2016\/08\/exportacoes_brasileiras1.jpeg","datePublished":"2017-10-03T13:11:50+00:00","breadcrumb":{"@id":"https:\/\/acrimat.org.br\/portal\/faturamento-fica-acima-da-media\/#breadcrumb"},"inLanguage":"pt-BR","potentialAction":[{"@type":"ReadAction","target":["https:\/\/acrimat.org.br\/portal\/faturamento-fica-acima-da-media\/"]}]},{"@type":"ImageObject","inLanguage":"pt-BR","@id":"https:\/\/acrimat.org.br\/portal\/faturamento-fica-acima-da-media\/#primaryimage","url":"https:\/\/acrimat.org.br\/portal\/wp-content\/uploads\/2016\/08\/exportacoes_brasileiras1.jpeg","contentUrl":"https:\/\/acrimat.org.br\/portal\/wp-content\/uploads\/2016\/08\/exportacoes_brasileiras1.jpeg","width":400,"height":257},{"@type":"BreadcrumbList","@id":"https:\/\/acrimat.org.br\/portal\/faturamento-fica-acima-da-media\/#breadcrumb","itemListElement":[{"@type":"ListItem","position":1,"name":"In\u00edcio","item":"https:\/\/acrimat.org.br\/portal\/"},{"@type":"ListItem","position":2,"name":"Faturamento fica acima da m\u00e9dia"}]},{"@type":"WebSite","@id":"https:\/\/acrimat.org.br\/portal\/#website","url":"https:\/\/acrimat.org.br\/portal\/","name":"Acrimat","description":"Associa\u00e7\u00e3o dos Criadores de Mato Grosso","publisher":{"@id":"https:\/\/acrimat.org.br\/portal\/#organization"},"potentialAction":[{"@type":"SearchAction","target":{"@type":"EntryPoint","urlTemplate":"https:\/\/acrimat.org.br\/portal\/?s={search_term_string}"},"query-input":{"@type":"PropertyValueSpecification","valueRequired":true,"valueName":"search_term_string"}}],"inLanguage":"pt-BR"},{"@type":"Organization","@id":"https:\/\/acrimat.org.br\/portal\/#organization","name":"Associa\u00e7\u00e3o dos Criadores de Mato Grosso","url":"https:\/\/acrimat.org.br\/portal\/","logo":{"@type":"ImageObject","inLanguage":"pt-BR","@id":"https:\/\/acrimat.org.br\/portal\/#\/schema\/logo\/image\/","url":"https:\/\/acrimat.org.br\/portal\/wp-content\/uploads\/2018\/03\/logo-peq-original.png","contentUrl":"https:\/\/acrimat.org.br\/portal\/wp-content\/uploads\/2018\/03\/logo-peq-original.png","width":174,"height":171,"caption":"Associa\u00e7\u00e3o dos Criadores de Mato Grosso"},"image":{"@id":"https:\/\/acrimat.org.br\/portal\/#\/schema\/logo\/image\/"}},{"@type":"Person","@id":"https:\/\/acrimat.org.br\/portal\/#\/schema\/person\/18df8bcf6890e924fe5d8b5afd2bec0f","name":"P\u00e9ricles C\u00e2ndido","image":{"@type":"ImageObject","inLanguage":"pt-BR","@id":"https:\/\/acrimat.org.br\/portal\/#\/schema\/person\/image\/","url":"https:\/\/secure.gravatar.com\/avatar\/33e2a2b971dc363ed2df53d0d3bfbd18?s=96&d=mm&r=g","contentUrl":"https:\/\/secure.gravatar.com\/avatar\/33e2a2b971dc363ed2df53d0d3bfbd18?s=96&d=mm&r=g","caption":"P\u00e9ricles C\u00e2ndido"},"sameAs":["ascom@acrimat.org.br"],"url":"https:\/\/acrimat.org.br\/portal\/author\/designergrafico\/"}]}},"_links":{"self":[{"href":"https:\/\/acrimat.org.br\/portal\/wp-json\/wp\/v2\/posts\/97983872","targetHints":{"allow":["GET"]}}],"collection":[{"href":"https:\/\/acrimat.org.br\/portal\/wp-json\/wp\/v2\/posts"}],"about":[{"href":"https:\/\/acrimat.org.br\/portal\/wp-json\/wp\/v2\/types\/post"}],"author":[{"embeddable":true,"href":"https:\/\/acrimat.org.br\/portal\/wp-json\/wp\/v2\/users\/11"}],"replies":[{"embeddable":true,"href":"https:\/\/acrimat.org.br\/portal\/wp-json\/wp\/v2\/comments?post=97983872"}],"version-history":[{"count":1,"href":"https:\/\/acrimat.org.br\/portal\/wp-json\/wp\/v2\/posts\/97983872\/revisions"}],"predecessor-version":[{"id":97983873,"href":"https:\/\/acrimat.org.br\/portal\/wp-json\/wp\/v2\/posts\/97983872\/revisions\/97983873"}],"wp:featuredmedia":[{"embeddable":true,"href":"https:\/\/acrimat.org.br\/portal\/wp-json\/wp\/v2\/media\/97977355"}],"wp:attachment":[{"href":"https:\/\/acrimat.org.br\/portal\/wp-json\/wp\/v2\/media?parent=97983872"}],"wp:term":[{"taxonomy":"category","embeddable":true,"href":"https:\/\/acrimat.org.br\/portal\/wp-json\/wp\/v2\/categories?post=97983872"},{"taxonomy":"post_tag","embeddable":true,"href":"https:\/\/acrimat.org.br\/portal\/wp-json\/wp\/v2\/tags?post=97983872"}],"curies":[{"name":"wp","href":"https:\/\/api.w.org\/{rel}","templated":true}]}}