{"id":97983875,"date":"2017-10-03T10:17:13","date_gmt":"2017-10-03T13:17:13","guid":{"rendered":"http:\/\/acrimat.org.br\/portal\/?p=97983875"},"modified":"2017-10-03T13:07:06","modified_gmt":"2017-10-03T16:07:06","slug":"em-juara-mt-preco-da-arroba-volta-aos-patamares-anteriores-a-delacao-da-jbs-e-tem-folego-para-novas-altas-nos-proximos-30-dias","status":"publish","type":"post","link":"https:\/\/acrimat.org.br\/portal\/em-juara-mt-preco-da-arroba-volta-aos-patamares-anteriores-a-delacao-da-jbs-e-tem-folego-para-novas-altas-nos-proximos-30-dias\/","title":{"rendered":"Em Juara-MT , pre\u00e7o da arroba apresenta recupera\u00e7\u00e3o ap\u00f3s queda em setembro"},"content":{"rendered":"<p>Luis Fernando Amado Conte, vice-presidente da Acrimat e pecuarista em Juara (MT), destaca que o cen\u00e1rio da pecu\u00e1ria na regi\u00e3o \u00e9 inst\u00e1vel, mas com pre\u00e7os firmes que devem acompanhar todo o per\u00edodo de outubro.<\/p>\n<p>O per\u00edodo de seca at\u00edpica faz com que o pecuarista tenha dificuldade de escoar seus animais. Enquanto isso, os pre\u00e7os giram em torno de R$135\/@ para o boi e R$126\/@ para a vaca, com prazo de 30 dias para descontar o Funrural. Os produtores s\u00e3o dependentes da unidade do JBS localizada no munic\u00edpio.<\/p>\n<p>Ele destaca que, hoje, a desconfian\u00e7a do pecuarista em rela\u00e7\u00e3o ao JBS \u00e9 pequena, apesar do &#8220;alvoro\u00e7o&#8221; que ocorreu quando a empresa mudou sua pol\u00edtica de compra. Todos os compromissos assumidos foram quitados at\u00e9 ent\u00e3o. A pris\u00e3o de Wesley Batista levou a uma pausa de tr\u00eas dias na unidade do frigor\u00edfico, que agora retornou \u00e0s compras normalmente, voltando aos patamares que vinham sendo praticados. Essa foi uma paralisa\u00e7\u00e3o pontual, na qual outras ind\u00fastrias aproveitaram da situa\u00e7\u00e3o e tentaram praticar uma compra mais barata.<\/p>\n<p>De forma geral, ele visualiza que o mercado est\u00e1 se ajustando e confia em uma nova alta. A regi\u00e3o \u00e9 composta de 80% de animais a pasto e as chuvas ao final de setembro podem propiciar a entrada de animais no mercado a partir de agora.<\/p>\n<p>Com o segundo giro do confinamento, pode ocorrer um encontro dessa oferta com o boi a pasto, provocando uma pequena queda, que Conte acredita que n\u00e3o ir\u00e1 passar dos R$130\/@.<\/p>\n<p>Em rela\u00e7\u00e3o ao primeiro semestre, Conte diz que &#8220;n\u00e3o imaginava que iria conseguir viver um per\u00edodo desses como o de agora. Foi um ano bastante inst\u00e1vel que teve uma grata surpresa&#8221;. Agora, o vice-presidente aponta que os pecuaristas v\u00e3o conseguir absorver um pouco do que foi perdido no primeiro semestre.<\/p>\n<p>Confira a entrevista com Luiz Fernando Amado Conte &#8211; Vice-presidente Acrimat<\/p>\n<div class=\"video-wrapper\">[su_youtube url=&#8221;https:\/\/www.youtube.com\/watch?v=zcgXn38k4-Q&#8221; width=&#8221;640&#8243;]<\/div>\n","protected":false},"excerpt":{"rendered":"<p>Mas pecuaristas da regi\u00e3o de Juara-MT est\u00e3o atentos \u00e0 chegada do segundo giro de confinamento que pode coincidir com volta da oferta de animais a pasto a partir de novembro. Situa\u00e7\u00e3o pode derrubar cota\u00e7\u00f5es<\/p>\n","protected":false},"author":11,"featured_media":0,"comment_status":"closed","ping_status":"closed","sticky":false,"template":"","format":"standard","meta":{"footnotes":""},"categories":[6,1],"tags":[],"class_list":["post-97983875","post","type-post","status-publish","format-standard","hentry","category-destaque","category-noticia"],"yoast_head":"<!-- This site is optimized with the Yoast SEO plugin v24.8.1 - https:\/\/yoast.com\/wordpress\/plugins\/seo\/ -->\n<title>Em Juara-MT , pre\u00e7o da arroba apresenta recupera\u00e7\u00e3o ap\u00f3s queda em setembro - Acrimat<\/title>\n<meta name=\"robots\" content=\"index, follow, max-snippet:-1, max-image-preview:large, max-video-preview:-1\" \/>\n<link rel=\"canonical\" href=\"https:\/\/acrimat.org.br\/portal\/em-juara-mt-preco-da-arroba-volta-aos-patamares-anteriores-a-delacao-da-jbs-e-tem-folego-para-novas-altas-nos-proximos-30-dias\/\" \/>\n<meta property=\"og:locale\" content=\"pt_BR\" \/>\n<meta property=\"og:type\" content=\"article\" \/>\n<meta property=\"og:title\" content=\"Em Juara-MT , pre\u00e7o da arroba apresenta recupera\u00e7\u00e3o ap\u00f3s queda em setembro - Acrimat\" \/>\n<meta property=\"og:description\" content=\"Mas pecuaristas da regi\u00e3o de Juara-MT est\u00e3o atentos \u00e0 chegada do segundo giro de confinamento que pode coincidir com volta da oferta de animais a pasto a partir de novembro. Situa\u00e7\u00e3o pode derrubar cota\u00e7\u00f5es\" \/>\n<meta property=\"og:url\" content=\"https:\/\/acrimat.org.br\/portal\/em-juara-mt-preco-da-arroba-volta-aos-patamares-anteriores-a-delacao-da-jbs-e-tem-folego-para-novas-altas-nos-proximos-30-dias\/\" \/>\n<meta property=\"og:site_name\" content=\"Acrimat\" \/>\n<meta property=\"article:published_time\" content=\"2017-10-03T13:17:13+00:00\" \/>\n<meta property=\"article:modified_time\" content=\"2017-10-03T16:07:06+00:00\" \/>\n<meta name=\"author\" content=\"P\u00e9ricles C\u00e2ndido\" \/>\n<meta name=\"twitter:card\" content=\"summary_large_image\" \/>\n<meta name=\"twitter:label1\" content=\"Escrito por\" \/>\n\t<meta name=\"twitter:data1\" content=\"P\u00e9ricles C\u00e2ndido\" \/>\n\t<meta name=\"twitter:label2\" content=\"Est. tempo de leitura\" \/>\n\t<meta name=\"twitter:data2\" content=\"2 minutos\" \/>\n<script type=\"application\/ld+json\" class=\"yoast-schema-graph\">{\"@context\":\"https:\/\/schema.org\",\"@graph\":[{\"@type\":\"Article\",\"@id\":\"https:\/\/acrimat.org.br\/portal\/em-juara-mt-preco-da-arroba-volta-aos-patamares-anteriores-a-delacao-da-jbs-e-tem-folego-para-novas-altas-nos-proximos-30-dias\/#article\",\"isPartOf\":{\"@id\":\"https:\/\/acrimat.org.br\/portal\/em-juara-mt-preco-da-arroba-volta-aos-patamares-anteriores-a-delacao-da-jbs-e-tem-folego-para-novas-altas-nos-proximos-30-dias\/\"},\"author\":{\"name\":\"P\u00e9ricles C\u00e2ndido\",\"@id\":\"https:\/\/acrimat.org.br\/portal\/#\/schema\/person\/18df8bcf6890e924fe5d8b5afd2bec0f\"},\"headline\":\"Em Juara-MT , pre\u00e7o da arroba apresenta recupera\u00e7\u00e3o ap\u00f3s queda em setembro\",\"datePublished\":\"2017-10-03T13:17:13+00:00\",\"dateModified\":\"2017-10-03T16:07:06+00:00\",\"mainEntityOfPage\":{\"@id\":\"https:\/\/acrimat.org.br\/portal\/em-juara-mt-preco-da-arroba-volta-aos-patamares-anteriores-a-delacao-da-jbs-e-tem-folego-para-novas-altas-nos-proximos-30-dias\/\"},\"wordCount\":358,\"publisher\":{\"@id\":\"https:\/\/acrimat.org.br\/portal\/#organization\"},\"articleSection\":[\"Destaques\",\"Not\u00edcias\"],\"inLanguage\":\"pt-BR\"},{\"@type\":\"WebPage\",\"@id\":\"https:\/\/acrimat.org.br\/portal\/em-juara-mt-preco-da-arroba-volta-aos-patamares-anteriores-a-delacao-da-jbs-e-tem-folego-para-novas-altas-nos-proximos-30-dias\/\",\"url\":\"https:\/\/acrimat.org.br\/portal\/em-juara-mt-preco-da-arroba-volta-aos-patamares-anteriores-a-delacao-da-jbs-e-tem-folego-para-novas-altas-nos-proximos-30-dias\/\",\"name\":\"Em Juara-MT , pre\u00e7o da arroba apresenta recupera\u00e7\u00e3o ap\u00f3s queda em setembro - Acrimat\",\"isPartOf\":{\"@id\":\"https:\/\/acrimat.org.br\/portal\/#website\"},\"datePublished\":\"2017-10-03T13:17:13+00:00\",\"dateModified\":\"2017-10-03T16:07:06+00:00\",\"breadcrumb\":{\"@id\":\"https:\/\/acrimat.org.br\/portal\/em-juara-mt-preco-da-arroba-volta-aos-patamares-anteriores-a-delacao-da-jbs-e-tem-folego-para-novas-altas-nos-proximos-30-dias\/#breadcrumb\"},\"inLanguage\":\"pt-BR\",\"potentialAction\":[{\"@type\":\"ReadAction\",\"target\":[\"https:\/\/acrimat.org.br\/portal\/em-juara-mt-preco-da-arroba-volta-aos-patamares-anteriores-a-delacao-da-jbs-e-tem-folego-para-novas-altas-nos-proximos-30-dias\/\"]}]},{\"@type\":\"BreadcrumbList\",\"@id\":\"https:\/\/acrimat.org.br\/portal\/em-juara-mt-preco-da-arroba-volta-aos-patamares-anteriores-a-delacao-da-jbs-e-tem-folego-para-novas-altas-nos-proximos-30-dias\/#breadcrumb\",\"itemListElement\":[{\"@type\":\"ListItem\",\"position\":1,\"name\":\"In\u00edcio\",\"item\":\"https:\/\/acrimat.org.br\/portal\/\"},{\"@type\":\"ListItem\",\"position\":2,\"name\":\"Em Juara-MT , pre\u00e7o da arroba apresenta recupera\u00e7\u00e3o ap\u00f3s queda em setembro\"}]},{\"@type\":\"WebSite\",\"@id\":\"https:\/\/acrimat.org.br\/portal\/#website\",\"url\":\"https:\/\/acrimat.org.br\/portal\/\",\"name\":\"Acrimat\",\"description\":\"Associa\u00e7\u00e3o dos Criadores de Mato Grosso\",\"publisher\":{\"@id\":\"https:\/\/acrimat.org.br\/portal\/#organization\"},\"potentialAction\":[{\"@type\":\"SearchAction\",\"target\":{\"@type\":\"EntryPoint\",\"urlTemplate\":\"https:\/\/acrimat.org.br\/portal\/?s={search_term_string}\"},\"query-input\":{\"@type\":\"PropertyValueSpecification\",\"valueRequired\":true,\"valueName\":\"search_term_string\"}}],\"inLanguage\":\"pt-BR\"},{\"@type\":\"Organization\",\"@id\":\"https:\/\/acrimat.org.br\/portal\/#organization\",\"name\":\"Associa\u00e7\u00e3o dos Criadores de Mato Grosso\",\"url\":\"https:\/\/acrimat.org.br\/portal\/\",\"logo\":{\"@type\":\"ImageObject\",\"inLanguage\":\"pt-BR\",\"@id\":\"https:\/\/acrimat.org.br\/portal\/#\/schema\/logo\/image\/\",\"url\":\"https:\/\/acrimat.org.br\/portal\/wp-content\/uploads\/2018\/03\/logo-peq-original.png\",\"contentUrl\":\"https:\/\/acrimat.org.br\/portal\/wp-content\/uploads\/2018\/03\/logo-peq-original.png\",\"width\":174,\"height\":171,\"caption\":\"Associa\u00e7\u00e3o dos Criadores de Mato Grosso\"},\"image\":{\"@id\":\"https:\/\/acrimat.org.br\/portal\/#\/schema\/logo\/image\/\"}},{\"@type\":\"Person\",\"@id\":\"https:\/\/acrimat.org.br\/portal\/#\/schema\/person\/18df8bcf6890e924fe5d8b5afd2bec0f\",\"name\":\"P\u00e9ricles C\u00e2ndido\",\"image\":{\"@type\":\"ImageObject\",\"inLanguage\":\"pt-BR\",\"@id\":\"https:\/\/acrimat.org.br\/portal\/#\/schema\/person\/image\/\",\"url\":\"https:\/\/secure.gravatar.com\/avatar\/33e2a2b971dc363ed2df53d0d3bfbd18?s=96&d=mm&r=g\",\"contentUrl\":\"https:\/\/secure.gravatar.com\/avatar\/33e2a2b971dc363ed2df53d0d3bfbd18?s=96&d=mm&r=g\",\"caption\":\"P\u00e9ricles C\u00e2ndido\"},\"sameAs\":[\"ascom@acrimat.org.br\"],\"url\":\"https:\/\/acrimat.org.br\/portal\/author\/designergrafico\/\"}]}<\/script>\n<!-- \/ Yoast SEO plugin. -->","yoast_head_json":{"title":"Em Juara-MT , pre\u00e7o da arroba apresenta recupera\u00e7\u00e3o ap\u00f3s queda em setembro - Acrimat","robots":{"index":"index","follow":"follow","max-snippet":"max-snippet:-1","max-image-preview":"max-image-preview:large","max-video-preview":"max-video-preview:-1"},"canonical":"https:\/\/acrimat.org.br\/portal\/em-juara-mt-preco-da-arroba-volta-aos-patamares-anteriores-a-delacao-da-jbs-e-tem-folego-para-novas-altas-nos-proximos-30-dias\/","og_locale":"pt_BR","og_type":"article","og_title":"Em Juara-MT , pre\u00e7o da arroba apresenta recupera\u00e7\u00e3o ap\u00f3s queda em setembro - Acrimat","og_description":"Mas pecuaristas da regi\u00e3o de Juara-MT est\u00e3o atentos \u00e0 chegada do segundo giro de confinamento que pode coincidir com volta da oferta de animais a pasto a partir de novembro. Situa\u00e7\u00e3o pode derrubar cota\u00e7\u00f5es","og_url":"https:\/\/acrimat.org.br\/portal\/em-juara-mt-preco-da-arroba-volta-aos-patamares-anteriores-a-delacao-da-jbs-e-tem-folego-para-novas-altas-nos-proximos-30-dias\/","og_site_name":"Acrimat","article_published_time":"2017-10-03T13:17:13+00:00","article_modified_time":"2017-10-03T16:07:06+00:00","author":"P\u00e9ricles C\u00e2ndido","twitter_card":"summary_large_image","twitter_misc":{"Escrito por":"P\u00e9ricles C\u00e2ndido","Est. tempo de leitura":"2 minutos"},"schema":{"@context":"https:\/\/schema.org","@graph":[{"@type":"Article","@id":"https:\/\/acrimat.org.br\/portal\/em-juara-mt-preco-da-arroba-volta-aos-patamares-anteriores-a-delacao-da-jbs-e-tem-folego-para-novas-altas-nos-proximos-30-dias\/#article","isPartOf":{"@id":"https:\/\/acrimat.org.br\/portal\/em-juara-mt-preco-da-arroba-volta-aos-patamares-anteriores-a-delacao-da-jbs-e-tem-folego-para-novas-altas-nos-proximos-30-dias\/"},"author":{"name":"P\u00e9ricles C\u00e2ndido","@id":"https:\/\/acrimat.org.br\/portal\/#\/schema\/person\/18df8bcf6890e924fe5d8b5afd2bec0f"},"headline":"Em Juara-MT , pre\u00e7o da arroba apresenta recupera\u00e7\u00e3o ap\u00f3s queda em setembro","datePublished":"2017-10-03T13:17:13+00:00","dateModified":"2017-10-03T16:07:06+00:00","mainEntityOfPage":{"@id":"https:\/\/acrimat.org.br\/portal\/em-juara-mt-preco-da-arroba-volta-aos-patamares-anteriores-a-delacao-da-jbs-e-tem-folego-para-novas-altas-nos-proximos-30-dias\/"},"wordCount":358,"publisher":{"@id":"https:\/\/acrimat.org.br\/portal\/#organization"},"articleSection":["Destaques","Not\u00edcias"],"inLanguage":"pt-BR"},{"@type":"WebPage","@id":"https:\/\/acrimat.org.br\/portal\/em-juara-mt-preco-da-arroba-volta-aos-patamares-anteriores-a-delacao-da-jbs-e-tem-folego-para-novas-altas-nos-proximos-30-dias\/","url":"https:\/\/acrimat.org.br\/portal\/em-juara-mt-preco-da-arroba-volta-aos-patamares-anteriores-a-delacao-da-jbs-e-tem-folego-para-novas-altas-nos-proximos-30-dias\/","name":"Em Juara-MT , pre\u00e7o da arroba apresenta recupera\u00e7\u00e3o ap\u00f3s queda em setembro - Acrimat","isPartOf":{"@id":"https:\/\/acrimat.org.br\/portal\/#website"},"datePublished":"2017-10-03T13:17:13+00:00","dateModified":"2017-10-03T16:07:06+00:00","breadcrumb":{"@id":"https:\/\/acrimat.org.br\/portal\/em-juara-mt-preco-da-arroba-volta-aos-patamares-anteriores-a-delacao-da-jbs-e-tem-folego-para-novas-altas-nos-proximos-30-dias\/#breadcrumb"},"inLanguage":"pt-BR","potentialAction":[{"@type":"ReadAction","target":["https:\/\/acrimat.org.br\/portal\/em-juara-mt-preco-da-arroba-volta-aos-patamares-anteriores-a-delacao-da-jbs-e-tem-folego-para-novas-altas-nos-proximos-30-dias\/"]}]},{"@type":"BreadcrumbList","@id":"https:\/\/acrimat.org.br\/portal\/em-juara-mt-preco-da-arroba-volta-aos-patamares-anteriores-a-delacao-da-jbs-e-tem-folego-para-novas-altas-nos-proximos-30-dias\/#breadcrumb","itemListElement":[{"@type":"ListItem","position":1,"name":"In\u00edcio","item":"https:\/\/acrimat.org.br\/portal\/"},{"@type":"ListItem","position":2,"name":"Em Juara-MT , pre\u00e7o da arroba apresenta recupera\u00e7\u00e3o ap\u00f3s queda em setembro"}]},{"@type":"WebSite","@id":"https:\/\/acrimat.org.br\/portal\/#website","url":"https:\/\/acrimat.org.br\/portal\/","name":"Acrimat","description":"Associa\u00e7\u00e3o dos Criadores de Mato Grosso","publisher":{"@id":"https:\/\/acrimat.org.br\/portal\/#organization"},"potentialAction":[{"@type":"SearchAction","target":{"@type":"EntryPoint","urlTemplate":"https:\/\/acrimat.org.br\/portal\/?s={search_term_string}"},"query-input":{"@type":"PropertyValueSpecification","valueRequired":true,"valueName":"search_term_string"}}],"inLanguage":"pt-BR"},{"@type":"Organization","@id":"https:\/\/acrimat.org.br\/portal\/#organization","name":"Associa\u00e7\u00e3o dos Criadores de Mato Grosso","url":"https:\/\/acrimat.org.br\/portal\/","logo":{"@type":"ImageObject","inLanguage":"pt-BR","@id":"https:\/\/acrimat.org.br\/portal\/#\/schema\/logo\/image\/","url":"https:\/\/acrimat.org.br\/portal\/wp-content\/uploads\/2018\/03\/logo-peq-original.png","contentUrl":"https:\/\/acrimat.org.br\/portal\/wp-content\/uploads\/2018\/03\/logo-peq-original.png","width":174,"height":171,"caption":"Associa\u00e7\u00e3o dos Criadores de Mato Grosso"},"image":{"@id":"https:\/\/acrimat.org.br\/portal\/#\/schema\/logo\/image\/"}},{"@type":"Person","@id":"https:\/\/acrimat.org.br\/portal\/#\/schema\/person\/18df8bcf6890e924fe5d8b5afd2bec0f","name":"P\u00e9ricles C\u00e2ndido","image":{"@type":"ImageObject","inLanguage":"pt-BR","@id":"https:\/\/acrimat.org.br\/portal\/#\/schema\/person\/image\/","url":"https:\/\/secure.gravatar.com\/avatar\/33e2a2b971dc363ed2df53d0d3bfbd18?s=96&d=mm&r=g","contentUrl":"https:\/\/secure.gravatar.com\/avatar\/33e2a2b971dc363ed2df53d0d3bfbd18?s=96&d=mm&r=g","caption":"P\u00e9ricles C\u00e2ndido"},"sameAs":["ascom@acrimat.org.br"],"url":"https:\/\/acrimat.org.br\/portal\/author\/designergrafico\/"}]}},"_links":{"self":[{"href":"https:\/\/acrimat.org.br\/portal\/wp-json\/wp\/v2\/posts\/97983875","targetHints":{"allow":["GET"]}}],"collection":[{"href":"https:\/\/acrimat.org.br\/portal\/wp-json\/wp\/v2\/posts"}],"about":[{"href":"https:\/\/acrimat.org.br\/portal\/wp-json\/wp\/v2\/types\/post"}],"author":[{"embeddable":true,"href":"https:\/\/acrimat.org.br\/portal\/wp-json\/wp\/v2\/users\/11"}],"replies":[{"embeddable":true,"href":"https:\/\/acrimat.org.br\/portal\/wp-json\/wp\/v2\/comments?post=97983875"}],"version-history":[{"count":4,"href":"https:\/\/acrimat.org.br\/portal\/wp-json\/wp\/v2\/posts\/97983875\/revisions"}],"predecessor-version":[{"id":97983883,"href":"https:\/\/acrimat.org.br\/portal\/wp-json\/wp\/v2\/posts\/97983875\/revisions\/97983883"}],"wp:attachment":[{"href":"https:\/\/acrimat.org.br\/portal\/wp-json\/wp\/v2\/media?parent=97983875"}],"wp:term":[{"taxonomy":"category","embeddable":true,"href":"https:\/\/acrimat.org.br\/portal\/wp-json\/wp\/v2\/categories?post=97983875"},{"taxonomy":"post_tag","embeddable":true,"href":"https:\/\/acrimat.org.br\/portal\/wp-json\/wp\/v2\/tags?post=97983875"}],"curies":[{"name":"wp","href":"https:\/\/api.w.org\/{rel}","templated":true}]}}