{"id":97983918,"date":"2017-10-04T11:36:55","date_gmt":"2017-10-04T14:36:55","guid":{"rendered":"http:\/\/acrimat.org.br\/portal\/?p=97983918"},"modified":"2017-10-04T12:06:47","modified_gmt":"2017-10-04T15:06:47","slug":"exportacoes-de-semen-crescem-604-no-primeiro-semestre","status":"publish","type":"post","link":"https:\/\/acrimat.org.br\/portal\/exportacoes-de-semen-crescem-604-no-primeiro-semestre\/","title":{"rendered":"Exporta\u00e7\u00f5es de s\u00eamen crescem 60,4% no primeiro semestre"},"content":{"rendered":"<p>Com a expectativa de encerrar 2017 com balan\u00e7o positivo, o mercado de gen\u00e9tica bovina no Brasil ampliou as vendas internas e as exporta\u00e7\u00f5es de s\u00eamen no primeiro semestre do ano. O crescimento foi de 7,6% no mercado nacional e de 60,4% no mercado externo, conforme o relat\u00f3rio semestral do setor, o Index ASBIA 2017, divulgado nesta semana pela Associa\u00e7\u00e3o Brasileira de Insemina\u00e7\u00e3o Artificial (ASBIA). Os dados foram processados pelo Centro de Estudos Avan\u00e7ados em Economia Aplicada (Cepea).<\/p>\n<p>A pecu\u00e1ria leiteira registrou o maior crescimento: 24,8% superior ao mesmo per\u00edodo de 2016. \u201cOs produtores de leite investiram fortemente no melhoramento gen\u00e9tico de seus rebanhos, com o objetivo de recuperar o pre\u00e7o do leite e manter os custos de produ\u00e7\u00e3o menores\u201d, explica o presidente da ASBIA, S\u00e9rgio Saud.<\/p>\n<p>Na pecu\u00e1ria de corte, o mercado enfrentou as consequ\u00eancias da crise pol\u00edtica, como a Opera\u00e7\u00e3o Carne Fraca e a dela\u00e7\u00e3o da JBS, e a volta da cobran\u00e7a do imposto Funrural. Mesmo diante desse cen\u00e1rio, as vendas de s\u00eamen tiveram uma queda inferior \u00e0 esperada pelo setor, fechando o primeiro semestre com uma leve baixa de 3,4%. Segundo o presidente da ASBIA, esse resultado sinaliza que o pecuarista de corte manteve suas inten\u00e7\u00f5es de investir em gen\u00e9tica, pensando na estabilidade do mercado nos pr\u00f3ximos anos.<\/p>\n<p>Outro indicativo de que as t\u00e9cnicas de Insemina\u00e7\u00e3o Artificial (IA) e de Insemina\u00e7\u00e3o Artificial por Tempo Fixo (IATF) v\u00eam crescendo no Pa\u00eds \u00e9 a venda de botij\u00f5es de s\u00eamen de at\u00e9 20 litros. O crescimento, no primeiro semestre, foi de 28%, \u00edndice refor\u00e7ado pela pecu\u00e1ria leiteira, que teve quase 25% de eleva\u00e7\u00e3o. \u201cDe forma geral, o resultado da venda de s\u00eamen foi supreendentemente positivo. E isso nos faz acreditar que o segundo semestre seguir\u00e1 a mesma tend\u00eancia, com uma poss\u00edvel recupera\u00e7\u00e3o na venda de s\u00eamen de corte e a manuten\u00e7\u00e3o do crescimento\u201d, ressalta S\u00e9rgio Saud.<\/p>\n<p>As vendas segmentadas por regi\u00e3o apontam que o Centro-Oeste concentra o maior n\u00famero de vacas inseminadas, liderado pelo Mato Grosso do Sul, com quase 18%. A m\u00e9dia nacional \u00e9 de 9,4%. Nos rebanhos leiteiros, esse \u00edndice sobe para 15,5%, com o Sul concentrando o maior n\u00famero de vacas inseminadas, liderado por Santa Catarina (33,1% das vacas inseminadas).<\/p>\n<p><strong>Balan\u00e7o de vendas por ra\u00e7as em 2016<\/strong><\/p>\n<p>A ASBIA tamb\u00e9m divulgou os resultados completos de comercializa\u00e7\u00e3o no mercado nacional do ano de 2016, referentes \u00e0s principais ra\u00e7as de corte e de leite. E apresentou a evolu\u00e7\u00e3o dos dois segmentos, por ra\u00e7a, em sete anos. Neste per\u00edodo, as ra\u00e7as de corte que mais comercializaram s\u00eamen foram: Angus, Nelore, Nelore CEIP, Red Angus, Brangus, Nelore Mocho, Braford, Hereford Mocho e Senepol.<\/p>\n<p>O Angus teve 3.695.011 doses comercializadas em 2016, recuo de 5% em rela\u00e7\u00e3o ao ano anterior. Por\u00e9m, entre 2010 e 2016, as vendas da ra\u00e7a taurina cresceram 214%. J\u00e1 a ra\u00e7a Nelore vendeu 2.098.161 doses, volume 5% superior ao de 2015. No acumulado dos \u00faltimos sete anos, a retra\u00e7\u00e3o na ra\u00e7a zebu\u00edna foi de 16%.<\/p>\n<p>Entre as ra\u00e7as leiteiras, a lista traz a seguinte lideran\u00e7a: Holand\u00eas, Jersey, Gir Leiteiro, Girolando 3\/4, Girolando 5\/8, Guzer\u00e1 Leiteiro, Pardo-Su\u00ed\u00e7o Leiteiro, Holand\u00eas Vermelho, Braunvieh e Sindi Leiteiro. O Holand\u00eas comercializou 2.397.982 doses em 2016, queda de 14%. J\u00e1 no acumulado dos sete anos, o recuo foi de 1%. O Jersey teve 466.502 doses vendidas no ano passado, registrando redu\u00e7\u00f5es de 26%, em compara\u00e7\u00e3o com 2015, e de 29%, entre 2010 e 2016.<\/p>\n<p><strong>Exporta\u00e7\u00f5es &#8211;<\/strong> Refer\u00eancia mundial em gen\u00e9tica bovina, o Brasil fecha o primeiro semestre com um crescimento de 60,4% nas exporta\u00e7\u00f5es e com forte crescimento nas vendas externas de s\u00eamen das ra\u00e7as de corte. Os principais destinos dessa gen\u00e9tica foram a Bol\u00edvia e o Paraguai. Nas vendas de s\u00eamen de ra\u00e7as leiteiras, as maiores exporta\u00e7\u00f5es foram registradas para a Col\u00f4mbia e o Equador.<\/p>\n<p><strong>Sobre a ASBIA<\/strong><\/p>\n<p>A Associa\u00e7\u00e3o Brasileira de Insemina\u00e7\u00e3o Artificial \u00e9 uma entidade sem fins lucrativos, fundada em 26 de novembro de 1974, para congregar as empresas que se dedicam ao fomento da pecu\u00e1ria no setor de produ\u00e7\u00e3o e distribui\u00e7\u00e3o de s\u00eamen, materiais e equipamentos de uso na insemina\u00e7\u00e3o artificial e de outros produtos ligados \u00e0 reprodu\u00e7\u00e3o animal. Sua miss\u00e3o \u00e9 potencializar a sinergia entre as empresas do setor, de modo a posicionar o processo de insemina\u00e7\u00e3o artificial como fator de vantagem competitiva sustent\u00e1vel na cadeia produtiva da pecu\u00e1ria.<\/p>\n<p>Neste sentido, a ASBIA, em parceria com a BIO \u2013 Biotecnologia Animal, uniram for\u00e7as para a instala\u00e7\u00e3o do Laborat\u00f3rio de An\u00e1lise de S\u00eamen (ASBIA-BIO), que funciona desde o ano passado no Parque Fernando Costa, em Uberaba (MG). O Laborat\u00f3rio ASBIA-BIO possui equipamentos altamente sofisticados, que determinam diferentes par\u00e2metros de qualidade de uma amostra esperm\u00e1tica, em diferentes esp\u00e9cies animais.<\/p>\n<p>O foco de trabalho consiste na padroniza\u00e7\u00e3o dos exames e em garantir uma segunda an\u00e1lise de s\u00eamen com elevados crit\u00e9rios t\u00e9cnicos, equipamentos modernos e consist\u00eancia no padr\u00e3o de an\u00e1lise. Al\u00e9m disso, o laborat\u00f3rio conta com um banco gen\u00e9tico das ra\u00e7as zebu\u00ednas.<\/p>\n<div id=\"attachment_97983919\" style=\"width: 310px\" class=\"wp-caption alignleft\"><a href=\"http:\/\/acrimat.org.br\/portal\/wp-content\/uploads\/2017\/10\/cropped_391905.jpg\"><img fetchpriority=\"high\" decoding=\"async\" aria-describedby=\"caption-attachment-97983919\" class=\"wp-image-97983919 size-medium\" title=\"Divulga\u00e7\u00e3o\" src=\"http:\/\/acrimat.org.br\/portal\/wp-content\/uploads\/2017\/10\/cropped_391905-300x179.jpg\" alt=\"\" width=\"300\" height=\"179\" srcset=\"https:\/\/acrimat.org.br\/portal\/wp-content\/uploads\/2017\/10\/cropped_391905-300x179.jpg 300w, https:\/\/acrimat.org.br\/portal\/wp-content\/uploads\/2017\/10\/cropped_391905-250x150.jpg 250w, https:\/\/acrimat.org.br\/portal\/wp-content\/uploads\/2017\/10\/cropped_391905-301x180.jpg 301w, https:\/\/acrimat.org.br\/portal\/wp-content\/uploads\/2017\/10\/cropped_391905.jpg 500w\" sizes=\"(max-width: 300px) 100vw, 300px\" \/><\/a><p id=\"caption-attachment-97983919\" class=\"wp-caption-text\">S\u00e9rgio Saud, presidente da ASBIA<\/p><\/div>\n","protected":false},"excerpt":{"rendered":"<p>Presidente da ASBIA S\u00e9rgio Saud prev\u00ea crescimento nas vendas de s\u00eamen em 2017<\/p>\n","protected":false},"author":11,"featured_media":97983919,"comment_status":"closed","ping_status":"closed","sticky":false,"template":"","format":"standard","meta":{"footnotes":""},"categories":[6,1],"tags":[],"class_list":["post-97983918","post","type-post","status-publish","format-standard","has-post-thumbnail","hentry","category-destaque","category-noticia"],"yoast_head":"<!-- This site is optimized with the Yoast SEO plugin v24.8.1 - https:\/\/yoast.com\/wordpress\/plugins\/seo\/ -->\n<title>Exporta\u00e7\u00f5es de s\u00eamen crescem 60,4% no primeiro semestre - Acrimat<\/title>\n<meta name=\"robots\" content=\"index, follow, max-snippet:-1, max-image-preview:large, max-video-preview:-1\" \/>\n<link rel=\"canonical\" href=\"https:\/\/acrimat.org.br\/portal\/exportacoes-de-semen-crescem-604-no-primeiro-semestre\/\" \/>\n<meta property=\"og:locale\" content=\"pt_BR\" \/>\n<meta property=\"og:type\" content=\"article\" \/>\n<meta property=\"og:title\" content=\"Exporta\u00e7\u00f5es de s\u00eamen crescem 60,4% no primeiro semestre - Acrimat\" \/>\n<meta property=\"og:description\" content=\"Presidente da ASBIA S\u00e9rgio Saud prev\u00ea crescimento nas vendas de s\u00eamen em 2017\" \/>\n<meta property=\"og:url\" content=\"https:\/\/acrimat.org.br\/portal\/exportacoes-de-semen-crescem-604-no-primeiro-semestre\/\" \/>\n<meta property=\"og:site_name\" content=\"Acrimat\" \/>\n<meta property=\"article:published_time\" content=\"2017-10-04T14:36:55+00:00\" \/>\n<meta property=\"article:modified_time\" content=\"2017-10-04T15:06:47+00:00\" \/>\n<meta property=\"og:image\" content=\"https:\/\/acrimat.org.br\/portal\/wp-content\/uploads\/2017\/10\/cropped_391905.jpg\" \/>\n\t<meta property=\"og:image:width\" content=\"500\" \/>\n\t<meta property=\"og:image:height\" content=\"299\" \/>\n\t<meta property=\"og:image:type\" content=\"image\/jpeg\" \/>\n<meta name=\"author\" content=\"P\u00e9ricles C\u00e2ndido\" \/>\n<meta name=\"twitter:card\" content=\"summary_large_image\" \/>\n<meta name=\"twitter:label1\" content=\"Escrito por\" \/>\n\t<meta name=\"twitter:data1\" content=\"P\u00e9ricles C\u00e2ndido\" \/>\n\t<meta name=\"twitter:label2\" content=\"Est. tempo de leitura\" \/>\n\t<meta name=\"twitter:data2\" content=\"4 minutos\" \/>\n<script type=\"application\/ld+json\" class=\"yoast-schema-graph\">{\"@context\":\"https:\/\/schema.org\",\"@graph\":[{\"@type\":\"Article\",\"@id\":\"https:\/\/acrimat.org.br\/portal\/exportacoes-de-semen-crescem-604-no-primeiro-semestre\/#article\",\"isPartOf\":{\"@id\":\"https:\/\/acrimat.org.br\/portal\/exportacoes-de-semen-crescem-604-no-primeiro-semestre\/\"},\"author\":{\"name\":\"P\u00e9ricles C\u00e2ndido\",\"@id\":\"https:\/\/acrimat.org.br\/portal\/#\/schema\/person\/18df8bcf6890e924fe5d8b5afd2bec0f\"},\"headline\":\"Exporta\u00e7\u00f5es de s\u00eamen crescem 60,4% no primeiro semestre\",\"datePublished\":\"2017-10-04T14:36:55+00:00\",\"dateModified\":\"2017-10-04T15:06:47+00:00\",\"mainEntityOfPage\":{\"@id\":\"https:\/\/acrimat.org.br\/portal\/exportacoes-de-semen-crescem-604-no-primeiro-semestre\/\"},\"wordCount\":899,\"publisher\":{\"@id\":\"https:\/\/acrimat.org.br\/portal\/#organization\"},\"image\":{\"@id\":\"https:\/\/acrimat.org.br\/portal\/exportacoes-de-semen-crescem-604-no-primeiro-semestre\/#primaryimage\"},\"thumbnailUrl\":\"https:\/\/acrimat.org.br\/portal\/wp-content\/uploads\/2017\/10\/cropped_391905.jpg\",\"articleSection\":[\"Destaques\",\"Not\u00edcias\"],\"inLanguage\":\"pt-BR\"},{\"@type\":\"WebPage\",\"@id\":\"https:\/\/acrimat.org.br\/portal\/exportacoes-de-semen-crescem-604-no-primeiro-semestre\/\",\"url\":\"https:\/\/acrimat.org.br\/portal\/exportacoes-de-semen-crescem-604-no-primeiro-semestre\/\",\"name\":\"Exporta\u00e7\u00f5es de s\u00eamen crescem 60,4% no primeiro semestre - Acrimat\",\"isPartOf\":{\"@id\":\"https:\/\/acrimat.org.br\/portal\/#website\"},\"primaryImageOfPage\":{\"@id\":\"https:\/\/acrimat.org.br\/portal\/exportacoes-de-semen-crescem-604-no-primeiro-semestre\/#primaryimage\"},\"image\":{\"@id\":\"https:\/\/acrimat.org.br\/portal\/exportacoes-de-semen-crescem-604-no-primeiro-semestre\/#primaryimage\"},\"thumbnailUrl\":\"https:\/\/acrimat.org.br\/portal\/wp-content\/uploads\/2017\/10\/cropped_391905.jpg\",\"datePublished\":\"2017-10-04T14:36:55+00:00\",\"dateModified\":\"2017-10-04T15:06:47+00:00\",\"breadcrumb\":{\"@id\":\"https:\/\/acrimat.org.br\/portal\/exportacoes-de-semen-crescem-604-no-primeiro-semestre\/#breadcrumb\"},\"inLanguage\":\"pt-BR\",\"potentialAction\":[{\"@type\":\"ReadAction\",\"target\":[\"https:\/\/acrimat.org.br\/portal\/exportacoes-de-semen-crescem-604-no-primeiro-semestre\/\"]}]},{\"@type\":\"ImageObject\",\"inLanguage\":\"pt-BR\",\"@id\":\"https:\/\/acrimat.org.br\/portal\/exportacoes-de-semen-crescem-604-no-primeiro-semestre\/#primaryimage\",\"url\":\"https:\/\/acrimat.org.br\/portal\/wp-content\/uploads\/2017\/10\/cropped_391905.jpg\",\"contentUrl\":\"https:\/\/acrimat.org.br\/portal\/wp-content\/uploads\/2017\/10\/cropped_391905.jpg\",\"width\":500,\"height\":299,\"caption\":\"Divulga\u00e7\u00e3o\"},{\"@type\":\"BreadcrumbList\",\"@id\":\"https:\/\/acrimat.org.br\/portal\/exportacoes-de-semen-crescem-604-no-primeiro-semestre\/#breadcrumb\",\"itemListElement\":[{\"@type\":\"ListItem\",\"position\":1,\"name\":\"In\u00edcio\",\"item\":\"https:\/\/acrimat.org.br\/portal\/\"},{\"@type\":\"ListItem\",\"position\":2,\"name\":\"Exporta\u00e7\u00f5es de s\u00eamen crescem 60,4% no primeiro semestre\"}]},{\"@type\":\"WebSite\",\"@id\":\"https:\/\/acrimat.org.br\/portal\/#website\",\"url\":\"https:\/\/acrimat.org.br\/portal\/\",\"name\":\"Acrimat\",\"description\":\"Associa\u00e7\u00e3o dos Criadores de Mato Grosso\",\"publisher\":{\"@id\":\"https:\/\/acrimat.org.br\/portal\/#organization\"},\"potentialAction\":[{\"@type\":\"SearchAction\",\"target\":{\"@type\":\"EntryPoint\",\"urlTemplate\":\"https:\/\/acrimat.org.br\/portal\/?s={search_term_string}\"},\"query-input\":{\"@type\":\"PropertyValueSpecification\",\"valueRequired\":true,\"valueName\":\"search_term_string\"}}],\"inLanguage\":\"pt-BR\"},{\"@type\":\"Organization\",\"@id\":\"https:\/\/acrimat.org.br\/portal\/#organization\",\"name\":\"Associa\u00e7\u00e3o dos Criadores de Mato Grosso\",\"url\":\"https:\/\/acrimat.org.br\/portal\/\",\"logo\":{\"@type\":\"ImageObject\",\"inLanguage\":\"pt-BR\",\"@id\":\"https:\/\/acrimat.org.br\/portal\/#\/schema\/logo\/image\/\",\"url\":\"https:\/\/acrimat.org.br\/portal\/wp-content\/uploads\/2018\/03\/logo-peq-original.png\",\"contentUrl\":\"https:\/\/acrimat.org.br\/portal\/wp-content\/uploads\/2018\/03\/logo-peq-original.png\",\"width\":174,\"height\":171,\"caption\":\"Associa\u00e7\u00e3o dos Criadores de Mato Grosso\"},\"image\":{\"@id\":\"https:\/\/acrimat.org.br\/portal\/#\/schema\/logo\/image\/\"}},{\"@type\":\"Person\",\"@id\":\"https:\/\/acrimat.org.br\/portal\/#\/schema\/person\/18df8bcf6890e924fe5d8b5afd2bec0f\",\"name\":\"P\u00e9ricles C\u00e2ndido\",\"image\":{\"@type\":\"ImageObject\",\"inLanguage\":\"pt-BR\",\"@id\":\"https:\/\/acrimat.org.br\/portal\/#\/schema\/person\/image\/\",\"url\":\"https:\/\/secure.gravatar.com\/avatar\/33e2a2b971dc363ed2df53d0d3bfbd18?s=96&d=mm&r=g\",\"contentUrl\":\"https:\/\/secure.gravatar.com\/avatar\/33e2a2b971dc363ed2df53d0d3bfbd18?s=96&d=mm&r=g\",\"caption\":\"P\u00e9ricles C\u00e2ndido\"},\"sameAs\":[\"ascom@acrimat.org.br\"],\"url\":\"https:\/\/acrimat.org.br\/portal\/author\/designergrafico\/\"}]}<\/script>\n<!-- \/ Yoast SEO plugin. -->","yoast_head_json":{"title":"Exporta\u00e7\u00f5es de s\u00eamen crescem 60,4% no primeiro semestre - Acrimat","robots":{"index":"index","follow":"follow","max-snippet":"max-snippet:-1","max-image-preview":"max-image-preview:large","max-video-preview":"max-video-preview:-1"},"canonical":"https:\/\/acrimat.org.br\/portal\/exportacoes-de-semen-crescem-604-no-primeiro-semestre\/","og_locale":"pt_BR","og_type":"article","og_title":"Exporta\u00e7\u00f5es de s\u00eamen crescem 60,4% no primeiro semestre - Acrimat","og_description":"Presidente da ASBIA S\u00e9rgio Saud prev\u00ea crescimento nas vendas de s\u00eamen em 2017","og_url":"https:\/\/acrimat.org.br\/portal\/exportacoes-de-semen-crescem-604-no-primeiro-semestre\/","og_site_name":"Acrimat","article_published_time":"2017-10-04T14:36:55+00:00","article_modified_time":"2017-10-04T15:06:47+00:00","og_image":[{"width":500,"height":299,"url":"https:\/\/acrimat.org.br\/portal\/wp-content\/uploads\/2017\/10\/cropped_391905.jpg","type":"image\/jpeg"}],"author":"P\u00e9ricles C\u00e2ndido","twitter_card":"summary_large_image","twitter_misc":{"Escrito por":"P\u00e9ricles C\u00e2ndido","Est. tempo de leitura":"4 minutos"},"schema":{"@context":"https:\/\/schema.org","@graph":[{"@type":"Article","@id":"https:\/\/acrimat.org.br\/portal\/exportacoes-de-semen-crescem-604-no-primeiro-semestre\/#article","isPartOf":{"@id":"https:\/\/acrimat.org.br\/portal\/exportacoes-de-semen-crescem-604-no-primeiro-semestre\/"},"author":{"name":"P\u00e9ricles C\u00e2ndido","@id":"https:\/\/acrimat.org.br\/portal\/#\/schema\/person\/18df8bcf6890e924fe5d8b5afd2bec0f"},"headline":"Exporta\u00e7\u00f5es de s\u00eamen crescem 60,4% no primeiro semestre","datePublished":"2017-10-04T14:36:55+00:00","dateModified":"2017-10-04T15:06:47+00:00","mainEntityOfPage":{"@id":"https:\/\/acrimat.org.br\/portal\/exportacoes-de-semen-crescem-604-no-primeiro-semestre\/"},"wordCount":899,"publisher":{"@id":"https:\/\/acrimat.org.br\/portal\/#organization"},"image":{"@id":"https:\/\/acrimat.org.br\/portal\/exportacoes-de-semen-crescem-604-no-primeiro-semestre\/#primaryimage"},"thumbnailUrl":"https:\/\/acrimat.org.br\/portal\/wp-content\/uploads\/2017\/10\/cropped_391905.jpg","articleSection":["Destaques","Not\u00edcias"],"inLanguage":"pt-BR"},{"@type":"WebPage","@id":"https:\/\/acrimat.org.br\/portal\/exportacoes-de-semen-crescem-604-no-primeiro-semestre\/","url":"https:\/\/acrimat.org.br\/portal\/exportacoes-de-semen-crescem-604-no-primeiro-semestre\/","name":"Exporta\u00e7\u00f5es de s\u00eamen crescem 60,4% no primeiro semestre - Acrimat","isPartOf":{"@id":"https:\/\/acrimat.org.br\/portal\/#website"},"primaryImageOfPage":{"@id":"https:\/\/acrimat.org.br\/portal\/exportacoes-de-semen-crescem-604-no-primeiro-semestre\/#primaryimage"},"image":{"@id":"https:\/\/acrimat.org.br\/portal\/exportacoes-de-semen-crescem-604-no-primeiro-semestre\/#primaryimage"},"thumbnailUrl":"https:\/\/acrimat.org.br\/portal\/wp-content\/uploads\/2017\/10\/cropped_391905.jpg","datePublished":"2017-10-04T14:36:55+00:00","dateModified":"2017-10-04T15:06:47+00:00","breadcrumb":{"@id":"https:\/\/acrimat.org.br\/portal\/exportacoes-de-semen-crescem-604-no-primeiro-semestre\/#breadcrumb"},"inLanguage":"pt-BR","potentialAction":[{"@type":"ReadAction","target":["https:\/\/acrimat.org.br\/portal\/exportacoes-de-semen-crescem-604-no-primeiro-semestre\/"]}]},{"@type":"ImageObject","inLanguage":"pt-BR","@id":"https:\/\/acrimat.org.br\/portal\/exportacoes-de-semen-crescem-604-no-primeiro-semestre\/#primaryimage","url":"https:\/\/acrimat.org.br\/portal\/wp-content\/uploads\/2017\/10\/cropped_391905.jpg","contentUrl":"https:\/\/acrimat.org.br\/portal\/wp-content\/uploads\/2017\/10\/cropped_391905.jpg","width":500,"height":299,"caption":"Divulga\u00e7\u00e3o"},{"@type":"BreadcrumbList","@id":"https:\/\/acrimat.org.br\/portal\/exportacoes-de-semen-crescem-604-no-primeiro-semestre\/#breadcrumb","itemListElement":[{"@type":"ListItem","position":1,"name":"In\u00edcio","item":"https:\/\/acrimat.org.br\/portal\/"},{"@type":"ListItem","position":2,"name":"Exporta\u00e7\u00f5es de s\u00eamen crescem 60,4% no primeiro semestre"}]},{"@type":"WebSite","@id":"https:\/\/acrimat.org.br\/portal\/#website","url":"https:\/\/acrimat.org.br\/portal\/","name":"Acrimat","description":"Associa\u00e7\u00e3o dos Criadores de Mato Grosso","publisher":{"@id":"https:\/\/acrimat.org.br\/portal\/#organization"},"potentialAction":[{"@type":"SearchAction","target":{"@type":"EntryPoint","urlTemplate":"https:\/\/acrimat.org.br\/portal\/?s={search_term_string}"},"query-input":{"@type":"PropertyValueSpecification","valueRequired":true,"valueName":"search_term_string"}}],"inLanguage":"pt-BR"},{"@type":"Organization","@id":"https:\/\/acrimat.org.br\/portal\/#organization","name":"Associa\u00e7\u00e3o dos Criadores de Mato Grosso","url":"https:\/\/acrimat.org.br\/portal\/","logo":{"@type":"ImageObject","inLanguage":"pt-BR","@id":"https:\/\/acrimat.org.br\/portal\/#\/schema\/logo\/image\/","url":"https:\/\/acrimat.org.br\/portal\/wp-content\/uploads\/2018\/03\/logo-peq-original.png","contentUrl":"https:\/\/acrimat.org.br\/portal\/wp-content\/uploads\/2018\/03\/logo-peq-original.png","width":174,"height":171,"caption":"Associa\u00e7\u00e3o dos Criadores de Mato Grosso"},"image":{"@id":"https:\/\/acrimat.org.br\/portal\/#\/schema\/logo\/image\/"}},{"@type":"Person","@id":"https:\/\/acrimat.org.br\/portal\/#\/schema\/person\/18df8bcf6890e924fe5d8b5afd2bec0f","name":"P\u00e9ricles C\u00e2ndido","image":{"@type":"ImageObject","inLanguage":"pt-BR","@id":"https:\/\/acrimat.org.br\/portal\/#\/schema\/person\/image\/","url":"https:\/\/secure.gravatar.com\/avatar\/33e2a2b971dc363ed2df53d0d3bfbd18?s=96&d=mm&r=g","contentUrl":"https:\/\/secure.gravatar.com\/avatar\/33e2a2b971dc363ed2df53d0d3bfbd18?s=96&d=mm&r=g","caption":"P\u00e9ricles C\u00e2ndido"},"sameAs":["ascom@acrimat.org.br"],"url":"https:\/\/acrimat.org.br\/portal\/author\/designergrafico\/"}]}},"_links":{"self":[{"href":"https:\/\/acrimat.org.br\/portal\/wp-json\/wp\/v2\/posts\/97983918","targetHints":{"allow":["GET"]}}],"collection":[{"href":"https:\/\/acrimat.org.br\/portal\/wp-json\/wp\/v2\/posts"}],"about":[{"href":"https:\/\/acrimat.org.br\/portal\/wp-json\/wp\/v2\/types\/post"}],"author":[{"embeddable":true,"href":"https:\/\/acrimat.org.br\/portal\/wp-json\/wp\/v2\/users\/11"}],"replies":[{"embeddable":true,"href":"https:\/\/acrimat.org.br\/portal\/wp-json\/wp\/v2\/comments?post=97983918"}],"version-history":[{"count":4,"href":"https:\/\/acrimat.org.br\/portal\/wp-json\/wp\/v2\/posts\/97983918\/revisions"}],"predecessor-version":[{"id":97983937,"href":"https:\/\/acrimat.org.br\/portal\/wp-json\/wp\/v2\/posts\/97983918\/revisions\/97983937"}],"wp:featuredmedia":[{"embeddable":true,"href":"https:\/\/acrimat.org.br\/portal\/wp-json\/wp\/v2\/media\/97983919"}],"wp:attachment":[{"href":"https:\/\/acrimat.org.br\/portal\/wp-json\/wp\/v2\/media?parent=97983918"}],"wp:term":[{"taxonomy":"category","embeddable":true,"href":"https:\/\/acrimat.org.br\/portal\/wp-json\/wp\/v2\/categories?post=97983918"},{"taxonomy":"post_tag","embeddable":true,"href":"https:\/\/acrimat.org.br\/portal\/wp-json\/wp\/v2\/tags?post=97983918"}],"curies":[{"name":"wp","href":"https:\/\/api.w.org\/{rel}","templated":true}]}}