{"id":97983945,"date":"2017-10-05T10:00:46","date_gmt":"2017-10-05T13:00:46","guid":{"rendered":"http:\/\/acrimat.org.br\/portal\/?p=97983945"},"modified":"2017-10-05T10:00:46","modified_gmt":"2017-10-05T13:00:46","slug":"abiec-e-camara-arabe-promovem-churrasco-na-alemanha","status":"publish","type":"post","link":"https:\/\/acrimat.org.br\/portal\/abiec-e-camara-arabe-promovem-churrasco-na-alemanha\/","title":{"rendered":"Abiec e C\u00e2mara \u00c1rabe promovem churrasco na Alemanha"},"content":{"rendered":"<p>Um churrasco com carne halal brasileira ser\u00e1 oferecido pela Associa\u00e7\u00e3o Brasileira das Ind\u00fastrias Exportadoras de Carne (Abiec) em parceria com a C\u00e2mara de Com\u00e9rcio \u00c1rabe Brasileira aos compradores \u00e1rabes que estiverem na Anuga, importante feira do setor de alimentos que abrir\u00e1 suas portas no s\u00e1bado (07) em Col\u00f4nia, na Alemanha. O evento, chamado de Arab Halal Day, est\u00e1 na sua segunda edi\u00e7\u00e3o.<\/p>\n<p>A carne bovina brasileira com certifica\u00e7\u00e3o halal ser\u00e1 servida aos \u00e1rabes no estande da Abiec na ter\u00e7a-feira (10), pen\u00faltimo dia de exposi\u00e7\u00e3o. A expectativa \u00e9 que de 200 a 300 compradores de diversos pa\u00edses \u00e1rabes participem do evento, segundo c\u00e1lculos de Fernanda Baltazar, executiva de Neg\u00f3cios Internacionais da C\u00e2mara \u00c1rabe.<\/p>\n<p>\u201cNosso papel \u00e9 arregimentar compradores e distribuidores \u00e1rabes que estiverem na feira e coloca-los em contato com os expositores brasileiros\u201d, afirmou a executiva. Mais de mil convites foram enviados a contatos da C\u00e2mara \u00c1rabe do setor de alimentos nos pa\u00edses \u00e1rabes. Fernanda, que estar\u00e1 no evento, tamb\u00e9m est\u00e1 em contato com empres\u00e1rios de pa\u00edses do Oriente M\u00e9dio e Norte da \u00c1frica que ter\u00e3o pavilh\u00f5es pr\u00f3prios na Anuga. \u201cPraticamente todos os grandes pa\u00edses da regi\u00e3o estar\u00e3o l\u00e1\u201d, disse.<\/p>\n<p>Fernanda Baltazar adiantou que, futuramente, a entidade pretende aumentar sua presen\u00e7a nessas feiras globais consolidadas fora dos pa\u00edses \u00e1rabes, at\u00e9 mesmo com estande pr\u00f3prio.<\/p>\n","protected":false},"excerpt":{"rendered":"<p>Expectativa \u00e9 que de 200 a 300 compradores de diversos pa\u00edses \u00e1rabes participem do evento, segundo c\u00e1lculos de Fernanda Baltazar, executiva de Neg\u00f3cios Internacionais da C\u00e2mara \u00c1rabe<\/p>\n","protected":false},"author":11,"featured_media":97983946,"comment_status":"closed","ping_status":"closed","sticky":false,"template":"","format":"standard","meta":{"footnotes":""},"categories":[6,1],"tags":[],"class_list":["post-97983945","post","type-post","status-publish","format-standard","has-post-thumbnail","hentry","category-destaque","category-noticia"],"yoast_head":"<!-- This site is optimized with the Yoast SEO plugin v24.8.1 - https:\/\/yoast.com\/wordpress\/plugins\/seo\/ -->\n<title>Abiec e C\u00e2mara \u00c1rabe promovem churrasco na Alemanha - Acrimat<\/title>\n<meta name=\"robots\" content=\"index, follow, max-snippet:-1, max-image-preview:large, max-video-preview:-1\" \/>\n<link rel=\"canonical\" href=\"https:\/\/acrimat.org.br\/portal\/abiec-e-camara-arabe-promovem-churrasco-na-alemanha\/\" \/>\n<meta property=\"og:locale\" content=\"pt_BR\" \/>\n<meta property=\"og:type\" content=\"article\" \/>\n<meta property=\"og:title\" content=\"Abiec e C\u00e2mara \u00c1rabe promovem churrasco na Alemanha - Acrimat\" \/>\n<meta property=\"og:description\" content=\"Expectativa \u00e9 que de 200 a 300 compradores de diversos pa\u00edses \u00e1rabes participem do evento, segundo c\u00e1lculos de Fernanda Baltazar, executiva de Neg\u00f3cios Internacionais da C\u00e2mara \u00c1rabe\" \/>\n<meta property=\"og:url\" content=\"https:\/\/acrimat.org.br\/portal\/abiec-e-camara-arabe-promovem-churrasco-na-alemanha\/\" \/>\n<meta property=\"og:site_name\" content=\"Acrimat\" \/>\n<meta property=\"article:published_time\" content=\"2017-10-05T13:00:46+00:00\" \/>\n<meta property=\"og:image\" content=\"https:\/\/acrimat.org.br\/portal\/wp-content\/uploads\/2017\/10\/img-20161019-wa0022.jpg\" \/>\n\t<meta property=\"og:image:width\" content=\"1000\" \/>\n\t<meta property=\"og:image:height\" content=\"750\" \/>\n\t<meta property=\"og:image:type\" content=\"image\/jpeg\" \/>\n<meta name=\"author\" content=\"P\u00e9ricles C\u00e2ndido\" \/>\n<meta name=\"twitter:card\" content=\"summary_large_image\" \/>\n<meta name=\"twitter:label1\" content=\"Escrito por\" \/>\n\t<meta name=\"twitter:data1\" content=\"P\u00e9ricles C\u00e2ndido\" \/>\n\t<meta name=\"twitter:label2\" content=\"Est. tempo de leitura\" \/>\n\t<meta name=\"twitter:data2\" content=\"1 minuto\" \/>\n<script type=\"application\/ld+json\" class=\"yoast-schema-graph\">{\"@context\":\"https:\/\/schema.org\",\"@graph\":[{\"@type\":\"Article\",\"@id\":\"https:\/\/acrimat.org.br\/portal\/abiec-e-camara-arabe-promovem-churrasco-na-alemanha\/#article\",\"isPartOf\":{\"@id\":\"https:\/\/acrimat.org.br\/portal\/abiec-e-camara-arabe-promovem-churrasco-na-alemanha\/\"},\"author\":{\"name\":\"P\u00e9ricles C\u00e2ndido\",\"@id\":\"https:\/\/acrimat.org.br\/portal\/#\/schema\/person\/18df8bcf6890e924fe5d8b5afd2bec0f\"},\"headline\":\"Abiec e C\u00e2mara \u00c1rabe promovem churrasco na Alemanha\",\"datePublished\":\"2017-10-05T13:00:46+00:00\",\"mainEntityOfPage\":{\"@id\":\"https:\/\/acrimat.org.br\/portal\/abiec-e-camara-arabe-promovem-churrasco-na-alemanha\/\"},\"wordCount\":246,\"publisher\":{\"@id\":\"https:\/\/acrimat.org.br\/portal\/#organization\"},\"image\":{\"@id\":\"https:\/\/acrimat.org.br\/portal\/abiec-e-camara-arabe-promovem-churrasco-na-alemanha\/#primaryimage\"},\"thumbnailUrl\":\"https:\/\/acrimat.org.br\/portal\/wp-content\/uploads\/2017\/10\/img-20161019-wa0022.jpg\",\"articleSection\":[\"Destaques\",\"Not\u00edcias\"],\"inLanguage\":\"pt-BR\"},{\"@type\":\"WebPage\",\"@id\":\"https:\/\/acrimat.org.br\/portal\/abiec-e-camara-arabe-promovem-churrasco-na-alemanha\/\",\"url\":\"https:\/\/acrimat.org.br\/portal\/abiec-e-camara-arabe-promovem-churrasco-na-alemanha\/\",\"name\":\"Abiec e C\u00e2mara \u00c1rabe promovem churrasco na Alemanha - Acrimat\",\"isPartOf\":{\"@id\":\"https:\/\/acrimat.org.br\/portal\/#website\"},\"primaryImageOfPage\":{\"@id\":\"https:\/\/acrimat.org.br\/portal\/abiec-e-camara-arabe-promovem-churrasco-na-alemanha\/#primaryimage\"},\"image\":{\"@id\":\"https:\/\/acrimat.org.br\/portal\/abiec-e-camara-arabe-promovem-churrasco-na-alemanha\/#primaryimage\"},\"thumbnailUrl\":\"https:\/\/acrimat.org.br\/portal\/wp-content\/uploads\/2017\/10\/img-20161019-wa0022.jpg\",\"datePublished\":\"2017-10-05T13:00:46+00:00\",\"breadcrumb\":{\"@id\":\"https:\/\/acrimat.org.br\/portal\/abiec-e-camara-arabe-promovem-churrasco-na-alemanha\/#breadcrumb\"},\"inLanguage\":\"pt-BR\",\"potentialAction\":[{\"@type\":\"ReadAction\",\"target\":[\"https:\/\/acrimat.org.br\/portal\/abiec-e-camara-arabe-promovem-churrasco-na-alemanha\/\"]}]},{\"@type\":\"ImageObject\",\"inLanguage\":\"pt-BR\",\"@id\":\"https:\/\/acrimat.org.br\/portal\/abiec-e-camara-arabe-promovem-churrasco-na-alemanha\/#primaryimage\",\"url\":\"https:\/\/acrimat.org.br\/portal\/wp-content\/uploads\/2017\/10\/img-20161019-wa0022.jpg\",\"contentUrl\":\"https:\/\/acrimat.org.br\/portal\/wp-content\/uploads\/2017\/10\/img-20161019-wa0022.jpg\",\"width\":1000,\"height\":750},{\"@type\":\"BreadcrumbList\",\"@id\":\"https:\/\/acrimat.org.br\/portal\/abiec-e-camara-arabe-promovem-churrasco-na-alemanha\/#breadcrumb\",\"itemListElement\":[{\"@type\":\"ListItem\",\"position\":1,\"name\":\"In\u00edcio\",\"item\":\"https:\/\/acrimat.org.br\/portal\/\"},{\"@type\":\"ListItem\",\"position\":2,\"name\":\"Abiec e C\u00e2mara \u00c1rabe promovem churrasco na Alemanha\"}]},{\"@type\":\"WebSite\",\"@id\":\"https:\/\/acrimat.org.br\/portal\/#website\",\"url\":\"https:\/\/acrimat.org.br\/portal\/\",\"name\":\"Acrimat\",\"description\":\"Associa\u00e7\u00e3o dos Criadores de Mato Grosso\",\"publisher\":{\"@id\":\"https:\/\/acrimat.org.br\/portal\/#organization\"},\"potentialAction\":[{\"@type\":\"SearchAction\",\"target\":{\"@type\":\"EntryPoint\",\"urlTemplate\":\"https:\/\/acrimat.org.br\/portal\/?s={search_term_string}\"},\"query-input\":{\"@type\":\"PropertyValueSpecification\",\"valueRequired\":true,\"valueName\":\"search_term_string\"}}],\"inLanguage\":\"pt-BR\"},{\"@type\":\"Organization\",\"@id\":\"https:\/\/acrimat.org.br\/portal\/#organization\",\"name\":\"Associa\u00e7\u00e3o dos Criadores de Mato Grosso\",\"url\":\"https:\/\/acrimat.org.br\/portal\/\",\"logo\":{\"@type\":\"ImageObject\",\"inLanguage\":\"pt-BR\",\"@id\":\"https:\/\/acrimat.org.br\/portal\/#\/schema\/logo\/image\/\",\"url\":\"https:\/\/acrimat.org.br\/portal\/wp-content\/uploads\/2018\/03\/logo-peq-original.png\",\"contentUrl\":\"https:\/\/acrimat.org.br\/portal\/wp-content\/uploads\/2018\/03\/logo-peq-original.png\",\"width\":174,\"height\":171,\"caption\":\"Associa\u00e7\u00e3o dos Criadores de Mato Grosso\"},\"image\":{\"@id\":\"https:\/\/acrimat.org.br\/portal\/#\/schema\/logo\/image\/\"}},{\"@type\":\"Person\",\"@id\":\"https:\/\/acrimat.org.br\/portal\/#\/schema\/person\/18df8bcf6890e924fe5d8b5afd2bec0f\",\"name\":\"P\u00e9ricles C\u00e2ndido\",\"image\":{\"@type\":\"ImageObject\",\"inLanguage\":\"pt-BR\",\"@id\":\"https:\/\/acrimat.org.br\/portal\/#\/schema\/person\/image\/\",\"url\":\"https:\/\/secure.gravatar.com\/avatar\/33e2a2b971dc363ed2df53d0d3bfbd18?s=96&d=mm&r=g\",\"contentUrl\":\"https:\/\/secure.gravatar.com\/avatar\/33e2a2b971dc363ed2df53d0d3bfbd18?s=96&d=mm&r=g\",\"caption\":\"P\u00e9ricles C\u00e2ndido\"},\"sameAs\":[\"ascom@acrimat.org.br\"],\"url\":\"https:\/\/acrimat.org.br\/portal\/author\/designergrafico\/\"}]}<\/script>\n<!-- \/ Yoast SEO plugin. -->","yoast_head_json":{"title":"Abiec e C\u00e2mara \u00c1rabe promovem churrasco na Alemanha - Acrimat","robots":{"index":"index","follow":"follow","max-snippet":"max-snippet:-1","max-image-preview":"max-image-preview:large","max-video-preview":"max-video-preview:-1"},"canonical":"https:\/\/acrimat.org.br\/portal\/abiec-e-camara-arabe-promovem-churrasco-na-alemanha\/","og_locale":"pt_BR","og_type":"article","og_title":"Abiec e C\u00e2mara \u00c1rabe promovem churrasco na Alemanha - Acrimat","og_description":"Expectativa \u00e9 que de 200 a 300 compradores de diversos pa\u00edses \u00e1rabes participem do evento, segundo c\u00e1lculos de Fernanda Baltazar, executiva de Neg\u00f3cios Internacionais da C\u00e2mara \u00c1rabe","og_url":"https:\/\/acrimat.org.br\/portal\/abiec-e-camara-arabe-promovem-churrasco-na-alemanha\/","og_site_name":"Acrimat","article_published_time":"2017-10-05T13:00:46+00:00","og_image":[{"width":1000,"height":750,"url":"https:\/\/acrimat.org.br\/portal\/wp-content\/uploads\/2017\/10\/img-20161019-wa0022.jpg","type":"image\/jpeg"}],"author":"P\u00e9ricles C\u00e2ndido","twitter_card":"summary_large_image","twitter_misc":{"Escrito por":"P\u00e9ricles C\u00e2ndido","Est. tempo de leitura":"1 minuto"},"schema":{"@context":"https:\/\/schema.org","@graph":[{"@type":"Article","@id":"https:\/\/acrimat.org.br\/portal\/abiec-e-camara-arabe-promovem-churrasco-na-alemanha\/#article","isPartOf":{"@id":"https:\/\/acrimat.org.br\/portal\/abiec-e-camara-arabe-promovem-churrasco-na-alemanha\/"},"author":{"name":"P\u00e9ricles C\u00e2ndido","@id":"https:\/\/acrimat.org.br\/portal\/#\/schema\/person\/18df8bcf6890e924fe5d8b5afd2bec0f"},"headline":"Abiec e C\u00e2mara \u00c1rabe promovem churrasco na Alemanha","datePublished":"2017-10-05T13:00:46+00:00","mainEntityOfPage":{"@id":"https:\/\/acrimat.org.br\/portal\/abiec-e-camara-arabe-promovem-churrasco-na-alemanha\/"},"wordCount":246,"publisher":{"@id":"https:\/\/acrimat.org.br\/portal\/#organization"},"image":{"@id":"https:\/\/acrimat.org.br\/portal\/abiec-e-camara-arabe-promovem-churrasco-na-alemanha\/#primaryimage"},"thumbnailUrl":"https:\/\/acrimat.org.br\/portal\/wp-content\/uploads\/2017\/10\/img-20161019-wa0022.jpg","articleSection":["Destaques","Not\u00edcias"],"inLanguage":"pt-BR"},{"@type":"WebPage","@id":"https:\/\/acrimat.org.br\/portal\/abiec-e-camara-arabe-promovem-churrasco-na-alemanha\/","url":"https:\/\/acrimat.org.br\/portal\/abiec-e-camara-arabe-promovem-churrasco-na-alemanha\/","name":"Abiec e C\u00e2mara \u00c1rabe promovem churrasco na Alemanha - Acrimat","isPartOf":{"@id":"https:\/\/acrimat.org.br\/portal\/#website"},"primaryImageOfPage":{"@id":"https:\/\/acrimat.org.br\/portal\/abiec-e-camara-arabe-promovem-churrasco-na-alemanha\/#primaryimage"},"image":{"@id":"https:\/\/acrimat.org.br\/portal\/abiec-e-camara-arabe-promovem-churrasco-na-alemanha\/#primaryimage"},"thumbnailUrl":"https:\/\/acrimat.org.br\/portal\/wp-content\/uploads\/2017\/10\/img-20161019-wa0022.jpg","datePublished":"2017-10-05T13:00:46+00:00","breadcrumb":{"@id":"https:\/\/acrimat.org.br\/portal\/abiec-e-camara-arabe-promovem-churrasco-na-alemanha\/#breadcrumb"},"inLanguage":"pt-BR","potentialAction":[{"@type":"ReadAction","target":["https:\/\/acrimat.org.br\/portal\/abiec-e-camara-arabe-promovem-churrasco-na-alemanha\/"]}]},{"@type":"ImageObject","inLanguage":"pt-BR","@id":"https:\/\/acrimat.org.br\/portal\/abiec-e-camara-arabe-promovem-churrasco-na-alemanha\/#primaryimage","url":"https:\/\/acrimat.org.br\/portal\/wp-content\/uploads\/2017\/10\/img-20161019-wa0022.jpg","contentUrl":"https:\/\/acrimat.org.br\/portal\/wp-content\/uploads\/2017\/10\/img-20161019-wa0022.jpg","width":1000,"height":750},{"@type":"BreadcrumbList","@id":"https:\/\/acrimat.org.br\/portal\/abiec-e-camara-arabe-promovem-churrasco-na-alemanha\/#breadcrumb","itemListElement":[{"@type":"ListItem","position":1,"name":"In\u00edcio","item":"https:\/\/acrimat.org.br\/portal\/"},{"@type":"ListItem","position":2,"name":"Abiec e C\u00e2mara \u00c1rabe promovem churrasco na Alemanha"}]},{"@type":"WebSite","@id":"https:\/\/acrimat.org.br\/portal\/#website","url":"https:\/\/acrimat.org.br\/portal\/","name":"Acrimat","description":"Associa\u00e7\u00e3o dos Criadores de Mato Grosso","publisher":{"@id":"https:\/\/acrimat.org.br\/portal\/#organization"},"potentialAction":[{"@type":"SearchAction","target":{"@type":"EntryPoint","urlTemplate":"https:\/\/acrimat.org.br\/portal\/?s={search_term_string}"},"query-input":{"@type":"PropertyValueSpecification","valueRequired":true,"valueName":"search_term_string"}}],"inLanguage":"pt-BR"},{"@type":"Organization","@id":"https:\/\/acrimat.org.br\/portal\/#organization","name":"Associa\u00e7\u00e3o dos Criadores de Mato Grosso","url":"https:\/\/acrimat.org.br\/portal\/","logo":{"@type":"ImageObject","inLanguage":"pt-BR","@id":"https:\/\/acrimat.org.br\/portal\/#\/schema\/logo\/image\/","url":"https:\/\/acrimat.org.br\/portal\/wp-content\/uploads\/2018\/03\/logo-peq-original.png","contentUrl":"https:\/\/acrimat.org.br\/portal\/wp-content\/uploads\/2018\/03\/logo-peq-original.png","width":174,"height":171,"caption":"Associa\u00e7\u00e3o dos Criadores de Mato Grosso"},"image":{"@id":"https:\/\/acrimat.org.br\/portal\/#\/schema\/logo\/image\/"}},{"@type":"Person","@id":"https:\/\/acrimat.org.br\/portal\/#\/schema\/person\/18df8bcf6890e924fe5d8b5afd2bec0f","name":"P\u00e9ricles C\u00e2ndido","image":{"@type":"ImageObject","inLanguage":"pt-BR","@id":"https:\/\/acrimat.org.br\/portal\/#\/schema\/person\/image\/","url":"https:\/\/secure.gravatar.com\/avatar\/33e2a2b971dc363ed2df53d0d3bfbd18?s=96&d=mm&r=g","contentUrl":"https:\/\/secure.gravatar.com\/avatar\/33e2a2b971dc363ed2df53d0d3bfbd18?s=96&d=mm&r=g","caption":"P\u00e9ricles C\u00e2ndido"},"sameAs":["ascom@acrimat.org.br"],"url":"https:\/\/acrimat.org.br\/portal\/author\/designergrafico\/"}]}},"_links":{"self":[{"href":"https:\/\/acrimat.org.br\/portal\/wp-json\/wp\/v2\/posts\/97983945","targetHints":{"allow":["GET"]}}],"collection":[{"href":"https:\/\/acrimat.org.br\/portal\/wp-json\/wp\/v2\/posts"}],"about":[{"href":"https:\/\/acrimat.org.br\/portal\/wp-json\/wp\/v2\/types\/post"}],"author":[{"embeddable":true,"href":"https:\/\/acrimat.org.br\/portal\/wp-json\/wp\/v2\/users\/11"}],"replies":[{"embeddable":true,"href":"https:\/\/acrimat.org.br\/portal\/wp-json\/wp\/v2\/comments?post=97983945"}],"version-history":[{"count":1,"href":"https:\/\/acrimat.org.br\/portal\/wp-json\/wp\/v2\/posts\/97983945\/revisions"}],"predecessor-version":[{"id":97983947,"href":"https:\/\/acrimat.org.br\/portal\/wp-json\/wp\/v2\/posts\/97983945\/revisions\/97983947"}],"wp:featuredmedia":[{"embeddable":true,"href":"https:\/\/acrimat.org.br\/portal\/wp-json\/wp\/v2\/media\/97983946"}],"wp:attachment":[{"href":"https:\/\/acrimat.org.br\/portal\/wp-json\/wp\/v2\/media?parent=97983945"}],"wp:term":[{"taxonomy":"category","embeddable":true,"href":"https:\/\/acrimat.org.br\/portal\/wp-json\/wp\/v2\/categories?post=97983945"},{"taxonomy":"post_tag","embeddable":true,"href":"https:\/\/acrimat.org.br\/portal\/wp-json\/wp\/v2\/tags?post=97983945"}],"curies":[{"name":"wp","href":"https:\/\/api.w.org\/{rel}","templated":true}]}}