{"id":97983948,"date":"2017-10-05T10:03:08","date_gmt":"2017-10-05T13:03:08","guid":{"rendered":"http:\/\/acrimat.org.br\/portal\/?p=97983948"},"modified":"2017-10-05T12:34:51","modified_gmt":"2017-10-05T15:34:51","slug":"para-wwf-planicie-do-pantanal-esta-preservada-gracas-a-pecuaria","status":"publish","type":"post","link":"https:\/\/acrimat.org.br\/portal\/para-wwf-planicie-do-pantanal-esta-preservada-gracas-a-pecuaria\/","title":{"rendered":"Para WWF, plan\u00edcie do Pantanal est\u00e1 preservada"},"content":{"rendered":"<p>Com o apoio da WWF-Brasil, a Associa\u00e7\u00e3o Brasileira de Produtores Org\u00e2nicos (ABPO) lan\u00e7ou nesta ter\u00e7a-feira (3) o \u201cProtocolo de Carne Sustent\u00e1vel\u201d, que certifica cria\u00e7\u00f5es de bovinos com preocupa\u00e7\u00e3o ambiental.<\/p>\n<p>Segundo a entidade, pecuaristas que decidirem aderir dever\u00e3o adotar pr\u00e1ticas como ajustes de pastagens para evitar a perda de nutrientes do solo, al\u00e9m da n\u00e3o utiliza\u00e7\u00e3o de produtos qu\u00edmicos e de pastagens nativas do Pantanal, e tamb\u00e9m refor\u00e7ar a prote\u00e7\u00e3o dos recursos h\u00eddricos e recuperar \u00e1reas degradadas. A ideia \u00e9 certifica principalmente os produtores da regi\u00e3o do Pantanal:<\/p>\n<p>\u201cEsse protocolo valoriza o homem pantaneiro, sua cultura e os processos produtivos que h\u00e1 mais de 200 anos preservam o bioma. Somente s\u00e3o admitidos animais comprovadamente nascidos no Pantanal e alimentados com pastagens naturais. Caso o produtor opte por fornecer gr\u00e3os ao rebanho, eles precisam ser certificados e n\u00e3o-transg\u00eanicos\u201d, explica Leonardo Leite de Barros, presidente da ABPO.<\/p>\n<p><strong>Pecu\u00e1ria preserva Pantanal<\/strong><\/p>\n<p>Desde 2003, o WWF-Brasil j\u00e1 apoiou a certifica\u00e7\u00e3o de 180 mil hectares com pecu\u00e1ria sustent\u00e1vel, no Mato Grosso do Sul. Um estudo da ONG divulgado em junho indicou ainda que a pecu\u00e1ria vem colaborado para a preserva\u00e7\u00e3o da regi\u00e3o pantaneira:<\/p>\n<p>\u201cGra\u00e7as \u00e0 pecu\u00e1ria tradicional do Pantanal, 82% da plan\u00edcie pantaneira ainda est\u00e1 preservada. A parceria com o setor produtivo \u00e9 de fundamental import\u00e2ncia para que nossa miss\u00e3o de produzir em harmonia com a natureza seja alcan\u00e7ada garantindo a sustentabilidade socioambiental e econ\u00f4mica para esta e as futuras gera\u00e7\u00f5es\u201d, diz J\u00falio C\u00e9sar Sampaio, coordenador do Programa Cerrado Pantanal do WWF-Brasil.<\/p>\n<p>Al\u00e9m da WWF e a ABPO, outras entidades contribuem para o projeto \u201cProtocolo da carne sustent\u00e1vel\u201d. Ele est\u00e1 depositado na Confedera\u00e7\u00e3o da Agricultura e Pecu\u00e1ria do Brasil (CNA), \u00e9 fiscalizado pelo Minist\u00e9rio da Agricultura Pecu\u00e1ria e Abastecimento (MAPA) e auditado pelo Instituto Biodin\u00e2mico (IBD).<\/p>\n","protected":false},"excerpt":{"rendered":"<p>A\u00e7\u00f5es de pecu\u00e1ria tradicional e sustent\u00e1vel v\u00eam colaborando com a preserva\u00e7\u00e3o e ser\u00e3o reconhecidas pela entidade e \u00f3rg\u00e3os \u2018de peso\u2019 do agroneg\u00f3cio<\/p>\n","protected":false},"author":11,"featured_media":97983949,"comment_status":"closed","ping_status":"closed","sticky":false,"template":"","format":"standard","meta":{"footnotes":""},"categories":[6,1],"tags":[],"class_list":["post-97983948","post","type-post","status-publish","format-standard","has-post-thumbnail","hentry","category-destaque","category-noticia"],"yoast_head":"<!-- This site is optimized with the Yoast SEO plugin v24.8.1 - https:\/\/yoast.com\/wordpress\/plugins\/seo\/ -->\n<title>Para WWF, plan\u00edcie do Pantanal est\u00e1 preservada - Acrimat<\/title>\n<meta name=\"robots\" content=\"index, follow, max-snippet:-1, max-image-preview:large, max-video-preview:-1\" \/>\n<link rel=\"canonical\" href=\"https:\/\/acrimat.org.br\/portal\/para-wwf-planicie-do-pantanal-esta-preservada-gracas-a-pecuaria\/\" \/>\n<meta property=\"og:locale\" content=\"pt_BR\" \/>\n<meta property=\"og:type\" content=\"article\" \/>\n<meta property=\"og:title\" content=\"Para WWF, plan\u00edcie do Pantanal est\u00e1 preservada - Acrimat\" \/>\n<meta property=\"og:description\" content=\"A\u00e7\u00f5es de pecu\u00e1ria tradicional e sustent\u00e1vel v\u00eam colaborando com a preserva\u00e7\u00e3o e ser\u00e3o reconhecidas pela entidade e \u00f3rg\u00e3os \u2018de peso\u2019 do agroneg\u00f3cio\" \/>\n<meta property=\"og:url\" content=\"https:\/\/acrimat.org.br\/portal\/para-wwf-planicie-do-pantanal-esta-preservada-gracas-a-pecuaria\/\" \/>\n<meta property=\"og:site_name\" content=\"Acrimat\" \/>\n<meta property=\"article:published_time\" content=\"2017-10-05T13:03:08+00:00\" \/>\n<meta property=\"article:modified_time\" content=\"2017-10-05T15:34:51+00:00\" \/>\n<meta property=\"og:image\" content=\"https:\/\/acrimat.org.br\/portal\/wp-content\/uploads\/2017\/10\/15010494-kvkc-u202512901537b5c-1.jpg\" \/>\n\t<meta property=\"og:image:width\" content=\"960\" \/>\n\t<meta property=\"og:image:height\" content=\"640\" \/>\n\t<meta property=\"og:image:type\" content=\"image\/jpeg\" \/>\n<meta name=\"author\" content=\"P\u00e9ricles C\u00e2ndido\" \/>\n<meta name=\"twitter:card\" content=\"summary_large_image\" \/>\n<meta name=\"twitter:label1\" content=\"Escrito por\" \/>\n\t<meta name=\"twitter:data1\" content=\"P\u00e9ricles C\u00e2ndido\" \/>\n\t<meta name=\"twitter:label2\" content=\"Est. tempo de leitura\" \/>\n\t<meta name=\"twitter:data2\" content=\"2 minutos\" \/>\n<script type=\"application\/ld+json\" class=\"yoast-schema-graph\">{\"@context\":\"https:\/\/schema.org\",\"@graph\":[{\"@type\":\"Article\",\"@id\":\"https:\/\/acrimat.org.br\/portal\/para-wwf-planicie-do-pantanal-esta-preservada-gracas-a-pecuaria\/#article\",\"isPartOf\":{\"@id\":\"https:\/\/acrimat.org.br\/portal\/para-wwf-planicie-do-pantanal-esta-preservada-gracas-a-pecuaria\/\"},\"author\":{\"name\":\"P\u00e9ricles C\u00e2ndido\",\"@id\":\"https:\/\/acrimat.org.br\/portal\/#\/schema\/person\/18df8bcf6890e924fe5d8b5afd2bec0f\"},\"headline\":\"Para WWF, plan\u00edcie do Pantanal est\u00e1 preservada\",\"datePublished\":\"2017-10-05T13:03:08+00:00\",\"dateModified\":\"2017-10-05T15:34:51+00:00\",\"mainEntityOfPage\":{\"@id\":\"https:\/\/acrimat.org.br\/portal\/para-wwf-planicie-do-pantanal-esta-preservada-gracas-a-pecuaria\/\"},\"wordCount\":335,\"publisher\":{\"@id\":\"https:\/\/acrimat.org.br\/portal\/#organization\"},\"image\":{\"@id\":\"https:\/\/acrimat.org.br\/portal\/para-wwf-planicie-do-pantanal-esta-preservada-gracas-a-pecuaria\/#primaryimage\"},\"thumbnailUrl\":\"https:\/\/acrimat.org.br\/portal\/wp-content\/uploads\/2017\/10\/15010494-kvkc-u202512901537b5c-1.jpg\",\"articleSection\":[\"Destaques\",\"Not\u00edcias\"],\"inLanguage\":\"pt-BR\"},{\"@type\":\"WebPage\",\"@id\":\"https:\/\/acrimat.org.br\/portal\/para-wwf-planicie-do-pantanal-esta-preservada-gracas-a-pecuaria\/\",\"url\":\"https:\/\/acrimat.org.br\/portal\/para-wwf-planicie-do-pantanal-esta-preservada-gracas-a-pecuaria\/\",\"name\":\"Para WWF, plan\u00edcie do Pantanal est\u00e1 preservada - Acrimat\",\"isPartOf\":{\"@id\":\"https:\/\/acrimat.org.br\/portal\/#website\"},\"primaryImageOfPage\":{\"@id\":\"https:\/\/acrimat.org.br\/portal\/para-wwf-planicie-do-pantanal-esta-preservada-gracas-a-pecuaria\/#primaryimage\"},\"image\":{\"@id\":\"https:\/\/acrimat.org.br\/portal\/para-wwf-planicie-do-pantanal-esta-preservada-gracas-a-pecuaria\/#primaryimage\"},\"thumbnailUrl\":\"https:\/\/acrimat.org.br\/portal\/wp-content\/uploads\/2017\/10\/15010494-kvkc-u202512901537b5c-1.jpg\",\"datePublished\":\"2017-10-05T13:03:08+00:00\",\"dateModified\":\"2017-10-05T15:34:51+00:00\",\"breadcrumb\":{\"@id\":\"https:\/\/acrimat.org.br\/portal\/para-wwf-planicie-do-pantanal-esta-preservada-gracas-a-pecuaria\/#breadcrumb\"},\"inLanguage\":\"pt-BR\",\"potentialAction\":[{\"@type\":\"ReadAction\",\"target\":[\"https:\/\/acrimat.org.br\/portal\/para-wwf-planicie-do-pantanal-esta-preservada-gracas-a-pecuaria\/\"]}]},{\"@type\":\"ImageObject\",\"inLanguage\":\"pt-BR\",\"@id\":\"https:\/\/acrimat.org.br\/portal\/para-wwf-planicie-do-pantanal-esta-preservada-gracas-a-pecuaria\/#primaryimage\",\"url\":\"https:\/\/acrimat.org.br\/portal\/wp-content\/uploads\/2017\/10\/15010494-kvkc-u202512901537b5c-1.jpg\",\"contentUrl\":\"https:\/\/acrimat.org.br\/portal\/wp-content\/uploads\/2017\/10\/15010494-kvkc-u202512901537b5c-1.jpg\",\"width\":960,\"height\":640,\"caption\":\"Divulga\u00e7\u00e3o\"},{\"@type\":\"BreadcrumbList\",\"@id\":\"https:\/\/acrimat.org.br\/portal\/para-wwf-planicie-do-pantanal-esta-preservada-gracas-a-pecuaria\/#breadcrumb\",\"itemListElement\":[{\"@type\":\"ListItem\",\"position\":1,\"name\":\"In\u00edcio\",\"item\":\"https:\/\/acrimat.org.br\/portal\/\"},{\"@type\":\"ListItem\",\"position\":2,\"name\":\"Para WWF, plan\u00edcie do Pantanal est\u00e1 preservada\"}]},{\"@type\":\"WebSite\",\"@id\":\"https:\/\/acrimat.org.br\/portal\/#website\",\"url\":\"https:\/\/acrimat.org.br\/portal\/\",\"name\":\"Acrimat\",\"description\":\"Associa\u00e7\u00e3o dos Criadores de Mato Grosso\",\"publisher\":{\"@id\":\"https:\/\/acrimat.org.br\/portal\/#organization\"},\"potentialAction\":[{\"@type\":\"SearchAction\",\"target\":{\"@type\":\"EntryPoint\",\"urlTemplate\":\"https:\/\/acrimat.org.br\/portal\/?s={search_term_string}\"},\"query-input\":{\"@type\":\"PropertyValueSpecification\",\"valueRequired\":true,\"valueName\":\"search_term_string\"}}],\"inLanguage\":\"pt-BR\"},{\"@type\":\"Organization\",\"@id\":\"https:\/\/acrimat.org.br\/portal\/#organization\",\"name\":\"Associa\u00e7\u00e3o dos Criadores de Mato Grosso\",\"url\":\"https:\/\/acrimat.org.br\/portal\/\",\"logo\":{\"@type\":\"ImageObject\",\"inLanguage\":\"pt-BR\",\"@id\":\"https:\/\/acrimat.org.br\/portal\/#\/schema\/logo\/image\/\",\"url\":\"https:\/\/acrimat.org.br\/portal\/wp-content\/uploads\/2018\/03\/logo-peq-original.png\",\"contentUrl\":\"https:\/\/acrimat.org.br\/portal\/wp-content\/uploads\/2018\/03\/logo-peq-original.png\",\"width\":174,\"height\":171,\"caption\":\"Associa\u00e7\u00e3o dos Criadores de Mato Grosso\"},\"image\":{\"@id\":\"https:\/\/acrimat.org.br\/portal\/#\/schema\/logo\/image\/\"}},{\"@type\":\"Person\",\"@id\":\"https:\/\/acrimat.org.br\/portal\/#\/schema\/person\/18df8bcf6890e924fe5d8b5afd2bec0f\",\"name\":\"P\u00e9ricles C\u00e2ndido\",\"image\":{\"@type\":\"ImageObject\",\"inLanguage\":\"pt-BR\",\"@id\":\"https:\/\/acrimat.org.br\/portal\/#\/schema\/person\/image\/\",\"url\":\"https:\/\/secure.gravatar.com\/avatar\/33e2a2b971dc363ed2df53d0d3bfbd18?s=96&d=mm&r=g\",\"contentUrl\":\"https:\/\/secure.gravatar.com\/avatar\/33e2a2b971dc363ed2df53d0d3bfbd18?s=96&d=mm&r=g\",\"caption\":\"P\u00e9ricles C\u00e2ndido\"},\"sameAs\":[\"ascom@acrimat.org.br\"],\"url\":\"https:\/\/acrimat.org.br\/portal\/author\/designergrafico\/\"}]}<\/script>\n<!-- \/ Yoast SEO plugin. -->","yoast_head_json":{"title":"Para WWF, plan\u00edcie do Pantanal est\u00e1 preservada - Acrimat","robots":{"index":"index","follow":"follow","max-snippet":"max-snippet:-1","max-image-preview":"max-image-preview:large","max-video-preview":"max-video-preview:-1"},"canonical":"https:\/\/acrimat.org.br\/portal\/para-wwf-planicie-do-pantanal-esta-preservada-gracas-a-pecuaria\/","og_locale":"pt_BR","og_type":"article","og_title":"Para WWF, plan\u00edcie do Pantanal est\u00e1 preservada - Acrimat","og_description":"A\u00e7\u00f5es de pecu\u00e1ria tradicional e sustent\u00e1vel v\u00eam colaborando com a preserva\u00e7\u00e3o e ser\u00e3o reconhecidas pela entidade e \u00f3rg\u00e3os \u2018de peso\u2019 do agroneg\u00f3cio","og_url":"https:\/\/acrimat.org.br\/portal\/para-wwf-planicie-do-pantanal-esta-preservada-gracas-a-pecuaria\/","og_site_name":"Acrimat","article_published_time":"2017-10-05T13:03:08+00:00","article_modified_time":"2017-10-05T15:34:51+00:00","og_image":[{"width":960,"height":640,"url":"https:\/\/acrimat.org.br\/portal\/wp-content\/uploads\/2017\/10\/15010494-kvkc-u202512901537b5c-1.jpg","type":"image\/jpeg"}],"author":"P\u00e9ricles C\u00e2ndido","twitter_card":"summary_large_image","twitter_misc":{"Escrito por":"P\u00e9ricles C\u00e2ndido","Est. tempo de leitura":"2 minutos"},"schema":{"@context":"https:\/\/schema.org","@graph":[{"@type":"Article","@id":"https:\/\/acrimat.org.br\/portal\/para-wwf-planicie-do-pantanal-esta-preservada-gracas-a-pecuaria\/#article","isPartOf":{"@id":"https:\/\/acrimat.org.br\/portal\/para-wwf-planicie-do-pantanal-esta-preservada-gracas-a-pecuaria\/"},"author":{"name":"P\u00e9ricles C\u00e2ndido","@id":"https:\/\/acrimat.org.br\/portal\/#\/schema\/person\/18df8bcf6890e924fe5d8b5afd2bec0f"},"headline":"Para WWF, plan\u00edcie do Pantanal est\u00e1 preservada","datePublished":"2017-10-05T13:03:08+00:00","dateModified":"2017-10-05T15:34:51+00:00","mainEntityOfPage":{"@id":"https:\/\/acrimat.org.br\/portal\/para-wwf-planicie-do-pantanal-esta-preservada-gracas-a-pecuaria\/"},"wordCount":335,"publisher":{"@id":"https:\/\/acrimat.org.br\/portal\/#organization"},"image":{"@id":"https:\/\/acrimat.org.br\/portal\/para-wwf-planicie-do-pantanal-esta-preservada-gracas-a-pecuaria\/#primaryimage"},"thumbnailUrl":"https:\/\/acrimat.org.br\/portal\/wp-content\/uploads\/2017\/10\/15010494-kvkc-u202512901537b5c-1.jpg","articleSection":["Destaques","Not\u00edcias"],"inLanguage":"pt-BR"},{"@type":"WebPage","@id":"https:\/\/acrimat.org.br\/portal\/para-wwf-planicie-do-pantanal-esta-preservada-gracas-a-pecuaria\/","url":"https:\/\/acrimat.org.br\/portal\/para-wwf-planicie-do-pantanal-esta-preservada-gracas-a-pecuaria\/","name":"Para WWF, plan\u00edcie do Pantanal est\u00e1 preservada - Acrimat","isPartOf":{"@id":"https:\/\/acrimat.org.br\/portal\/#website"},"primaryImageOfPage":{"@id":"https:\/\/acrimat.org.br\/portal\/para-wwf-planicie-do-pantanal-esta-preservada-gracas-a-pecuaria\/#primaryimage"},"image":{"@id":"https:\/\/acrimat.org.br\/portal\/para-wwf-planicie-do-pantanal-esta-preservada-gracas-a-pecuaria\/#primaryimage"},"thumbnailUrl":"https:\/\/acrimat.org.br\/portal\/wp-content\/uploads\/2017\/10\/15010494-kvkc-u202512901537b5c-1.jpg","datePublished":"2017-10-05T13:03:08+00:00","dateModified":"2017-10-05T15:34:51+00:00","breadcrumb":{"@id":"https:\/\/acrimat.org.br\/portal\/para-wwf-planicie-do-pantanal-esta-preservada-gracas-a-pecuaria\/#breadcrumb"},"inLanguage":"pt-BR","potentialAction":[{"@type":"ReadAction","target":["https:\/\/acrimat.org.br\/portal\/para-wwf-planicie-do-pantanal-esta-preservada-gracas-a-pecuaria\/"]}]},{"@type":"ImageObject","inLanguage":"pt-BR","@id":"https:\/\/acrimat.org.br\/portal\/para-wwf-planicie-do-pantanal-esta-preservada-gracas-a-pecuaria\/#primaryimage","url":"https:\/\/acrimat.org.br\/portal\/wp-content\/uploads\/2017\/10\/15010494-kvkc-u202512901537b5c-1.jpg","contentUrl":"https:\/\/acrimat.org.br\/portal\/wp-content\/uploads\/2017\/10\/15010494-kvkc-u202512901537b5c-1.jpg","width":960,"height":640,"caption":"Divulga\u00e7\u00e3o"},{"@type":"BreadcrumbList","@id":"https:\/\/acrimat.org.br\/portal\/para-wwf-planicie-do-pantanal-esta-preservada-gracas-a-pecuaria\/#breadcrumb","itemListElement":[{"@type":"ListItem","position":1,"name":"In\u00edcio","item":"https:\/\/acrimat.org.br\/portal\/"},{"@type":"ListItem","position":2,"name":"Para WWF, plan\u00edcie do Pantanal est\u00e1 preservada"}]},{"@type":"WebSite","@id":"https:\/\/acrimat.org.br\/portal\/#website","url":"https:\/\/acrimat.org.br\/portal\/","name":"Acrimat","description":"Associa\u00e7\u00e3o dos Criadores de Mato Grosso","publisher":{"@id":"https:\/\/acrimat.org.br\/portal\/#organization"},"potentialAction":[{"@type":"SearchAction","target":{"@type":"EntryPoint","urlTemplate":"https:\/\/acrimat.org.br\/portal\/?s={search_term_string}"},"query-input":{"@type":"PropertyValueSpecification","valueRequired":true,"valueName":"search_term_string"}}],"inLanguage":"pt-BR"},{"@type":"Organization","@id":"https:\/\/acrimat.org.br\/portal\/#organization","name":"Associa\u00e7\u00e3o dos Criadores de Mato Grosso","url":"https:\/\/acrimat.org.br\/portal\/","logo":{"@type":"ImageObject","inLanguage":"pt-BR","@id":"https:\/\/acrimat.org.br\/portal\/#\/schema\/logo\/image\/","url":"https:\/\/acrimat.org.br\/portal\/wp-content\/uploads\/2018\/03\/logo-peq-original.png","contentUrl":"https:\/\/acrimat.org.br\/portal\/wp-content\/uploads\/2018\/03\/logo-peq-original.png","width":174,"height":171,"caption":"Associa\u00e7\u00e3o dos Criadores de Mato Grosso"},"image":{"@id":"https:\/\/acrimat.org.br\/portal\/#\/schema\/logo\/image\/"}},{"@type":"Person","@id":"https:\/\/acrimat.org.br\/portal\/#\/schema\/person\/18df8bcf6890e924fe5d8b5afd2bec0f","name":"P\u00e9ricles C\u00e2ndido","image":{"@type":"ImageObject","inLanguage":"pt-BR","@id":"https:\/\/acrimat.org.br\/portal\/#\/schema\/person\/image\/","url":"https:\/\/secure.gravatar.com\/avatar\/33e2a2b971dc363ed2df53d0d3bfbd18?s=96&d=mm&r=g","contentUrl":"https:\/\/secure.gravatar.com\/avatar\/33e2a2b971dc363ed2df53d0d3bfbd18?s=96&d=mm&r=g","caption":"P\u00e9ricles C\u00e2ndido"},"sameAs":["ascom@acrimat.org.br"],"url":"https:\/\/acrimat.org.br\/portal\/author\/designergrafico\/"}]}},"_links":{"self":[{"href":"https:\/\/acrimat.org.br\/portal\/wp-json\/wp\/v2\/posts\/97983948","targetHints":{"allow":["GET"]}}],"collection":[{"href":"https:\/\/acrimat.org.br\/portal\/wp-json\/wp\/v2\/posts"}],"about":[{"href":"https:\/\/acrimat.org.br\/portal\/wp-json\/wp\/v2\/types\/post"}],"author":[{"embeddable":true,"href":"https:\/\/acrimat.org.br\/portal\/wp-json\/wp\/v2\/users\/11"}],"replies":[{"embeddable":true,"href":"https:\/\/acrimat.org.br\/portal\/wp-json\/wp\/v2\/comments?post=97983948"}],"version-history":[{"count":3,"href":"https:\/\/acrimat.org.br\/portal\/wp-json\/wp\/v2\/posts\/97983948\/revisions"}],"predecessor-version":[{"id":97983975,"href":"https:\/\/acrimat.org.br\/portal\/wp-json\/wp\/v2\/posts\/97983948\/revisions\/97983975"}],"wp:featuredmedia":[{"embeddable":true,"href":"https:\/\/acrimat.org.br\/portal\/wp-json\/wp\/v2\/media\/97983949"}],"wp:attachment":[{"href":"https:\/\/acrimat.org.br\/portal\/wp-json\/wp\/v2\/media?parent=97983948"}],"wp:term":[{"taxonomy":"category","embeddable":true,"href":"https:\/\/acrimat.org.br\/portal\/wp-json\/wp\/v2\/categories?post=97983948"},{"taxonomy":"post_tag","embeddable":true,"href":"https:\/\/acrimat.org.br\/portal\/wp-json\/wp\/v2\/tags?post=97983948"}],"curies":[{"name":"wp","href":"https:\/\/api.w.org\/{rel}","templated":true}]}}