{"id":97983962,"date":"2017-10-05T10:00:46","date_gmt":"2017-10-05T13:00:46","guid":{"rendered":"http:\/\/acrimat.org.br\/portal\/?p=97983962"},"modified":"2017-10-05T10:33:34","modified_gmt":"2017-10-05T13:33:34","slug":"consumidor-global-quer-saber-origem-da-carne-que-come","status":"publish","type":"post","link":"https:\/\/acrimat.org.br\/portal\/consumidor-global-quer-saber-origem-da-carne-que-come\/","title":{"rendered":"Consumidor global quer saber origem da carne que come"},"content":{"rendered":"<p>Garantir boas pr\u00e1ticas na produ\u00e7\u00e3o j\u00e1 n\u00e3o \u00e9 suficiente. Em tempos de acesso f\u00e1cil \u00e0 informa\u00e7\u00e3o, a transpar\u00eancia com o consumidor em rela\u00e7\u00e3o \u00e0 origem das mercadorias \u2013 do produtor \u00e0 g\u00f4ndola do supermercado \u2013 \u00e9 necess\u00e1ria para dar credibilidade aos neg\u00f3cios.<\/p>\n<p>Ao alcance de um smartphone, uma pessoa consegue saber com precis\u00e3o de onde veio o produto que pretende comprar \u2014 tudo gra\u00e7as a tecnologias de rastreamento. A quest\u00e3o foi debatida no EXAME F\u00f3rum Agroneg\u00f3cio, realizado em 28 de setembro, em S\u00e3o Paulo.<\/p>\n<p>Para a cadeia do agroneg\u00f3cio, sujeita a press\u00f5es crescentes para cumprir padr\u00f5es de sustentabilidade, a solu\u00e7\u00e3o ajuda a responder, por exemplo, a demandas por bem-estar animal e respeito \u00e0s normas de prote\u00e7\u00e3o ao meio ambiente e aos trabalhadores. O rastreamento virou estrat\u00e9gia do setor para garantir a almejada seguran\u00e7a da produ\u00e7\u00e3o e, de quebra, ganhar confian\u00e7a do consumidor.<\/p>\n<p>\u201cO mundo est\u00e1 mudando. Com o acesso \u00e0 informa\u00e7\u00e3o, o consumidor exige mais transpar\u00eancia. Ele acredita menos no que as institui\u00e7\u00f5es est\u00e3o falando e cada vez mais busca, por conta pr\u00f3pria, informar-se sobre os produtos que est\u00e1 comprando, al\u00e9m de saber se essas mercadorias se alinham com sua vis\u00e3o \u00e9tica\u201d, afirmou o diretor de sustentabilidade do Walmart, Luiz Herrisson.<\/p>\n<p>A gigante do varejo Walmart iniciou h\u00e1 dez anos o monitoramento da carne bovina que vende e, atualmente, j\u00e1 rastreia 100% dos produtos, vindos de mais de 70 mil fazendas fornecedoras. Em seu compromisso global de sustentabilidade para 2020, a empresa d\u00e1 aten\u00e7\u00e3o especial aos produtos transparentes. \u201cDesconfian\u00e7a \u00e9 constante e global\u201d, afirmou Herrisson.<\/p>\n<p>Em grande medida, a entrada do agroneg\u00f3cio do Brasil no mercado global contribuiu, em muito, para os avan\u00e7os em transpar\u00eancia. \u201cEssa inser\u00e7\u00e3o nos traz um novo tipo de consumidor com demandas diferentes. Ele quer saber de onde veio o produto, como foi feito, se foi produzido de forma sustent\u00e1vel e quem \u00e9 o produtor. Esse movimento exige transpar\u00eancia do setor, e temos bases s\u00f3lidas para responder ao desafio\u201d, disse Fernando Galletti de Queiroz, presidente da Minerva Foods.<\/p>\n<p>Segundo o executivo, as barreiras internacionais est\u00e3o caindo e abrindo portas para a \u201cvoca\u00e7\u00e3o brasileira, que \u00e9 o agro\u201d. \u201cNo Brasil, estar no agro \u00e9 sexy, porque esse \u00e9 o setor que est\u00e1 puxando o pa\u00eds. N\u00f3s constru\u00edmos uma base s\u00f3lida de produ\u00e7\u00e3o aliada \u00e0 competitividade com respeito aos recursos naturais. N\u00f3s somos especializados em produzir grandes volumes. O desafio, agora, \u00e9 a comunica\u00e7\u00e3o\u201d, pontuou.<\/p>\n<p>Atualmente, segundo os executivos, o maior desafio \u00e9 expandir o monitoramento aos criadouros que abastecem as fazendas fornecedoras.<\/p>\n<p>A busca por maior transpar\u00eancia convoca \u00e0 a\u00e7\u00e3o o bin\u00f4mio tecnologia e inova\u00e7\u00e3o. Para avan\u00e7ar nessa agenda, tem crescido a articula\u00e7\u00e3o entre empresas do agroneg\u00f3cio e startups. \u201cTemos de mostrar a estrutura de conex\u00e3o entre campo, produtor, consumidor e florestas\u201d, destacou Vasco Picchi, s\u00f3cio-fundador da Safe Trace, empresa mineira especializada em tecnologia de rastreamento de produtos agropecu\u00e1rios.<\/p>\n<p>Em uma das iniciativas desenvolvidas com o Walmart e a ONG The Nature Conservancy, a empresa instalou dispositivos em bois que permitem acompanhar todo o deslocamento dos animais, onde estiverem, o que comeram e com que produtos foram tratados. \u201cRastreabilidade nada mais \u00e9 do que registrar um processo que est\u00e1 sendo bem feito desde a origem at\u00e9 o varejo. As tecnologias de informa\u00e7\u00e3o contribuem para essa mudan\u00e7a\u201d, resumiu.<\/p>\n","protected":false},"excerpt":{"rendered":"<p>Rastreamento virou estrat\u00e9gia do setor para garantir a almejada seguran\u00e7a da produ\u00e7\u00e3o e, de quebra, ganhar confian\u00e7a do consumidor<\/p>\n","protected":false},"author":11,"featured_media":97983968,"comment_status":"closed","ping_status":"closed","sticky":false,"template":"","format":"standard","meta":{"footnotes":""},"categories":[6,1],"tags":[],"class_list":["post-97983962","post","type-post","status-publish","format-standard","has-post-thumbnail","hentry","category-destaque","category-noticia"],"yoast_head":"<!-- This site is optimized with the Yoast SEO plugin v24.8.1 - https:\/\/yoast.com\/wordpress\/plugins\/seo\/ -->\n<title>Consumidor global quer saber origem da carne que come - Acrimat<\/title>\n<meta name=\"robots\" content=\"index, follow, max-snippet:-1, max-image-preview:large, max-video-preview:-1\" \/>\n<link rel=\"canonical\" href=\"https:\/\/acrimat.org.br\/portal\/consumidor-global-quer-saber-origem-da-carne-que-come\/\" \/>\n<meta property=\"og:locale\" content=\"pt_BR\" \/>\n<meta property=\"og:type\" content=\"article\" \/>\n<meta property=\"og:title\" content=\"Consumidor global quer saber origem da carne que come - Acrimat\" \/>\n<meta property=\"og:description\" content=\"Rastreamento virou estrat\u00e9gia do setor para garantir a almejada seguran\u00e7a da produ\u00e7\u00e3o e, de quebra, ganhar confian\u00e7a do consumidor\" \/>\n<meta property=\"og:url\" content=\"https:\/\/acrimat.org.br\/portal\/consumidor-global-quer-saber-origem-da-carne-que-come\/\" \/>\n<meta property=\"og:site_name\" content=\"Acrimat\" \/>\n<meta property=\"article:published_time\" content=\"2017-10-05T13:00:46+00:00\" \/>\n<meta property=\"article:modified_time\" content=\"2017-10-05T13:33:34+00:00\" \/>\n<meta property=\"og:image\" content=\"https:\/\/acrimat.org.br\/portal\/wp-content\/uploads\/2017\/10\/carne-mercado3.jpg\" \/>\n\t<meta property=\"og:image:width\" content=\"730\" \/>\n\t<meta property=\"og:image:height\" content=\"502\" \/>\n\t<meta property=\"og:image:type\" content=\"image\/jpeg\" \/>\n<meta name=\"author\" content=\"P\u00e9ricles C\u00e2ndido\" \/>\n<meta name=\"twitter:card\" content=\"summary_large_image\" \/>\n<meta name=\"twitter:label1\" content=\"Escrito por\" \/>\n\t<meta name=\"twitter:data1\" content=\"P\u00e9ricles C\u00e2ndido\" \/>\n\t<meta name=\"twitter:label2\" content=\"Est. tempo de leitura\" \/>\n\t<meta name=\"twitter:data2\" content=\"3 minutos\" \/>\n<script type=\"application\/ld+json\" class=\"yoast-schema-graph\">{\"@context\":\"https:\/\/schema.org\",\"@graph\":[{\"@type\":\"Article\",\"@id\":\"https:\/\/acrimat.org.br\/portal\/consumidor-global-quer-saber-origem-da-carne-que-come\/#article\",\"isPartOf\":{\"@id\":\"https:\/\/acrimat.org.br\/portal\/consumidor-global-quer-saber-origem-da-carne-que-come\/\"},\"author\":{\"name\":\"P\u00e9ricles C\u00e2ndido\",\"@id\":\"https:\/\/acrimat.org.br\/portal\/#\/schema\/person\/18df8bcf6890e924fe5d8b5afd2bec0f\"},\"headline\":\"Consumidor global quer saber origem da carne que come\",\"datePublished\":\"2017-10-05T13:00:46+00:00\",\"dateModified\":\"2017-10-05T13:33:34+00:00\",\"mainEntityOfPage\":{\"@id\":\"https:\/\/acrimat.org.br\/portal\/consumidor-global-quer-saber-origem-da-carne-que-come\/\"},\"wordCount\":588,\"publisher\":{\"@id\":\"https:\/\/acrimat.org.br\/portal\/#organization\"},\"image\":{\"@id\":\"https:\/\/acrimat.org.br\/portal\/consumidor-global-quer-saber-origem-da-carne-que-come\/#primaryimage\"},\"thumbnailUrl\":\"https:\/\/acrimat.org.br\/portal\/wp-content\/uploads\/2017\/10\/carne-mercado3.jpg\",\"articleSection\":[\"Destaques\",\"Not\u00edcias\"],\"inLanguage\":\"pt-BR\"},{\"@type\":\"WebPage\",\"@id\":\"https:\/\/acrimat.org.br\/portal\/consumidor-global-quer-saber-origem-da-carne-que-come\/\",\"url\":\"https:\/\/acrimat.org.br\/portal\/consumidor-global-quer-saber-origem-da-carne-que-come\/\",\"name\":\"Consumidor global quer saber origem da carne que come - Acrimat\",\"isPartOf\":{\"@id\":\"https:\/\/acrimat.org.br\/portal\/#website\"},\"primaryImageOfPage\":{\"@id\":\"https:\/\/acrimat.org.br\/portal\/consumidor-global-quer-saber-origem-da-carne-que-come\/#primaryimage\"},\"image\":{\"@id\":\"https:\/\/acrimat.org.br\/portal\/consumidor-global-quer-saber-origem-da-carne-que-come\/#primaryimage\"},\"thumbnailUrl\":\"https:\/\/acrimat.org.br\/portal\/wp-content\/uploads\/2017\/10\/carne-mercado3.jpg\",\"datePublished\":\"2017-10-05T13:00:46+00:00\",\"dateModified\":\"2017-10-05T13:33:34+00:00\",\"breadcrumb\":{\"@id\":\"https:\/\/acrimat.org.br\/portal\/consumidor-global-quer-saber-origem-da-carne-que-come\/#breadcrumb\"},\"inLanguage\":\"pt-BR\",\"potentialAction\":[{\"@type\":\"ReadAction\",\"target\":[\"https:\/\/acrimat.org.br\/portal\/consumidor-global-quer-saber-origem-da-carne-que-come\/\"]}]},{\"@type\":\"ImageObject\",\"inLanguage\":\"pt-BR\",\"@id\":\"https:\/\/acrimat.org.br\/portal\/consumidor-global-quer-saber-origem-da-carne-que-come\/#primaryimage\",\"url\":\"https:\/\/acrimat.org.br\/portal\/wp-content\/uploads\/2017\/10\/carne-mercado3.jpg\",\"contentUrl\":\"https:\/\/acrimat.org.br\/portal\/wp-content\/uploads\/2017\/10\/carne-mercado3.jpg\",\"width\":730,\"height\":502},{\"@type\":\"BreadcrumbList\",\"@id\":\"https:\/\/acrimat.org.br\/portal\/consumidor-global-quer-saber-origem-da-carne-que-come\/#breadcrumb\",\"itemListElement\":[{\"@type\":\"ListItem\",\"position\":1,\"name\":\"In\u00edcio\",\"item\":\"https:\/\/acrimat.org.br\/portal\/\"},{\"@type\":\"ListItem\",\"position\":2,\"name\":\"Consumidor global quer saber origem da carne que come\"}]},{\"@type\":\"WebSite\",\"@id\":\"https:\/\/acrimat.org.br\/portal\/#website\",\"url\":\"https:\/\/acrimat.org.br\/portal\/\",\"name\":\"Acrimat\",\"description\":\"Associa\u00e7\u00e3o dos Criadores de Mato Grosso\",\"publisher\":{\"@id\":\"https:\/\/acrimat.org.br\/portal\/#organization\"},\"potentialAction\":[{\"@type\":\"SearchAction\",\"target\":{\"@type\":\"EntryPoint\",\"urlTemplate\":\"https:\/\/acrimat.org.br\/portal\/?s={search_term_string}\"},\"query-input\":{\"@type\":\"PropertyValueSpecification\",\"valueRequired\":true,\"valueName\":\"search_term_string\"}}],\"inLanguage\":\"pt-BR\"},{\"@type\":\"Organization\",\"@id\":\"https:\/\/acrimat.org.br\/portal\/#organization\",\"name\":\"Associa\u00e7\u00e3o dos Criadores de Mato Grosso\",\"url\":\"https:\/\/acrimat.org.br\/portal\/\",\"logo\":{\"@type\":\"ImageObject\",\"inLanguage\":\"pt-BR\",\"@id\":\"https:\/\/acrimat.org.br\/portal\/#\/schema\/logo\/image\/\",\"url\":\"https:\/\/acrimat.org.br\/portal\/wp-content\/uploads\/2018\/03\/logo-peq-original.png\",\"contentUrl\":\"https:\/\/acrimat.org.br\/portal\/wp-content\/uploads\/2018\/03\/logo-peq-original.png\",\"width\":174,\"height\":171,\"caption\":\"Associa\u00e7\u00e3o dos Criadores de Mato Grosso\"},\"image\":{\"@id\":\"https:\/\/acrimat.org.br\/portal\/#\/schema\/logo\/image\/\"}},{\"@type\":\"Person\",\"@id\":\"https:\/\/acrimat.org.br\/portal\/#\/schema\/person\/18df8bcf6890e924fe5d8b5afd2bec0f\",\"name\":\"P\u00e9ricles C\u00e2ndido\",\"image\":{\"@type\":\"ImageObject\",\"inLanguage\":\"pt-BR\",\"@id\":\"https:\/\/acrimat.org.br\/portal\/#\/schema\/person\/image\/\",\"url\":\"https:\/\/secure.gravatar.com\/avatar\/33e2a2b971dc363ed2df53d0d3bfbd18?s=96&d=mm&r=g\",\"contentUrl\":\"https:\/\/secure.gravatar.com\/avatar\/33e2a2b971dc363ed2df53d0d3bfbd18?s=96&d=mm&r=g\",\"caption\":\"P\u00e9ricles C\u00e2ndido\"},\"sameAs\":[\"ascom@acrimat.org.br\"],\"url\":\"https:\/\/acrimat.org.br\/portal\/author\/designergrafico\/\"}]}<\/script>\n<!-- \/ Yoast SEO plugin. -->","yoast_head_json":{"title":"Consumidor global quer saber origem da carne que come - Acrimat","robots":{"index":"index","follow":"follow","max-snippet":"max-snippet:-1","max-image-preview":"max-image-preview:large","max-video-preview":"max-video-preview:-1"},"canonical":"https:\/\/acrimat.org.br\/portal\/consumidor-global-quer-saber-origem-da-carne-que-come\/","og_locale":"pt_BR","og_type":"article","og_title":"Consumidor global quer saber origem da carne que come - Acrimat","og_description":"Rastreamento virou estrat\u00e9gia do setor para garantir a almejada seguran\u00e7a da produ\u00e7\u00e3o e, de quebra, ganhar confian\u00e7a do consumidor","og_url":"https:\/\/acrimat.org.br\/portal\/consumidor-global-quer-saber-origem-da-carne-que-come\/","og_site_name":"Acrimat","article_published_time":"2017-10-05T13:00:46+00:00","article_modified_time":"2017-10-05T13:33:34+00:00","og_image":[{"width":730,"height":502,"url":"https:\/\/acrimat.org.br\/portal\/wp-content\/uploads\/2017\/10\/carne-mercado3.jpg","type":"image\/jpeg"}],"author":"P\u00e9ricles C\u00e2ndido","twitter_card":"summary_large_image","twitter_misc":{"Escrito por":"P\u00e9ricles C\u00e2ndido","Est. tempo de leitura":"3 minutos"},"schema":{"@context":"https:\/\/schema.org","@graph":[{"@type":"Article","@id":"https:\/\/acrimat.org.br\/portal\/consumidor-global-quer-saber-origem-da-carne-que-come\/#article","isPartOf":{"@id":"https:\/\/acrimat.org.br\/portal\/consumidor-global-quer-saber-origem-da-carne-que-come\/"},"author":{"name":"P\u00e9ricles C\u00e2ndido","@id":"https:\/\/acrimat.org.br\/portal\/#\/schema\/person\/18df8bcf6890e924fe5d8b5afd2bec0f"},"headline":"Consumidor global quer saber origem da carne que come","datePublished":"2017-10-05T13:00:46+00:00","dateModified":"2017-10-05T13:33:34+00:00","mainEntityOfPage":{"@id":"https:\/\/acrimat.org.br\/portal\/consumidor-global-quer-saber-origem-da-carne-que-come\/"},"wordCount":588,"publisher":{"@id":"https:\/\/acrimat.org.br\/portal\/#organization"},"image":{"@id":"https:\/\/acrimat.org.br\/portal\/consumidor-global-quer-saber-origem-da-carne-que-come\/#primaryimage"},"thumbnailUrl":"https:\/\/acrimat.org.br\/portal\/wp-content\/uploads\/2017\/10\/carne-mercado3.jpg","articleSection":["Destaques","Not\u00edcias"],"inLanguage":"pt-BR"},{"@type":"WebPage","@id":"https:\/\/acrimat.org.br\/portal\/consumidor-global-quer-saber-origem-da-carne-que-come\/","url":"https:\/\/acrimat.org.br\/portal\/consumidor-global-quer-saber-origem-da-carne-que-come\/","name":"Consumidor global quer saber origem da carne que come - Acrimat","isPartOf":{"@id":"https:\/\/acrimat.org.br\/portal\/#website"},"primaryImageOfPage":{"@id":"https:\/\/acrimat.org.br\/portal\/consumidor-global-quer-saber-origem-da-carne-que-come\/#primaryimage"},"image":{"@id":"https:\/\/acrimat.org.br\/portal\/consumidor-global-quer-saber-origem-da-carne-que-come\/#primaryimage"},"thumbnailUrl":"https:\/\/acrimat.org.br\/portal\/wp-content\/uploads\/2017\/10\/carne-mercado3.jpg","datePublished":"2017-10-05T13:00:46+00:00","dateModified":"2017-10-05T13:33:34+00:00","breadcrumb":{"@id":"https:\/\/acrimat.org.br\/portal\/consumidor-global-quer-saber-origem-da-carne-que-come\/#breadcrumb"},"inLanguage":"pt-BR","potentialAction":[{"@type":"ReadAction","target":["https:\/\/acrimat.org.br\/portal\/consumidor-global-quer-saber-origem-da-carne-que-come\/"]}]},{"@type":"ImageObject","inLanguage":"pt-BR","@id":"https:\/\/acrimat.org.br\/portal\/consumidor-global-quer-saber-origem-da-carne-que-come\/#primaryimage","url":"https:\/\/acrimat.org.br\/portal\/wp-content\/uploads\/2017\/10\/carne-mercado3.jpg","contentUrl":"https:\/\/acrimat.org.br\/portal\/wp-content\/uploads\/2017\/10\/carne-mercado3.jpg","width":730,"height":502},{"@type":"BreadcrumbList","@id":"https:\/\/acrimat.org.br\/portal\/consumidor-global-quer-saber-origem-da-carne-que-come\/#breadcrumb","itemListElement":[{"@type":"ListItem","position":1,"name":"In\u00edcio","item":"https:\/\/acrimat.org.br\/portal\/"},{"@type":"ListItem","position":2,"name":"Consumidor global quer saber origem da carne que come"}]},{"@type":"WebSite","@id":"https:\/\/acrimat.org.br\/portal\/#website","url":"https:\/\/acrimat.org.br\/portal\/","name":"Acrimat","description":"Associa\u00e7\u00e3o dos Criadores de Mato Grosso","publisher":{"@id":"https:\/\/acrimat.org.br\/portal\/#organization"},"potentialAction":[{"@type":"SearchAction","target":{"@type":"EntryPoint","urlTemplate":"https:\/\/acrimat.org.br\/portal\/?s={search_term_string}"},"query-input":{"@type":"PropertyValueSpecification","valueRequired":true,"valueName":"search_term_string"}}],"inLanguage":"pt-BR"},{"@type":"Organization","@id":"https:\/\/acrimat.org.br\/portal\/#organization","name":"Associa\u00e7\u00e3o dos Criadores de Mato Grosso","url":"https:\/\/acrimat.org.br\/portal\/","logo":{"@type":"ImageObject","inLanguage":"pt-BR","@id":"https:\/\/acrimat.org.br\/portal\/#\/schema\/logo\/image\/","url":"https:\/\/acrimat.org.br\/portal\/wp-content\/uploads\/2018\/03\/logo-peq-original.png","contentUrl":"https:\/\/acrimat.org.br\/portal\/wp-content\/uploads\/2018\/03\/logo-peq-original.png","width":174,"height":171,"caption":"Associa\u00e7\u00e3o dos Criadores de Mato Grosso"},"image":{"@id":"https:\/\/acrimat.org.br\/portal\/#\/schema\/logo\/image\/"}},{"@type":"Person","@id":"https:\/\/acrimat.org.br\/portal\/#\/schema\/person\/18df8bcf6890e924fe5d8b5afd2bec0f","name":"P\u00e9ricles C\u00e2ndido","image":{"@type":"ImageObject","inLanguage":"pt-BR","@id":"https:\/\/acrimat.org.br\/portal\/#\/schema\/person\/image\/","url":"https:\/\/secure.gravatar.com\/avatar\/33e2a2b971dc363ed2df53d0d3bfbd18?s=96&d=mm&r=g","contentUrl":"https:\/\/secure.gravatar.com\/avatar\/33e2a2b971dc363ed2df53d0d3bfbd18?s=96&d=mm&r=g","caption":"P\u00e9ricles C\u00e2ndido"},"sameAs":["ascom@acrimat.org.br"],"url":"https:\/\/acrimat.org.br\/portal\/author\/designergrafico\/"}]}},"_links":{"self":[{"href":"https:\/\/acrimat.org.br\/portal\/wp-json\/wp\/v2\/posts\/97983962","targetHints":{"allow":["GET"]}}],"collection":[{"href":"https:\/\/acrimat.org.br\/portal\/wp-json\/wp\/v2\/posts"}],"about":[{"href":"https:\/\/acrimat.org.br\/portal\/wp-json\/wp\/v2\/types\/post"}],"author":[{"embeddable":true,"href":"https:\/\/acrimat.org.br\/portal\/wp-json\/wp\/v2\/users\/11"}],"replies":[{"embeddable":true,"href":"https:\/\/acrimat.org.br\/portal\/wp-json\/wp\/v2\/comments?post=97983962"}],"version-history":[{"count":1,"href":"https:\/\/acrimat.org.br\/portal\/wp-json\/wp\/v2\/posts\/97983962\/revisions"}],"predecessor-version":[{"id":97983963,"href":"https:\/\/acrimat.org.br\/portal\/wp-json\/wp\/v2\/posts\/97983962\/revisions\/97983963"}],"wp:featuredmedia":[{"embeddable":true,"href":"https:\/\/acrimat.org.br\/portal\/wp-json\/wp\/v2\/media\/97983968"}],"wp:attachment":[{"href":"https:\/\/acrimat.org.br\/portal\/wp-json\/wp\/v2\/media?parent=97983962"}],"wp:term":[{"taxonomy":"category","embeddable":true,"href":"https:\/\/acrimat.org.br\/portal\/wp-json\/wp\/v2\/categories?post=97983962"},{"taxonomy":"post_tag","embeddable":true,"href":"https:\/\/acrimat.org.br\/portal\/wp-json\/wp\/v2\/tags?post=97983962"}],"curies":[{"name":"wp","href":"https:\/\/api.w.org\/{rel}","templated":true}]}}