{"id":97984022,"date":"2017-10-09T10:02:46","date_gmt":"2017-10-09T13:02:46","guid":{"rendered":"http:\/\/acrimat.org.br\/portal\/?p=97984022"},"modified":"2017-10-09T10:02:46","modified_gmt":"2017-10-09T13:02:46","slug":"acordo-com-ue-esta-um-pouco-mais-dificil","status":"publish","type":"post","link":"https:\/\/acrimat.org.br\/portal\/acordo-com-ue-esta-um-pouco-mais-dificil\/","title":{"rendered":"Acordo com UE est\u00e1 um pouco mais dif\u00edcil"},"content":{"rendered":"<p>As cotas de importa\u00e7\u00e3o de carne e etanol oferecidas nesta semana pela Uni\u00e3o Europeia ao Mercosul foram consideradas insuficientes e tornam &#8220;um pouco mais dif\u00edcil&#8221; alcan\u00e7ar um acordo para dezembro, disse nesta sexta-feira (6) um dos principais negociadores do bloco sul-americano.<\/p>\n<p>Durante as negocia\u00e7\u00f5es realizadas nesta semana em Bras\u00edlia, a UE completou sua oferta &#8211; de um contingente de 70 mil toneladas de carne bovina e de 600 mil toneladas de etanol ao ano, dois bens muito delicados no velho continente.<\/p>\n<p>&#8220;Tecnicamente, \u00e9 poss\u00edvel. \u00c9 um pouquinho mais dif\u00edcil porque tem um desafio adicional que n\u00e3o esper\u00e1vamos&#8221;, disse o diplomata Ronaldo Costa Filho, do Brasil.<\/p>\n<p>A proposta europeia ficou abaixo das 100 mil toneladas de carne e 1 milh\u00e3o de toneladas de etanol que tinha oferecido durante o fracassado interc\u00e2mbio de ofertas de 2004, contrariando o acordo de que as cotas deveriam melhorar neste ano.<\/p>\n<p>&#8220;Ficaram aqu\u00e9m das expetativas (&#8230;). Esta \u00e9 a raz\u00e3o principal da decep\u00e7\u00e3o do Mercosul&#8221;, completou Costa Filho.<\/p>\n<p>O resultado da rodada de negocia\u00e7\u00f5es gerou uma rea\u00e7\u00e3o negativa no setor privado de Brasil, Argentina, Uruguai e Paraguai, pa\u00edses que integram essa uni\u00e3o aduaneira sul-americana.<\/p>\n<p>Do outro lado do oceano Atl\u00e2ntico, a proposta tamb\u00e9m levanta retic\u00eancias, sobretudo nos pa\u00edses com maior tradi\u00e7\u00e3o agr\u00edcola. Fran\u00e7a, Irlanda, B\u00e9lgica e outros oito pa\u00edses consideraram que esse n\u00e3o era o momento de fazer essas ofertas, e queriam deix\u00e1-las para o fim das negocia\u00e7\u00f5es.<\/p>\n<p>Ambos blocos come\u00e7aram a negociar seu Acordo de Associa\u00e7\u00e3o em 1999, mas em 2004, ap\u00f3s uma troca de ofertas que as duas partes consideraram insuficientes, as negocia\u00e7\u00f5es ficaram suspensas por seis anos. Recentemente, foram retomadas com o compromisso de melhorar as ofertas originais.<\/p>\n","protected":false},"excerpt":{"rendered":"<p>As cotas de importa\u00e7\u00e3o de carne e etanol oferecidas nesta semana pela Uni\u00e3o Europeia ao Mercosul foram consideradas insuficientes e tornam &#8220;um pouco mais dif\u00edcil&#8221; alcan\u00e7ar um acordo para dezembro<\/p>\n","protected":false},"author":11,"featured_media":97979404,"comment_status":"closed","ping_status":"closed","sticky":false,"template":"","format":"standard","meta":{"footnotes":""},"categories":[6,1],"tags":[],"class_list":["post-97984022","post","type-post","status-publish","format-standard","has-post-thumbnail","hentry","category-destaque","category-noticia"],"yoast_head":"<!-- This site is optimized with the Yoast SEO plugin v24.8.1 - https:\/\/yoast.com\/wordpress\/plugins\/seo\/ -->\n<title>Acordo com UE est\u00e1 um pouco mais dif\u00edcil - Acrimat<\/title>\n<meta name=\"robots\" content=\"index, follow, max-snippet:-1, max-image-preview:large, max-video-preview:-1\" \/>\n<link rel=\"canonical\" href=\"https:\/\/acrimat.org.br\/portal\/acordo-com-ue-esta-um-pouco-mais-dificil\/\" \/>\n<meta property=\"og:locale\" content=\"pt_BR\" \/>\n<meta property=\"og:type\" content=\"article\" \/>\n<meta property=\"og:title\" content=\"Acordo com UE est\u00e1 um pouco mais dif\u00edcil - Acrimat\" \/>\n<meta property=\"og:description\" content=\"As cotas de importa\u00e7\u00e3o de carne e etanol oferecidas nesta semana pela Uni\u00e3o Europeia ao Mercosul foram consideradas insuficientes e tornam &quot;um pouco mais dif\u00edcil&quot; alcan\u00e7ar um acordo para dezembro\" \/>\n<meta property=\"og:url\" content=\"https:\/\/acrimat.org.br\/portal\/acordo-com-ue-esta-um-pouco-mais-dificil\/\" \/>\n<meta property=\"og:site_name\" content=\"Acrimat\" \/>\n<meta property=\"article:published_time\" content=\"2017-10-09T13:02:46+00:00\" \/>\n<meta property=\"og:image\" content=\"https:\/\/acrimat.org.br\/portal\/wp-content\/uploads\/2017\/01\/exporta\u00e7\u00e3o-carne-bovina-salgada.jpg\" \/>\n\t<meta property=\"og:image:width\" content=\"730\" \/>\n\t<meta property=\"og:image:height\" content=\"502\" \/>\n\t<meta property=\"og:image:type\" content=\"image\/jpeg\" \/>\n<meta name=\"author\" content=\"P\u00e9ricles C\u00e2ndido\" \/>\n<meta name=\"twitter:card\" content=\"summary_large_image\" \/>\n<meta name=\"twitter:label1\" content=\"Escrito por\" \/>\n\t<meta name=\"twitter:data1\" content=\"P\u00e9ricles C\u00e2ndido\" \/>\n\t<meta name=\"twitter:label2\" content=\"Est. tempo de leitura\" \/>\n\t<meta name=\"twitter:data2\" content=\"1 minuto\" \/>\n<script type=\"application\/ld+json\" class=\"yoast-schema-graph\">{\"@context\":\"https:\/\/schema.org\",\"@graph\":[{\"@type\":\"Article\",\"@id\":\"https:\/\/acrimat.org.br\/portal\/acordo-com-ue-esta-um-pouco-mais-dificil\/#article\",\"isPartOf\":{\"@id\":\"https:\/\/acrimat.org.br\/portal\/acordo-com-ue-esta-um-pouco-mais-dificil\/\"},\"author\":{\"name\":\"P\u00e9ricles C\u00e2ndido\",\"@id\":\"https:\/\/acrimat.org.br\/portal\/#\/schema\/person\/18df8bcf6890e924fe5d8b5afd2bec0f\"},\"headline\":\"Acordo com UE est\u00e1 um pouco mais dif\u00edcil\",\"datePublished\":\"2017-10-09T13:02:46+00:00\",\"mainEntityOfPage\":{\"@id\":\"https:\/\/acrimat.org.br\/portal\/acordo-com-ue-esta-um-pouco-mais-dificil\/\"},\"wordCount\":307,\"publisher\":{\"@id\":\"https:\/\/acrimat.org.br\/portal\/#organization\"},\"image\":{\"@id\":\"https:\/\/acrimat.org.br\/portal\/acordo-com-ue-esta-um-pouco-mais-dificil\/#primaryimage\"},\"thumbnailUrl\":\"https:\/\/acrimat.org.br\/portal\/wp-content\/uploads\/2017\/01\/exporta\u00e7\u00e3o-carne-bovina-salgada.jpg\",\"articleSection\":[\"Destaques\",\"Not\u00edcias\"],\"inLanguage\":\"pt-BR\"},{\"@type\":\"WebPage\",\"@id\":\"https:\/\/acrimat.org.br\/portal\/acordo-com-ue-esta-um-pouco-mais-dificil\/\",\"url\":\"https:\/\/acrimat.org.br\/portal\/acordo-com-ue-esta-um-pouco-mais-dificil\/\",\"name\":\"Acordo com UE est\u00e1 um pouco mais dif\u00edcil - Acrimat\",\"isPartOf\":{\"@id\":\"https:\/\/acrimat.org.br\/portal\/#website\"},\"primaryImageOfPage\":{\"@id\":\"https:\/\/acrimat.org.br\/portal\/acordo-com-ue-esta-um-pouco-mais-dificil\/#primaryimage\"},\"image\":{\"@id\":\"https:\/\/acrimat.org.br\/portal\/acordo-com-ue-esta-um-pouco-mais-dificil\/#primaryimage\"},\"thumbnailUrl\":\"https:\/\/acrimat.org.br\/portal\/wp-content\/uploads\/2017\/01\/exporta\u00e7\u00e3o-carne-bovina-salgada.jpg\",\"datePublished\":\"2017-10-09T13:02:46+00:00\",\"breadcrumb\":{\"@id\":\"https:\/\/acrimat.org.br\/portal\/acordo-com-ue-esta-um-pouco-mais-dificil\/#breadcrumb\"},\"inLanguage\":\"pt-BR\",\"potentialAction\":[{\"@type\":\"ReadAction\",\"target\":[\"https:\/\/acrimat.org.br\/portal\/acordo-com-ue-esta-um-pouco-mais-dificil\/\"]}]},{\"@type\":\"ImageObject\",\"inLanguage\":\"pt-BR\",\"@id\":\"https:\/\/acrimat.org.br\/portal\/acordo-com-ue-esta-um-pouco-mais-dificil\/#primaryimage\",\"url\":\"https:\/\/acrimat.org.br\/portal\/wp-content\/uploads\/2017\/01\/exporta\u00e7\u00e3o-carne-bovina-salgada.jpg\",\"contentUrl\":\"https:\/\/acrimat.org.br\/portal\/wp-content\/uploads\/2017\/01\/exporta\u00e7\u00e3o-carne-bovina-salgada.jpg\",\"width\":730,\"height\":502,\"caption\":\"Divulga\u00e7\u00e3o\"},{\"@type\":\"BreadcrumbList\",\"@id\":\"https:\/\/acrimat.org.br\/portal\/acordo-com-ue-esta-um-pouco-mais-dificil\/#breadcrumb\",\"itemListElement\":[{\"@type\":\"ListItem\",\"position\":1,\"name\":\"In\u00edcio\",\"item\":\"https:\/\/acrimat.org.br\/portal\/\"},{\"@type\":\"ListItem\",\"position\":2,\"name\":\"Acordo com UE est\u00e1 um pouco mais dif\u00edcil\"}]},{\"@type\":\"WebSite\",\"@id\":\"https:\/\/acrimat.org.br\/portal\/#website\",\"url\":\"https:\/\/acrimat.org.br\/portal\/\",\"name\":\"Acrimat\",\"description\":\"Associa\u00e7\u00e3o dos Criadores de Mato Grosso\",\"publisher\":{\"@id\":\"https:\/\/acrimat.org.br\/portal\/#organization\"},\"potentialAction\":[{\"@type\":\"SearchAction\",\"target\":{\"@type\":\"EntryPoint\",\"urlTemplate\":\"https:\/\/acrimat.org.br\/portal\/?s={search_term_string}\"},\"query-input\":{\"@type\":\"PropertyValueSpecification\",\"valueRequired\":true,\"valueName\":\"search_term_string\"}}],\"inLanguage\":\"pt-BR\"},{\"@type\":\"Organization\",\"@id\":\"https:\/\/acrimat.org.br\/portal\/#organization\",\"name\":\"Associa\u00e7\u00e3o dos Criadores de Mato Grosso\",\"url\":\"https:\/\/acrimat.org.br\/portal\/\",\"logo\":{\"@type\":\"ImageObject\",\"inLanguage\":\"pt-BR\",\"@id\":\"https:\/\/acrimat.org.br\/portal\/#\/schema\/logo\/image\/\",\"url\":\"https:\/\/acrimat.org.br\/portal\/wp-content\/uploads\/2018\/03\/logo-peq-original.png\",\"contentUrl\":\"https:\/\/acrimat.org.br\/portal\/wp-content\/uploads\/2018\/03\/logo-peq-original.png\",\"width\":174,\"height\":171,\"caption\":\"Associa\u00e7\u00e3o dos Criadores de Mato Grosso\"},\"image\":{\"@id\":\"https:\/\/acrimat.org.br\/portal\/#\/schema\/logo\/image\/\"}},{\"@type\":\"Person\",\"@id\":\"https:\/\/acrimat.org.br\/portal\/#\/schema\/person\/18df8bcf6890e924fe5d8b5afd2bec0f\",\"name\":\"P\u00e9ricles C\u00e2ndido\",\"image\":{\"@type\":\"ImageObject\",\"inLanguage\":\"pt-BR\",\"@id\":\"https:\/\/acrimat.org.br\/portal\/#\/schema\/person\/image\/\",\"url\":\"https:\/\/secure.gravatar.com\/avatar\/33e2a2b971dc363ed2df53d0d3bfbd18?s=96&d=mm&r=g\",\"contentUrl\":\"https:\/\/secure.gravatar.com\/avatar\/33e2a2b971dc363ed2df53d0d3bfbd18?s=96&d=mm&r=g\",\"caption\":\"P\u00e9ricles C\u00e2ndido\"},\"sameAs\":[\"ascom@acrimat.org.br\"],\"url\":\"https:\/\/acrimat.org.br\/portal\/author\/designergrafico\/\"}]}<\/script>\n<!-- \/ Yoast SEO plugin. -->","yoast_head_json":{"title":"Acordo com UE est\u00e1 um pouco mais dif\u00edcil - Acrimat","robots":{"index":"index","follow":"follow","max-snippet":"max-snippet:-1","max-image-preview":"max-image-preview:large","max-video-preview":"max-video-preview:-1"},"canonical":"https:\/\/acrimat.org.br\/portal\/acordo-com-ue-esta-um-pouco-mais-dificil\/","og_locale":"pt_BR","og_type":"article","og_title":"Acordo com UE est\u00e1 um pouco mais dif\u00edcil - Acrimat","og_description":"As cotas de importa\u00e7\u00e3o de carne e etanol oferecidas nesta semana pela Uni\u00e3o Europeia ao Mercosul foram consideradas insuficientes e tornam \"um pouco mais dif\u00edcil\" alcan\u00e7ar um acordo para dezembro","og_url":"https:\/\/acrimat.org.br\/portal\/acordo-com-ue-esta-um-pouco-mais-dificil\/","og_site_name":"Acrimat","article_published_time":"2017-10-09T13:02:46+00:00","og_image":[{"width":730,"height":502,"url":"https:\/\/acrimat.org.br\/portal\/wp-content\/uploads\/2017\/01\/exporta\u00e7\u00e3o-carne-bovina-salgada.jpg","type":"image\/jpeg"}],"author":"P\u00e9ricles C\u00e2ndido","twitter_card":"summary_large_image","twitter_misc":{"Escrito por":"P\u00e9ricles C\u00e2ndido","Est. tempo de leitura":"1 minuto"},"schema":{"@context":"https:\/\/schema.org","@graph":[{"@type":"Article","@id":"https:\/\/acrimat.org.br\/portal\/acordo-com-ue-esta-um-pouco-mais-dificil\/#article","isPartOf":{"@id":"https:\/\/acrimat.org.br\/portal\/acordo-com-ue-esta-um-pouco-mais-dificil\/"},"author":{"name":"P\u00e9ricles C\u00e2ndido","@id":"https:\/\/acrimat.org.br\/portal\/#\/schema\/person\/18df8bcf6890e924fe5d8b5afd2bec0f"},"headline":"Acordo com UE est\u00e1 um pouco mais dif\u00edcil","datePublished":"2017-10-09T13:02:46+00:00","mainEntityOfPage":{"@id":"https:\/\/acrimat.org.br\/portal\/acordo-com-ue-esta-um-pouco-mais-dificil\/"},"wordCount":307,"publisher":{"@id":"https:\/\/acrimat.org.br\/portal\/#organization"},"image":{"@id":"https:\/\/acrimat.org.br\/portal\/acordo-com-ue-esta-um-pouco-mais-dificil\/#primaryimage"},"thumbnailUrl":"https:\/\/acrimat.org.br\/portal\/wp-content\/uploads\/2017\/01\/exporta\u00e7\u00e3o-carne-bovina-salgada.jpg","articleSection":["Destaques","Not\u00edcias"],"inLanguage":"pt-BR"},{"@type":"WebPage","@id":"https:\/\/acrimat.org.br\/portal\/acordo-com-ue-esta-um-pouco-mais-dificil\/","url":"https:\/\/acrimat.org.br\/portal\/acordo-com-ue-esta-um-pouco-mais-dificil\/","name":"Acordo com UE est\u00e1 um pouco mais dif\u00edcil - Acrimat","isPartOf":{"@id":"https:\/\/acrimat.org.br\/portal\/#website"},"primaryImageOfPage":{"@id":"https:\/\/acrimat.org.br\/portal\/acordo-com-ue-esta-um-pouco-mais-dificil\/#primaryimage"},"image":{"@id":"https:\/\/acrimat.org.br\/portal\/acordo-com-ue-esta-um-pouco-mais-dificil\/#primaryimage"},"thumbnailUrl":"https:\/\/acrimat.org.br\/portal\/wp-content\/uploads\/2017\/01\/exporta\u00e7\u00e3o-carne-bovina-salgada.jpg","datePublished":"2017-10-09T13:02:46+00:00","breadcrumb":{"@id":"https:\/\/acrimat.org.br\/portal\/acordo-com-ue-esta-um-pouco-mais-dificil\/#breadcrumb"},"inLanguage":"pt-BR","potentialAction":[{"@type":"ReadAction","target":["https:\/\/acrimat.org.br\/portal\/acordo-com-ue-esta-um-pouco-mais-dificil\/"]}]},{"@type":"ImageObject","inLanguage":"pt-BR","@id":"https:\/\/acrimat.org.br\/portal\/acordo-com-ue-esta-um-pouco-mais-dificil\/#primaryimage","url":"https:\/\/acrimat.org.br\/portal\/wp-content\/uploads\/2017\/01\/exporta\u00e7\u00e3o-carne-bovina-salgada.jpg","contentUrl":"https:\/\/acrimat.org.br\/portal\/wp-content\/uploads\/2017\/01\/exporta\u00e7\u00e3o-carne-bovina-salgada.jpg","width":730,"height":502,"caption":"Divulga\u00e7\u00e3o"},{"@type":"BreadcrumbList","@id":"https:\/\/acrimat.org.br\/portal\/acordo-com-ue-esta-um-pouco-mais-dificil\/#breadcrumb","itemListElement":[{"@type":"ListItem","position":1,"name":"In\u00edcio","item":"https:\/\/acrimat.org.br\/portal\/"},{"@type":"ListItem","position":2,"name":"Acordo com UE est\u00e1 um pouco mais dif\u00edcil"}]},{"@type":"WebSite","@id":"https:\/\/acrimat.org.br\/portal\/#website","url":"https:\/\/acrimat.org.br\/portal\/","name":"Acrimat","description":"Associa\u00e7\u00e3o dos Criadores de Mato Grosso","publisher":{"@id":"https:\/\/acrimat.org.br\/portal\/#organization"},"potentialAction":[{"@type":"SearchAction","target":{"@type":"EntryPoint","urlTemplate":"https:\/\/acrimat.org.br\/portal\/?s={search_term_string}"},"query-input":{"@type":"PropertyValueSpecification","valueRequired":true,"valueName":"search_term_string"}}],"inLanguage":"pt-BR"},{"@type":"Organization","@id":"https:\/\/acrimat.org.br\/portal\/#organization","name":"Associa\u00e7\u00e3o dos Criadores de Mato Grosso","url":"https:\/\/acrimat.org.br\/portal\/","logo":{"@type":"ImageObject","inLanguage":"pt-BR","@id":"https:\/\/acrimat.org.br\/portal\/#\/schema\/logo\/image\/","url":"https:\/\/acrimat.org.br\/portal\/wp-content\/uploads\/2018\/03\/logo-peq-original.png","contentUrl":"https:\/\/acrimat.org.br\/portal\/wp-content\/uploads\/2018\/03\/logo-peq-original.png","width":174,"height":171,"caption":"Associa\u00e7\u00e3o dos Criadores de Mato Grosso"},"image":{"@id":"https:\/\/acrimat.org.br\/portal\/#\/schema\/logo\/image\/"}},{"@type":"Person","@id":"https:\/\/acrimat.org.br\/portal\/#\/schema\/person\/18df8bcf6890e924fe5d8b5afd2bec0f","name":"P\u00e9ricles C\u00e2ndido","image":{"@type":"ImageObject","inLanguage":"pt-BR","@id":"https:\/\/acrimat.org.br\/portal\/#\/schema\/person\/image\/","url":"https:\/\/secure.gravatar.com\/avatar\/33e2a2b971dc363ed2df53d0d3bfbd18?s=96&d=mm&r=g","contentUrl":"https:\/\/secure.gravatar.com\/avatar\/33e2a2b971dc363ed2df53d0d3bfbd18?s=96&d=mm&r=g","caption":"P\u00e9ricles C\u00e2ndido"},"sameAs":["ascom@acrimat.org.br"],"url":"https:\/\/acrimat.org.br\/portal\/author\/designergrafico\/"}]}},"_links":{"self":[{"href":"https:\/\/acrimat.org.br\/portal\/wp-json\/wp\/v2\/posts\/97984022","targetHints":{"allow":["GET"]}}],"collection":[{"href":"https:\/\/acrimat.org.br\/portal\/wp-json\/wp\/v2\/posts"}],"about":[{"href":"https:\/\/acrimat.org.br\/portal\/wp-json\/wp\/v2\/types\/post"}],"author":[{"embeddable":true,"href":"https:\/\/acrimat.org.br\/portal\/wp-json\/wp\/v2\/users\/11"}],"replies":[{"embeddable":true,"href":"https:\/\/acrimat.org.br\/portal\/wp-json\/wp\/v2\/comments?post=97984022"}],"version-history":[{"count":1,"href":"https:\/\/acrimat.org.br\/portal\/wp-json\/wp\/v2\/posts\/97984022\/revisions"}],"predecessor-version":[{"id":97984023,"href":"https:\/\/acrimat.org.br\/portal\/wp-json\/wp\/v2\/posts\/97984022\/revisions\/97984023"}],"wp:featuredmedia":[{"embeddable":true,"href":"https:\/\/acrimat.org.br\/portal\/wp-json\/wp\/v2\/media\/97979404"}],"wp:attachment":[{"href":"https:\/\/acrimat.org.br\/portal\/wp-json\/wp\/v2\/media?parent=97984022"}],"wp:term":[{"taxonomy":"category","embeddable":true,"href":"https:\/\/acrimat.org.br\/portal\/wp-json\/wp\/v2\/categories?post=97984022"},{"taxonomy":"post_tag","embeddable":true,"href":"https:\/\/acrimat.org.br\/portal\/wp-json\/wp\/v2\/tags?post=97984022"}],"curies":[{"name":"wp","href":"https:\/\/api.w.org\/{rel}","templated":true}]}}