{"id":97984026,"date":"2017-10-09T10:09:51","date_gmt":"2017-10-09T13:09:51","guid":{"rendered":"http:\/\/acrimat.org.br\/portal\/?p=97984026"},"modified":"2017-10-09T10:09:51","modified_gmt":"2017-10-09T13:09:51","slug":"crise-jbs-reduz-abate-de-bois-e-preocupa-produtores-de-mt","status":"publish","type":"post","link":"https:\/\/acrimat.org.br\/portal\/crise-jbs-reduz-abate-de-bois-e-preocupa-produtores-de-mt\/","title":{"rendered":"&#8216;Crise JBS&#8217; reduz abate de bois e preocupa produtores de MT"},"content":{"rendered":"<p>Quem olha os n\u00fameros da bovinocultura de Mato Grosso, com 29,6 milh\u00f5es de cabe\u00e7as e a recente lideran\u00e7a nas exporta\u00e7\u00f5es de carne bovina, ultrapassando S\u00e3o Paulo, pode pensar que os pecuaristas mato-grossenses est\u00e3o sorrindo \u00e0 toa. Por\u00e9m, n\u00e3o \u00e9 bem assim.<\/p>\n<p>Produtores est\u00e3o preocupados com a crise econ\u00f4mica e pol\u00edtica impulsionada pela JBS no pa\u00eds. A empresa do grupo J&amp;F, que concentra 50% do abate no Estado, iniciou redu\u00e7\u00e3o do abate de boi e prazo de 30 dias para pagamento aos produtores \u2013antes, pagava \u00e0 vista.<\/p>\n<p>As medidas foram colocadas em pr\u00e1tica desde a opera\u00e7\u00e3o Carne Fraca e se intensificaram com o envolvimento dos irm\u00e3os Wesley e Joesley Batista em esc\u00e2ndalos.<\/p>\n<p>Nos \u00faltimos 60 dias, as ind\u00fastrias frigor\u00edficas do grupo interromperam pontualmente os abates no Estado.<\/p>\n<p>Para o presidente da Acrimat (Associa\u00e7\u00e3o de Criadores de Mato Grosso), Marco T\u00falio Duarte Soares, \u00e9 preciso punir a JBS e seus acionistas, mas, no atual cen\u00e1rio, ela \u00e9 fundamental aos criadores.<\/p>\n<p>&#8220;Infelizmente a JBS \u00e9 a maior empresa do pa\u00eds. Em Mato Grosso ela monopoliza o mercado e, em algumas regi\u00f5es, s\u00f3 existe ela.&#8221;<\/p>\n<p>Das 22 empresas atuam em Mato Grosso, 11 s\u00e3o da JBS.<\/p>\n<p>O setor pede ajuda do governo federal e do BNDES, pois h\u00e1 16 plantas paradas.<\/p>\n<p>O presidente do Sindicato Rural de Cuiab\u00e1, Jorge Pires de Miranda, defende que empresas de m\u00e9dio e pequeno porte assumam as plantas.<\/p>\n<p>Um dos maiores criadores do Estado, o pecuarista Luis Olavo, disse que \u00e9 preciso torcer pela JBS. &#8220;N\u00e3o temos alternativas no momento. Ruim com eles, pior sem eles.&#8221;<\/p>\n<p><strong>TENS\u00c3O<\/strong><\/p>\n<p>Em Mato Grosso do Sul, o clima de tens\u00e3o n\u00e3o \u00e9 diferente. O presidente da Famasul (Federa\u00e7\u00e3o da Agricultura e Pecu\u00e1ria de Mato Grosso do Sul), Maur\u00edcio Saito, disse que a JBS abate cerca de 45% do total do Estado.<\/p>\n<p>Por outro lado, ele disse que o momento de crise da JBS cria oportunidade para que outros frigor\u00edficos aumentem a competitividade.<\/p>\n<p>Para Eumar Novacki, secret\u00e1rio-executivo do Minist\u00e9rio da Agricultura, s\u00f3 com a fomenta\u00e7\u00e3o de pequenos e m\u00e9dios frigor\u00edficos ser\u00e1 poss\u00edvel fortalecer o mercado e superar monop\u00f3lio na \u00e1rea.<\/p>\n<p><strong>POSI\u00c7\u00c3O DA JBS<\/strong><\/p>\n<p>A JBS esclarece que:<\/p>\n<ul>\n<li>Em maio, padronizou todos os processos de compra de gado no Brasil, com pagamento no prazo de 30 dias, o que j\u00e1 acontecia em 97% das pra\u00e7as onde atua. O pagamento em 30 dias sempre foi o padr\u00e3o no mercado brasileiro.<\/li>\n<li>a empresa ajusta seu volume de compras em linha com as demandas de mercado, que ainda se ressente da queda do consumo interno \u2014movimento causado pela economia retra\u00edda dos \u00faltimos anos.<\/li>\n<li>Assim, as mudan\u00e7as mencionadas na pol\u00edtica de compras da companhia est\u00e3o atreladas \u00e0s condi\u00e7\u00f5es de mercado, e n\u00e3o a eventuais impactos do acordo de colabora\u00e7\u00e3o.<\/li>\n<li>A empresa informa ainda que as opera\u00e7\u00f5es da JBS no Brasil e no mundo continuam em ritmo normal. A companhia tem uma situa\u00e7\u00e3o financeira robusta e todas as estrat\u00e9gias em andamento est\u00e3o dentro do plano de neg\u00f3cios previamente estabelecido.<\/li>\n<\/ul>\n","protected":false},"excerpt":{"rendered":"<p>Produtores est\u00e3o preocupados com a crise econ\u00f4mica e pol\u00edtica impulsionada pela JBS no pa\u00eds<\/p>\n","protected":false},"author":11,"featured_media":97978811,"comment_status":"closed","ping_status":"closed","sticky":false,"template":"","format":"standard","meta":{"footnotes":""},"categories":[6,1],"tags":[],"class_list":["post-97984026","post","type-post","status-publish","format-standard","has-post-thumbnail","hentry","category-destaque","category-noticia"],"yoast_head":"<!-- This site is optimized with the Yoast SEO plugin v24.8.1 - https:\/\/yoast.com\/wordpress\/plugins\/seo\/ -->\n<title>&#039;Crise JBS&#039; reduz abate de bois e preocupa produtores de MT - Acrimat<\/title>\n<meta name=\"robots\" content=\"index, follow, max-snippet:-1, max-image-preview:large, max-video-preview:-1\" \/>\n<link rel=\"canonical\" href=\"https:\/\/acrimat.org.br\/portal\/crise-jbs-reduz-abate-de-bois-e-preocupa-produtores-de-mt\/\" \/>\n<meta property=\"og:locale\" content=\"pt_BR\" \/>\n<meta property=\"og:type\" content=\"article\" \/>\n<meta property=\"og:title\" content=\"&#039;Crise JBS&#039; reduz abate de bois e preocupa produtores de MT - Acrimat\" \/>\n<meta property=\"og:description\" content=\"Produtores est\u00e3o preocupados com a crise econ\u00f4mica e pol\u00edtica impulsionada pela JBS no pa\u00eds\" \/>\n<meta property=\"og:url\" content=\"https:\/\/acrimat.org.br\/portal\/crise-jbs-reduz-abate-de-bois-e-preocupa-produtores-de-mt\/\" \/>\n<meta property=\"og:site_name\" content=\"Acrimat\" \/>\n<meta property=\"article:published_time\" content=\"2017-10-09T13:09:51+00:00\" \/>\n<meta property=\"og:image\" content=\"https:\/\/acrimat.org.br\/portal\/wp-content\/uploads\/2016\/11\/gado24.jpg\" \/>\n\t<meta property=\"og:image:width\" content=\"640\" \/>\n\t<meta property=\"og:image:height\" content=\"480\" \/>\n\t<meta property=\"og:image:type\" content=\"image\/jpeg\" \/>\n<meta name=\"author\" content=\"P\u00e9ricles C\u00e2ndido\" \/>\n<meta name=\"twitter:card\" content=\"summary_large_image\" \/>\n<meta name=\"twitter:label1\" content=\"Escrito por\" \/>\n\t<meta name=\"twitter:data1\" content=\"P\u00e9ricles C\u00e2ndido\" \/>\n\t<meta name=\"twitter:label2\" content=\"Est. tempo de leitura\" \/>\n\t<meta name=\"twitter:data2\" content=\"3 minutos\" \/>\n<script type=\"application\/ld+json\" class=\"yoast-schema-graph\">{\"@context\":\"https:\/\/schema.org\",\"@graph\":[{\"@type\":\"Article\",\"@id\":\"https:\/\/acrimat.org.br\/portal\/crise-jbs-reduz-abate-de-bois-e-preocupa-produtores-de-mt\/#article\",\"isPartOf\":{\"@id\":\"https:\/\/acrimat.org.br\/portal\/crise-jbs-reduz-abate-de-bois-e-preocupa-produtores-de-mt\/\"},\"author\":{\"name\":\"P\u00e9ricles C\u00e2ndido\",\"@id\":\"https:\/\/acrimat.org.br\/portal\/#\/schema\/person\/18df8bcf6890e924fe5d8b5afd2bec0f\"},\"headline\":\"&#8216;Crise JBS&#8217; reduz abate de bois e preocupa produtores de MT\",\"datePublished\":\"2017-10-09T13:09:51+00:00\",\"mainEntityOfPage\":{\"@id\":\"https:\/\/acrimat.org.br\/portal\/crise-jbs-reduz-abate-de-bois-e-preocupa-produtores-de-mt\/\"},\"wordCount\":540,\"publisher\":{\"@id\":\"https:\/\/acrimat.org.br\/portal\/#organization\"},\"image\":{\"@id\":\"https:\/\/acrimat.org.br\/portal\/crise-jbs-reduz-abate-de-bois-e-preocupa-produtores-de-mt\/#primaryimage\"},\"thumbnailUrl\":\"https:\/\/acrimat.org.br\/portal\/wp-content\/uploads\/2016\/11\/gado24.jpg\",\"articleSection\":[\"Destaques\",\"Not\u00edcias\"],\"inLanguage\":\"pt-BR\"},{\"@type\":\"WebPage\",\"@id\":\"https:\/\/acrimat.org.br\/portal\/crise-jbs-reduz-abate-de-bois-e-preocupa-produtores-de-mt\/\",\"url\":\"https:\/\/acrimat.org.br\/portal\/crise-jbs-reduz-abate-de-bois-e-preocupa-produtores-de-mt\/\",\"name\":\"'Crise JBS' reduz abate de bois e preocupa produtores de MT - Acrimat\",\"isPartOf\":{\"@id\":\"https:\/\/acrimat.org.br\/portal\/#website\"},\"primaryImageOfPage\":{\"@id\":\"https:\/\/acrimat.org.br\/portal\/crise-jbs-reduz-abate-de-bois-e-preocupa-produtores-de-mt\/#primaryimage\"},\"image\":{\"@id\":\"https:\/\/acrimat.org.br\/portal\/crise-jbs-reduz-abate-de-bois-e-preocupa-produtores-de-mt\/#primaryimage\"},\"thumbnailUrl\":\"https:\/\/acrimat.org.br\/portal\/wp-content\/uploads\/2016\/11\/gado24.jpg\",\"datePublished\":\"2017-10-09T13:09:51+00:00\",\"breadcrumb\":{\"@id\":\"https:\/\/acrimat.org.br\/portal\/crise-jbs-reduz-abate-de-bois-e-preocupa-produtores-de-mt\/#breadcrumb\"},\"inLanguage\":\"pt-BR\",\"potentialAction\":[{\"@type\":\"ReadAction\",\"target\":[\"https:\/\/acrimat.org.br\/portal\/crise-jbs-reduz-abate-de-bois-e-preocupa-produtores-de-mt\/\"]}]},{\"@type\":\"ImageObject\",\"inLanguage\":\"pt-BR\",\"@id\":\"https:\/\/acrimat.org.br\/portal\/crise-jbs-reduz-abate-de-bois-e-preocupa-produtores-de-mt\/#primaryimage\",\"url\":\"https:\/\/acrimat.org.br\/portal\/wp-content\/uploads\/2016\/11\/gado24.jpg\",\"contentUrl\":\"https:\/\/acrimat.org.br\/portal\/wp-content\/uploads\/2016\/11\/gado24.jpg\",\"width\":640,\"height\":480},{\"@type\":\"BreadcrumbList\",\"@id\":\"https:\/\/acrimat.org.br\/portal\/crise-jbs-reduz-abate-de-bois-e-preocupa-produtores-de-mt\/#breadcrumb\",\"itemListElement\":[{\"@type\":\"ListItem\",\"position\":1,\"name\":\"In\u00edcio\",\"item\":\"https:\/\/acrimat.org.br\/portal\/\"},{\"@type\":\"ListItem\",\"position\":2,\"name\":\"&#8216;Crise JBS&#8217; reduz abate de bois e preocupa produtores de MT\"}]},{\"@type\":\"WebSite\",\"@id\":\"https:\/\/acrimat.org.br\/portal\/#website\",\"url\":\"https:\/\/acrimat.org.br\/portal\/\",\"name\":\"Acrimat\",\"description\":\"Associa\u00e7\u00e3o dos Criadores de Mato Grosso\",\"publisher\":{\"@id\":\"https:\/\/acrimat.org.br\/portal\/#organization\"},\"potentialAction\":[{\"@type\":\"SearchAction\",\"target\":{\"@type\":\"EntryPoint\",\"urlTemplate\":\"https:\/\/acrimat.org.br\/portal\/?s={search_term_string}\"},\"query-input\":{\"@type\":\"PropertyValueSpecification\",\"valueRequired\":true,\"valueName\":\"search_term_string\"}}],\"inLanguage\":\"pt-BR\"},{\"@type\":\"Organization\",\"@id\":\"https:\/\/acrimat.org.br\/portal\/#organization\",\"name\":\"Associa\u00e7\u00e3o dos Criadores de Mato Grosso\",\"url\":\"https:\/\/acrimat.org.br\/portal\/\",\"logo\":{\"@type\":\"ImageObject\",\"inLanguage\":\"pt-BR\",\"@id\":\"https:\/\/acrimat.org.br\/portal\/#\/schema\/logo\/image\/\",\"url\":\"https:\/\/acrimat.org.br\/portal\/wp-content\/uploads\/2018\/03\/logo-peq-original.png\",\"contentUrl\":\"https:\/\/acrimat.org.br\/portal\/wp-content\/uploads\/2018\/03\/logo-peq-original.png\",\"width\":174,\"height\":171,\"caption\":\"Associa\u00e7\u00e3o dos Criadores de Mato Grosso\"},\"image\":{\"@id\":\"https:\/\/acrimat.org.br\/portal\/#\/schema\/logo\/image\/\"}},{\"@type\":\"Person\",\"@id\":\"https:\/\/acrimat.org.br\/portal\/#\/schema\/person\/18df8bcf6890e924fe5d8b5afd2bec0f\",\"name\":\"P\u00e9ricles C\u00e2ndido\",\"image\":{\"@type\":\"ImageObject\",\"inLanguage\":\"pt-BR\",\"@id\":\"https:\/\/acrimat.org.br\/portal\/#\/schema\/person\/image\/\",\"url\":\"https:\/\/secure.gravatar.com\/avatar\/33e2a2b971dc363ed2df53d0d3bfbd18?s=96&d=mm&r=g\",\"contentUrl\":\"https:\/\/secure.gravatar.com\/avatar\/33e2a2b971dc363ed2df53d0d3bfbd18?s=96&d=mm&r=g\",\"caption\":\"P\u00e9ricles C\u00e2ndido\"},\"sameAs\":[\"ascom@acrimat.org.br\"],\"url\":\"https:\/\/acrimat.org.br\/portal\/author\/designergrafico\/\"}]}<\/script>\n<!-- \/ Yoast SEO plugin. -->","yoast_head_json":{"title":"'Crise JBS' reduz abate de bois e preocupa produtores de MT - Acrimat","robots":{"index":"index","follow":"follow","max-snippet":"max-snippet:-1","max-image-preview":"max-image-preview:large","max-video-preview":"max-video-preview:-1"},"canonical":"https:\/\/acrimat.org.br\/portal\/crise-jbs-reduz-abate-de-bois-e-preocupa-produtores-de-mt\/","og_locale":"pt_BR","og_type":"article","og_title":"'Crise JBS' reduz abate de bois e preocupa produtores de MT - Acrimat","og_description":"Produtores est\u00e3o preocupados com a crise econ\u00f4mica e pol\u00edtica impulsionada pela JBS no pa\u00eds","og_url":"https:\/\/acrimat.org.br\/portal\/crise-jbs-reduz-abate-de-bois-e-preocupa-produtores-de-mt\/","og_site_name":"Acrimat","article_published_time":"2017-10-09T13:09:51+00:00","og_image":[{"width":640,"height":480,"url":"https:\/\/acrimat.org.br\/portal\/wp-content\/uploads\/2016\/11\/gado24.jpg","type":"image\/jpeg"}],"author":"P\u00e9ricles C\u00e2ndido","twitter_card":"summary_large_image","twitter_misc":{"Escrito por":"P\u00e9ricles C\u00e2ndido","Est. tempo de leitura":"3 minutos"},"schema":{"@context":"https:\/\/schema.org","@graph":[{"@type":"Article","@id":"https:\/\/acrimat.org.br\/portal\/crise-jbs-reduz-abate-de-bois-e-preocupa-produtores-de-mt\/#article","isPartOf":{"@id":"https:\/\/acrimat.org.br\/portal\/crise-jbs-reduz-abate-de-bois-e-preocupa-produtores-de-mt\/"},"author":{"name":"P\u00e9ricles C\u00e2ndido","@id":"https:\/\/acrimat.org.br\/portal\/#\/schema\/person\/18df8bcf6890e924fe5d8b5afd2bec0f"},"headline":"&#8216;Crise JBS&#8217; reduz abate de bois e preocupa produtores de MT","datePublished":"2017-10-09T13:09:51+00:00","mainEntityOfPage":{"@id":"https:\/\/acrimat.org.br\/portal\/crise-jbs-reduz-abate-de-bois-e-preocupa-produtores-de-mt\/"},"wordCount":540,"publisher":{"@id":"https:\/\/acrimat.org.br\/portal\/#organization"},"image":{"@id":"https:\/\/acrimat.org.br\/portal\/crise-jbs-reduz-abate-de-bois-e-preocupa-produtores-de-mt\/#primaryimage"},"thumbnailUrl":"https:\/\/acrimat.org.br\/portal\/wp-content\/uploads\/2016\/11\/gado24.jpg","articleSection":["Destaques","Not\u00edcias"],"inLanguage":"pt-BR"},{"@type":"WebPage","@id":"https:\/\/acrimat.org.br\/portal\/crise-jbs-reduz-abate-de-bois-e-preocupa-produtores-de-mt\/","url":"https:\/\/acrimat.org.br\/portal\/crise-jbs-reduz-abate-de-bois-e-preocupa-produtores-de-mt\/","name":"'Crise JBS' reduz abate de bois e preocupa produtores de MT - Acrimat","isPartOf":{"@id":"https:\/\/acrimat.org.br\/portal\/#website"},"primaryImageOfPage":{"@id":"https:\/\/acrimat.org.br\/portal\/crise-jbs-reduz-abate-de-bois-e-preocupa-produtores-de-mt\/#primaryimage"},"image":{"@id":"https:\/\/acrimat.org.br\/portal\/crise-jbs-reduz-abate-de-bois-e-preocupa-produtores-de-mt\/#primaryimage"},"thumbnailUrl":"https:\/\/acrimat.org.br\/portal\/wp-content\/uploads\/2016\/11\/gado24.jpg","datePublished":"2017-10-09T13:09:51+00:00","breadcrumb":{"@id":"https:\/\/acrimat.org.br\/portal\/crise-jbs-reduz-abate-de-bois-e-preocupa-produtores-de-mt\/#breadcrumb"},"inLanguage":"pt-BR","potentialAction":[{"@type":"ReadAction","target":["https:\/\/acrimat.org.br\/portal\/crise-jbs-reduz-abate-de-bois-e-preocupa-produtores-de-mt\/"]}]},{"@type":"ImageObject","inLanguage":"pt-BR","@id":"https:\/\/acrimat.org.br\/portal\/crise-jbs-reduz-abate-de-bois-e-preocupa-produtores-de-mt\/#primaryimage","url":"https:\/\/acrimat.org.br\/portal\/wp-content\/uploads\/2016\/11\/gado24.jpg","contentUrl":"https:\/\/acrimat.org.br\/portal\/wp-content\/uploads\/2016\/11\/gado24.jpg","width":640,"height":480},{"@type":"BreadcrumbList","@id":"https:\/\/acrimat.org.br\/portal\/crise-jbs-reduz-abate-de-bois-e-preocupa-produtores-de-mt\/#breadcrumb","itemListElement":[{"@type":"ListItem","position":1,"name":"In\u00edcio","item":"https:\/\/acrimat.org.br\/portal\/"},{"@type":"ListItem","position":2,"name":"&#8216;Crise JBS&#8217; reduz abate de bois e preocupa produtores de MT"}]},{"@type":"WebSite","@id":"https:\/\/acrimat.org.br\/portal\/#website","url":"https:\/\/acrimat.org.br\/portal\/","name":"Acrimat","description":"Associa\u00e7\u00e3o dos Criadores de Mato Grosso","publisher":{"@id":"https:\/\/acrimat.org.br\/portal\/#organization"},"potentialAction":[{"@type":"SearchAction","target":{"@type":"EntryPoint","urlTemplate":"https:\/\/acrimat.org.br\/portal\/?s={search_term_string}"},"query-input":{"@type":"PropertyValueSpecification","valueRequired":true,"valueName":"search_term_string"}}],"inLanguage":"pt-BR"},{"@type":"Organization","@id":"https:\/\/acrimat.org.br\/portal\/#organization","name":"Associa\u00e7\u00e3o dos Criadores de Mato Grosso","url":"https:\/\/acrimat.org.br\/portal\/","logo":{"@type":"ImageObject","inLanguage":"pt-BR","@id":"https:\/\/acrimat.org.br\/portal\/#\/schema\/logo\/image\/","url":"https:\/\/acrimat.org.br\/portal\/wp-content\/uploads\/2018\/03\/logo-peq-original.png","contentUrl":"https:\/\/acrimat.org.br\/portal\/wp-content\/uploads\/2018\/03\/logo-peq-original.png","width":174,"height":171,"caption":"Associa\u00e7\u00e3o dos Criadores de Mato Grosso"},"image":{"@id":"https:\/\/acrimat.org.br\/portal\/#\/schema\/logo\/image\/"}},{"@type":"Person","@id":"https:\/\/acrimat.org.br\/portal\/#\/schema\/person\/18df8bcf6890e924fe5d8b5afd2bec0f","name":"P\u00e9ricles C\u00e2ndido","image":{"@type":"ImageObject","inLanguage":"pt-BR","@id":"https:\/\/acrimat.org.br\/portal\/#\/schema\/person\/image\/","url":"https:\/\/secure.gravatar.com\/avatar\/33e2a2b971dc363ed2df53d0d3bfbd18?s=96&d=mm&r=g","contentUrl":"https:\/\/secure.gravatar.com\/avatar\/33e2a2b971dc363ed2df53d0d3bfbd18?s=96&d=mm&r=g","caption":"P\u00e9ricles C\u00e2ndido"},"sameAs":["ascom@acrimat.org.br"],"url":"https:\/\/acrimat.org.br\/portal\/author\/designergrafico\/"}]}},"_links":{"self":[{"href":"https:\/\/acrimat.org.br\/portal\/wp-json\/wp\/v2\/posts\/97984026","targetHints":{"allow":["GET"]}}],"collection":[{"href":"https:\/\/acrimat.org.br\/portal\/wp-json\/wp\/v2\/posts"}],"about":[{"href":"https:\/\/acrimat.org.br\/portal\/wp-json\/wp\/v2\/types\/post"}],"author":[{"embeddable":true,"href":"https:\/\/acrimat.org.br\/portal\/wp-json\/wp\/v2\/users\/11"}],"replies":[{"embeddable":true,"href":"https:\/\/acrimat.org.br\/portal\/wp-json\/wp\/v2\/comments?post=97984026"}],"version-history":[{"count":1,"href":"https:\/\/acrimat.org.br\/portal\/wp-json\/wp\/v2\/posts\/97984026\/revisions"}],"predecessor-version":[{"id":97984027,"href":"https:\/\/acrimat.org.br\/portal\/wp-json\/wp\/v2\/posts\/97984026\/revisions\/97984027"}],"wp:featuredmedia":[{"embeddable":true,"href":"https:\/\/acrimat.org.br\/portal\/wp-json\/wp\/v2\/media\/97978811"}],"wp:attachment":[{"href":"https:\/\/acrimat.org.br\/portal\/wp-json\/wp\/v2\/media?parent=97984026"}],"wp:term":[{"taxonomy":"category","embeddable":true,"href":"https:\/\/acrimat.org.br\/portal\/wp-json\/wp\/v2\/categories?post=97984026"},{"taxonomy":"post_tag","embeddable":true,"href":"https:\/\/acrimat.org.br\/portal\/wp-json\/wp\/v2\/tags?post=97984026"}],"curies":[{"name":"wp","href":"https:\/\/api.w.org\/{rel}","templated":true}]}}