{"id":97984028,"date":"2017-10-09T10:00:42","date_gmt":"2017-10-09T13:00:42","guid":{"rendered":"http:\/\/acrimat.org.br\/portal\/?p=97984028"},"modified":"2017-10-09T10:14:02","modified_gmt":"2017-10-09T13:14:02","slug":"franca-vai-se-opor-a-proposta-de-carne-do-mercosul","status":"publish","type":"post","link":"https:\/\/acrimat.org.br\/portal\/franca-vai-se-opor-a-proposta-de-carne-do-mercosul\/","title":{"rendered":"Fran\u00e7a vai se opor \u00e0 proposta de carne do Mercosul"},"content":{"rendered":"<p>A Fran\u00e7a vai se opor \u00e0 proposta da Comiss\u00e3o europeia de aceitar a entrada no continente de 70 mil toneladas de carne bovina por ano provenientes do Mercosul, dentro das negocia\u00e7\u00f5es de um acordo comercial, afirmou nesta sexta-feira (6) o ministro da Agricultura St\u00e9phane Travert.<\/p>\n<p>&#8220;N\u00f3s reunimos oito Estados simpatizantes europeus e, na segunda-feira, irei a Luxemburgo para o Conselho Europeu de ministros da Agricultura afirmar a oposi\u00e7\u00e3o da Fran\u00e7a ao m\u00e9todo aplicado para iniciar as negocia\u00e7\u00f5es (comerciais da Uni\u00e3o Europeia) com o Mercosul e nosso desacordo com essa entrada na discuss\u00e3o, com uma chegada de carne bovina no in\u00edcio das negocia\u00e7\u00f5es&#8221;, declarou o ministro, durante uma visita a uma feira europeia dos profissionais da pecu\u00e1ria, no centro da Fran\u00e7a.<\/p>\n<p>&#8220;N\u00f3s somos europeus e devemos certamente reagir dentro de um contexto global, mas eu tamb\u00e9m sou ministro da Agricultura franc\u00eas e venho aqui proteger os agricultores e defender os setores&#8221;, disse, destacando que os &#8220;setores franceses&#8221; (carne bovina, etanol, a\u00e7\u00facar, entre outros) n\u00e3o &#8220;sejam as vari\u00e1veis de ajuste dos acordos com o Mercosul&#8221;.<\/p>\n<p>No fim de setembro, a Comiss\u00e3o europeia prop\u00f4s aos 28 Estados membros da UE aceitar a entrada de um contingente de 70 mil toneladas de carne bovina e de 600 mil toneladas de etanol ao ano vindos do Mercosul, a fim de alcan\u00e7ar um acordo comercial com o bloco sul-americano.<\/p>\n","protected":false},"excerpt":{"rendered":"<p>A Fran\u00e7a vai se opor \u00e0 proposta da Comiss\u00e3o europeia de aceitar a entrada no continente de 70 mil toneladas de carne bovina por ano provenientes do Mercosul, dentro das negocia\u00e7\u00f5es de um acordo comercial, afirmou nesta sexta-feira (6) o ministro da Agricultura St\u00e9phane Travert. &#8220;N\u00f3s reunimos oito Estados simpatizantes europeus e, na segunda-feira, irei [&hellip;]<\/p>\n","protected":false},"author":11,"featured_media":0,"comment_status":"closed","ping_status":"closed","sticky":false,"template":"","format":"standard","meta":{"footnotes":""},"categories":[6,1],"tags":[],"class_list":["post-97984028","post","type-post","status-publish","format-standard","hentry","category-destaque","category-noticia"],"yoast_head":"<!-- This site is optimized with the Yoast SEO plugin v24.8.1 - https:\/\/yoast.com\/wordpress\/plugins\/seo\/ -->\n<title>Fran\u00e7a vai se opor \u00e0 proposta de carne do Mercosul - Acrimat<\/title>\n<meta name=\"robots\" content=\"index, follow, max-snippet:-1, max-image-preview:large, max-video-preview:-1\" \/>\n<link rel=\"canonical\" href=\"https:\/\/acrimat.org.br\/portal\/franca-vai-se-opor-a-proposta-de-carne-do-mercosul\/\" \/>\n<meta property=\"og:locale\" content=\"pt_BR\" \/>\n<meta property=\"og:type\" content=\"article\" \/>\n<meta property=\"og:title\" content=\"Fran\u00e7a vai se opor \u00e0 proposta de carne do Mercosul - Acrimat\" \/>\n<meta property=\"og:description\" content=\"A Fran\u00e7a vai se opor \u00e0 proposta da Comiss\u00e3o europeia de aceitar a entrada no continente de 70 mil toneladas de carne bovina por ano provenientes do Mercosul, dentro das negocia\u00e7\u00f5es de um acordo comercial, afirmou nesta sexta-feira (6) o ministro da Agricultura St\u00e9phane Travert. &#8220;N\u00f3s reunimos oito Estados simpatizantes europeus e, na segunda-feira, irei [&hellip;]\" \/>\n<meta property=\"og:url\" content=\"https:\/\/acrimat.org.br\/portal\/franca-vai-se-opor-a-proposta-de-carne-do-mercosul\/\" \/>\n<meta property=\"og:site_name\" content=\"Acrimat\" \/>\n<meta property=\"article:published_time\" content=\"2017-10-09T13:00:42+00:00\" \/>\n<meta property=\"article:modified_time\" content=\"2017-10-09T13:14:02+00:00\" \/>\n<meta name=\"author\" content=\"P\u00e9ricles C\u00e2ndido\" \/>\n<meta name=\"twitter:card\" content=\"summary_large_image\" \/>\n<meta name=\"twitter:label1\" content=\"Escrito por\" \/>\n\t<meta name=\"twitter:data1\" content=\"P\u00e9ricles C\u00e2ndido\" \/>\n\t<meta name=\"twitter:label2\" content=\"Est. tempo de leitura\" \/>\n\t<meta name=\"twitter:data2\" content=\"1 minuto\" \/>\n<script type=\"application\/ld+json\" class=\"yoast-schema-graph\">{\"@context\":\"https:\/\/schema.org\",\"@graph\":[{\"@type\":\"Article\",\"@id\":\"https:\/\/acrimat.org.br\/portal\/franca-vai-se-opor-a-proposta-de-carne-do-mercosul\/#article\",\"isPartOf\":{\"@id\":\"https:\/\/acrimat.org.br\/portal\/franca-vai-se-opor-a-proposta-de-carne-do-mercosul\/\"},\"author\":{\"name\":\"P\u00e9ricles C\u00e2ndido\",\"@id\":\"https:\/\/acrimat.org.br\/portal\/#\/schema\/person\/18df8bcf6890e924fe5d8b5afd2bec0f\"},\"headline\":\"Fran\u00e7a vai se opor \u00e0 proposta de carne do Mercosul\",\"datePublished\":\"2017-10-09T13:00:42+00:00\",\"dateModified\":\"2017-10-09T13:14:02+00:00\",\"mainEntityOfPage\":{\"@id\":\"https:\/\/acrimat.org.br\/portal\/franca-vai-se-opor-a-proposta-de-carne-do-mercosul\/\"},\"wordCount\":251,\"publisher\":{\"@id\":\"https:\/\/acrimat.org.br\/portal\/#organization\"},\"articleSection\":[\"Destaques\",\"Not\u00edcias\"],\"inLanguage\":\"pt-BR\"},{\"@type\":\"WebPage\",\"@id\":\"https:\/\/acrimat.org.br\/portal\/franca-vai-se-opor-a-proposta-de-carne-do-mercosul\/\",\"url\":\"https:\/\/acrimat.org.br\/portal\/franca-vai-se-opor-a-proposta-de-carne-do-mercosul\/\",\"name\":\"Fran\u00e7a vai se opor \u00e0 proposta de carne do Mercosul - Acrimat\",\"isPartOf\":{\"@id\":\"https:\/\/acrimat.org.br\/portal\/#website\"},\"datePublished\":\"2017-10-09T13:00:42+00:00\",\"dateModified\":\"2017-10-09T13:14:02+00:00\",\"breadcrumb\":{\"@id\":\"https:\/\/acrimat.org.br\/portal\/franca-vai-se-opor-a-proposta-de-carne-do-mercosul\/#breadcrumb\"},\"inLanguage\":\"pt-BR\",\"potentialAction\":[{\"@type\":\"ReadAction\",\"target\":[\"https:\/\/acrimat.org.br\/portal\/franca-vai-se-opor-a-proposta-de-carne-do-mercosul\/\"]}]},{\"@type\":\"BreadcrumbList\",\"@id\":\"https:\/\/acrimat.org.br\/portal\/franca-vai-se-opor-a-proposta-de-carne-do-mercosul\/#breadcrumb\",\"itemListElement\":[{\"@type\":\"ListItem\",\"position\":1,\"name\":\"In\u00edcio\",\"item\":\"https:\/\/acrimat.org.br\/portal\/\"},{\"@type\":\"ListItem\",\"position\":2,\"name\":\"Fran\u00e7a vai se opor \u00e0 proposta de carne do Mercosul\"}]},{\"@type\":\"WebSite\",\"@id\":\"https:\/\/acrimat.org.br\/portal\/#website\",\"url\":\"https:\/\/acrimat.org.br\/portal\/\",\"name\":\"Acrimat\",\"description\":\"Associa\u00e7\u00e3o dos Criadores de Mato Grosso\",\"publisher\":{\"@id\":\"https:\/\/acrimat.org.br\/portal\/#organization\"},\"potentialAction\":[{\"@type\":\"SearchAction\",\"target\":{\"@type\":\"EntryPoint\",\"urlTemplate\":\"https:\/\/acrimat.org.br\/portal\/?s={search_term_string}\"},\"query-input\":{\"@type\":\"PropertyValueSpecification\",\"valueRequired\":true,\"valueName\":\"search_term_string\"}}],\"inLanguage\":\"pt-BR\"},{\"@type\":\"Organization\",\"@id\":\"https:\/\/acrimat.org.br\/portal\/#organization\",\"name\":\"Associa\u00e7\u00e3o dos Criadores de Mato Grosso\",\"url\":\"https:\/\/acrimat.org.br\/portal\/\",\"logo\":{\"@type\":\"ImageObject\",\"inLanguage\":\"pt-BR\",\"@id\":\"https:\/\/acrimat.org.br\/portal\/#\/schema\/logo\/image\/\",\"url\":\"https:\/\/acrimat.org.br\/portal\/wp-content\/uploads\/2018\/03\/logo-peq-original.png\",\"contentUrl\":\"https:\/\/acrimat.org.br\/portal\/wp-content\/uploads\/2018\/03\/logo-peq-original.png\",\"width\":174,\"height\":171,\"caption\":\"Associa\u00e7\u00e3o dos Criadores de Mato Grosso\"},\"image\":{\"@id\":\"https:\/\/acrimat.org.br\/portal\/#\/schema\/logo\/image\/\"}},{\"@type\":\"Person\",\"@id\":\"https:\/\/acrimat.org.br\/portal\/#\/schema\/person\/18df8bcf6890e924fe5d8b5afd2bec0f\",\"name\":\"P\u00e9ricles C\u00e2ndido\",\"image\":{\"@type\":\"ImageObject\",\"inLanguage\":\"pt-BR\",\"@id\":\"https:\/\/acrimat.org.br\/portal\/#\/schema\/person\/image\/\",\"url\":\"https:\/\/secure.gravatar.com\/avatar\/33e2a2b971dc363ed2df53d0d3bfbd18?s=96&d=mm&r=g\",\"contentUrl\":\"https:\/\/secure.gravatar.com\/avatar\/33e2a2b971dc363ed2df53d0d3bfbd18?s=96&d=mm&r=g\",\"caption\":\"P\u00e9ricles C\u00e2ndido\"},\"sameAs\":[\"ascom@acrimat.org.br\"],\"url\":\"https:\/\/acrimat.org.br\/portal\/author\/designergrafico\/\"}]}<\/script>\n<!-- \/ Yoast SEO plugin. -->","yoast_head_json":{"title":"Fran\u00e7a vai se opor \u00e0 proposta de carne do Mercosul - Acrimat","robots":{"index":"index","follow":"follow","max-snippet":"max-snippet:-1","max-image-preview":"max-image-preview:large","max-video-preview":"max-video-preview:-1"},"canonical":"https:\/\/acrimat.org.br\/portal\/franca-vai-se-opor-a-proposta-de-carne-do-mercosul\/","og_locale":"pt_BR","og_type":"article","og_title":"Fran\u00e7a vai se opor \u00e0 proposta de carne do Mercosul - Acrimat","og_description":"A Fran\u00e7a vai se opor \u00e0 proposta da Comiss\u00e3o europeia de aceitar a entrada no continente de 70 mil toneladas de carne bovina por ano provenientes do Mercosul, dentro das negocia\u00e7\u00f5es de um acordo comercial, afirmou nesta sexta-feira (6) o ministro da Agricultura St\u00e9phane Travert. &#8220;N\u00f3s reunimos oito Estados simpatizantes europeus e, na segunda-feira, irei [&hellip;]","og_url":"https:\/\/acrimat.org.br\/portal\/franca-vai-se-opor-a-proposta-de-carne-do-mercosul\/","og_site_name":"Acrimat","article_published_time":"2017-10-09T13:00:42+00:00","article_modified_time":"2017-10-09T13:14:02+00:00","author":"P\u00e9ricles C\u00e2ndido","twitter_card":"summary_large_image","twitter_misc":{"Escrito por":"P\u00e9ricles C\u00e2ndido","Est. tempo de leitura":"1 minuto"},"schema":{"@context":"https:\/\/schema.org","@graph":[{"@type":"Article","@id":"https:\/\/acrimat.org.br\/portal\/franca-vai-se-opor-a-proposta-de-carne-do-mercosul\/#article","isPartOf":{"@id":"https:\/\/acrimat.org.br\/portal\/franca-vai-se-opor-a-proposta-de-carne-do-mercosul\/"},"author":{"name":"P\u00e9ricles C\u00e2ndido","@id":"https:\/\/acrimat.org.br\/portal\/#\/schema\/person\/18df8bcf6890e924fe5d8b5afd2bec0f"},"headline":"Fran\u00e7a vai se opor \u00e0 proposta de carne do Mercosul","datePublished":"2017-10-09T13:00:42+00:00","dateModified":"2017-10-09T13:14:02+00:00","mainEntityOfPage":{"@id":"https:\/\/acrimat.org.br\/portal\/franca-vai-se-opor-a-proposta-de-carne-do-mercosul\/"},"wordCount":251,"publisher":{"@id":"https:\/\/acrimat.org.br\/portal\/#organization"},"articleSection":["Destaques","Not\u00edcias"],"inLanguage":"pt-BR"},{"@type":"WebPage","@id":"https:\/\/acrimat.org.br\/portal\/franca-vai-se-opor-a-proposta-de-carne-do-mercosul\/","url":"https:\/\/acrimat.org.br\/portal\/franca-vai-se-opor-a-proposta-de-carne-do-mercosul\/","name":"Fran\u00e7a vai se opor \u00e0 proposta de carne do Mercosul - Acrimat","isPartOf":{"@id":"https:\/\/acrimat.org.br\/portal\/#website"},"datePublished":"2017-10-09T13:00:42+00:00","dateModified":"2017-10-09T13:14:02+00:00","breadcrumb":{"@id":"https:\/\/acrimat.org.br\/portal\/franca-vai-se-opor-a-proposta-de-carne-do-mercosul\/#breadcrumb"},"inLanguage":"pt-BR","potentialAction":[{"@type":"ReadAction","target":["https:\/\/acrimat.org.br\/portal\/franca-vai-se-opor-a-proposta-de-carne-do-mercosul\/"]}]},{"@type":"BreadcrumbList","@id":"https:\/\/acrimat.org.br\/portal\/franca-vai-se-opor-a-proposta-de-carne-do-mercosul\/#breadcrumb","itemListElement":[{"@type":"ListItem","position":1,"name":"In\u00edcio","item":"https:\/\/acrimat.org.br\/portal\/"},{"@type":"ListItem","position":2,"name":"Fran\u00e7a vai se opor \u00e0 proposta de carne do Mercosul"}]},{"@type":"WebSite","@id":"https:\/\/acrimat.org.br\/portal\/#website","url":"https:\/\/acrimat.org.br\/portal\/","name":"Acrimat","description":"Associa\u00e7\u00e3o dos Criadores de Mato Grosso","publisher":{"@id":"https:\/\/acrimat.org.br\/portal\/#organization"},"potentialAction":[{"@type":"SearchAction","target":{"@type":"EntryPoint","urlTemplate":"https:\/\/acrimat.org.br\/portal\/?s={search_term_string}"},"query-input":{"@type":"PropertyValueSpecification","valueRequired":true,"valueName":"search_term_string"}}],"inLanguage":"pt-BR"},{"@type":"Organization","@id":"https:\/\/acrimat.org.br\/portal\/#organization","name":"Associa\u00e7\u00e3o dos Criadores de Mato Grosso","url":"https:\/\/acrimat.org.br\/portal\/","logo":{"@type":"ImageObject","inLanguage":"pt-BR","@id":"https:\/\/acrimat.org.br\/portal\/#\/schema\/logo\/image\/","url":"https:\/\/acrimat.org.br\/portal\/wp-content\/uploads\/2018\/03\/logo-peq-original.png","contentUrl":"https:\/\/acrimat.org.br\/portal\/wp-content\/uploads\/2018\/03\/logo-peq-original.png","width":174,"height":171,"caption":"Associa\u00e7\u00e3o dos Criadores de Mato Grosso"},"image":{"@id":"https:\/\/acrimat.org.br\/portal\/#\/schema\/logo\/image\/"}},{"@type":"Person","@id":"https:\/\/acrimat.org.br\/portal\/#\/schema\/person\/18df8bcf6890e924fe5d8b5afd2bec0f","name":"P\u00e9ricles C\u00e2ndido","image":{"@type":"ImageObject","inLanguage":"pt-BR","@id":"https:\/\/acrimat.org.br\/portal\/#\/schema\/person\/image\/","url":"https:\/\/secure.gravatar.com\/avatar\/33e2a2b971dc363ed2df53d0d3bfbd18?s=96&d=mm&r=g","contentUrl":"https:\/\/secure.gravatar.com\/avatar\/33e2a2b971dc363ed2df53d0d3bfbd18?s=96&d=mm&r=g","caption":"P\u00e9ricles C\u00e2ndido"},"sameAs":["ascom@acrimat.org.br"],"url":"https:\/\/acrimat.org.br\/portal\/author\/designergrafico\/"}]}},"_links":{"self":[{"href":"https:\/\/acrimat.org.br\/portal\/wp-json\/wp\/v2\/posts\/97984028","targetHints":{"allow":["GET"]}}],"collection":[{"href":"https:\/\/acrimat.org.br\/portal\/wp-json\/wp\/v2\/posts"}],"about":[{"href":"https:\/\/acrimat.org.br\/portal\/wp-json\/wp\/v2\/types\/post"}],"author":[{"embeddable":true,"href":"https:\/\/acrimat.org.br\/portal\/wp-json\/wp\/v2\/users\/11"}],"replies":[{"embeddable":true,"href":"https:\/\/acrimat.org.br\/portal\/wp-json\/wp\/v2\/comments?post=97984028"}],"version-history":[{"count":1,"href":"https:\/\/acrimat.org.br\/portal\/wp-json\/wp\/v2\/posts\/97984028\/revisions"}],"predecessor-version":[{"id":97984029,"href":"https:\/\/acrimat.org.br\/portal\/wp-json\/wp\/v2\/posts\/97984028\/revisions\/97984029"}],"wp:attachment":[{"href":"https:\/\/acrimat.org.br\/portal\/wp-json\/wp\/v2\/media?parent=97984028"}],"wp:term":[{"taxonomy":"category","embeddable":true,"href":"https:\/\/acrimat.org.br\/portal\/wp-json\/wp\/v2\/categories?post=97984028"},{"taxonomy":"post_tag","embeddable":true,"href":"https:\/\/acrimat.org.br\/portal\/wp-json\/wp\/v2\/tags?post=97984028"}],"curies":[{"name":"wp","href":"https:\/\/api.w.org\/{rel}","templated":true}]}}